{"id":5151,"date":"2024-02-14T02:14:16","date_gmt":"2024-02-14T01:14:16","guid":{"rendered":"https:\/\/universnews224.com\/?p=5151"},"modified":"2024-02-14T02:17:52","modified_gmt":"2024-02-14T01:17:52","slug":"cellou-balde-sur-poursuites-judiciaires-annoncees-contre-les-maires-cest-une-conspiration-qui-est-faite-contre-les-elus-conseillers-communaux","status":"publish","type":"post","link":"https:\/\/universnews224.com\/index.php\/cellou-balde-sur-poursuites-judiciaires-annoncees-contre-les-maires-cest-une-conspiration-qui-est-faite-contre-les-elus-conseillers-communaux\/","title":{"rendered":"Cellou Bald\u00e9 sur poursuites judiciaires annonc\u00e9es contre les maires: \u201cC\u2019est une conspiration qui est faite contre les \u00e9lus conseillers communaux\u201d"},"content":{"rendered":"<p class=\"p1\" style=\"text-align: left\"><span class=\"s2\">Le Coordinateur national des f\u00e9d\u00e9rations de l\u2019int\u00e9rieur de l\u2019UFDG,<span class=\"Apple-converted-space\">\u00a0 <\/span>a r\u00e9agi ce mardi, 13 f\u00e9vrier 2024 sur la d\u00e9cision du ministre de la justice, qui a instruit hier lundi, le procureur sp\u00e9cial pr\u00e8s la CRIEF, d\u2019interdire la sortie du territoire aux maires et d\u2019ouvrir une enqu\u00eate autour de la gestion des budgets des collectivit\u00e9s. <\/span><\/p>\n<p class=\"p1\"><span class=\"s2\">R\u00e9gissant sur cette actualit\u00e9 chez nos confr\u00e8res de la radio Nostalgie Guin\u00e9e dans l\u2019\u00e9mission \u201cAfrica 15\u00bb de ce mardi, 13 f\u00e9vrier 2024, Cellou Bald\u00e9 soutient que cette d\u00e9cision du garde des sceaux une conspiration des autorit\u00e9s de transition contre les conseillers communaux. <\/span><\/p>\n<p class=\"p1\"><span class=\"s1\">\u201cC\u2019est une mani\u00e8re de renforcer le second coup d\u2019\u00c9tat dont j\u2019avais fait cas lors de l\u2019assembl\u00e9e g\u00e9n\u00e9rale de l\u2019UFDG. C\u2019est-\u00e0-dire que, la loi a \u00e9t\u00e9 viol\u00e9e par l\u2019annonce qui a \u00e9t\u00e9 faite par le pr\u00e9sident de la transition, suite \u00e0 sa communication de fin d\u2019ann\u00e9e, disant que d\u2019ici le mois de mars, des d\u00e9l\u00e9gations sp\u00e9ciales allaient \u00eatre install\u00e9es en lieu et place des conseillers communaux \u00e9lus r\u00e9guli\u00e8rement. \u00c9galement, suite \u00e0 \u00e7a, le ministre de l\u2019administration du territoire avait adress\u00e9 un message radio aux pr\u00e9fets pour ex\u00e9cution, aux gouverneurs de r\u00e9gions pour supervision et suivi. Et donc pour dire qu\u2019effectivement la violation de la loi allait \u00eatre act\u00e9e. Nous l\u2019avons d\u00e9nonc\u00e9 dans les m\u00e9dias, mais \u00e9galement il y a eu une d\u00e9claration des forces vives de Guin\u00e9e, rappelant les dispositions l\u00e9gales en la mati\u00e8re. Et donc, quand nous avons rappel\u00e9 l\u2019article 80 du code r\u00e9vis\u00e9 des collectivit\u00e9s locales en R\u00e9publique de Guin\u00e9e qui dispose que: si le tiers au moins des membres d\u2019un conseil \u00e9lus sont reconnus coupables par un tribunal de d\u00e9lit ou de crimes, ce conseil l\u00e0 peut \u00eatre dissous et une d\u00e9l\u00e9gation sp\u00e9ciale peut \u00eatre install\u00e9e. Et c\u2019est le seulement dans ce cas que cela est possible. Quand cela fait du toll\u00e9 et que nous avons alert\u00e9 aussi bien la communaut\u00e9 nationale qu\u2019internationale, nous avons rappel\u00e9 les dispositions de la loi. Aujourd\u2019hui, le ministre de la justice vient pour dire nous allons poursuivre les maires pour les pr\u00e9sum\u00e9s d\u00e9tournement. Et donc, c\u2019est une mani\u00e8re de dire oui, des d\u00e9cisions de justice sont tomb\u00e9es, ils sont reconnus coupables alors que la volont\u00e9 et la d\u00e9cision de les d\u00e9mettre a \u00e9t\u00e9 d\u00e9j\u00e0 prise. Pour nous, ce n\u2019est pas du tout normal. C\u2019est quelque chose qui vient renforcer la violation de la loi dans notre pays et je crois que c\u2019est une conspiration qui est faite contre les \u00e9lus conseillers communaux\u201d, a t-il d\u00e9plor\u00e9.<\/span><\/p>\n<p class=\"p1\"><span class=\"s1\">Mohamed Camara <\/span><\/p>\n","protected":false},"excerpt":{"rendered":"<p>Le Coordinateur national des f\u00e9d\u00e9rations de l\u2019int\u00e9rieur de l\u2019UFDG,\u00a0 a r\u00e9agi ce mardi, 13 f\u00e9vrier<\/p>\n","protected":false},"author":2,"featured_media":0,"comment_status":"closed","ping_status":"open","sticky":false,"template":"","format":"standard","meta":[],"categories":[3,4],"tags":[229],"yoast_head":"<!-- This site is optimized with the Yoast SEO plugin v19.13 - https:\/\/yoast.com\/wordpress\/plugins\/seo\/ -->\n<title>Cellou Bald\u00e9 sur poursuites judiciaires annonc\u00e9es contre les maires: \u201cC\u2019est une conspiration qui est faite contre les \u00e9lus conseillers communaux\u201d - UNIVERSNEWS224<\/title>\n<meta name=\"robots\" content=\"index, follow, max-snippet:-1, max-image-preview:large, max-video-preview:-1\" \/>\n<link rel=\"canonical\" href=\"https:\/\/universnews224.com\/?p=5151\" \/>\n<meta property=\"og:locale\" content=\"fr_FR\" \/>\n<meta property=\"og:type\" content=\"article\" \/>\n<meta property=\"og:title\" content=\"Cellou Bald\u00e9 sur poursuites judiciaires annonc\u00e9es contre les maires: \u201cC\u2019est une conspiration qui est faite contre les \u00e9lus conseillers communaux\u201d - UNIVERSNEWS224\" \/>\n<meta property=\"og:description\" content=\"Le Coordinateur national des f\u00e9d\u00e9rations de l\u2019int\u00e9rieur de l\u2019UFDG,\u00a0 a r\u00e9agi ce mardi, 13 f\u00e9vrier\" \/>\n<meta property=\"og:url\" content=\"https:\/\/universnews224.com\/?p=5151\" \/>\n<meta property=\"og:site_name\" content=\"UNIVERSNEWS224\" \/>\n<meta property=\"article:published_time\" content=\"2024-02-14T01:14:16+00:00\" \/>\n<meta property=\"article:modified_time\" content=\"2024-02-14T01:17:52+00:00\" \/>\n<meta name=\"author\" content=\"La R\u00e9daction\" \/>\n<meta name=\"twitter:label1\" content=\"\u00c9crit par\" \/>\n\t<meta name=\"twitter:data1\" content=\"La R\u00e9daction\" \/>\n\t<meta name=\"twitter:label2\" content=\"Dur\u00e9e de lecture estim\u00e9e\" \/>\n\t<meta name=\"twitter:data2\" content=\"2 minutes\" \/>\n<script type=\"application\/ld+json\" class=\"yoast-schema-graph\">{\"@context\":\"https:\/\/schema.org\",\"@graph\":[{\"@type\":\"Article\",\"@id\":\"https:\/\/universnews224.com\/?p=5151#article\",\"isPartOf\":{\"@id\":\"https:\/\/universnews224.com\/?p=5151\"},\"author\":{\"name\":\"La R\u00e9daction\",\"@id\":\"https:\/\/universnews224.com\/#\/schema\/person\/a4b7d4f94a4716df60456a491260485e\"},\"headline\":\"Cellou Bald\u00e9 sur poursuites judiciaires annonc\u00e9es contre les maires: \u201cC\u2019est une conspiration qui est faite contre les \u00e9lus conseillers communaux\u201d\",\"datePublished\":\"2024-02-14T01:14:16+00:00\",\"dateModified\":\"2024-02-14T01:17:52+00:00\",\"mainEntityOfPage\":{\"@id\":\"https:\/\/universnews224.com\/?p=5151\"},\"wordCount\":510,\"publisher\":{\"@id\":\"https:\/\/universnews224.com\/#organization\"},\"keywords\":[\"La une\"],\"articleSection\":[\"ACTU\",\"POLITIQUE\"],\"inLanguage\":\"fr-FR\"},{\"@type\":\"WebPage\",\"@id\":\"https:\/\/universnews224.com\/?p=5151\",\"url\":\"https:\/\/universnews224.com\/?p=5151\",\"name\":\"Cellou Bald\u00e9 sur poursuites judiciaires annonc\u00e9es contre les maires: \u201cC\u2019est une conspiration qui est faite contre les \u00e9lus conseillers communaux\u201d - UNIVERSNEWS224\",\"isPartOf\":{\"@id\":\"https:\/\/universnews224.com\/#website\"},\"datePublished\":\"2024-02-14T01:14:16+00:00\",\"dateModified\":\"2024-02-14T01:17:52+00:00\",\"inLanguage\":\"fr-FR\",\"potentialAction\":[{\"@type\":\"ReadAction\",\"target\":[\"https:\/\/universnews224.com\/?p=5151\"]}]},{\"@type\":\"WebSite\",\"@id\":\"https:\/\/universnews224.com\/#website\",\"url\":\"https:\/\/universnews224.com\/\",\"name\":\"UNIVERSNEWS224\",\"description\":\"\",\"publisher\":{\"@id\":\"https:\/\/universnews224.com\/#organization\"},\"potentialAction\":[{\"@type\":\"SearchAction\",\"target\":{\"@type\":\"EntryPoint\",\"urlTemplate\":\"https:\/\/universnews224.com\/?s={search_term_string}\"},\"query-input\":\"required name=search_term_string\"}],\"inLanguage\":\"fr-FR\"},{\"@type\":\"Organization\",\"@id\":\"https:\/\/universnews224.com\/#organization\",\"name\":\"UNIVERSNEWS224\",\"url\":\"https:\/\/universnews224.com\/\",\"logo\":{\"@type\":\"ImageObject\",\"inLanguage\":\"fr-FR\",\"@id\":\"https:\/\/universnews224.com\/#\/schema\/logo\/image\/\",\"url\":\"https:\/\/universnews224.com\/wp-content\/uploads\/2022\/08\/cropped-cropped-logoban.jpg\",\"contentUrl\":\"https:\/\/universnews224.com\/wp-content\/uploads\/2022\/08\/cropped-cropped-logoban.jpg\",\"width\":1080,\"height\":138,\"caption\":\"UNIVERSNEWS224\"},\"image\":{\"@id\":\"https:\/\/universnews224.com\/#\/schema\/logo\/image\/\"}},{\"@type\":\"Person\",\"@id\":\"https:\/\/universnews224.com\/#\/schema\/person\/a4b7d4f94a4716df60456a491260485e\",\"name\":\"La R\u00e9daction\",\"image\":{\"@type\":\"ImageObject\",\"inLanguage\":\"fr-FR\",\"@id\":\"https:\/\/universnews224.com\/#\/schema\/person\/image\/\",\"url\":\"https:\/\/secure.gravatar.com\/avatar\/edb90acc7752b23e1b3307ad36c14f0d?s=96&d=mm&r=g\",\"contentUrl\":\"https:\/\/secure.gravatar.com\/avatar\/edb90acc7752b23e1b3307ad36c14f0d?s=96&d=mm&r=g\",\"caption\":\"La R\u00e9daction\"},\"sameAs\":[\"https:\/\/universnews224.com\"],\"url\":\"https:\/\/universnews224.com\/index.php\/author\/m-camara\/\"}]}<\/script>\n<!-- \/ Yoast SEO plugin. -->","yoast_head_json":{"title":"Cellou Bald\u00e9 sur poursuites judiciaires annonc\u00e9es contre les maires: \u201cC\u2019est une conspiration qui est faite contre les \u00e9lus conseillers communaux\u201d - UNIVERSNEWS224","robots":{"index":"index","follow":"follow","max-snippet":"max-snippet:-1","max-image-preview":"max-image-preview:large","max-video-preview":"max-video-preview:-1"},"canonical":"https:\/\/universnews224.com\/?p=5151","og_locale":"fr_FR","og_type":"article","og_title":"Cellou Bald\u00e9 sur poursuites judiciaires annonc\u00e9es contre les maires: \u201cC\u2019est une conspiration qui est faite contre les \u00e9lus conseillers communaux\u201d - UNIVERSNEWS224","og_description":"Le Coordinateur national des f\u00e9d\u00e9rations de l\u2019int\u00e9rieur de l\u2019UFDG,\u00a0 a r\u00e9agi ce mardi, 13 f\u00e9vrier","og_url":"https:\/\/universnews224.com\/?p=5151","og_site_name":"UNIVERSNEWS224","article_published_time":"2024-02-14T01:14:16+00:00","article_modified_time":"2024-02-14T01:17:52+00:00","author":"La R\u00e9daction","twitter_misc":{"\u00c9crit par":"La R\u00e9daction","Dur\u00e9e de lecture estim\u00e9e":"2 minutes"},"schema":{"@context":"https:\/\/schema.org","@graph":[{"@type":"Article","@id":"https:\/\/universnews224.com\/?p=5151#article","isPartOf":{"@id":"https:\/\/universnews224.com\/?p=5151"},"author":{"name":"La R\u00e9daction","@id":"https:\/\/universnews224.com\/#\/schema\/person\/a4b7d4f94a4716df60456a491260485e"},"headline":"Cellou Bald\u00e9 sur poursuites judiciaires annonc\u00e9es contre les maires: \u201cC\u2019est une conspiration qui est faite contre les \u00e9lus conseillers communaux\u201d","datePublished":"2024-02-14T01:14:16+00:00","dateModified":"2024-02-14T01:17:52+00:00","mainEntityOfPage":{"@id":"https:\/\/universnews224.com\/?p=5151"},"wordCount":510,"publisher":{"@id":"https:\/\/universnews224.com\/#organization"},"keywords":["La une"],"articleSection":["ACTU","POLITIQUE"],"inLanguage":"fr-FR"},{"@type":"WebPage","@id":"https:\/\/universnews224.com\/?p=5151","url":"https:\/\/universnews224.com\/?p=5151","name":"Cellou Bald\u00e9 sur poursuites judiciaires annonc\u00e9es contre les maires: \u201cC\u2019est une conspiration qui est faite contre les \u00e9lus conseillers communaux\u201d - UNIVERSNEWS224","isPartOf":{"@id":"https:\/\/universnews224.com\/#website"},"datePublished":"2024-02-14T01:14:16+00:00","dateModified":"2024-02-14T01:17:52+00:00","inLanguage":"fr-FR","potentialAction":[{"@type":"ReadAction","target":["https:\/\/universnews224.com\/?p=5151"]}]},{"@type":"WebSite","@id":"https:\/\/universnews224.com\/#website","url":"https:\/\/universnews224.com\/","name":"UNIVERSNEWS224","description":"","publisher":{"@id":"https:\/\/universnews224.com\/#organization"},"potentialAction":[{"@type":"SearchAction","target":{"@type":"EntryPoint","urlTemplate":"https:\/\/universnews224.com\/?s={search_term_string}"},"query-input":"required name=search_term_string"}],"inLanguage":"fr-FR"},{"@type":"Organization","@id":"https:\/\/universnews224.com\/#organization","name":"UNIVERSNEWS224","url":"https:\/\/universnews224.com\/","logo":{"@type":"ImageObject","inLanguage":"fr-FR","@id":"https:\/\/universnews224.com\/#\/schema\/logo\/image\/","url":"https:\/\/universnews224.com\/wp-content\/uploads\/2022\/08\/cropped-cropped-logoban.jpg","contentUrl":"https:\/\/universnews224.com\/wp-content\/uploads\/2022\/08\/cropped-cropped-logoban.jpg","width":1080,"height":138,"caption":"UNIVERSNEWS224"},"image":{"@id":"https:\/\/universnews224.com\/#\/schema\/logo\/image\/"}},{"@type":"Person","@id":"https:\/\/universnews224.com\/#\/schema\/person\/a4b7d4f94a4716df60456a491260485e","name":"La R\u00e9daction","image":{"@type":"ImageObject","inLanguage":"fr-FR","@id":"https:\/\/universnews224.com\/#\/schema\/person\/image\/","url":"https:\/\/secure.gravatar.com\/avatar\/edb90acc7752b23e1b3307ad36c14f0d?s=96&d=mm&r=g","contentUrl":"https:\/\/secure.gravatar.com\/avatar\/edb90acc7752b23e1b3307ad36c14f0d?s=96&d=mm&r=g","caption":"La R\u00e9daction"},"sameAs":["https:\/\/universnews224.com"],"url":"https:\/\/universnews224.com\/index.php\/author\/m-camara\/"}]}},"_links":{"self":[{"href":"https:\/\/universnews224.com\/index.php\/wp-json\/wp\/v2\/posts\/5151"}],"collection":[{"href":"https:\/\/universnews224.com\/index.php\/wp-json\/wp\/v2\/posts"}],"about":[{"href":"https:\/\/universnews224.com\/index.php\/wp-json\/wp\/v2\/types\/post"}],"author":[{"embeddable":true,"href":"https:\/\/universnews224.com\/index.php\/wp-json\/wp\/v2\/users\/2"}],"replies":[{"embeddable":true,"href":"https:\/\/universnews224.com\/index.php\/wp-json\/wp\/v2\/comments?post=5151"}],"version-history":[{"count":2,"href":"https:\/\/universnews224.com\/index.php\/wp-json\/wp\/v2\/posts\/5151\/revisions"}],"predecessor-version":[{"id":5153,"href":"https:\/\/universnews224.com\/index.php\/wp-json\/wp\/v2\/posts\/5151\/revisions\/5153"}],"wp:attachment":[{"href":"https:\/\/universnews224.com\/index.php\/wp-json\/wp\/v2\/media?parent=5151"}],"wp:term":[{"taxonomy":"category","embeddable":true,"href":"https:\/\/universnews224.com\/index.php\/wp-json\/wp\/v2\/categories?post=5151"},{"taxonomy":"post_tag","embeddable":true,"href":"https:\/\/universnews224.com\/index.php\/wp-json\/wp\/v2\/tags?post=5151"}],"curies":[{"name":"wp","href":"https:\/\/api.w.org\/{rel}","templated":true}]}}