{"id":5175,"date":"2024-02-15T21:45:17","date_gmt":"2024-02-15T20:45:17","guid":{"rendered":"https:\/\/universnews224.com\/?p=5175"},"modified":"2024-02-15T21:45:17","modified_gmt":"2024-02-15T20:45:17","slug":"youssouf-camara-le-fait-de-dire-au-ministre-de-la-justice-de-sursoir-aux-poursuites-est-un-manque-de-volonte-du-premier-ministre-a-ne-pas-etre-dans-lesprit-de-lutter-contre-la-corr","status":"publish","type":"post","link":"https:\/\/universnews224.com\/index.php\/youssouf-camara-le-fait-de-dire-au-ministre-de-la-justice-de-sursoir-aux-poursuites-est-un-manque-de-volonte-du-premier-ministre-a-ne-pas-etre-dans-lesprit-de-lutter-contre-la-corr\/","title":{"rendered":"Youssouf Camara: \u201cLe fait de dire au ministre de la justice de sursoir aux poursuites, est un manque de volont\u00e9 du premier ministre \u00e0 ne pas \u00eatre dans l\u2019esprit de lutter contre la corruption\u201d"},"content":{"rendered":"<p class=\"p1\"><strong><span class=\"s2\">Le courrier du premier ministre, adress\u00e9 au ministre de la justice, lui demandant de suspendre toutes les proc\u00e9dures engag\u00e9es contre des hauts commis de l\u2019Etat et les responsables des collectivit\u00e9s locales, est per\u00e7u par certains observateurs de la sc\u00e8ne politique guin\u00e9enne comme \u00abune ing\u00e9rence\u00bb de l\u2019ex\u00e9cutif dans les affaires judiciaires. C\u2019est le cas Youssouf Camara, conseiller communal de Matam et membre du bureau ex\u00e9cutif de l\u2019UFD. <\/span><\/strong><\/p>\n<p class=\"p1\"><span class=\"s2\">Selon lui, dans le souci de lutter contre le d\u00e9tournement des derniers publics, Dr Bernard Goumou ne doit pas demander au ministre Charles Wright de mettre un terme aux poursuites engag\u00e9es contre les fossoyeurs de l\u2019\u00e9conomie guin\u00e9enne. <\/span><\/p>\n<p class=\"p1\"><span class=\"s1\">\u201c<em>En toute sinc\u00e9rit\u00e9, je suis vraiment d\u00e9sol\u00e9 par rapport \u00e0 la demande du premier ministre. Je pense que dans un syst\u00e8me d\u00e9mocratique, au nom du principe de reddition des comptes, de la transparence dans la gestion des fonds publics, il est extr\u00eamement important que les mesures correctives soient prises \u00e0 l\u2019encontre des personnes qui se livrent \u00e0 la lapidation des derniers publics.Le minist\u00e8re de la justice est un minist\u00e8re de la souverainet\u00e9 et le ministre de la justice entant que l\u2019incarnation de la politique de r\u00e9fondation doit s\u2019imposer \u00e0 tout point de vue. Je suis d\u00e9sol\u00e9 que dans une lettre que, le premier \u00e9voque le fait l\u2019\u00c9tat n\u2019a pas de moyens de poursuivre ces gens. C\u2019est une fa\u00e7on d\u2019encourager la mauvaise gouvernance, d\u2019encourager le d\u00e9tournement des derniers publics. Le fait de dire au ministre de la justice de sursoir aux poursuites est, un manque de volont\u00e9 du premier ministre \u00e0 ne pas \u00eatre dans de reddition des comptes, \u00e0 ne pas \u00eatre dans l\u2019esprit de la lutte contre la corruption. Je pense que cette fois-ci, le premier ministre est all\u00e9 del\u00e0 de ses pr\u00e9rogatives parce que nous condamnons \u00e0 longueur de journ\u00e9e que l\u2019impunit\u00e9 r\u00e8gne dans le pays, que le d\u00e9tournement des fonds publics est r\u00e9curent<span class=\"Apple-converted-space\">\u00a0 <\/span>dans notre pays. Si les d\u00e9cisions courageuses ont \u00e9t\u00e9 prises pour mettre fin \u00e0 ces pratiques et que nous voyons quelque part des lettre \u00e0 gauche et \u00e0 droite, je crois un acte de sabotage\u201d<\/em>, a t-il d\u00e9plor\u00e9 chez nos confr\u00e8res de la radio Nostalgie Guin\u00e9e.<\/span><\/p>\n","protected":false},"excerpt":{"rendered":"<p>Le courrier du premier ministre, adress\u00e9 au ministre de la justice, lui demandant de suspendre<\/p>\n","protected":false},"author":2,"featured_media":5176,"comment_status":"closed","ping_status":"open","sticky":false,"template":"","format":"standard","meta":[],"categories":[3,4],"tags":[229],"yoast_head":"<!-- This site is optimized with the Yoast SEO plugin v19.13 - https:\/\/yoast.com\/wordpress\/plugins\/seo\/ -->\n<title>Youssouf Camara: \u201cLe fait de dire au ministre de la justice de sursoir aux poursuites, est un manque de volont\u00e9 du premier ministre \u00e0 ne pas \u00eatre dans l\u2019esprit de lutter contre la corruption\u201d - UNIVERSNEWS224<\/title>\n<meta name=\"robots\" content=\"index, follow, max-snippet:-1, max-image-preview:large, max-video-preview:-1\" \/>\n<link rel=\"canonical\" href=\"https:\/\/universnews224.com\/index.php\/youssouf-camara-le-fait-de-dire-au-ministre-de-la-justice-de-sursoir-aux-poursuites-est-un-manque-de-volonte-du-premier-ministre-a-ne-pas-etre-dans-lesprit-de-lutter-contre-la-corr\/\" \/>\n<meta property=\"og:locale\" content=\"fr_FR\" \/>\n<meta property=\"og:type\" content=\"article\" \/>\n<meta property=\"og:title\" content=\"Youssouf Camara: \u201cLe fait de dire au ministre de la justice de sursoir aux poursuites, est un manque de volont\u00e9 du premier ministre \u00e0 ne pas \u00eatre dans l\u2019esprit de lutter contre la corruption\u201d - UNIVERSNEWS224\" \/>\n<meta property=\"og:description\" content=\"Le courrier du premier ministre, adress\u00e9 au ministre de la justice, lui demandant de suspendre\" \/>\n<meta property=\"og:url\" content=\"https:\/\/universnews224.com\/index.php\/youssouf-camara-le-fait-de-dire-au-ministre-de-la-justice-de-sursoir-aux-poursuites-est-un-manque-de-volonte-du-premier-ministre-a-ne-pas-etre-dans-lesprit-de-lutter-contre-la-corr\/\" \/>\n<meta property=\"og:site_name\" content=\"UNIVERSNEWS224\" \/>\n<meta property=\"article:published_time\" content=\"2024-02-15T20:45:17+00:00\" \/>\n<meta property=\"og:image\" content=\"https:\/\/universnews224.com\/wp-content\/uploads\/2024\/02\/C198B42B-5E18-4BD1-B874-423718D153E6.jpeg\" \/>\n\t<meta property=\"og:image:width\" content=\"421\" \/>\n\t<meta property=\"og:image:height\" content=\"315\" \/>\n\t<meta property=\"og:image:type\" content=\"image\/jpeg\" \/>\n<meta name=\"author\" content=\"La R\u00e9daction\" \/>\n<meta name=\"twitter:label1\" content=\"\u00c9crit par\" \/>\n\t<meta name=\"twitter:data1\" content=\"La R\u00e9daction\" \/>\n\t<meta name=\"twitter:label2\" content=\"Dur\u00e9e de lecture estim\u00e9e\" \/>\n\t<meta name=\"twitter:data2\" content=\"2 minutes\" \/>\n<script type=\"application\/ld+json\" class=\"yoast-schema-graph\">{\"@context\":\"https:\/\/schema.org\",\"@graph\":[{\"@type\":\"Article\",\"@id\":\"https:\/\/universnews224.com\/index.php\/youssouf-camara-le-fait-de-dire-au-ministre-de-la-justice-de-sursoir-aux-poursuites-est-un-manque-de-volonte-du-premier-ministre-a-ne-pas-etre-dans-lesprit-de-lutter-contre-la-corr\/#article\",\"isPartOf\":{\"@id\":\"https:\/\/universnews224.com\/index.php\/youssouf-camara-le-fait-de-dire-au-ministre-de-la-justice-de-sursoir-aux-poursuites-est-un-manque-de-volonte-du-premier-ministre-a-ne-pas-etre-dans-lesprit-de-lutter-contre-la-corr\/\"},\"author\":{\"name\":\"La R\u00e9daction\",\"@id\":\"https:\/\/universnews224.com\/#\/schema\/person\/a4b7d4f94a4716df60456a491260485e\"},\"headline\":\"Youssouf Camara: \u201cLe fait de dire au ministre de la justice de sursoir aux poursuites, est un manque de volont\u00e9 du premier ministre \u00e0 ne pas \u00eatre dans l\u2019esprit de lutter contre la corruption\u201d\",\"datePublished\":\"2024-02-15T20:45:17+00:00\",\"dateModified\":\"2024-02-15T20:45:17+00:00\",\"mainEntityOfPage\":{\"@id\":\"https:\/\/universnews224.com\/index.php\/youssouf-camara-le-fait-de-dire-au-ministre-de-la-justice-de-sursoir-aux-poursuites-est-un-manque-de-volonte-du-premier-ministre-a-ne-pas-etre-dans-lesprit-de-lutter-contre-la-corr\/\"},\"wordCount\":427,\"publisher\":{\"@id\":\"https:\/\/universnews224.com\/#organization\"},\"keywords\":[\"La une\"],\"articleSection\":[\"ACTU\",\"POLITIQUE\"],\"inLanguage\":\"fr-FR\"},{\"@type\":\"WebPage\",\"@id\":\"https:\/\/universnews224.com\/index.php\/youssouf-camara-le-fait-de-dire-au-ministre-de-la-justice-de-sursoir-aux-poursuites-est-un-manque-de-volonte-du-premier-ministre-a-ne-pas-etre-dans-lesprit-de-lutter-contre-la-corr\/\",\"url\":\"https:\/\/universnews224.com\/index.php\/youssouf-camara-le-fait-de-dire-au-ministre-de-la-justice-de-sursoir-aux-poursuites-est-un-manque-de-volonte-du-premier-ministre-a-ne-pas-etre-dans-lesprit-de-lutter-contre-la-corr\/\",\"name\":\"Youssouf Camara: \u201cLe fait de dire au ministre de la justice de sursoir aux poursuites, est un manque de volont\u00e9 du premier ministre \u00e0 ne pas \u00eatre dans l\u2019esprit de lutter contre la corruption\u201d - UNIVERSNEWS224\",\"isPartOf\":{\"@id\":\"https:\/\/universnews224.com\/#website\"},\"datePublished\":\"2024-02-15T20:45:17+00:00\",\"dateModified\":\"2024-02-15T20:45:17+00:00\",\"inLanguage\":\"fr-FR\",\"potentialAction\":[{\"@type\":\"ReadAction\",\"target\":[\"https:\/\/universnews224.com\/index.php\/youssouf-camara-le-fait-de-dire-au-ministre-de-la-justice-de-sursoir-aux-poursuites-est-un-manque-de-volonte-du-premier-ministre-a-ne-pas-etre-dans-lesprit-de-lutter-contre-la-corr\/\"]}]},{\"@type\":\"WebSite\",\"@id\":\"https:\/\/universnews224.com\/#website\",\"url\":\"https:\/\/universnews224.com\/\",\"name\":\"UNIVERSNEWS224\",\"description\":\"\",\"publisher\":{\"@id\":\"https:\/\/universnews224.com\/#organization\"},\"potentialAction\":[{\"@type\":\"SearchAction\",\"target\":{\"@type\":\"EntryPoint\",\"urlTemplate\":\"https:\/\/universnews224.com\/?s={search_term_string}\"},\"query-input\":\"required name=search_term_string\"}],\"inLanguage\":\"fr-FR\"},{\"@type\":\"Organization\",\"@id\":\"https:\/\/universnews224.com\/#organization\",\"name\":\"UNIVERSNEWS224\",\"url\":\"https:\/\/universnews224.com\/\",\"logo\":{\"@type\":\"ImageObject\",\"inLanguage\":\"fr-FR\",\"@id\":\"https:\/\/universnews224.com\/#\/schema\/logo\/image\/\",\"url\":\"https:\/\/universnews224.com\/wp-content\/uploads\/2022\/08\/cropped-cropped-logoban.jpg\",\"contentUrl\":\"https:\/\/universnews224.com\/wp-content\/uploads\/2022\/08\/cropped-cropped-logoban.jpg\",\"width\":1080,\"height\":138,\"caption\":\"UNIVERSNEWS224\"},\"image\":{\"@id\":\"https:\/\/universnews224.com\/#\/schema\/logo\/image\/\"}},{\"@type\":\"Person\",\"@id\":\"https:\/\/universnews224.com\/#\/schema\/person\/a4b7d4f94a4716df60456a491260485e\",\"name\":\"La R\u00e9daction\",\"image\":{\"@type\":\"ImageObject\",\"inLanguage\":\"fr-FR\",\"@id\":\"https:\/\/universnews224.com\/#\/schema\/person\/image\/\",\"url\":\"https:\/\/secure.gravatar.com\/avatar\/edb90acc7752b23e1b3307ad36c14f0d?s=96&d=mm&r=g\",\"contentUrl\":\"https:\/\/secure.gravatar.com\/avatar\/edb90acc7752b23e1b3307ad36c14f0d?s=96&d=mm&r=g\",\"caption\":\"La R\u00e9daction\"},\"sameAs\":[\"https:\/\/universnews224.com\"],\"url\":\"https:\/\/universnews224.com\/index.php\/author\/m-camara\/\"}]}<\/script>\n<!-- \/ Yoast SEO plugin. -->","yoast_head_json":{"title":"Youssouf Camara: \u201cLe fait de dire au ministre de la justice de sursoir aux poursuites, est un manque de volont\u00e9 du premier ministre \u00e0 ne pas \u00eatre dans l\u2019esprit de lutter contre la corruption\u201d - UNIVERSNEWS224","robots":{"index":"index","follow":"follow","max-snippet":"max-snippet:-1","max-image-preview":"max-image-preview:large","max-video-preview":"max-video-preview:-1"},"canonical":"https:\/\/universnews224.com\/index.php\/youssouf-camara-le-fait-de-dire-au-ministre-de-la-justice-de-sursoir-aux-poursuites-est-un-manque-de-volonte-du-premier-ministre-a-ne-pas-etre-dans-lesprit-de-lutter-contre-la-corr\/","og_locale":"fr_FR","og_type":"article","og_title":"Youssouf Camara: \u201cLe fait de dire au ministre de la justice de sursoir aux poursuites, est un manque de volont\u00e9 du premier ministre \u00e0 ne pas \u00eatre dans l\u2019esprit de lutter contre la corruption\u201d - UNIVERSNEWS224","og_description":"Le courrier du premier ministre, adress\u00e9 au ministre de la justice, lui demandant de suspendre","og_url":"https:\/\/universnews224.com\/index.php\/youssouf-camara-le-fait-de-dire-au-ministre-de-la-justice-de-sursoir-aux-poursuites-est-un-manque-de-volonte-du-premier-ministre-a-ne-pas-etre-dans-lesprit-de-lutter-contre-la-corr\/","og_site_name":"UNIVERSNEWS224","article_published_time":"2024-02-15T20:45:17+00:00","og_image":[{"width":421,"height":315,"url":"https:\/\/universnews224.com\/wp-content\/uploads\/2024\/02\/C198B42B-5E18-4BD1-B874-423718D153E6.jpeg","type":"image\/jpeg"}],"author":"La R\u00e9daction","twitter_misc":{"\u00c9crit par":"La R\u00e9daction","Dur\u00e9e de lecture estim\u00e9e":"2 minutes"},"schema":{"@context":"https:\/\/schema.org","@graph":[{"@type":"Article","@id":"https:\/\/universnews224.com\/index.php\/youssouf-camara-le-fait-de-dire-au-ministre-de-la-justice-de-sursoir-aux-poursuites-est-un-manque-de-volonte-du-premier-ministre-a-ne-pas-etre-dans-lesprit-de-lutter-contre-la-corr\/#article","isPartOf":{"@id":"https:\/\/universnews224.com\/index.php\/youssouf-camara-le-fait-de-dire-au-ministre-de-la-justice-de-sursoir-aux-poursuites-est-un-manque-de-volonte-du-premier-ministre-a-ne-pas-etre-dans-lesprit-de-lutter-contre-la-corr\/"},"author":{"name":"La R\u00e9daction","@id":"https:\/\/universnews224.com\/#\/schema\/person\/a4b7d4f94a4716df60456a491260485e"},"headline":"Youssouf Camara: \u201cLe fait de dire au ministre de la justice de sursoir aux poursuites, est un manque de volont\u00e9 du premier ministre \u00e0 ne pas \u00eatre dans l\u2019esprit de lutter contre la corruption\u201d","datePublished":"2024-02-15T20:45:17+00:00","dateModified":"2024-02-15T20:45:17+00:00","mainEntityOfPage":{"@id":"https:\/\/universnews224.com\/index.php\/youssouf-camara-le-fait-de-dire-au-ministre-de-la-justice-de-sursoir-aux-poursuites-est-un-manque-de-volonte-du-premier-ministre-a-ne-pas-etre-dans-lesprit-de-lutter-contre-la-corr\/"},"wordCount":427,"publisher":{"@id":"https:\/\/universnews224.com\/#organization"},"keywords":["La une"],"articleSection":["ACTU","POLITIQUE"],"inLanguage":"fr-FR"},{"@type":"WebPage","@id":"https:\/\/universnews224.com\/index.php\/youssouf-camara-le-fait-de-dire-au-ministre-de-la-justice-de-sursoir-aux-poursuites-est-un-manque-de-volonte-du-premier-ministre-a-ne-pas-etre-dans-lesprit-de-lutter-contre-la-corr\/","url":"https:\/\/universnews224.com\/index.php\/youssouf-camara-le-fait-de-dire-au-ministre-de-la-justice-de-sursoir-aux-poursuites-est-un-manque-de-volonte-du-premier-ministre-a-ne-pas-etre-dans-lesprit-de-lutter-contre-la-corr\/","name":"Youssouf Camara: \u201cLe fait de dire au ministre de la justice de sursoir aux poursuites, est un manque de volont\u00e9 du premier ministre \u00e0 ne pas \u00eatre dans l\u2019esprit de lutter contre la corruption\u201d - UNIVERSNEWS224","isPartOf":{"@id":"https:\/\/universnews224.com\/#website"},"datePublished":"2024-02-15T20:45:17+00:00","dateModified":"2024-02-15T20:45:17+00:00","inLanguage":"fr-FR","potentialAction":[{"@type":"ReadAction","target":["https:\/\/universnews224.com\/index.php\/youssouf-camara-le-fait-de-dire-au-ministre-de-la-justice-de-sursoir-aux-poursuites-est-un-manque-de-volonte-du-premier-ministre-a-ne-pas-etre-dans-lesprit-de-lutter-contre-la-corr\/"]}]},{"@type":"WebSite","@id":"https:\/\/universnews224.com\/#website","url":"https:\/\/universnews224.com\/","name":"UNIVERSNEWS224","description":"","publisher":{"@id":"https:\/\/universnews224.com\/#organization"},"potentialAction":[{"@type":"SearchAction","target":{"@type":"EntryPoint","urlTemplate":"https:\/\/universnews224.com\/?s={search_term_string}"},"query-input":"required name=search_term_string"}],"inLanguage":"fr-FR"},{"@type":"Organization","@id":"https:\/\/universnews224.com\/#organization","name":"UNIVERSNEWS224","url":"https:\/\/universnews224.com\/","logo":{"@type":"ImageObject","inLanguage":"fr-FR","@id":"https:\/\/universnews224.com\/#\/schema\/logo\/image\/","url":"https:\/\/universnews224.com\/wp-content\/uploads\/2022\/08\/cropped-cropped-logoban.jpg","contentUrl":"https:\/\/universnews224.com\/wp-content\/uploads\/2022\/08\/cropped-cropped-logoban.jpg","width":1080,"height":138,"caption":"UNIVERSNEWS224"},"image":{"@id":"https:\/\/universnews224.com\/#\/schema\/logo\/image\/"}},{"@type":"Person","@id":"https:\/\/universnews224.com\/#\/schema\/person\/a4b7d4f94a4716df60456a491260485e","name":"La R\u00e9daction","image":{"@type":"ImageObject","inLanguage":"fr-FR","@id":"https:\/\/universnews224.com\/#\/schema\/person\/image\/","url":"https:\/\/secure.gravatar.com\/avatar\/edb90acc7752b23e1b3307ad36c14f0d?s=96&d=mm&r=g","contentUrl":"https:\/\/secure.gravatar.com\/avatar\/edb90acc7752b23e1b3307ad36c14f0d?s=96&d=mm&r=g","caption":"La R\u00e9daction"},"sameAs":["https:\/\/universnews224.com"],"url":"https:\/\/universnews224.com\/index.php\/author\/m-camara\/"}]}},"_links":{"self":[{"href":"https:\/\/universnews224.com\/index.php\/wp-json\/wp\/v2\/posts\/5175"}],"collection":[{"href":"https:\/\/universnews224.com\/index.php\/wp-json\/wp\/v2\/posts"}],"about":[{"href":"https:\/\/universnews224.com\/index.php\/wp-json\/wp\/v2\/types\/post"}],"author":[{"embeddable":true,"href":"https:\/\/universnews224.com\/index.php\/wp-json\/wp\/v2\/users\/2"}],"replies":[{"embeddable":true,"href":"https:\/\/universnews224.com\/index.php\/wp-json\/wp\/v2\/comments?post=5175"}],"version-history":[{"count":1,"href":"https:\/\/universnews224.com\/index.php\/wp-json\/wp\/v2\/posts\/5175\/revisions"}],"predecessor-version":[{"id":5177,"href":"https:\/\/universnews224.com\/index.php\/wp-json\/wp\/v2\/posts\/5175\/revisions\/5177"}],"wp:featuredmedia":[{"embeddable":true,"href":"https:\/\/universnews224.com\/index.php\/wp-json\/wp\/v2\/media\/5176"}],"wp:attachment":[{"href":"https:\/\/universnews224.com\/index.php\/wp-json\/wp\/v2\/media?parent=5175"}],"wp:term":[{"taxonomy":"category","embeddable":true,"href":"https:\/\/universnews224.com\/index.php\/wp-json\/wp\/v2\/categories?post=5175"},{"taxonomy":"post_tag","embeddable":true,"href":"https:\/\/universnews224.com\/index.php\/wp-json\/wp\/v2\/tags?post=5175"}],"curies":[{"name":"wp","href":"https:\/\/api.w.org\/{rel}","templated":true}]}}