{"id":5178,"date":"2024-02-15T21:48:35","date_gmt":"2024-02-15T20:48:35","guid":{"rendered":"https:\/\/universnews224.com\/?p=5178"},"modified":"2024-02-15T21:48:35","modified_gmt":"2024-02-15T20:48:35","slug":"elie-kamano-au-general-mamadi-doumbouya-monsieur-le-president-le-pays-va-mal","status":"publish","type":"post","link":"https:\/\/universnews224.com\/index.php\/elie-kamano-au-general-mamadi-doumbouya-monsieur-le-president-le-pays-va-mal\/","title":{"rendered":"Elie Kamano au G\u00e9n\u00e9ral Mamadi Doumbouya: \u201cMonsieur le pr\u00e9sident le pays va mal\u201d"},"content":{"rendered":"<p>M. Le Pr\u00e9sident<\/p>\n<p class=\"p1\"><span class=\"s1\">Nous vivons un recul de la d\u00e9mocratie, de la libert\u00e9 d\u2019expression et de mouvements, pendant que des maisons au nom des membres du cnrd poussent partout comme des petits champignons.<br \/>\n<\/span><\/p>\n<p class=\"p1\"><span class=\"s1\">Derri\u00e8re ma maison \u00e0 Matoto, un commis de l\u2019\u00e9tat et ses compagnons viennent de s\u2019offrir un grand espace pour la somme de 60 milliards de nos francs au vu et au su de toutes les populations du quartier.<\/span><\/p>\n<p class=\"p1\"><span class=\"s1\">Quelle est l\u2019utilit\u00e9 de fermer les m\u00e9dias et de restreindre l\u2019internet ?<br \/>\nEst ce pour satisfaire quelques ministres qui ne veulent pas qu\u2019on d\u00e9voile leurs forfaitures ??<\/span><\/p>\n<p class=\"p1\"><span class=\"s1\">Si le pays est aujourd\u2019hui dans cette situation l\u00e9thargique, c\u2019est parce que des soit disant intellectuels ont d\u00e9cid\u00e9 de comploter contre leur patrie.<br \/>\n<\/span><\/p>\n<p class=\"p1\"><span class=\"s1\">Monsieur le pr\u00e9sident le pays va mal, oui tr\u00e8s mal et vous devez tr\u00e8s vite s\u00e9vir ou vous finirez par subir car on est embarqu\u00e9 dans un navire ou l\u2019impunit\u00e9 et la corruption restent le sport favori des membres de l\u2019\u00e9quipage.<br \/>\nJe refuse de donner raison \u00e0 Daddis et \u00e0 Alpha Conde, voila pourquoi je ne porterais plus de gants pour dire haut ce que je pense.<br \/>\nOn est pas venu pour r\u00e9p\u00e9ter l\u2019histoire, on est venu pour changer l\u2019histoire.<br \/>\n<\/span><\/p>\n<p class=\"p1\"><span class=\"s1\">Votre tr\u00e8s cher fr\u00e8re et ami Elie Kamano.<\/span><\/p>\n","protected":false},"excerpt":{"rendered":"<p>M. Le Pr\u00e9sident Nous vivons un recul de la d\u00e9mocratie, de la libert\u00e9 d\u2019expression et<\/p>\n","protected":false},"author":2,"featured_media":5179,"comment_status":"closed","ping_status":"open","sticky":false,"template":"","format":"standard","meta":[],"categories":[3,4],"tags":[229],"yoast_head":"<!-- This site is optimized with the Yoast SEO plugin v19.13 - https:\/\/yoast.com\/wordpress\/plugins\/seo\/ -->\n<title>Elie Kamano au G\u00e9n\u00e9ral Mamadi Doumbouya: \u201cMonsieur le pr\u00e9sident le pays va mal\u201d - UNIVERSNEWS224<\/title>\n<meta name=\"robots\" content=\"index, follow, max-snippet:-1, max-image-preview:large, max-video-preview:-1\" \/>\n<link rel=\"canonical\" href=\"https:\/\/universnews224.com\/index.php\/elie-kamano-au-general-mamadi-doumbouya-monsieur-le-president-le-pays-va-mal\/\" \/>\n<meta property=\"og:locale\" content=\"fr_FR\" \/>\n<meta property=\"og:type\" content=\"article\" \/>\n<meta property=\"og:title\" content=\"Elie Kamano au G\u00e9n\u00e9ral Mamadi Doumbouya: \u201cMonsieur le pr\u00e9sident le pays va mal\u201d - UNIVERSNEWS224\" \/>\n<meta property=\"og:description\" content=\"M. Le Pr\u00e9sident Nous vivons un recul de la d\u00e9mocratie, de la libert\u00e9 d\u2019expression et\" \/>\n<meta property=\"og:url\" content=\"https:\/\/universnews224.com\/index.php\/elie-kamano-au-general-mamadi-doumbouya-monsieur-le-president-le-pays-va-mal\/\" \/>\n<meta property=\"og:site_name\" content=\"UNIVERSNEWS224\" \/>\n<meta property=\"article:published_time\" content=\"2024-02-15T20:48:35+00:00\" \/>\n<meta property=\"og:image\" content=\"https:\/\/universnews224.com\/wp-content\/uploads\/2024\/02\/7E2D17A8-7813-4108-A88E-7D3DA49B28F5.jpeg\" \/>\n\t<meta property=\"og:image:width\" content=\"1356\" \/>\n\t<meta property=\"og:image:height\" content=\"1044\" \/>\n\t<meta property=\"og:image:type\" content=\"image\/jpeg\" \/>\n<meta name=\"author\" content=\"La R\u00e9daction\" \/>\n<meta name=\"twitter:label1\" content=\"\u00c9crit par\" \/>\n\t<meta name=\"twitter:data1\" content=\"La R\u00e9daction\" \/>\n\t<meta name=\"twitter:label2\" content=\"Dur\u00e9e de lecture estim\u00e9e\" \/>\n\t<meta name=\"twitter:data2\" content=\"2 minutes\" \/>\n<script type=\"application\/ld+json\" class=\"yoast-schema-graph\">{\"@context\":\"https:\/\/schema.org\",\"@graph\":[{\"@type\":\"Article\",\"@id\":\"https:\/\/universnews224.com\/index.php\/elie-kamano-au-general-mamadi-doumbouya-monsieur-le-president-le-pays-va-mal\/#article\",\"isPartOf\":{\"@id\":\"https:\/\/universnews224.com\/index.php\/elie-kamano-au-general-mamadi-doumbouya-monsieur-le-president-le-pays-va-mal\/\"},\"author\":{\"name\":\"La R\u00e9daction\",\"@id\":\"https:\/\/universnews224.com\/#\/schema\/person\/a4b7d4f94a4716df60456a491260485e\"},\"headline\":\"Elie Kamano au G\u00e9n\u00e9ral Mamadi Doumbouya: \u201cMonsieur le pr\u00e9sident le pays va mal\u201d\",\"datePublished\":\"2024-02-15T20:48:35+00:00\",\"dateModified\":\"2024-02-15T20:48:35+00:00\",\"mainEntityOfPage\":{\"@id\":\"https:\/\/universnews224.com\/index.php\/elie-kamano-au-general-mamadi-doumbouya-monsieur-le-president-le-pays-va-mal\/\"},\"wordCount\":246,\"publisher\":{\"@id\":\"https:\/\/universnews224.com\/#organization\"},\"keywords\":[\"La une\"],\"articleSection\":[\"ACTU\",\"POLITIQUE\"],\"inLanguage\":\"fr-FR\"},{\"@type\":\"WebPage\",\"@id\":\"https:\/\/universnews224.com\/index.php\/elie-kamano-au-general-mamadi-doumbouya-monsieur-le-president-le-pays-va-mal\/\",\"url\":\"https:\/\/universnews224.com\/index.php\/elie-kamano-au-general-mamadi-doumbouya-monsieur-le-president-le-pays-va-mal\/\",\"name\":\"Elie Kamano au G\u00e9n\u00e9ral Mamadi Doumbouya: \u201cMonsieur le pr\u00e9sident le pays va mal\u201d - UNIVERSNEWS224\",\"isPartOf\":{\"@id\":\"https:\/\/universnews224.com\/#website\"},\"datePublished\":\"2024-02-15T20:48:35+00:00\",\"dateModified\":\"2024-02-15T20:48:35+00:00\",\"inLanguage\":\"fr-FR\",\"potentialAction\":[{\"@type\":\"ReadAction\",\"target\":[\"https:\/\/universnews224.com\/index.php\/elie-kamano-au-general-mamadi-doumbouya-monsieur-le-president-le-pays-va-mal\/\"]}]},{\"@type\":\"WebSite\",\"@id\":\"https:\/\/universnews224.com\/#website\",\"url\":\"https:\/\/universnews224.com\/\",\"name\":\"UNIVERSNEWS224\",\"description\":\"\",\"publisher\":{\"@id\":\"https:\/\/universnews224.com\/#organization\"},\"potentialAction\":[{\"@type\":\"SearchAction\",\"target\":{\"@type\":\"EntryPoint\",\"urlTemplate\":\"https:\/\/universnews224.com\/?s={search_term_string}\"},\"query-input\":\"required name=search_term_string\"}],\"inLanguage\":\"fr-FR\"},{\"@type\":\"Organization\",\"@id\":\"https:\/\/universnews224.com\/#organization\",\"name\":\"UNIVERSNEWS224\",\"url\":\"https:\/\/universnews224.com\/\",\"logo\":{\"@type\":\"ImageObject\",\"inLanguage\":\"fr-FR\",\"@id\":\"https:\/\/universnews224.com\/#\/schema\/logo\/image\/\",\"url\":\"https:\/\/universnews224.com\/wp-content\/uploads\/2022\/08\/cropped-cropped-logoban.jpg\",\"contentUrl\":\"https:\/\/universnews224.com\/wp-content\/uploads\/2022\/08\/cropped-cropped-logoban.jpg\",\"width\":1080,\"height\":138,\"caption\":\"UNIVERSNEWS224\"},\"image\":{\"@id\":\"https:\/\/universnews224.com\/#\/schema\/logo\/image\/\"}},{\"@type\":\"Person\",\"@id\":\"https:\/\/universnews224.com\/#\/schema\/person\/a4b7d4f94a4716df60456a491260485e\",\"name\":\"La R\u00e9daction\",\"image\":{\"@type\":\"ImageObject\",\"inLanguage\":\"fr-FR\",\"@id\":\"https:\/\/universnews224.com\/#\/schema\/person\/image\/\",\"url\":\"https:\/\/secure.gravatar.com\/avatar\/edb90acc7752b23e1b3307ad36c14f0d?s=96&d=mm&r=g\",\"contentUrl\":\"https:\/\/secure.gravatar.com\/avatar\/edb90acc7752b23e1b3307ad36c14f0d?s=96&d=mm&r=g\",\"caption\":\"La R\u00e9daction\"},\"sameAs\":[\"https:\/\/universnews224.com\"],\"url\":\"https:\/\/universnews224.com\/index.php\/author\/m-camara\/\"}]}<\/script>\n<!-- \/ Yoast SEO plugin. -->","yoast_head_json":{"title":"Elie Kamano au G\u00e9n\u00e9ral Mamadi Doumbouya: \u201cMonsieur le pr\u00e9sident le pays va mal\u201d - UNIVERSNEWS224","robots":{"index":"index","follow":"follow","max-snippet":"max-snippet:-1","max-image-preview":"max-image-preview:large","max-video-preview":"max-video-preview:-1"},"canonical":"https:\/\/universnews224.com\/index.php\/elie-kamano-au-general-mamadi-doumbouya-monsieur-le-president-le-pays-va-mal\/","og_locale":"fr_FR","og_type":"article","og_title":"Elie Kamano au G\u00e9n\u00e9ral Mamadi Doumbouya: \u201cMonsieur le pr\u00e9sident le pays va mal\u201d - UNIVERSNEWS224","og_description":"M. Le Pr\u00e9sident Nous vivons un recul de la d\u00e9mocratie, de la libert\u00e9 d\u2019expression et","og_url":"https:\/\/universnews224.com\/index.php\/elie-kamano-au-general-mamadi-doumbouya-monsieur-le-president-le-pays-va-mal\/","og_site_name":"UNIVERSNEWS224","article_published_time":"2024-02-15T20:48:35+00:00","og_image":[{"width":1356,"height":1044,"url":"https:\/\/universnews224.com\/wp-content\/uploads\/2024\/02\/7E2D17A8-7813-4108-A88E-7D3DA49B28F5.jpeg","type":"image\/jpeg"}],"author":"La R\u00e9daction","twitter_misc":{"\u00c9crit par":"La R\u00e9daction","Dur\u00e9e de lecture estim\u00e9e":"2 minutes"},"schema":{"@context":"https:\/\/schema.org","@graph":[{"@type":"Article","@id":"https:\/\/universnews224.com\/index.php\/elie-kamano-au-general-mamadi-doumbouya-monsieur-le-president-le-pays-va-mal\/#article","isPartOf":{"@id":"https:\/\/universnews224.com\/index.php\/elie-kamano-au-general-mamadi-doumbouya-monsieur-le-president-le-pays-va-mal\/"},"author":{"name":"La R\u00e9daction","@id":"https:\/\/universnews224.com\/#\/schema\/person\/a4b7d4f94a4716df60456a491260485e"},"headline":"Elie Kamano au G\u00e9n\u00e9ral Mamadi Doumbouya: \u201cMonsieur le pr\u00e9sident le pays va mal\u201d","datePublished":"2024-02-15T20:48:35+00:00","dateModified":"2024-02-15T20:48:35+00:00","mainEntityOfPage":{"@id":"https:\/\/universnews224.com\/index.php\/elie-kamano-au-general-mamadi-doumbouya-monsieur-le-president-le-pays-va-mal\/"},"wordCount":246,"publisher":{"@id":"https:\/\/universnews224.com\/#organization"},"keywords":["La une"],"articleSection":["ACTU","POLITIQUE"],"inLanguage":"fr-FR"},{"@type":"WebPage","@id":"https:\/\/universnews224.com\/index.php\/elie-kamano-au-general-mamadi-doumbouya-monsieur-le-president-le-pays-va-mal\/","url":"https:\/\/universnews224.com\/index.php\/elie-kamano-au-general-mamadi-doumbouya-monsieur-le-president-le-pays-va-mal\/","name":"Elie Kamano au G\u00e9n\u00e9ral Mamadi Doumbouya: \u201cMonsieur le pr\u00e9sident le pays va mal\u201d - UNIVERSNEWS224","isPartOf":{"@id":"https:\/\/universnews224.com\/#website"},"datePublished":"2024-02-15T20:48:35+00:00","dateModified":"2024-02-15T20:48:35+00:00","inLanguage":"fr-FR","potentialAction":[{"@type":"ReadAction","target":["https:\/\/universnews224.com\/index.php\/elie-kamano-au-general-mamadi-doumbouya-monsieur-le-president-le-pays-va-mal\/"]}]},{"@type":"WebSite","@id":"https:\/\/universnews224.com\/#website","url":"https:\/\/universnews224.com\/","name":"UNIVERSNEWS224","description":"","publisher":{"@id":"https:\/\/universnews224.com\/#organization"},"potentialAction":[{"@type":"SearchAction","target":{"@type":"EntryPoint","urlTemplate":"https:\/\/universnews224.com\/?s={search_term_string}"},"query-input":"required name=search_term_string"}],"inLanguage":"fr-FR"},{"@type":"Organization","@id":"https:\/\/universnews224.com\/#organization","name":"UNIVERSNEWS224","url":"https:\/\/universnews224.com\/","logo":{"@type":"ImageObject","inLanguage":"fr-FR","@id":"https:\/\/universnews224.com\/#\/schema\/logo\/image\/","url":"https:\/\/universnews224.com\/wp-content\/uploads\/2022\/08\/cropped-cropped-logoban.jpg","contentUrl":"https:\/\/universnews224.com\/wp-content\/uploads\/2022\/08\/cropped-cropped-logoban.jpg","width":1080,"height":138,"caption":"UNIVERSNEWS224"},"image":{"@id":"https:\/\/universnews224.com\/#\/schema\/logo\/image\/"}},{"@type":"Person","@id":"https:\/\/universnews224.com\/#\/schema\/person\/a4b7d4f94a4716df60456a491260485e","name":"La R\u00e9daction","image":{"@type":"ImageObject","inLanguage":"fr-FR","@id":"https:\/\/universnews224.com\/#\/schema\/person\/image\/","url":"https:\/\/secure.gravatar.com\/avatar\/edb90acc7752b23e1b3307ad36c14f0d?s=96&d=mm&r=g","contentUrl":"https:\/\/secure.gravatar.com\/avatar\/edb90acc7752b23e1b3307ad36c14f0d?s=96&d=mm&r=g","caption":"La R\u00e9daction"},"sameAs":["https:\/\/universnews224.com"],"url":"https:\/\/universnews224.com\/index.php\/author\/m-camara\/"}]}},"_links":{"self":[{"href":"https:\/\/universnews224.com\/index.php\/wp-json\/wp\/v2\/posts\/5178"}],"collection":[{"href":"https:\/\/universnews224.com\/index.php\/wp-json\/wp\/v2\/posts"}],"about":[{"href":"https:\/\/universnews224.com\/index.php\/wp-json\/wp\/v2\/types\/post"}],"author":[{"embeddable":true,"href":"https:\/\/universnews224.com\/index.php\/wp-json\/wp\/v2\/users\/2"}],"replies":[{"embeddable":true,"href":"https:\/\/universnews224.com\/index.php\/wp-json\/wp\/v2\/comments?post=5178"}],"version-history":[{"count":1,"href":"https:\/\/universnews224.com\/index.php\/wp-json\/wp\/v2\/posts\/5178\/revisions"}],"predecessor-version":[{"id":5180,"href":"https:\/\/universnews224.com\/index.php\/wp-json\/wp\/v2\/posts\/5178\/revisions\/5180"}],"wp:featuredmedia":[{"embeddable":true,"href":"https:\/\/universnews224.com\/index.php\/wp-json\/wp\/v2\/media\/5179"}],"wp:attachment":[{"href":"https:\/\/universnews224.com\/index.php\/wp-json\/wp\/v2\/media?parent=5178"}],"wp:term":[{"taxonomy":"category","embeddable":true,"href":"https:\/\/universnews224.com\/index.php\/wp-json\/wp\/v2\/categories?post=5178"},{"taxonomy":"post_tag","embeddable":true,"href":"https:\/\/universnews224.com\/index.php\/wp-json\/wp\/v2\/tags?post=5178"}],"curies":[{"name":"wp","href":"https:\/\/api.w.org\/{rel}","templated":true}]}}