{"id":5181,"date":"2024-02-17T01:38:40","date_gmt":"2024-02-17T00:38:40","guid":{"rendered":"https:\/\/universnews224.com\/?p=5181"},"modified":"2024-02-17T01:38:40","modified_gmt":"2024-02-17T00:38:40","slug":"mise-oeuvre-du-ravec-le-ministre-mory-echange-avec-les-acteurs-politiques","status":"publish","type":"post","link":"https:\/\/universnews224.com\/index.php\/mise-oeuvre-du-ravec-le-ministre-mory-echange-avec-les-acteurs-politiques\/","title":{"rendered":"Mise \u0153uvre du RAVEC: le ministre Mory \u00e9change avec les acteurs politiques."},"content":{"rendered":"<p class=\"p2\">Dans le cadre du retour rapide \u00e0 l\u2019ordre constitutionnel,le recensement administratif \u00e0 vocation d\u2019\u00e9tat civil PN-RAVEC est un \u00e9l\u00e9ment essentiel pour doter la Guin\u00e9e d\u2019un fichier \u00e9lectoral consensuel. C\u2019est dans cette optique que, s\u2019est\u00a0 tenu ce vendredi, 16 f\u00e9vrier 2024, un atelier d\u2019information et de sensibilisation des partis politiques sur le programme national de recensement administratif \u00e0 vocation d\u2019\u00e9tat civil.<\/p>\n<p class=\"p2\"><span class=\"s1\">Cette rencontre a mobilis\u00e9 les repr\u00e9sentants de plusieurs coalitions politiques ayant pris part au dialogue inter-guin\u00e9en.<\/span><\/p>\n<p class=\"p2\"><span class=\"s1\">Pour Mory Cond\u00e9, ministre de l\u2019administration du territoire et de d\u00e9centralisation, l\u2019objectif de cette d\u00e9marche vise \u00e0 expliquer aux hommes politiques le bien-fond\u00e9 de la campagne sensibilisation qui va d\u00e9marrer dans quelques jours afin que ceux-ci, puissent impliquer dans sensibilisation des citoyens<\/span><\/p>\n<p class=\"p2\"><span class=\"s1\"><a href=\"https:\/\/universnews224.com\/wp-content\/uploads\/2024\/02\/5E7987B9-9A16-4C0C-A540-4AA2C1208A8D.jpeg\"><img loading=\"lazy\" class=\"alignnone size-medium wp-image-5186\" src=\"https:\/\/universnews224.com\/wp-content\/uploads\/2024\/02\/5E7987B9-9A16-4C0C-A540-4AA2C1208A8D-300x193.jpeg\" alt=\"\" width=\"300\" height=\"193\" srcset=\"https:\/\/universnews224.com\/wp-content\/uploads\/2024\/02\/5E7987B9-9A16-4C0C-A540-4AA2C1208A8D-300x193.jpeg 300w, https:\/\/universnews224.com\/wp-content\/uploads\/2024\/02\/5E7987B9-9A16-4C0C-A540-4AA2C1208A8D-768x494.jpeg 768w, https:\/\/universnews224.com\/wp-content\/uploads\/2024\/02\/5E7987B9-9A16-4C0C-A540-4AA2C1208A8D.jpeg 904w\" sizes=\"(max-width: 300px) 100vw, 300px\" \/><\/a> <\/span><\/p>\n<p class=\"p2\"><span class=\"s1\">\u201cComme vous le savez dans le cadre de la mise en \u0153uvre du chronogramme de la transition, le recensement administratif \u00e0 vocation d&rsquo;\u00e9tat civil est le deuxi\u00e8me point inscrit. Et c&rsquo;est ce recensement qui permettra de doter le pays d&rsquo;un registre national d&rsquo;\u00e9tat civil et le fichier \u00e9lectoral. Ce recensement permettra \u00e9galement de doter m\u00eame la gouvernance du pays d&rsquo;un fichier propre inter-op\u00e9ra avec l&rsquo;ensemble des op\u00e9rateurs du syst\u00e8me de s\u00e9curit\u00e9 et de sant\u00e9; du syst\u00e8me judiciaire de l&rsquo;ensemble des services li\u00e9s \u00e0 la fiscalit\u00e9 a tout ce qui concerne la vie du citoyen. Cette semaine nous avons boucl\u00e9 la phase de s\u00e9lection des op\u00e9rations non gouvernementales qui doivent conduire les actions de mobilisation sociale et de sensibilisation dans les m\u00e9nages sur le territoire national. Nous avons \u00e9galement reuni l&rsquo;ensemble les animateurs des stations des radios rurales du pays pour les outiller enfin d&rsquo;accompagner cette campagne. Nous avons estim\u00e9 ce jour que les acteurs politiques qui sont r\u00e9unis au sein des coalitions politiques sont incontournables. Donc, il fallait les r\u00e9unir pour leur expliquer le bien fond\u00e9 de cette campagne qui doit d\u00e9marrer, afin qu&rsquo;ils puissent mobiliser au niveau de leurs QG, avant le d\u00e9ploiement des 9.818 agents recenseurs qui vont \u00eatre recrut\u00e9s la semaine prochaine. \u00c0 partir de la semaine prochaine, nous allons former et d\u00e9ployer des jeunes pour conduire l&rsquo;enqu\u00eate m\u00e9nage sur l&rsquo;ensemble du territoire national et \u00e9galement proc\u00e9der au recensement de l&rsquo;ensemble des citoyens afin de constituer le fichier d&rsquo;\u00e9tat civil, ensuite le registre national des personnes physiques des citoyens guin\u00e9ens qui ont 18 ans r\u00e9volus pour constituer le fichier \u00e9lectoral et aller vers le r\u00e9f\u00e9rendum constitutionnel, qui devrait permettre d&rsquo;adopter la nouvelle constitution qui est en cours au conseil national de la transition\u201d, a t-il d\u00e9clar\u00e9 avant d\u2019ajouter:<a href=\"https:\/\/universnews224.com\/wp-content\/uploads\/2024\/02\/BF619746-8158-402D-8DFC-1758B85E421F.jpeg\"><img loading=\"lazy\" class=\"alignnone size-medium wp-image-5183\" src=\"https:\/\/universnews224.com\/wp-content\/uploads\/2024\/02\/BF619746-8158-402D-8DFC-1758B85E421F-300x135.jpeg\" alt=\"\" width=\"300\" height=\"135\" srcset=\"https:\/\/universnews224.com\/wp-content\/uploads\/2024\/02\/BF619746-8158-402D-8DFC-1758B85E421F-300x135.jpeg 300w, https:\/\/universnews224.com\/wp-content\/uploads\/2024\/02\/BF619746-8158-402D-8DFC-1758B85E421F-1024x461.jpeg 1024w, https:\/\/universnews224.com\/wp-content\/uploads\/2024\/02\/BF619746-8158-402D-8DFC-1758B85E421F-768x346.jpeg 768w, https:\/\/universnews224.com\/wp-content\/uploads\/2024\/02\/BF619746-8158-402D-8DFC-1758B85E421F.jpeg 1080w\" sizes=\"(max-width: 300px) 100vw, 300px\" \/><\/a> <\/span><\/p>\n<p class=\"p2\"><span class=\"s1\">\u201cLe bien fond\u00e9 de cette rencontre, c&rsquo;est de permettre \u00e0 ces acteurs politiques, \u00e0 un certain niveau de pouvoir sensibiliser leurs militants lors des assembl\u00e9es qu&rsquo;ils organisent, afin de se mobiliser tr\u00e8s massivement \u00e0 recevoir les agents sensibilisateurs au niveau des m\u00e9nages. La particularit\u00e9 de ce que nous allons conduire, au lieu que les citoyens se d\u00e9placent c&rsquo;est les agents qui iront dans les m\u00e9nages des citoyens pour faire la collecte des donn\u00e9es avant d&rsquo;inviter les citoyens pour le resencement propre. Le recensement l\u00e0 est le point nodal du processus pour le retour \u00e0 l&rsquo;ordre constitutionnel, parce que c&rsquo;est sur la base de ce recensement que nous allons constituer le fichier \u00e9lectoral\u201d, a indiqu\u00e9 ministre Mory. <\/span><\/p>\n<p class=\"p2\"><span class=\"s1\">Prenant la parole, Bah Oury, pr\u00e9sident de l\u2019UDRG a, au nom de ses<span class=\"Apple-converted-space\">\u00a0 <\/span>pairs, remerci\u00e9 le ministre Mory pour cette initiative, avant de revenir sur l\u2019importance du recensement administratif \u00e0 vocation d\u2019\u00e9tat civil pour un pays.<a href=\"https:\/\/universnews224.com\/wp-content\/uploads\/2024\/02\/CA35B5A0-1314-414D-ACA8-6D33D0C654A9.jpeg\"><img loading=\"lazy\" class=\"alignnone size-medium wp-image-5187\" src=\"https:\/\/universnews224.com\/wp-content\/uploads\/2024\/02\/CA35B5A0-1314-414D-ACA8-6D33D0C654A9-300x169.jpeg\" alt=\"\" width=\"300\" height=\"169\" srcset=\"https:\/\/universnews224.com\/wp-content\/uploads\/2024\/02\/CA35B5A0-1314-414D-ACA8-6D33D0C654A9-300x169.jpeg 300w, https:\/\/universnews224.com\/wp-content\/uploads\/2024\/02\/CA35B5A0-1314-414D-ACA8-6D33D0C654A9-1024x576.jpeg 1024w, https:\/\/universnews224.com\/wp-content\/uploads\/2024\/02\/CA35B5A0-1314-414D-ACA8-6D33D0C654A9-768x432.jpeg 768w, https:\/\/universnews224.com\/wp-content\/uploads\/2024\/02\/CA35B5A0-1314-414D-ACA8-6D33D0C654A9-800x450.jpeg 800w, https:\/\/universnews224.com\/wp-content\/uploads\/2024\/02\/CA35B5A0-1314-414D-ACA8-6D33D0C654A9.jpeg 1032w\" sizes=\"(max-width: 300px) 100vw, 300px\" \/><\/a> <\/span><\/p>\n<p class=\"p2\"><span class=\"s1\">\u201cVous savez que le plan national pour le resencement \u00e0 vocation d&rsquo;\u00e9tat civil est l&rsquo;\u00e9l\u00e9ment central de cette transition, parce qu&rsquo;\u00e0 partir de l\u00e0, au del\u00e0 de la confection d&rsquo;un fichier d&rsquo;\u00e9tat civil sur lequel on pourra extrait le fichier d&rsquo;\u00e9tat civil. C\u2019est de doter l&rsquo;\u00c9tat des \u00e9l\u00e9ments subjectibles de permettre une meilleure gouvernance du pays, que ce soit pour l&rsquo;\u00e9cole, pour la s\u00e9curit\u00e9, le permis de conduire, pour la carte d&rsquo;identit\u00e9, m\u00eame pour la s\u00e9curit\u00e9 sociale&#8230;En d&rsquo;autres termes, c&rsquo;est un \u00e9l\u00e9ment essentiel fondamental sur lequel l&rsquo;\u00c9tat pourra battre un autre type de gouvernance pour demain. Aujourd&rsquo;hui c&rsquo;est une pr\u00e9sentation de mani\u00e8re exhaustive sur le plan national pour le recensement \u00e0 vocation d&rsquo;\u00e9tat civil. Nous avons constat\u00e9 qu&rsquo;il y a des progr\u00e8s. Comme le ministre l\u00e0 dit, la semaine prochaine les populations verront sur le terrain des personnes qui vont les sensibiliser pour mener des enqu\u00eates et dans un second temps passer \u00e0 un enr\u00f4lement exhaustif possible. Pour que cela marche il faut que les politiques soient inform\u00e9s. Le deuxi\u00e8me \u00e9l\u00e9ment, la population doit \u00eatre mobilis\u00e9e, sensibilis\u00e9e pour cerner l&rsquo;importance de ce processus qui est del\u00e0 du politique. C&rsquo;est une n\u00e9cessit\u00e9 pour chacun d&rsquo;entre nous, d&rsquo;avoir une identit\u00e9 reconnue\u201d<\/span><\/p>\n<p class=\"p2\"><span class=\"s1\">Camara Mamadouba <\/span><\/p>\n<p class=\"p2\"><span class=\"s1\">611 46 04 10 <\/span><\/p>\n","protected":false},"excerpt":{"rendered":"<p>Dans le cadre du retour rapide \u00e0 l\u2019ordre constitutionnel,le recensement administratif \u00e0 vocation d\u2019\u00e9tat civil<\/p>\n","protected":false},"author":2,"featured_media":5183,"comment_status":"closed","ping_status":"open","sticky":false,"template":"","format":"standard","meta":[],"categories":[3],"tags":[229],"yoast_head":"<!-- This site is optimized with the Yoast SEO plugin v19.13 - https:\/\/yoast.com\/wordpress\/plugins\/seo\/ -->\n<title>Mise \u0153uvre du RAVEC: le ministre Mory \u00e9change avec les acteurs politiques. - UNIVERSNEWS224<\/title>\n<meta name=\"robots\" content=\"index, follow, max-snippet:-1, max-image-preview:large, max-video-preview:-1\" \/>\n<link rel=\"canonical\" href=\"https:\/\/universnews224.com\/index.php\/mise-oeuvre-du-ravec-le-ministre-mory-echange-avec-les-acteurs-politiques\/\" \/>\n<meta property=\"og:locale\" content=\"fr_FR\" \/>\n<meta property=\"og:type\" content=\"article\" \/>\n<meta property=\"og:title\" content=\"Mise \u0153uvre du RAVEC: le ministre Mory \u00e9change avec les acteurs politiques. - UNIVERSNEWS224\" \/>\n<meta property=\"og:description\" content=\"Dans le cadre du retour rapide \u00e0 l\u2019ordre constitutionnel,le recensement administratif \u00e0 vocation d\u2019\u00e9tat civil\" \/>\n<meta property=\"og:url\" content=\"https:\/\/universnews224.com\/index.php\/mise-oeuvre-du-ravec-le-ministre-mory-echange-avec-les-acteurs-politiques\/\" \/>\n<meta property=\"og:site_name\" content=\"UNIVERSNEWS224\" \/>\n<meta property=\"article:published_time\" content=\"2024-02-17T00:38:40+00:00\" \/>\n<meta property=\"og:image\" content=\"https:\/\/universnews224.com\/wp-content\/uploads\/2024\/02\/BF619746-8158-402D-8DFC-1758B85E421F.jpeg\" \/>\n\t<meta property=\"og:image:width\" content=\"1080\" \/>\n\t<meta property=\"og:image:height\" content=\"486\" \/>\n\t<meta property=\"og:image:type\" content=\"image\/jpeg\" \/>\n<meta name=\"author\" content=\"La R\u00e9daction\" \/>\n<meta name=\"twitter:label1\" content=\"\u00c9crit par\" \/>\n\t<meta name=\"twitter:data1\" content=\"La R\u00e9daction\" \/>\n\t<meta name=\"twitter:label2\" content=\"Dur\u00e9e de lecture estim\u00e9e\" \/>\n\t<meta name=\"twitter:data2\" content=\"5 minutes\" \/>\n<script type=\"application\/ld+json\" class=\"yoast-schema-graph\">{\"@context\":\"https:\/\/schema.org\",\"@graph\":[{\"@type\":\"Article\",\"@id\":\"https:\/\/universnews224.com\/index.php\/mise-oeuvre-du-ravec-le-ministre-mory-echange-avec-les-acteurs-politiques\/#article\",\"isPartOf\":{\"@id\":\"https:\/\/universnews224.com\/index.php\/mise-oeuvre-du-ravec-le-ministre-mory-echange-avec-les-acteurs-politiques\/\"},\"author\":{\"name\":\"La R\u00e9daction\",\"@id\":\"https:\/\/universnews224.com\/#\/schema\/person\/a4b7d4f94a4716df60456a491260485e\"},\"headline\":\"Mise \u0153uvre du RAVEC: le ministre Mory \u00e9change avec les acteurs politiques.\",\"datePublished\":\"2024-02-17T00:38:40+00:00\",\"dateModified\":\"2024-02-17T00:38:40+00:00\",\"mainEntityOfPage\":{\"@id\":\"https:\/\/universnews224.com\/index.php\/mise-oeuvre-du-ravec-le-ministre-mory-echange-avec-les-acteurs-politiques\/\"},\"wordCount\":839,\"publisher\":{\"@id\":\"https:\/\/universnews224.com\/#organization\"},\"keywords\":[\"La une\"],\"articleSection\":[\"ACTU\"],\"inLanguage\":\"fr-FR\"},{\"@type\":\"WebPage\",\"@id\":\"https:\/\/universnews224.com\/index.php\/mise-oeuvre-du-ravec-le-ministre-mory-echange-avec-les-acteurs-politiques\/\",\"url\":\"https:\/\/universnews224.com\/index.php\/mise-oeuvre-du-ravec-le-ministre-mory-echange-avec-les-acteurs-politiques\/\",\"name\":\"Mise \u0153uvre du RAVEC: le ministre Mory \u00e9change avec les acteurs politiques. - UNIVERSNEWS224\",\"isPartOf\":{\"@id\":\"https:\/\/universnews224.com\/#website\"},\"datePublished\":\"2024-02-17T00:38:40+00:00\",\"dateModified\":\"2024-02-17T00:38:40+00:00\",\"inLanguage\":\"fr-FR\",\"potentialAction\":[{\"@type\":\"ReadAction\",\"target\":[\"https:\/\/universnews224.com\/index.php\/mise-oeuvre-du-ravec-le-ministre-mory-echange-avec-les-acteurs-politiques\/\"]}]},{\"@type\":\"WebSite\",\"@id\":\"https:\/\/universnews224.com\/#website\",\"url\":\"https:\/\/universnews224.com\/\",\"name\":\"UNIVERSNEWS224\",\"description\":\"\",\"publisher\":{\"@id\":\"https:\/\/universnews224.com\/#organization\"},\"potentialAction\":[{\"@type\":\"SearchAction\",\"target\":{\"@type\":\"EntryPoint\",\"urlTemplate\":\"https:\/\/universnews224.com\/?s={search_term_string}\"},\"query-input\":\"required name=search_term_string\"}],\"inLanguage\":\"fr-FR\"},{\"@type\":\"Organization\",\"@id\":\"https:\/\/universnews224.com\/#organization\",\"name\":\"UNIVERSNEWS224\",\"url\":\"https:\/\/universnews224.com\/\",\"logo\":{\"@type\":\"ImageObject\",\"inLanguage\":\"fr-FR\",\"@id\":\"https:\/\/universnews224.com\/#\/schema\/logo\/image\/\",\"url\":\"https:\/\/universnews224.com\/wp-content\/uploads\/2022\/08\/cropped-cropped-logoban.jpg\",\"contentUrl\":\"https:\/\/universnews224.com\/wp-content\/uploads\/2022\/08\/cropped-cropped-logoban.jpg\",\"width\":1080,\"height\":138,\"caption\":\"UNIVERSNEWS224\"},\"image\":{\"@id\":\"https:\/\/universnews224.com\/#\/schema\/logo\/image\/\"}},{\"@type\":\"Person\",\"@id\":\"https:\/\/universnews224.com\/#\/schema\/person\/a4b7d4f94a4716df60456a491260485e\",\"name\":\"La R\u00e9daction\",\"image\":{\"@type\":\"ImageObject\",\"inLanguage\":\"fr-FR\",\"@id\":\"https:\/\/universnews224.com\/#\/schema\/person\/image\/\",\"url\":\"https:\/\/secure.gravatar.com\/avatar\/edb90acc7752b23e1b3307ad36c14f0d?s=96&d=mm&r=g\",\"contentUrl\":\"https:\/\/secure.gravatar.com\/avatar\/edb90acc7752b23e1b3307ad36c14f0d?s=96&d=mm&r=g\",\"caption\":\"La R\u00e9daction\"},\"sameAs\":[\"https:\/\/universnews224.com\"],\"url\":\"https:\/\/universnews224.com\/index.php\/author\/m-camara\/\"}]}<\/script>\n<!-- \/ Yoast SEO plugin. -->","yoast_head_json":{"title":"Mise \u0153uvre du RAVEC: le ministre Mory \u00e9change avec les acteurs politiques. - UNIVERSNEWS224","robots":{"index":"index","follow":"follow","max-snippet":"max-snippet:-1","max-image-preview":"max-image-preview:large","max-video-preview":"max-video-preview:-1"},"canonical":"https:\/\/universnews224.com\/index.php\/mise-oeuvre-du-ravec-le-ministre-mory-echange-avec-les-acteurs-politiques\/","og_locale":"fr_FR","og_type":"article","og_title":"Mise \u0153uvre du RAVEC: le ministre Mory \u00e9change avec les acteurs politiques. - UNIVERSNEWS224","og_description":"Dans le cadre du retour rapide \u00e0 l\u2019ordre constitutionnel,le recensement administratif \u00e0 vocation d\u2019\u00e9tat civil","og_url":"https:\/\/universnews224.com\/index.php\/mise-oeuvre-du-ravec-le-ministre-mory-echange-avec-les-acteurs-politiques\/","og_site_name":"UNIVERSNEWS224","article_published_time":"2024-02-17T00:38:40+00:00","og_image":[{"width":1080,"height":486,"url":"https:\/\/universnews224.com\/wp-content\/uploads\/2024\/02\/BF619746-8158-402D-8DFC-1758B85E421F.jpeg","type":"image\/jpeg"}],"author":"La R\u00e9daction","twitter_misc":{"\u00c9crit par":"La R\u00e9daction","Dur\u00e9e de lecture estim\u00e9e":"5 minutes"},"schema":{"@context":"https:\/\/schema.org","@graph":[{"@type":"Article","@id":"https:\/\/universnews224.com\/index.php\/mise-oeuvre-du-ravec-le-ministre-mory-echange-avec-les-acteurs-politiques\/#article","isPartOf":{"@id":"https:\/\/universnews224.com\/index.php\/mise-oeuvre-du-ravec-le-ministre-mory-echange-avec-les-acteurs-politiques\/"},"author":{"name":"La R\u00e9daction","@id":"https:\/\/universnews224.com\/#\/schema\/person\/a4b7d4f94a4716df60456a491260485e"},"headline":"Mise \u0153uvre du RAVEC: le ministre Mory \u00e9change avec les acteurs politiques.","datePublished":"2024-02-17T00:38:40+00:00","dateModified":"2024-02-17T00:38:40+00:00","mainEntityOfPage":{"@id":"https:\/\/universnews224.com\/index.php\/mise-oeuvre-du-ravec-le-ministre-mory-echange-avec-les-acteurs-politiques\/"},"wordCount":839,"publisher":{"@id":"https:\/\/universnews224.com\/#organization"},"keywords":["La une"],"articleSection":["ACTU"],"inLanguage":"fr-FR"},{"@type":"WebPage","@id":"https:\/\/universnews224.com\/index.php\/mise-oeuvre-du-ravec-le-ministre-mory-echange-avec-les-acteurs-politiques\/","url":"https:\/\/universnews224.com\/index.php\/mise-oeuvre-du-ravec-le-ministre-mory-echange-avec-les-acteurs-politiques\/","name":"Mise \u0153uvre du RAVEC: le ministre Mory \u00e9change avec les acteurs politiques. - UNIVERSNEWS224","isPartOf":{"@id":"https:\/\/universnews224.com\/#website"},"datePublished":"2024-02-17T00:38:40+00:00","dateModified":"2024-02-17T00:38:40+00:00","inLanguage":"fr-FR","potentialAction":[{"@type":"ReadAction","target":["https:\/\/universnews224.com\/index.php\/mise-oeuvre-du-ravec-le-ministre-mory-echange-avec-les-acteurs-politiques\/"]}]},{"@type":"WebSite","@id":"https:\/\/universnews224.com\/#website","url":"https:\/\/universnews224.com\/","name":"UNIVERSNEWS224","description":"","publisher":{"@id":"https:\/\/universnews224.com\/#organization"},"potentialAction":[{"@type":"SearchAction","target":{"@type":"EntryPoint","urlTemplate":"https:\/\/universnews224.com\/?s={search_term_string}"},"query-input":"required name=search_term_string"}],"inLanguage":"fr-FR"},{"@type":"Organization","@id":"https:\/\/universnews224.com\/#organization","name":"UNIVERSNEWS224","url":"https:\/\/universnews224.com\/","logo":{"@type":"ImageObject","inLanguage":"fr-FR","@id":"https:\/\/universnews224.com\/#\/schema\/logo\/image\/","url":"https:\/\/universnews224.com\/wp-content\/uploads\/2022\/08\/cropped-cropped-logoban.jpg","contentUrl":"https:\/\/universnews224.com\/wp-content\/uploads\/2022\/08\/cropped-cropped-logoban.jpg","width":1080,"height":138,"caption":"UNIVERSNEWS224"},"image":{"@id":"https:\/\/universnews224.com\/#\/schema\/logo\/image\/"}},{"@type":"Person","@id":"https:\/\/universnews224.com\/#\/schema\/person\/a4b7d4f94a4716df60456a491260485e","name":"La R\u00e9daction","image":{"@type":"ImageObject","inLanguage":"fr-FR","@id":"https:\/\/universnews224.com\/#\/schema\/person\/image\/","url":"https:\/\/secure.gravatar.com\/avatar\/edb90acc7752b23e1b3307ad36c14f0d?s=96&d=mm&r=g","contentUrl":"https:\/\/secure.gravatar.com\/avatar\/edb90acc7752b23e1b3307ad36c14f0d?s=96&d=mm&r=g","caption":"La R\u00e9daction"},"sameAs":["https:\/\/universnews224.com"],"url":"https:\/\/universnews224.com\/index.php\/author\/m-camara\/"}]}},"_links":{"self":[{"href":"https:\/\/universnews224.com\/index.php\/wp-json\/wp\/v2\/posts\/5181"}],"collection":[{"href":"https:\/\/universnews224.com\/index.php\/wp-json\/wp\/v2\/posts"}],"about":[{"href":"https:\/\/universnews224.com\/index.php\/wp-json\/wp\/v2\/types\/post"}],"author":[{"embeddable":true,"href":"https:\/\/universnews224.com\/index.php\/wp-json\/wp\/v2\/users\/2"}],"replies":[{"embeddable":true,"href":"https:\/\/universnews224.com\/index.php\/wp-json\/wp\/v2\/comments?post=5181"}],"version-history":[{"count":1,"href":"https:\/\/universnews224.com\/index.php\/wp-json\/wp\/v2\/posts\/5181\/revisions"}],"predecessor-version":[{"id":5188,"href":"https:\/\/universnews224.com\/index.php\/wp-json\/wp\/v2\/posts\/5181\/revisions\/5188"}],"wp:featuredmedia":[{"embeddable":true,"href":"https:\/\/universnews224.com\/index.php\/wp-json\/wp\/v2\/media\/5183"}],"wp:attachment":[{"href":"https:\/\/universnews224.com\/index.php\/wp-json\/wp\/v2\/media?parent=5181"}],"wp:term":[{"taxonomy":"category","embeddable":true,"href":"https:\/\/universnews224.com\/index.php\/wp-json\/wp\/v2\/categories?post=5181"},{"taxonomy":"post_tag","embeddable":true,"href":"https:\/\/universnews224.com\/index.php\/wp-json\/wp\/v2\/tags?post=5181"}],"curies":[{"name":"wp","href":"https:\/\/api.w.org\/{rel}","templated":true}]}}