{"id":5189,"date":"2024-02-17T01:41:11","date_gmt":"2024-02-17T00:41:11","guid":{"rendered":"https:\/\/universnews224.com\/?p=5189"},"modified":"2024-02-17T01:41:11","modified_gmt":"2024-02-17T00:41:11","slug":"karamo-mady-camara-la-maniere-dont-notre-systeme-judiciaire-fonctionne-nest-pas-la-bonne-maniere","status":"publish","type":"post","link":"https:\/\/universnews224.com\/index.php\/karamo-mady-camara-la-maniere-dont-notre-systeme-judiciaire-fonctionne-nest-pas-la-bonne-maniere\/","title":{"rendered":"Karamo Mady Camara: \u201dLa mani\u00e8re dont notre syst\u00e8me judiciaire fonctionne, n\u2019est pas la bonne mani\u00e8re\u201d"},"content":{"rendered":"<p class=\"p1\">Dans son discours de prise du pouvoir le 05 septembre 2021, le G\u00e9n\u00e9ral Mamadi Doumbouya a promis aux guin\u00e9ens que la \u00abjustice sera la boussole de la transition\u00bb. Plus\u00a0 trois (3) ans apr\u00e8s cette promesse du pr\u00e9sident de la transition, comment la justice guin\u00e9enne se porte t-elle aujourd\u2019hui?<\/p>\n<p class=\"p1\"><span class=\"s1\">Interrog\u00e9 sur cette question par nos confr\u00e8res de la radio Nostalgie Guin\u00e9e dans l\u2019\u00e9mission \u00abAfrica 2015\u00bb, Karamo Mady Camara, juriste et consultant, a indiqu\u00e9 que la justice guin\u00e9enne ne fonctionne pas bien. <\/span><\/p>\n<p class=\"p1\"><span class=\"s2\">\u201cLes chemins qui m\u00e8nent \u00e0 Rome sont pav\u00e9s de bonnes intentions. Tout au d\u00e9but, l\u2019on a estim\u00e9 que le discours qui a \u00e9t\u00e9 tenu le 05 septembre \u00e9tait un discours novateur, un discours r\u00e9formateur, mais le ma\u00e7on est toujours \u00e9valu\u00e9 au pieds du mur. Je vous laisse vous-m\u00eame, faire le constat entre ce qui a \u00e9t\u00e9 annonc\u00e9 et ce qui est fait. Et d\u2019ailleurs, le ministre de la justice lui-m\u00eame a fait son mea-culpa en affirmant que la juridiction sp\u00e9ciale qui a \u00e9t\u00e9 cr\u00e9\u00e9e pour lutter contre d\u00e9linquance financi\u00e8re n\u2019a pas r\u00e9pondu aux attentes. Elle n\u2019\u00e9tait pas mise \u00e0 la hauteur de l\u2019esp\u00e9rance qui \u00e9tait port\u00e9e en elle. \u00c7a, c\u2019est un aveux d\u2019\u00e9chec, c\u2019est un aveux de faiblesse. Vous avez d\u2019autres personnes qui croupissent dans les ge\u00f4les guin\u00e9ennes qui ne sont pas encore jug\u00e9es, qui sont dans les proc\u00e9dures interminables. Tout cela vient remettre en cause v\u00e9ritablement la mani\u00e8re dont la justice se porte dans notre pays. Il est \u00e0 la t\u00eate d\u00e9partement de la justice et des droits de l\u2019homme, mais vous-m\u00eame regardez aujourd\u2019hui, les violations des droits de l\u2019homme auxquelles nous assistons dans le pays. Est-ce que cela est conforme avec \u00abjustice boussole de la transition\u00bb? Je vous laisse appr\u00e9cier\u201d, a t-il soulign\u00e9. <\/span><\/p>\n<p class=\"p1\"><span class=\"s2\">\u00c0 la question de savoir, face dysfonctionnements r\u00e9p\u00e9t\u00e9s de la justice, le ministre de la justice doit-il rendre le tablier? M. Kramo Camara r\u00e9pond:<\/span><\/p>\n<p class=\"p1\"><span class=\"s2\"> \u201cChaque prise de position est une affaire de conviction personnelle, moi je ne peux pas r\u00e9pondre \u00e0 sa place. S\u2019il estime qu\u2019il est confortable dans ce qu\u2019il fait, qu\u2019il continue \u00e0 exercer ses fonctions jusqu\u2019\u00e0 ce que celui qui l\u2019a nomm\u00e9 prenne sa responsabilit\u00e9 en le d\u00e9mettant. Ou bien celui l\u2019a nomm\u00e9 estime aussi qu\u2019il n\u2019est pas entrain de faire le boulot comme cela se doit, il peut en tirer des cons\u00e9quences. Dans l\u2019un ou dans l\u2019autre des cas, moi je ne d\u00e9fend rien, je constate simplement et je d\u00e9finis que la mani\u00e8re dont notre syst\u00e8me judiciaire fonctionne, n\u2019est pas la bonne mani\u00e8re. Nous ne pouvons pas avoir une institution judiciaire qui fonctionne correctement si celui qui dirige cette institution marche \u00e0 l\u2019envers. Ce n\u2019est pas possible. Vous ne pouvez pas avoir une institution qui marche correctement pendant que ceux qui dirigent cette institution marchent \u00e0 l\u2019envers. \u00c7a ne peut pas fonctionner, il faut v\u00e9ritablement qu\u2019on s\u2019arr\u00eate un moment, qu\u2019on fasse un introspection, qu\u2019on fasse le bilan de ce qui a march\u00e9 et de qui n\u2019a pas march\u00e9. Qu\u2019on tire des enseignements et on se projette. L\u2019erreur peut \u00eatre humaine, mais il faut que vous ayez l\u2019humilit\u00e9, l\u2019amabilit\u00e9 et la responsabilit\u00e9 de reconna\u00eetre parfois qu\u2019on s\u2019est tromp\u00e9 et qu\u2019on se remette en cause revenir \u00e0 la raison\u201d, a t-il indiqu\u00e9.<\/span><\/p>\n<p class=\"p1\"><span class=\"s2\">Camara Mamadouba <\/span><\/p>\n<p class=\"p1\"><span class=\"s2\">611 46 04 10 <\/span><\/p>\n","protected":false},"excerpt":{"rendered":"<p>Dans son discours de prise du pouvoir le 05 septembre 2021, le G\u00e9n\u00e9ral Mamadi Doumbouya<\/p>\n","protected":false},"author":2,"featured_media":5190,"comment_status":"closed","ping_status":"open","sticky":false,"template":"","format":"standard","meta":[],"categories":[3,4],"tags":[229],"yoast_head":"<!-- This site is optimized with the Yoast SEO plugin v19.13 - https:\/\/yoast.com\/wordpress\/plugins\/seo\/ -->\n<title>Karamo Mady Camara: \u201dLa mani\u00e8re dont notre syst\u00e8me judiciaire fonctionne, n\u2019est pas la bonne mani\u00e8re\u201d - UNIVERSNEWS224<\/title>\n<meta name=\"robots\" content=\"index, follow, max-snippet:-1, max-image-preview:large, max-video-preview:-1\" \/>\n<link rel=\"canonical\" href=\"https:\/\/universnews224.com\/index.php\/karamo-mady-camara-la-maniere-dont-notre-systeme-judiciaire-fonctionne-nest-pas-la-bonne-maniere\/\" \/>\n<meta property=\"og:locale\" content=\"fr_FR\" \/>\n<meta property=\"og:type\" content=\"article\" \/>\n<meta property=\"og:title\" content=\"Karamo Mady Camara: \u201dLa mani\u00e8re dont notre syst\u00e8me judiciaire fonctionne, n\u2019est pas la bonne mani\u00e8re\u201d - UNIVERSNEWS224\" \/>\n<meta property=\"og:description\" content=\"Dans son discours de prise du pouvoir le 05 septembre 2021, le G\u00e9n\u00e9ral Mamadi Doumbouya\" \/>\n<meta property=\"og:url\" content=\"https:\/\/universnews224.com\/index.php\/karamo-mady-camara-la-maniere-dont-notre-systeme-judiciaire-fonctionne-nest-pas-la-bonne-maniere\/\" \/>\n<meta property=\"og:site_name\" content=\"UNIVERSNEWS224\" \/>\n<meta property=\"article:published_time\" content=\"2024-02-17T00:41:11+00:00\" \/>\n<meta property=\"og:image\" content=\"https:\/\/universnews224.com\/wp-content\/uploads\/2024\/02\/A4425C4E-0AF9-42A4-8E5D-8B795A9051D2.png\" \/>\n\t<meta property=\"og:image:width\" content=\"414\" \/>\n\t<meta property=\"og:image:height\" content=\"563\" \/>\n\t<meta property=\"og:image:type\" content=\"image\/png\" \/>\n<meta name=\"author\" content=\"La R\u00e9daction\" \/>\n<meta name=\"twitter:label1\" content=\"\u00c9crit par\" \/>\n\t<meta name=\"twitter:data1\" content=\"La R\u00e9daction\" \/>\n\t<meta name=\"twitter:label2\" content=\"Dur\u00e9e de lecture estim\u00e9e\" \/>\n\t<meta name=\"twitter:data2\" content=\"3 minutes\" \/>\n<script type=\"application\/ld+json\" class=\"yoast-schema-graph\">{\"@context\":\"https:\/\/schema.org\",\"@graph\":[{\"@type\":\"Article\",\"@id\":\"https:\/\/universnews224.com\/index.php\/karamo-mady-camara-la-maniere-dont-notre-systeme-judiciaire-fonctionne-nest-pas-la-bonne-maniere\/#article\",\"isPartOf\":{\"@id\":\"https:\/\/universnews224.com\/index.php\/karamo-mady-camara-la-maniere-dont-notre-systeme-judiciaire-fonctionne-nest-pas-la-bonne-maniere\/\"},\"author\":{\"name\":\"La R\u00e9daction\",\"@id\":\"https:\/\/universnews224.com\/#\/schema\/person\/a4b7d4f94a4716df60456a491260485e\"},\"headline\":\"Karamo Mady Camara: \u201dLa mani\u00e8re dont notre syst\u00e8me judiciaire fonctionne, n\u2019est pas la bonne mani\u00e8re\u201d\",\"datePublished\":\"2024-02-17T00:41:11+00:00\",\"dateModified\":\"2024-02-17T00:41:11+00:00\",\"mainEntityOfPage\":{\"@id\":\"https:\/\/universnews224.com\/index.php\/karamo-mady-camara-la-maniere-dont-notre-systeme-judiciaire-fonctionne-nest-pas-la-bonne-maniere\/\"},\"wordCount\":624,\"publisher\":{\"@id\":\"https:\/\/universnews224.com\/#organization\"},\"keywords\":[\"La une\"],\"articleSection\":[\"ACTU\",\"POLITIQUE\"],\"inLanguage\":\"fr-FR\"},{\"@type\":\"WebPage\",\"@id\":\"https:\/\/universnews224.com\/index.php\/karamo-mady-camara-la-maniere-dont-notre-systeme-judiciaire-fonctionne-nest-pas-la-bonne-maniere\/\",\"url\":\"https:\/\/universnews224.com\/index.php\/karamo-mady-camara-la-maniere-dont-notre-systeme-judiciaire-fonctionne-nest-pas-la-bonne-maniere\/\",\"name\":\"Karamo Mady Camara: \u201dLa mani\u00e8re dont notre syst\u00e8me judiciaire fonctionne, n\u2019est pas la bonne mani\u00e8re\u201d - UNIVERSNEWS224\",\"isPartOf\":{\"@id\":\"https:\/\/universnews224.com\/#website\"},\"datePublished\":\"2024-02-17T00:41:11+00:00\",\"dateModified\":\"2024-02-17T00:41:11+00:00\",\"inLanguage\":\"fr-FR\",\"potentialAction\":[{\"@type\":\"ReadAction\",\"target\":[\"https:\/\/universnews224.com\/index.php\/karamo-mady-camara-la-maniere-dont-notre-systeme-judiciaire-fonctionne-nest-pas-la-bonne-maniere\/\"]}]},{\"@type\":\"WebSite\",\"@id\":\"https:\/\/universnews224.com\/#website\",\"url\":\"https:\/\/universnews224.com\/\",\"name\":\"UNIVERSNEWS224\",\"description\":\"\",\"publisher\":{\"@id\":\"https:\/\/universnews224.com\/#organization\"},\"potentialAction\":[{\"@type\":\"SearchAction\",\"target\":{\"@type\":\"EntryPoint\",\"urlTemplate\":\"https:\/\/universnews224.com\/?s={search_term_string}\"},\"query-input\":\"required name=search_term_string\"}],\"inLanguage\":\"fr-FR\"},{\"@type\":\"Organization\",\"@id\":\"https:\/\/universnews224.com\/#organization\",\"name\":\"UNIVERSNEWS224\",\"url\":\"https:\/\/universnews224.com\/\",\"logo\":{\"@type\":\"ImageObject\",\"inLanguage\":\"fr-FR\",\"@id\":\"https:\/\/universnews224.com\/#\/schema\/logo\/image\/\",\"url\":\"https:\/\/universnews224.com\/wp-content\/uploads\/2022\/08\/cropped-cropped-logoban.jpg\",\"contentUrl\":\"https:\/\/universnews224.com\/wp-content\/uploads\/2022\/08\/cropped-cropped-logoban.jpg\",\"width\":1080,\"height\":138,\"caption\":\"UNIVERSNEWS224\"},\"image\":{\"@id\":\"https:\/\/universnews224.com\/#\/schema\/logo\/image\/\"}},{\"@type\":\"Person\",\"@id\":\"https:\/\/universnews224.com\/#\/schema\/person\/a4b7d4f94a4716df60456a491260485e\",\"name\":\"La R\u00e9daction\",\"image\":{\"@type\":\"ImageObject\",\"inLanguage\":\"fr-FR\",\"@id\":\"https:\/\/universnews224.com\/#\/schema\/person\/image\/\",\"url\":\"https:\/\/secure.gravatar.com\/avatar\/edb90acc7752b23e1b3307ad36c14f0d?s=96&d=mm&r=g\",\"contentUrl\":\"https:\/\/secure.gravatar.com\/avatar\/edb90acc7752b23e1b3307ad36c14f0d?s=96&d=mm&r=g\",\"caption\":\"La R\u00e9daction\"},\"sameAs\":[\"https:\/\/universnews224.com\"],\"url\":\"https:\/\/universnews224.com\/index.php\/author\/m-camara\/\"}]}<\/script>\n<!-- \/ Yoast SEO plugin. -->","yoast_head_json":{"title":"Karamo Mady Camara: \u201dLa mani\u00e8re dont notre syst\u00e8me judiciaire fonctionne, n\u2019est pas la bonne mani\u00e8re\u201d - UNIVERSNEWS224","robots":{"index":"index","follow":"follow","max-snippet":"max-snippet:-1","max-image-preview":"max-image-preview:large","max-video-preview":"max-video-preview:-1"},"canonical":"https:\/\/universnews224.com\/index.php\/karamo-mady-camara-la-maniere-dont-notre-systeme-judiciaire-fonctionne-nest-pas-la-bonne-maniere\/","og_locale":"fr_FR","og_type":"article","og_title":"Karamo Mady Camara: \u201dLa mani\u00e8re dont notre syst\u00e8me judiciaire fonctionne, n\u2019est pas la bonne mani\u00e8re\u201d - UNIVERSNEWS224","og_description":"Dans son discours de prise du pouvoir le 05 septembre 2021, le G\u00e9n\u00e9ral Mamadi Doumbouya","og_url":"https:\/\/universnews224.com\/index.php\/karamo-mady-camara-la-maniere-dont-notre-systeme-judiciaire-fonctionne-nest-pas-la-bonne-maniere\/","og_site_name":"UNIVERSNEWS224","article_published_time":"2024-02-17T00:41:11+00:00","og_image":[{"width":414,"height":563,"url":"https:\/\/universnews224.com\/wp-content\/uploads\/2024\/02\/A4425C4E-0AF9-42A4-8E5D-8B795A9051D2.png","type":"image\/png"}],"author":"La R\u00e9daction","twitter_misc":{"\u00c9crit par":"La R\u00e9daction","Dur\u00e9e de lecture estim\u00e9e":"3 minutes"},"schema":{"@context":"https:\/\/schema.org","@graph":[{"@type":"Article","@id":"https:\/\/universnews224.com\/index.php\/karamo-mady-camara-la-maniere-dont-notre-systeme-judiciaire-fonctionne-nest-pas-la-bonne-maniere\/#article","isPartOf":{"@id":"https:\/\/universnews224.com\/index.php\/karamo-mady-camara-la-maniere-dont-notre-systeme-judiciaire-fonctionne-nest-pas-la-bonne-maniere\/"},"author":{"name":"La R\u00e9daction","@id":"https:\/\/universnews224.com\/#\/schema\/person\/a4b7d4f94a4716df60456a491260485e"},"headline":"Karamo Mady Camara: \u201dLa mani\u00e8re dont notre syst\u00e8me judiciaire fonctionne, n\u2019est pas la bonne mani\u00e8re\u201d","datePublished":"2024-02-17T00:41:11+00:00","dateModified":"2024-02-17T00:41:11+00:00","mainEntityOfPage":{"@id":"https:\/\/universnews224.com\/index.php\/karamo-mady-camara-la-maniere-dont-notre-systeme-judiciaire-fonctionne-nest-pas-la-bonne-maniere\/"},"wordCount":624,"publisher":{"@id":"https:\/\/universnews224.com\/#organization"},"keywords":["La une"],"articleSection":["ACTU","POLITIQUE"],"inLanguage":"fr-FR"},{"@type":"WebPage","@id":"https:\/\/universnews224.com\/index.php\/karamo-mady-camara-la-maniere-dont-notre-systeme-judiciaire-fonctionne-nest-pas-la-bonne-maniere\/","url":"https:\/\/universnews224.com\/index.php\/karamo-mady-camara-la-maniere-dont-notre-systeme-judiciaire-fonctionne-nest-pas-la-bonne-maniere\/","name":"Karamo Mady Camara: \u201dLa mani\u00e8re dont notre syst\u00e8me judiciaire fonctionne, n\u2019est pas la bonne mani\u00e8re\u201d - UNIVERSNEWS224","isPartOf":{"@id":"https:\/\/universnews224.com\/#website"},"datePublished":"2024-02-17T00:41:11+00:00","dateModified":"2024-02-17T00:41:11+00:00","inLanguage":"fr-FR","potentialAction":[{"@type":"ReadAction","target":["https:\/\/universnews224.com\/index.php\/karamo-mady-camara-la-maniere-dont-notre-systeme-judiciaire-fonctionne-nest-pas-la-bonne-maniere\/"]}]},{"@type":"WebSite","@id":"https:\/\/universnews224.com\/#website","url":"https:\/\/universnews224.com\/","name":"UNIVERSNEWS224","description":"","publisher":{"@id":"https:\/\/universnews224.com\/#organization"},"potentialAction":[{"@type":"SearchAction","target":{"@type":"EntryPoint","urlTemplate":"https:\/\/universnews224.com\/?s={search_term_string}"},"query-input":"required name=search_term_string"}],"inLanguage":"fr-FR"},{"@type":"Organization","@id":"https:\/\/universnews224.com\/#organization","name":"UNIVERSNEWS224","url":"https:\/\/universnews224.com\/","logo":{"@type":"ImageObject","inLanguage":"fr-FR","@id":"https:\/\/universnews224.com\/#\/schema\/logo\/image\/","url":"https:\/\/universnews224.com\/wp-content\/uploads\/2022\/08\/cropped-cropped-logoban.jpg","contentUrl":"https:\/\/universnews224.com\/wp-content\/uploads\/2022\/08\/cropped-cropped-logoban.jpg","width":1080,"height":138,"caption":"UNIVERSNEWS224"},"image":{"@id":"https:\/\/universnews224.com\/#\/schema\/logo\/image\/"}},{"@type":"Person","@id":"https:\/\/universnews224.com\/#\/schema\/person\/a4b7d4f94a4716df60456a491260485e","name":"La R\u00e9daction","image":{"@type":"ImageObject","inLanguage":"fr-FR","@id":"https:\/\/universnews224.com\/#\/schema\/person\/image\/","url":"https:\/\/secure.gravatar.com\/avatar\/edb90acc7752b23e1b3307ad36c14f0d?s=96&d=mm&r=g","contentUrl":"https:\/\/secure.gravatar.com\/avatar\/edb90acc7752b23e1b3307ad36c14f0d?s=96&d=mm&r=g","caption":"La R\u00e9daction"},"sameAs":["https:\/\/universnews224.com"],"url":"https:\/\/universnews224.com\/index.php\/author\/m-camara\/"}]}},"_links":{"self":[{"href":"https:\/\/universnews224.com\/index.php\/wp-json\/wp\/v2\/posts\/5189"}],"collection":[{"href":"https:\/\/universnews224.com\/index.php\/wp-json\/wp\/v2\/posts"}],"about":[{"href":"https:\/\/universnews224.com\/index.php\/wp-json\/wp\/v2\/types\/post"}],"author":[{"embeddable":true,"href":"https:\/\/universnews224.com\/index.php\/wp-json\/wp\/v2\/users\/2"}],"replies":[{"embeddable":true,"href":"https:\/\/universnews224.com\/index.php\/wp-json\/wp\/v2\/comments?post=5189"}],"version-history":[{"count":1,"href":"https:\/\/universnews224.com\/index.php\/wp-json\/wp\/v2\/posts\/5189\/revisions"}],"predecessor-version":[{"id":5191,"href":"https:\/\/universnews224.com\/index.php\/wp-json\/wp\/v2\/posts\/5189\/revisions\/5191"}],"wp:featuredmedia":[{"embeddable":true,"href":"https:\/\/universnews224.com\/index.php\/wp-json\/wp\/v2\/media\/5190"}],"wp:attachment":[{"href":"https:\/\/universnews224.com\/index.php\/wp-json\/wp\/v2\/media?parent=5189"}],"wp:term":[{"taxonomy":"category","embeddable":true,"href":"https:\/\/universnews224.com\/index.php\/wp-json\/wp\/v2\/categories?post=5189"},{"taxonomy":"post_tag","embeddable":true,"href":"https:\/\/universnews224.com\/index.php\/wp-json\/wp\/v2\/tags?post=5189"}],"curies":[{"name":"wp","href":"https:\/\/api.w.org\/{rel}","templated":true}]}}