{"id":5192,"date":"2024-02-17T01:43:46","date_gmt":"2024-02-17T00:43:46","guid":{"rendered":"https:\/\/universnews224.com\/?p=5192"},"modified":"2024-02-17T01:43:46","modified_gmt":"2024-02-17T00:43:46","slug":"publication-de-la-nouvelle-constitution-au-mois-de-mars-je-ne-crois-pas-ibrahima-balaya","status":"publish","type":"post","link":"https:\/\/universnews224.com\/index.php\/publication-de-la-nouvelle-constitution-au-mois-de-mars-je-ne-crois-pas-ibrahima-balaya\/","title":{"rendered":"Publication de la nouvelle Constitution au mois de Mars:\u201c Je ne crois pas\u201d Ibrahima Balaya."},"content":{"rendered":"<p class=\"p1\"><span class=\"s1\">Prenant part \u00e0 l\u2019ouverture des travaux de la Table Ronde des Bailleurs sur le Programme int\u00e9rimaire 2022-2025 organis\u00e9e par le gouvernement guin\u00e9en, \u00e0 Duba\u00ef, aux Emirats Arabes Unis, hier jeudi, 15 f\u00e9vrier, le pr\u00e9sident du Conseil National de la Transition<span class=\"Apple-converted-space\">\u00a0 <\/span>a annonc\u00e9 que la \u00abnouvelle constitution\u00bb sera pr\u00e9sent\u00e9e au peuple de Guin\u00e9e au mois de mars prochain. <\/span><\/p>\n<p class=\"p1\"><span class=\"s1\">R\u00e9gissant sur cette actualit\u00e9 chez nos confr\u00e8res de la radio Nostalgie Guin\u00e9e dans l\u2019\u00e9mission \u00abAfrica 2015\u00bb, de ce jeudi,15 f\u00e9vrier 2024, Ibrahima Balaya Diallo, membre du forum social dit ne pas croire cette annonce du pr\u00e9sident de l\u2019organe ex\u00e9cutif. <\/span><\/p>\n<p class=\"p1\"><span class=\"s2\">\u201cR\u00e9servons cette question lorsque la constitution sera l\u00e0. On nous avait annonc\u00e9 que la constitution sera disponible au mois de septembre, nous sommes au mois f\u00e9vrier, qu\u2019est-ce vous avez vu la couleur de cette constitution?Je ne veux pas entrer dans cette forme de sp\u00e9culation l\u00e0, mais je crois que le pr\u00e9sident du CNT avait une tribune o\u00f9 il avait besoin de se faire une place. J\u2019ai l\u2019impression que lui-m\u00eame ne ma\u00eetrise pas cette nouvelle constitution. Pour l\u2019arriv\u00e9e du b\u00e9b\u00e9 constitutionnel, je ne crois pas\u201d, a t-il dit. <\/span><\/p>\n<p class=\"p1\">\n","protected":false},"excerpt":{"rendered":"<p>Prenant part \u00e0 l\u2019ouverture des travaux de la Table Ronde des Bailleurs sur le Programme<\/p>\n","protected":false},"author":2,"featured_media":5193,"comment_status":"closed","ping_status":"open","sticky":false,"template":"","format":"standard","meta":[],"categories":[3,4],"tags":[229],"yoast_head":"<!-- This site is optimized with the Yoast SEO plugin v19.13 - https:\/\/yoast.com\/wordpress\/plugins\/seo\/ -->\n<title>Publication de la nouvelle Constitution au mois de Mars:\u201c Je ne crois pas\u201d Ibrahima Balaya. - UNIVERSNEWS224<\/title>\n<meta name=\"robots\" content=\"index, follow, max-snippet:-1, max-image-preview:large, max-video-preview:-1\" \/>\n<link rel=\"canonical\" href=\"https:\/\/universnews224.com\/index.php\/publication-de-la-nouvelle-constitution-au-mois-de-mars-je-ne-crois-pas-ibrahima-balaya\/\" \/>\n<meta property=\"og:locale\" content=\"fr_FR\" \/>\n<meta property=\"og:type\" content=\"article\" \/>\n<meta property=\"og:title\" content=\"Publication de la nouvelle Constitution au mois de Mars:\u201c Je ne crois pas\u201d Ibrahima Balaya. - UNIVERSNEWS224\" \/>\n<meta property=\"og:description\" content=\"Prenant part \u00e0 l\u2019ouverture des travaux de la Table Ronde des Bailleurs sur le Programme\" \/>\n<meta property=\"og:url\" content=\"https:\/\/universnews224.com\/index.php\/publication-de-la-nouvelle-constitution-au-mois-de-mars-je-ne-crois-pas-ibrahima-balaya\/\" \/>\n<meta property=\"og:site_name\" content=\"UNIVERSNEWS224\" \/>\n<meta property=\"article:published_time\" content=\"2024-02-17T00:43:46+00:00\" \/>\n<meta property=\"og:image\" content=\"https:\/\/universnews224.com\/wp-content\/uploads\/2024\/02\/FB57607F-82EC-40B3-A5FC-AB1813A06295.png\" \/>\n\t<meta property=\"og:image:width\" content=\"800\" \/>\n\t<meta property=\"og:image:height\" content=\"828\" \/>\n\t<meta property=\"og:image:type\" content=\"image\/png\" \/>\n<meta name=\"author\" content=\"La R\u00e9daction\" \/>\n<meta name=\"twitter:label1\" content=\"\u00c9crit par\" \/>\n\t<meta name=\"twitter:data1\" content=\"La R\u00e9daction\" \/>\n\t<meta name=\"twitter:label2\" content=\"Dur\u00e9e de lecture estim\u00e9e\" \/>\n\t<meta name=\"twitter:data2\" content=\"1 minute\" \/>\n<script type=\"application\/ld+json\" class=\"yoast-schema-graph\">{\"@context\":\"https:\/\/schema.org\",\"@graph\":[{\"@type\":\"Article\",\"@id\":\"https:\/\/universnews224.com\/index.php\/publication-de-la-nouvelle-constitution-au-mois-de-mars-je-ne-crois-pas-ibrahima-balaya\/#article\",\"isPartOf\":{\"@id\":\"https:\/\/universnews224.com\/index.php\/publication-de-la-nouvelle-constitution-au-mois-de-mars-je-ne-crois-pas-ibrahima-balaya\/\"},\"author\":{\"name\":\"La R\u00e9daction\",\"@id\":\"https:\/\/universnews224.com\/#\/schema\/person\/a4b7d4f94a4716df60456a491260485e\"},\"headline\":\"Publication de la nouvelle Constitution au mois de Mars:\u201c Je ne crois pas\u201d Ibrahima Balaya.\",\"datePublished\":\"2024-02-17T00:43:46+00:00\",\"dateModified\":\"2024-02-17T00:43:46+00:00\",\"mainEntityOfPage\":{\"@id\":\"https:\/\/universnews224.com\/index.php\/publication-de-la-nouvelle-constitution-au-mois-de-mars-je-ne-crois-pas-ibrahima-balaya\/\"},\"wordCount\":223,\"publisher\":{\"@id\":\"https:\/\/universnews224.com\/#organization\"},\"keywords\":[\"La une\"],\"articleSection\":[\"ACTU\",\"POLITIQUE\"],\"inLanguage\":\"fr-FR\"},{\"@type\":\"WebPage\",\"@id\":\"https:\/\/universnews224.com\/index.php\/publication-de-la-nouvelle-constitution-au-mois-de-mars-je-ne-crois-pas-ibrahima-balaya\/\",\"url\":\"https:\/\/universnews224.com\/index.php\/publication-de-la-nouvelle-constitution-au-mois-de-mars-je-ne-crois-pas-ibrahima-balaya\/\",\"name\":\"Publication de la nouvelle Constitution au mois de Mars:\u201c Je ne crois pas\u201d Ibrahima Balaya. - UNIVERSNEWS224\",\"isPartOf\":{\"@id\":\"https:\/\/universnews224.com\/#website\"},\"datePublished\":\"2024-02-17T00:43:46+00:00\",\"dateModified\":\"2024-02-17T00:43:46+00:00\",\"inLanguage\":\"fr-FR\",\"potentialAction\":[{\"@type\":\"ReadAction\",\"target\":[\"https:\/\/universnews224.com\/index.php\/publication-de-la-nouvelle-constitution-au-mois-de-mars-je-ne-crois-pas-ibrahima-balaya\/\"]}]},{\"@type\":\"WebSite\",\"@id\":\"https:\/\/universnews224.com\/#website\",\"url\":\"https:\/\/universnews224.com\/\",\"name\":\"UNIVERSNEWS224\",\"description\":\"\",\"publisher\":{\"@id\":\"https:\/\/universnews224.com\/#organization\"},\"potentialAction\":[{\"@type\":\"SearchAction\",\"target\":{\"@type\":\"EntryPoint\",\"urlTemplate\":\"https:\/\/universnews224.com\/?s={search_term_string}\"},\"query-input\":\"required name=search_term_string\"}],\"inLanguage\":\"fr-FR\"},{\"@type\":\"Organization\",\"@id\":\"https:\/\/universnews224.com\/#organization\",\"name\":\"UNIVERSNEWS224\",\"url\":\"https:\/\/universnews224.com\/\",\"logo\":{\"@type\":\"ImageObject\",\"inLanguage\":\"fr-FR\",\"@id\":\"https:\/\/universnews224.com\/#\/schema\/logo\/image\/\",\"url\":\"https:\/\/universnews224.com\/wp-content\/uploads\/2022\/08\/cropped-cropped-logoban.jpg\",\"contentUrl\":\"https:\/\/universnews224.com\/wp-content\/uploads\/2022\/08\/cropped-cropped-logoban.jpg\",\"width\":1080,\"height\":138,\"caption\":\"UNIVERSNEWS224\"},\"image\":{\"@id\":\"https:\/\/universnews224.com\/#\/schema\/logo\/image\/\"}},{\"@type\":\"Person\",\"@id\":\"https:\/\/universnews224.com\/#\/schema\/person\/a4b7d4f94a4716df60456a491260485e\",\"name\":\"La R\u00e9daction\",\"image\":{\"@type\":\"ImageObject\",\"inLanguage\":\"fr-FR\",\"@id\":\"https:\/\/universnews224.com\/#\/schema\/person\/image\/\",\"url\":\"https:\/\/secure.gravatar.com\/avatar\/edb90acc7752b23e1b3307ad36c14f0d?s=96&d=mm&r=g\",\"contentUrl\":\"https:\/\/secure.gravatar.com\/avatar\/edb90acc7752b23e1b3307ad36c14f0d?s=96&d=mm&r=g\",\"caption\":\"La R\u00e9daction\"},\"sameAs\":[\"https:\/\/universnews224.com\"],\"url\":\"https:\/\/universnews224.com\/index.php\/author\/m-camara\/\"}]}<\/script>\n<!-- \/ Yoast SEO plugin. -->","yoast_head_json":{"title":"Publication de la nouvelle Constitution au mois de Mars:\u201c Je ne crois pas\u201d Ibrahima Balaya. - UNIVERSNEWS224","robots":{"index":"index","follow":"follow","max-snippet":"max-snippet:-1","max-image-preview":"max-image-preview:large","max-video-preview":"max-video-preview:-1"},"canonical":"https:\/\/universnews224.com\/index.php\/publication-de-la-nouvelle-constitution-au-mois-de-mars-je-ne-crois-pas-ibrahima-balaya\/","og_locale":"fr_FR","og_type":"article","og_title":"Publication de la nouvelle Constitution au mois de Mars:\u201c Je ne crois pas\u201d Ibrahima Balaya. - UNIVERSNEWS224","og_description":"Prenant part \u00e0 l\u2019ouverture des travaux de la Table Ronde des Bailleurs sur le Programme","og_url":"https:\/\/universnews224.com\/index.php\/publication-de-la-nouvelle-constitution-au-mois-de-mars-je-ne-crois-pas-ibrahima-balaya\/","og_site_name":"UNIVERSNEWS224","article_published_time":"2024-02-17T00:43:46+00:00","og_image":[{"width":800,"height":828,"url":"https:\/\/universnews224.com\/wp-content\/uploads\/2024\/02\/FB57607F-82EC-40B3-A5FC-AB1813A06295.png","type":"image\/png"}],"author":"La R\u00e9daction","twitter_misc":{"\u00c9crit par":"La R\u00e9daction","Dur\u00e9e de lecture estim\u00e9e":"1 minute"},"schema":{"@context":"https:\/\/schema.org","@graph":[{"@type":"Article","@id":"https:\/\/universnews224.com\/index.php\/publication-de-la-nouvelle-constitution-au-mois-de-mars-je-ne-crois-pas-ibrahima-balaya\/#article","isPartOf":{"@id":"https:\/\/universnews224.com\/index.php\/publication-de-la-nouvelle-constitution-au-mois-de-mars-je-ne-crois-pas-ibrahima-balaya\/"},"author":{"name":"La R\u00e9daction","@id":"https:\/\/universnews224.com\/#\/schema\/person\/a4b7d4f94a4716df60456a491260485e"},"headline":"Publication de la nouvelle Constitution au mois de Mars:\u201c Je ne crois pas\u201d Ibrahima Balaya.","datePublished":"2024-02-17T00:43:46+00:00","dateModified":"2024-02-17T00:43:46+00:00","mainEntityOfPage":{"@id":"https:\/\/universnews224.com\/index.php\/publication-de-la-nouvelle-constitution-au-mois-de-mars-je-ne-crois-pas-ibrahima-balaya\/"},"wordCount":223,"publisher":{"@id":"https:\/\/universnews224.com\/#organization"},"keywords":["La une"],"articleSection":["ACTU","POLITIQUE"],"inLanguage":"fr-FR"},{"@type":"WebPage","@id":"https:\/\/universnews224.com\/index.php\/publication-de-la-nouvelle-constitution-au-mois-de-mars-je-ne-crois-pas-ibrahima-balaya\/","url":"https:\/\/universnews224.com\/index.php\/publication-de-la-nouvelle-constitution-au-mois-de-mars-je-ne-crois-pas-ibrahima-balaya\/","name":"Publication de la nouvelle Constitution au mois de Mars:\u201c Je ne crois pas\u201d Ibrahima Balaya. - UNIVERSNEWS224","isPartOf":{"@id":"https:\/\/universnews224.com\/#website"},"datePublished":"2024-02-17T00:43:46+00:00","dateModified":"2024-02-17T00:43:46+00:00","inLanguage":"fr-FR","potentialAction":[{"@type":"ReadAction","target":["https:\/\/universnews224.com\/index.php\/publication-de-la-nouvelle-constitution-au-mois-de-mars-je-ne-crois-pas-ibrahima-balaya\/"]}]},{"@type":"WebSite","@id":"https:\/\/universnews224.com\/#website","url":"https:\/\/universnews224.com\/","name":"UNIVERSNEWS224","description":"","publisher":{"@id":"https:\/\/universnews224.com\/#organization"},"potentialAction":[{"@type":"SearchAction","target":{"@type":"EntryPoint","urlTemplate":"https:\/\/universnews224.com\/?s={search_term_string}"},"query-input":"required name=search_term_string"}],"inLanguage":"fr-FR"},{"@type":"Organization","@id":"https:\/\/universnews224.com\/#organization","name":"UNIVERSNEWS224","url":"https:\/\/universnews224.com\/","logo":{"@type":"ImageObject","inLanguage":"fr-FR","@id":"https:\/\/universnews224.com\/#\/schema\/logo\/image\/","url":"https:\/\/universnews224.com\/wp-content\/uploads\/2022\/08\/cropped-cropped-logoban.jpg","contentUrl":"https:\/\/universnews224.com\/wp-content\/uploads\/2022\/08\/cropped-cropped-logoban.jpg","width":1080,"height":138,"caption":"UNIVERSNEWS224"},"image":{"@id":"https:\/\/universnews224.com\/#\/schema\/logo\/image\/"}},{"@type":"Person","@id":"https:\/\/universnews224.com\/#\/schema\/person\/a4b7d4f94a4716df60456a491260485e","name":"La R\u00e9daction","image":{"@type":"ImageObject","inLanguage":"fr-FR","@id":"https:\/\/universnews224.com\/#\/schema\/person\/image\/","url":"https:\/\/secure.gravatar.com\/avatar\/edb90acc7752b23e1b3307ad36c14f0d?s=96&d=mm&r=g","contentUrl":"https:\/\/secure.gravatar.com\/avatar\/edb90acc7752b23e1b3307ad36c14f0d?s=96&d=mm&r=g","caption":"La R\u00e9daction"},"sameAs":["https:\/\/universnews224.com"],"url":"https:\/\/universnews224.com\/index.php\/author\/m-camara\/"}]}},"_links":{"self":[{"href":"https:\/\/universnews224.com\/index.php\/wp-json\/wp\/v2\/posts\/5192"}],"collection":[{"href":"https:\/\/universnews224.com\/index.php\/wp-json\/wp\/v2\/posts"}],"about":[{"href":"https:\/\/universnews224.com\/index.php\/wp-json\/wp\/v2\/types\/post"}],"author":[{"embeddable":true,"href":"https:\/\/universnews224.com\/index.php\/wp-json\/wp\/v2\/users\/2"}],"replies":[{"embeddable":true,"href":"https:\/\/universnews224.com\/index.php\/wp-json\/wp\/v2\/comments?post=5192"}],"version-history":[{"count":1,"href":"https:\/\/universnews224.com\/index.php\/wp-json\/wp\/v2\/posts\/5192\/revisions"}],"predecessor-version":[{"id":5194,"href":"https:\/\/universnews224.com\/index.php\/wp-json\/wp\/v2\/posts\/5192\/revisions\/5194"}],"wp:featuredmedia":[{"embeddable":true,"href":"https:\/\/universnews224.com\/index.php\/wp-json\/wp\/v2\/media\/5193"}],"wp:attachment":[{"href":"https:\/\/universnews224.com\/index.php\/wp-json\/wp\/v2\/media?parent=5192"}],"wp:term":[{"taxonomy":"category","embeddable":true,"href":"https:\/\/universnews224.com\/index.php\/wp-json\/wp\/v2\/categories?post=5192"},{"taxonomy":"post_tag","embeddable":true,"href":"https:\/\/universnews224.com\/index.php\/wp-json\/wp\/v2\/tags?post=5192"}],"curies":[{"name":"wp","href":"https:\/\/api.w.org\/{rel}","templated":true}]}}