{"id":5197,"date":"2024-02-17T17:41:59","date_gmt":"2024-02-17T16:41:59","guid":{"rendered":"https:\/\/universnews224.com\/?p=5197"},"modified":"2024-02-17T18:27:08","modified_gmt":"2024-02-17T17:27:08","slug":"guinee-15eme-anniversaire-du-fidaou-du-feu-general-lansana-conte-prevu-1er-au-2-mars-prochain","status":"publish","type":"post","link":"https:\/\/universnews224.com\/index.php\/guinee-15eme-anniversaire-du-fidaou-du-feu-general-lansana-conte-prevu-1er-au-2-mars-prochain\/","title":{"rendered":"Guin\u00e9e: 15\u00e8me anniversaire du Fidaou du feu G\u00e9n\u00e9ral Lansana Cont\u00e9 pr\u00e9vu 1er au 2 mars prochain."},"content":{"rendered":"<p class=\"p1\">C&rsquo;est\u00a0 au cours d&rsquo;un point de presse tenu ce samedi 17 f\u00e9vrier 2024,\u00a0 \u00e0 son si\u00e8ge que le parti de I&rsquo;Unit\u00e9 et du Progr\u00e8s PUP a, dans un communiqu\u00e9 dont copie a \u00e9t\u00e9 transmise \u00e0 la r\u00e9daction de universnews224.com, port\u00e9 \u00e0 la connaissance des militants et sympathisants collaborateurs et autres que la commission d\u2019organisation du grand sacrifice annuel en\u00a0 la m\u00e9moire de feu pr\u00e9sident Lansana Cont\u00e9, est pr\u00e9vu le 1er au 2 mars 2024 \u00e0 Bouramaya.<\/p>\n<p class=\"p1\"><span class=\"s1\">\u00ab La grande famille Cont\u00e9 de Bouramaya, le Kountigui de la Basse Guin\u00e9e et la Direction Nationale du Parti de I&rsquo;Unit\u00e9 et du Progr\u00e8s PUP portent \u00e0 la connaissance des autorit\u00e9s administratives, des notabilit\u00e9s coutumi\u00e8res des quatre r\u00e9gions naturelles et l\u2019ensemble du peuple de Guin\u00e9e que les c\u00e9r\u00e9monies de pri\u00e8res et de lecture du Saint Coran, \u00e0 loccasion du 15eme anniversaire du rappel \u00e0 Dieu du Pr\u00e9sident G\u00e9n\u00e9ral Lansana Cont\u00e9, auront lieu cette ann\u00e9e du vendredi 1&Prime; au samedi 2 mars 2024 \u00e0 Lansanayah Lac dans la sous-pr\u00e9fecture de Tan\u00e8n\u00e8, Pr\u00e9fecture de Dubreka . <\/span><\/p>\n<p class=\"p1\"><span class=\"s1\">A rappeler que ces c\u00e9r\u00e9monies, initialement programm\u00e9es le 22 d\u00e9cembre de chaque ann\u00e9e, avaient \u00e9t\u00e9 report\u00e9es suite au drame subi par le peuple de Guin\u00e9e lors de l&rsquo;incendie meurtrier survenu au principal d\u00e9p\u00f4t de carburant \u00e0 Kaloum, dans la nuit du 17 au 18 d\u00e9cembre 2023. La Grande famille CONTE de Bouramaya, le Kountigui de la Basse Guin\u00e9e et la Direction Nationale du P.U.P savent compter sur la participation habituelle de chacun et de tous \u00e0 ces ferventes pri\u00e8res en la m\u00e9moire de notre Regrett\u00e9, feu G\u00e9n\u00e9ral Lansana Cont\u00e9 au LAC \u00bb.<\/span><\/p>\n<p class=\"p1\"><span class=\"s1\">Pour finir, le pr\u00e9sident du parti PUP, Fod\u00e9 Bangoura dira que cette assembl\u00e9 du parti est convoqu\u00e9e pour parler de la date du fidaou pas pour parler de la politique. \u00abDonc cette ann\u00e9e nous avons fait des pr\u00e9paratifs en am\u00e9liorant l&rsquo;accueil pour des gens qui auront le temps de s&rsquo;y rendre il ya eu beaucoup de changements cette fois vous avons jug\u00e9 \u00e9liminer les tentes et il ya d&rsquo;autres infrastructures comme les toilettes, nous continuerons a am\u00e9liorer davantage le site, bient\u00f4t le ramadan c&rsquo;est pourquoi nous avons d\u00e9cid\u00e9 d\u2019organiser avant la date car le ramadan \u00e0 des contraintes d&rsquo;occupation physique \u00bb, a lanc\u00e9 Fod\u00e9 Bangoura. <\/span><\/p>\n<p class=\"p1\"><span class=\"s1\">Sana Sylla.<\/span><\/p>\n","protected":false},"excerpt":{"rendered":"<p>C&rsquo;est\u00a0 au cours d&rsquo;un point de presse tenu ce samedi 17 f\u00e9vrier 2024,\u00a0 \u00e0 son<\/p>\n","protected":false},"author":2,"featured_media":5198,"comment_status":"closed","ping_status":"open","sticky":false,"template":"","format":"standard","meta":[],"categories":[3,5],"tags":[229],"yoast_head":"<!-- This site is optimized with the Yoast SEO plugin v19.13 - https:\/\/yoast.com\/wordpress\/plugins\/seo\/ -->\n<title>Guin\u00e9e: 15\u00e8me anniversaire du Fidaou du feu G\u00e9n\u00e9ral Lansana Cont\u00e9 pr\u00e9vu 1er au 2 mars prochain. - UNIVERSNEWS224<\/title>\n<meta name=\"robots\" content=\"index, follow, max-snippet:-1, max-image-preview:large, max-video-preview:-1\" \/>\n<link rel=\"canonical\" href=\"https:\/\/universnews224.com\/index.php\/guinee-15eme-anniversaire-du-fidaou-du-feu-general-lansana-conte-prevu-1er-au-2-mars-prochain\/\" \/>\n<meta property=\"og:locale\" content=\"fr_FR\" \/>\n<meta property=\"og:type\" content=\"article\" \/>\n<meta property=\"og:title\" content=\"Guin\u00e9e: 15\u00e8me anniversaire du Fidaou du feu G\u00e9n\u00e9ral Lansana Cont\u00e9 pr\u00e9vu 1er au 2 mars prochain. - UNIVERSNEWS224\" \/>\n<meta property=\"og:description\" content=\"C&rsquo;est\u00a0 au cours d&rsquo;un point de presse tenu ce samedi 17 f\u00e9vrier 2024,\u00a0 \u00e0 son\" \/>\n<meta property=\"og:url\" content=\"https:\/\/universnews224.com\/index.php\/guinee-15eme-anniversaire-du-fidaou-du-feu-general-lansana-conte-prevu-1er-au-2-mars-prochain\/\" \/>\n<meta property=\"og:site_name\" content=\"UNIVERSNEWS224\" \/>\n<meta property=\"article:published_time\" content=\"2024-02-17T16:41:59+00:00\" \/>\n<meta property=\"article:modified_time\" content=\"2024-02-17T17:27:08+00:00\" \/>\n<meta property=\"og:image\" content=\"https:\/\/universnews224.com\/wp-content\/uploads\/2024\/02\/0ED394A9-08E1-45E3-9682-64555B1A2107.jpeg\" \/>\n\t<meta property=\"og:image:width\" content=\"1032\" \/>\n\t<meta property=\"og:image:height\" content=\"580\" \/>\n\t<meta property=\"og:image:type\" content=\"image\/jpeg\" \/>\n<meta name=\"author\" content=\"La R\u00e9daction\" \/>\n<meta name=\"twitter:label1\" content=\"\u00c9crit par\" \/>\n\t<meta name=\"twitter:data1\" content=\"La R\u00e9daction\" \/>\n\t<meta name=\"twitter:label2\" content=\"Dur\u00e9e de lecture estim\u00e9e\" \/>\n\t<meta name=\"twitter:data2\" content=\"2 minutes\" \/>\n<script type=\"application\/ld+json\" class=\"yoast-schema-graph\">{\"@context\":\"https:\/\/schema.org\",\"@graph\":[{\"@type\":\"Article\",\"@id\":\"https:\/\/universnews224.com\/index.php\/guinee-15eme-anniversaire-du-fidaou-du-feu-general-lansana-conte-prevu-1er-au-2-mars-prochain\/#article\",\"isPartOf\":{\"@id\":\"https:\/\/universnews224.com\/index.php\/guinee-15eme-anniversaire-du-fidaou-du-feu-general-lansana-conte-prevu-1er-au-2-mars-prochain\/\"},\"author\":{\"name\":\"La R\u00e9daction\",\"@id\":\"https:\/\/universnews224.com\/#\/schema\/person\/a4b7d4f94a4716df60456a491260485e\"},\"headline\":\"Guin\u00e9e: 15\u00e8me anniversaire du Fidaou du feu G\u00e9n\u00e9ral Lansana Cont\u00e9 pr\u00e9vu 1er au 2 mars prochain.\",\"datePublished\":\"2024-02-17T16:41:59+00:00\",\"dateModified\":\"2024-02-17T17:27:08+00:00\",\"mainEntityOfPage\":{\"@id\":\"https:\/\/universnews224.com\/index.php\/guinee-15eme-anniversaire-du-fidaou-du-feu-general-lansana-conte-prevu-1er-au-2-mars-prochain\/\"},\"wordCount\":415,\"publisher\":{\"@id\":\"https:\/\/universnews224.com\/#organization\"},\"keywords\":[\"La une\"],\"articleSection\":[\"ACTU\",\"SOCI\u00c9T\u00c9\"],\"inLanguage\":\"fr-FR\"},{\"@type\":\"WebPage\",\"@id\":\"https:\/\/universnews224.com\/index.php\/guinee-15eme-anniversaire-du-fidaou-du-feu-general-lansana-conte-prevu-1er-au-2-mars-prochain\/\",\"url\":\"https:\/\/universnews224.com\/index.php\/guinee-15eme-anniversaire-du-fidaou-du-feu-general-lansana-conte-prevu-1er-au-2-mars-prochain\/\",\"name\":\"Guin\u00e9e: 15\u00e8me anniversaire du Fidaou du feu G\u00e9n\u00e9ral Lansana Cont\u00e9 pr\u00e9vu 1er au 2 mars prochain. - UNIVERSNEWS224\",\"isPartOf\":{\"@id\":\"https:\/\/universnews224.com\/#website\"},\"datePublished\":\"2024-02-17T16:41:59+00:00\",\"dateModified\":\"2024-02-17T17:27:08+00:00\",\"inLanguage\":\"fr-FR\",\"potentialAction\":[{\"@type\":\"ReadAction\",\"target\":[\"https:\/\/universnews224.com\/index.php\/guinee-15eme-anniversaire-du-fidaou-du-feu-general-lansana-conte-prevu-1er-au-2-mars-prochain\/\"]}]},{\"@type\":\"WebSite\",\"@id\":\"https:\/\/universnews224.com\/#website\",\"url\":\"https:\/\/universnews224.com\/\",\"name\":\"UNIVERSNEWS224\",\"description\":\"\",\"publisher\":{\"@id\":\"https:\/\/universnews224.com\/#organization\"},\"potentialAction\":[{\"@type\":\"SearchAction\",\"target\":{\"@type\":\"EntryPoint\",\"urlTemplate\":\"https:\/\/universnews224.com\/?s={search_term_string}\"},\"query-input\":\"required name=search_term_string\"}],\"inLanguage\":\"fr-FR\"},{\"@type\":\"Organization\",\"@id\":\"https:\/\/universnews224.com\/#organization\",\"name\":\"UNIVERSNEWS224\",\"url\":\"https:\/\/universnews224.com\/\",\"logo\":{\"@type\":\"ImageObject\",\"inLanguage\":\"fr-FR\",\"@id\":\"https:\/\/universnews224.com\/#\/schema\/logo\/image\/\",\"url\":\"https:\/\/universnews224.com\/wp-content\/uploads\/2022\/08\/cropped-cropped-logoban.jpg\",\"contentUrl\":\"https:\/\/universnews224.com\/wp-content\/uploads\/2022\/08\/cropped-cropped-logoban.jpg\",\"width\":1080,\"height\":138,\"caption\":\"UNIVERSNEWS224\"},\"image\":{\"@id\":\"https:\/\/universnews224.com\/#\/schema\/logo\/image\/\"}},{\"@type\":\"Person\",\"@id\":\"https:\/\/universnews224.com\/#\/schema\/person\/a4b7d4f94a4716df60456a491260485e\",\"name\":\"La R\u00e9daction\",\"image\":{\"@type\":\"ImageObject\",\"inLanguage\":\"fr-FR\",\"@id\":\"https:\/\/universnews224.com\/#\/schema\/person\/image\/\",\"url\":\"https:\/\/secure.gravatar.com\/avatar\/edb90acc7752b23e1b3307ad36c14f0d?s=96&d=mm&r=g\",\"contentUrl\":\"https:\/\/secure.gravatar.com\/avatar\/edb90acc7752b23e1b3307ad36c14f0d?s=96&d=mm&r=g\",\"caption\":\"La R\u00e9daction\"},\"sameAs\":[\"https:\/\/universnews224.com\"],\"url\":\"https:\/\/universnews224.com\/index.php\/author\/m-camara\/\"}]}<\/script>\n<!-- \/ Yoast SEO plugin. -->","yoast_head_json":{"title":"Guin\u00e9e: 15\u00e8me anniversaire du Fidaou du feu G\u00e9n\u00e9ral Lansana Cont\u00e9 pr\u00e9vu 1er au 2 mars prochain. - UNIVERSNEWS224","robots":{"index":"index","follow":"follow","max-snippet":"max-snippet:-1","max-image-preview":"max-image-preview:large","max-video-preview":"max-video-preview:-1"},"canonical":"https:\/\/universnews224.com\/index.php\/guinee-15eme-anniversaire-du-fidaou-du-feu-general-lansana-conte-prevu-1er-au-2-mars-prochain\/","og_locale":"fr_FR","og_type":"article","og_title":"Guin\u00e9e: 15\u00e8me anniversaire du Fidaou du feu G\u00e9n\u00e9ral Lansana Cont\u00e9 pr\u00e9vu 1er au 2 mars prochain. - UNIVERSNEWS224","og_description":"C&rsquo;est\u00a0 au cours d&rsquo;un point de presse tenu ce samedi 17 f\u00e9vrier 2024,\u00a0 \u00e0 son","og_url":"https:\/\/universnews224.com\/index.php\/guinee-15eme-anniversaire-du-fidaou-du-feu-general-lansana-conte-prevu-1er-au-2-mars-prochain\/","og_site_name":"UNIVERSNEWS224","article_published_time":"2024-02-17T16:41:59+00:00","article_modified_time":"2024-02-17T17:27:08+00:00","og_image":[{"width":1032,"height":580,"url":"https:\/\/universnews224.com\/wp-content\/uploads\/2024\/02\/0ED394A9-08E1-45E3-9682-64555B1A2107.jpeg","type":"image\/jpeg"}],"author":"La R\u00e9daction","twitter_misc":{"\u00c9crit par":"La R\u00e9daction","Dur\u00e9e de lecture estim\u00e9e":"2 minutes"},"schema":{"@context":"https:\/\/schema.org","@graph":[{"@type":"Article","@id":"https:\/\/universnews224.com\/index.php\/guinee-15eme-anniversaire-du-fidaou-du-feu-general-lansana-conte-prevu-1er-au-2-mars-prochain\/#article","isPartOf":{"@id":"https:\/\/universnews224.com\/index.php\/guinee-15eme-anniversaire-du-fidaou-du-feu-general-lansana-conte-prevu-1er-au-2-mars-prochain\/"},"author":{"name":"La R\u00e9daction","@id":"https:\/\/universnews224.com\/#\/schema\/person\/a4b7d4f94a4716df60456a491260485e"},"headline":"Guin\u00e9e: 15\u00e8me anniversaire du Fidaou du feu G\u00e9n\u00e9ral Lansana Cont\u00e9 pr\u00e9vu 1er au 2 mars prochain.","datePublished":"2024-02-17T16:41:59+00:00","dateModified":"2024-02-17T17:27:08+00:00","mainEntityOfPage":{"@id":"https:\/\/universnews224.com\/index.php\/guinee-15eme-anniversaire-du-fidaou-du-feu-general-lansana-conte-prevu-1er-au-2-mars-prochain\/"},"wordCount":415,"publisher":{"@id":"https:\/\/universnews224.com\/#organization"},"keywords":["La une"],"articleSection":["ACTU","SOCI\u00c9T\u00c9"],"inLanguage":"fr-FR"},{"@type":"WebPage","@id":"https:\/\/universnews224.com\/index.php\/guinee-15eme-anniversaire-du-fidaou-du-feu-general-lansana-conte-prevu-1er-au-2-mars-prochain\/","url":"https:\/\/universnews224.com\/index.php\/guinee-15eme-anniversaire-du-fidaou-du-feu-general-lansana-conte-prevu-1er-au-2-mars-prochain\/","name":"Guin\u00e9e: 15\u00e8me anniversaire du Fidaou du feu G\u00e9n\u00e9ral Lansana Cont\u00e9 pr\u00e9vu 1er au 2 mars prochain. - UNIVERSNEWS224","isPartOf":{"@id":"https:\/\/universnews224.com\/#website"},"datePublished":"2024-02-17T16:41:59+00:00","dateModified":"2024-02-17T17:27:08+00:00","inLanguage":"fr-FR","potentialAction":[{"@type":"ReadAction","target":["https:\/\/universnews224.com\/index.php\/guinee-15eme-anniversaire-du-fidaou-du-feu-general-lansana-conte-prevu-1er-au-2-mars-prochain\/"]}]},{"@type":"WebSite","@id":"https:\/\/universnews224.com\/#website","url":"https:\/\/universnews224.com\/","name":"UNIVERSNEWS224","description":"","publisher":{"@id":"https:\/\/universnews224.com\/#organization"},"potentialAction":[{"@type":"SearchAction","target":{"@type":"EntryPoint","urlTemplate":"https:\/\/universnews224.com\/?s={search_term_string}"},"query-input":"required name=search_term_string"}],"inLanguage":"fr-FR"},{"@type":"Organization","@id":"https:\/\/universnews224.com\/#organization","name":"UNIVERSNEWS224","url":"https:\/\/universnews224.com\/","logo":{"@type":"ImageObject","inLanguage":"fr-FR","@id":"https:\/\/universnews224.com\/#\/schema\/logo\/image\/","url":"https:\/\/universnews224.com\/wp-content\/uploads\/2022\/08\/cropped-cropped-logoban.jpg","contentUrl":"https:\/\/universnews224.com\/wp-content\/uploads\/2022\/08\/cropped-cropped-logoban.jpg","width":1080,"height":138,"caption":"UNIVERSNEWS224"},"image":{"@id":"https:\/\/universnews224.com\/#\/schema\/logo\/image\/"}},{"@type":"Person","@id":"https:\/\/universnews224.com\/#\/schema\/person\/a4b7d4f94a4716df60456a491260485e","name":"La R\u00e9daction","image":{"@type":"ImageObject","inLanguage":"fr-FR","@id":"https:\/\/universnews224.com\/#\/schema\/person\/image\/","url":"https:\/\/secure.gravatar.com\/avatar\/edb90acc7752b23e1b3307ad36c14f0d?s=96&d=mm&r=g","contentUrl":"https:\/\/secure.gravatar.com\/avatar\/edb90acc7752b23e1b3307ad36c14f0d?s=96&d=mm&r=g","caption":"La R\u00e9daction"},"sameAs":["https:\/\/universnews224.com"],"url":"https:\/\/universnews224.com\/index.php\/author\/m-camara\/"}]}},"_links":{"self":[{"href":"https:\/\/universnews224.com\/index.php\/wp-json\/wp\/v2\/posts\/5197"}],"collection":[{"href":"https:\/\/universnews224.com\/index.php\/wp-json\/wp\/v2\/posts"}],"about":[{"href":"https:\/\/universnews224.com\/index.php\/wp-json\/wp\/v2\/types\/post"}],"author":[{"embeddable":true,"href":"https:\/\/universnews224.com\/index.php\/wp-json\/wp\/v2\/users\/2"}],"replies":[{"embeddable":true,"href":"https:\/\/universnews224.com\/index.php\/wp-json\/wp\/v2\/comments?post=5197"}],"version-history":[{"count":1,"href":"https:\/\/universnews224.com\/index.php\/wp-json\/wp\/v2\/posts\/5197\/revisions"}],"predecessor-version":[{"id":5199,"href":"https:\/\/universnews224.com\/index.php\/wp-json\/wp\/v2\/posts\/5197\/revisions\/5199"}],"wp:featuredmedia":[{"embeddable":true,"href":"https:\/\/universnews224.com\/index.php\/wp-json\/wp\/v2\/media\/5198"}],"wp:attachment":[{"href":"https:\/\/universnews224.com\/index.php\/wp-json\/wp\/v2\/media?parent=5197"}],"wp:term":[{"taxonomy":"category","embeddable":true,"href":"https:\/\/universnews224.com\/index.php\/wp-json\/wp\/v2\/categories?post=5197"},{"taxonomy":"post_tag","embeddable":true,"href":"https:\/\/universnews224.com\/index.php\/wp-json\/wp\/v2\/tags?post=5197"}],"curies":[{"name":"wp","href":"https:\/\/api.w.org\/{rel}","templated":true}]}}