{"id":5213,"date":"2024-02-20T14:13:03","date_gmt":"2024-02-20T13:13:03","guid":{"rendered":"https:\/\/universnews224.com\/?p=5213"},"modified":"2024-02-20T14:13:03","modified_gmt":"2024-02-20T13:13:03","slug":"education-lancement-a-conakry-de-la-quatrieme-edition-du-salec","status":"publish","type":"post","link":"https:\/\/universnews224.com\/index.php\/education-lancement-a-conakry-de-la-quatrieme-edition-du-salec\/","title":{"rendered":"\u00c9ducation: Lancement \u00e0 Conakry de la quatri\u00e8me \u00e9dition du SALEC."},"content":{"rendered":"<p class=\"p1\"><span class=\"s1\">le Ministre de l&rsquo;Enseignement Pr\u00e9-Universitaire et de l&rsquo;Alphab\u00e9tisation, Guillaume HAWING a proc\u00e9d\u00e9 ce lundi 19 f\u00e9vrier 2024 \u00e0 Conakry,<span class=\"Apple-converted-space\">\u00a0 <\/span>au lancement officiel de la quatri\u00e8me \u00e9dition du Salon de la lecture (SALEC) du 19 au 24 f\u00e9vrier.<a href=\"https:\/\/universnews224.com\/wp-content\/uploads\/2024\/02\/28EEF54B-AAA5-4C09-AE94-55E52C2A03DF.jpeg\"><img loading=\"lazy\" class=\"alignnone size-medium wp-image-5214\" src=\"https:\/\/universnews224.com\/wp-content\/uploads\/2024\/02\/28EEF54B-AAA5-4C09-AE94-55E52C2A03DF-300x169.jpeg\" alt=\"\" width=\"300\" height=\"169\" srcset=\"https:\/\/universnews224.com\/wp-content\/uploads\/2024\/02\/28EEF54B-AAA5-4C09-AE94-55E52C2A03DF-300x169.jpeg 300w, https:\/\/universnews224.com\/wp-content\/uploads\/2024\/02\/28EEF54B-AAA5-4C09-AE94-55E52C2A03DF-1024x576.jpeg 1024w, https:\/\/universnews224.com\/wp-content\/uploads\/2024\/02\/28EEF54B-AAA5-4C09-AE94-55E52C2A03DF-768x432.jpeg 768w, https:\/\/universnews224.com\/wp-content\/uploads\/2024\/02\/28EEF54B-AAA5-4C09-AE94-55E52C2A03DF-800x450.jpeg 800w, https:\/\/universnews224.com\/wp-content\/uploads\/2024\/02\/28EEF54B-AAA5-4C09-AE94-55E52C2A03DF.jpeg 1032w\" sizes=\"(max-width: 300px) 100vw, 300px\" \/><\/a><\/span><\/p>\n<p class=\"p1\"><span class=\"s1\">Devant un parterre d\u2019invit\u00e9s \u00e0 cette quatri\u00e8me \u00e9dition qui est plac\u00e9e sous le th\u00e8me : \u2018\u2019Changement climatique et protection de l\u2019environnement : opportunit\u00e9 ou menace pour la paix en Afrique \u00ab\u00a0. est une opportunit\u00e9 pour nous les hommes du savoir de cultiver et de faire savoir autres que la lecture est un moyens de communication et de connaissance.<a href=\"https:\/\/universnews224.com\/wp-content\/uploads\/2024\/02\/803E6BE6-F0D1-4003-BF79-E830409E2C43.jpeg\"><img loading=\"lazy\" class=\"alignnone size-medium wp-image-5215\" src=\"https:\/\/universnews224.com\/wp-content\/uploads\/2024\/02\/803E6BE6-F0D1-4003-BF79-E830409E2C43-300x169.jpeg\" alt=\"\" width=\"300\" height=\"169\" srcset=\"https:\/\/universnews224.com\/wp-content\/uploads\/2024\/02\/803E6BE6-F0D1-4003-BF79-E830409E2C43-300x169.jpeg 300w, https:\/\/universnews224.com\/wp-content\/uploads\/2024\/02\/803E6BE6-F0D1-4003-BF79-E830409E2C43-1024x576.jpeg 1024w, https:\/\/universnews224.com\/wp-content\/uploads\/2024\/02\/803E6BE6-F0D1-4003-BF79-E830409E2C43-768x432.jpeg 768w, https:\/\/universnews224.com\/wp-content\/uploads\/2024\/02\/803E6BE6-F0D1-4003-BF79-E830409E2C43-800x450.jpeg 800w, https:\/\/universnews224.com\/wp-content\/uploads\/2024\/02\/803E6BE6-F0D1-4003-BF79-E830409E2C43.jpeg 1032w\" sizes=\"(max-width: 300px) 100vw, 300px\" \/><\/a> <\/span><\/p>\n<p class=\"p1\"><span class=\"s1\">Selon la commissaire g\u00e9n\u00e9rale de l\u2019\u00e9dition, Kadiatou Kaba, cette \u00e9dition est parrain\u00e9e par le d\u00e9partement de l\u2019environnement. \u00abLa question de changement climatique et de d\u00e9veloppement durable concerne le mieux ce d\u00e9partement parce que la probl\u00e9matique de l\u2019environnement dans notre pays est une affaire de tous.<a href=\"https:\/\/universnews224.com\/wp-content\/uploads\/2024\/02\/16427514-49DD-440E-A7EF-9D51FC434B58.jpeg\"><img loading=\"lazy\" class=\"alignnone size-medium wp-image-5216\" src=\"https:\/\/universnews224.com\/wp-content\/uploads\/2024\/02\/16427514-49DD-440E-A7EF-9D51FC434B58-300x169.jpeg\" alt=\"\" width=\"300\" height=\"169\" srcset=\"https:\/\/universnews224.com\/wp-content\/uploads\/2024\/02\/16427514-49DD-440E-A7EF-9D51FC434B58-300x169.jpeg 300w, https:\/\/universnews224.com\/wp-content\/uploads\/2024\/02\/16427514-49DD-440E-A7EF-9D51FC434B58-1024x576.jpeg 1024w, https:\/\/universnews224.com\/wp-content\/uploads\/2024\/02\/16427514-49DD-440E-A7EF-9D51FC434B58-768x432.jpeg 768w, https:\/\/universnews224.com\/wp-content\/uploads\/2024\/02\/16427514-49DD-440E-A7EF-9D51FC434B58-800x450.jpeg 800w, https:\/\/universnews224.com\/wp-content\/uploads\/2024\/02\/16427514-49DD-440E-A7EF-9D51FC434B58.jpeg 1032w\" sizes=\"(max-width: 300px) 100vw, 300px\" \/><\/a> <\/span><\/p>\n<p class=\"p1\"><span class=\"s1\">\u201cDonc vous savez que chaque ann\u00e9e, le SALEC est un \u00e9v\u00e8nement th\u00e9matique. Nous avons la chance d\u2019\u00eatre avec des \u00e9l\u00e8ves et des \u00e9tudiants. L\u2019objectif, c\u2019est comment promouvoir l\u2019excellence et le m\u00e9rite en milieu scolaire et universitaire, \u00e0 travers la lecture. A travers la lecture, on peut faire beaucoup d\u2019autres choses parall\u00e8les. Cette \u00e9dition mettra en comp\u00e9tition 20 \u00e9coles primaires, 26 coll\u00e8ges qui feront la lecture publique et 25 lyc\u00e9es qui feront un concours litt\u00e9raire, pour plus de 81 \u00e9coles, dont des universit\u00e9s\u00bb, a-t-elle affirm\u00e9 la coordonnatrice.<\/span><\/p>\n<p class=\"p1\"><span class=\"s1\">Pour sa part,<span class=\"Apple-converted-space\">\u00a0 <\/span>le Minist\u00e8re de l&rsquo;Enseignement Pr\u00e9-Universitaire et de l&rsquo;Alphab\u00e9tisation, Guillaume HAWING a remerci\u00e9, le responsable du SALEC pour cette initiative avant de s\u2019engager pour accompagner cette structure.<a href=\"https:\/\/universnews224.com\/wp-content\/uploads\/2024\/02\/EF658CD5-6D63-4806-9C77-5DAFD3B3C372.jpeg\"><img loading=\"lazy\" class=\"alignnone size-medium wp-image-5218\" src=\"https:\/\/universnews224.com\/wp-content\/uploads\/2024\/02\/EF658CD5-6D63-4806-9C77-5DAFD3B3C372-300x169.jpeg\" alt=\"\" width=\"300\" height=\"169\" srcset=\"https:\/\/universnews224.com\/wp-content\/uploads\/2024\/02\/EF658CD5-6D63-4806-9C77-5DAFD3B3C372-300x169.jpeg 300w, https:\/\/universnews224.com\/wp-content\/uploads\/2024\/02\/EF658CD5-6D63-4806-9C77-5DAFD3B3C372-1024x576.jpeg 1024w, https:\/\/universnews224.com\/wp-content\/uploads\/2024\/02\/EF658CD5-6D63-4806-9C77-5DAFD3B3C372-768x432.jpeg 768w, https:\/\/universnews224.com\/wp-content\/uploads\/2024\/02\/EF658CD5-6D63-4806-9C77-5DAFD3B3C372-800x450.jpeg 800w, https:\/\/universnews224.com\/wp-content\/uploads\/2024\/02\/EF658CD5-6D63-4806-9C77-5DAFD3B3C372.jpeg 1032w\" sizes=\"(max-width: 300px) 100vw, 300px\" \/><\/a> <\/span><\/p>\n<p class=\"p1\"><span class=\"s1\">\u00ab Cette rencontre me va droit au c\u0153ur, mais aussi celui du gouvernement car c&rsquo;est \u00e0 sa 4\u00e8me \u00e9dition, le quatri\u00e8me au salon de la lecture. Au nouveau de l\u00b4\u00e9ducation nous avons pris toutes les dispositions pour que l&rsquo;\u00e9ducation des enfants soit au del\u00e0 des besoins exprim\u00e9s, c&rsquo;est pourquoi le pr\u00e9sident de la transition a mis les moyens \u00e0 notre disposition pour faire la promotion des mati\u00e8res scolaires et aussi renforcer la capacit\u00e9 des \u00e9l\u00e8ves. Nous sommes contents pour ce salon,<span class=\"Apple-converted-space\">\u00a0 <\/span>les \u00e9l\u00e8ves ont anim\u00e9 les comp\u00e9titions, cr\u00e9\u00e9s entre eux des diff\u00e9rentes \u00e9coles pour permettre \u00e0 l&rsquo;\u00e9cole guin\u00e9ens d&rsquo;\u00eatre au centre de la lecture. Nous allons toujours accompagner le SALEC en venant participer mais aussi financi\u00e8rement car la lecture nous donne le savoir faire\u00bb, a d\u00e9clar\u00e9.<\/span><\/p>\n<p class=\"p1\"><span class=\"s1\">Sana Sylla<\/span><\/p>\n<p>&nbsp;<\/p>\n","protected":false},"excerpt":{"rendered":"<p>le Ministre de l&rsquo;Enseignement Pr\u00e9-Universitaire et de l&rsquo;Alphab\u00e9tisation, Guillaume HAWING a proc\u00e9d\u00e9 ce lundi 19<\/p>\n","protected":false},"author":2,"featured_media":5217,"comment_status":"closed","ping_status":"open","sticky":false,"template":"","format":"standard","meta":[],"categories":[3,6],"tags":[229],"yoast_head":"<!-- This site is optimized with the Yoast SEO plugin v19.13 - https:\/\/yoast.com\/wordpress\/plugins\/seo\/ -->\n<title>\u00c9ducation: Lancement \u00e0 Conakry de la quatri\u00e8me \u00e9dition du SALEC. - UNIVERSNEWS224<\/title>\n<meta name=\"robots\" content=\"index, follow, max-snippet:-1, max-image-preview:large, max-video-preview:-1\" \/>\n<link rel=\"canonical\" href=\"https:\/\/universnews224.com\/index.php\/education-lancement-a-conakry-de-la-quatrieme-edition-du-salec\/\" \/>\n<meta property=\"og:locale\" content=\"fr_FR\" \/>\n<meta property=\"og:type\" content=\"article\" \/>\n<meta property=\"og:title\" content=\"\u00c9ducation: Lancement \u00e0 Conakry de la quatri\u00e8me \u00e9dition du SALEC. - UNIVERSNEWS224\" \/>\n<meta property=\"og:description\" content=\"le Ministre de l&rsquo;Enseignement Pr\u00e9-Universitaire et de l&rsquo;Alphab\u00e9tisation, Guillaume HAWING a proc\u00e9d\u00e9 ce lundi 19\" \/>\n<meta property=\"og:url\" content=\"https:\/\/universnews224.com\/index.php\/education-lancement-a-conakry-de-la-quatrieme-edition-du-salec\/\" \/>\n<meta property=\"og:site_name\" content=\"UNIVERSNEWS224\" \/>\n<meta property=\"article:published_time\" content=\"2024-02-20T13:13:03+00:00\" \/>\n<meta property=\"og:image\" content=\"https:\/\/universnews224.com\/wp-content\/uploads\/2024\/02\/9D4576E1-6B24-4AB6-8C12-1B5DEEE4366B.jpeg\" \/>\n\t<meta property=\"og:image:width\" content=\"1032\" \/>\n\t<meta property=\"og:image:height\" content=\"580\" \/>\n\t<meta property=\"og:image:type\" content=\"image\/jpeg\" \/>\n<meta name=\"author\" content=\"La R\u00e9daction\" \/>\n<meta name=\"twitter:label1\" content=\"\u00c9crit par\" \/>\n\t<meta name=\"twitter:data1\" content=\"La R\u00e9daction\" \/>\n\t<meta name=\"twitter:label2\" content=\"Dur\u00e9e de lecture estim\u00e9e\" \/>\n\t<meta name=\"twitter:data2\" content=\"3 minutes\" \/>\n<script type=\"application\/ld+json\" class=\"yoast-schema-graph\">{\"@context\":\"https:\/\/schema.org\",\"@graph\":[{\"@type\":\"Article\",\"@id\":\"https:\/\/universnews224.com\/index.php\/education-lancement-a-conakry-de-la-quatrieme-edition-du-salec\/#article\",\"isPartOf\":{\"@id\":\"https:\/\/universnews224.com\/index.php\/education-lancement-a-conakry-de-la-quatrieme-edition-du-salec\/\"},\"author\":{\"name\":\"La R\u00e9daction\",\"@id\":\"https:\/\/universnews224.com\/#\/schema\/person\/a4b7d4f94a4716df60456a491260485e\"},\"headline\":\"\u00c9ducation: Lancement \u00e0 Conakry de la quatri\u00e8me \u00e9dition du SALEC.\",\"datePublished\":\"2024-02-20T13:13:03+00:00\",\"dateModified\":\"2024-02-20T13:13:03+00:00\",\"mainEntityOfPage\":{\"@id\":\"https:\/\/universnews224.com\/index.php\/education-lancement-a-conakry-de-la-quatrieme-edition-du-salec\/\"},\"wordCount\":435,\"publisher\":{\"@id\":\"https:\/\/universnews224.com\/#organization\"},\"keywords\":[\"La une\"],\"articleSection\":[\"ACTU\",\"CULTURE\"],\"inLanguage\":\"fr-FR\"},{\"@type\":\"WebPage\",\"@id\":\"https:\/\/universnews224.com\/index.php\/education-lancement-a-conakry-de-la-quatrieme-edition-du-salec\/\",\"url\":\"https:\/\/universnews224.com\/index.php\/education-lancement-a-conakry-de-la-quatrieme-edition-du-salec\/\",\"name\":\"\u00c9ducation: Lancement \u00e0 Conakry de la quatri\u00e8me \u00e9dition du SALEC. - UNIVERSNEWS224\",\"isPartOf\":{\"@id\":\"https:\/\/universnews224.com\/#website\"},\"datePublished\":\"2024-02-20T13:13:03+00:00\",\"dateModified\":\"2024-02-20T13:13:03+00:00\",\"inLanguage\":\"fr-FR\",\"potentialAction\":[{\"@type\":\"ReadAction\",\"target\":[\"https:\/\/universnews224.com\/index.php\/education-lancement-a-conakry-de-la-quatrieme-edition-du-salec\/\"]}]},{\"@type\":\"WebSite\",\"@id\":\"https:\/\/universnews224.com\/#website\",\"url\":\"https:\/\/universnews224.com\/\",\"name\":\"UNIVERSNEWS224\",\"description\":\"\",\"publisher\":{\"@id\":\"https:\/\/universnews224.com\/#organization\"},\"potentialAction\":[{\"@type\":\"SearchAction\",\"target\":{\"@type\":\"EntryPoint\",\"urlTemplate\":\"https:\/\/universnews224.com\/?s={search_term_string}\"},\"query-input\":\"required name=search_term_string\"}],\"inLanguage\":\"fr-FR\"},{\"@type\":\"Organization\",\"@id\":\"https:\/\/universnews224.com\/#organization\",\"name\":\"UNIVERSNEWS224\",\"url\":\"https:\/\/universnews224.com\/\",\"logo\":{\"@type\":\"ImageObject\",\"inLanguage\":\"fr-FR\",\"@id\":\"https:\/\/universnews224.com\/#\/schema\/logo\/image\/\",\"url\":\"https:\/\/universnews224.com\/wp-content\/uploads\/2022\/08\/cropped-cropped-logoban.jpg\",\"contentUrl\":\"https:\/\/universnews224.com\/wp-content\/uploads\/2022\/08\/cropped-cropped-logoban.jpg\",\"width\":1080,\"height\":138,\"caption\":\"UNIVERSNEWS224\"},\"image\":{\"@id\":\"https:\/\/universnews224.com\/#\/schema\/logo\/image\/\"}},{\"@type\":\"Person\",\"@id\":\"https:\/\/universnews224.com\/#\/schema\/person\/a4b7d4f94a4716df60456a491260485e\",\"name\":\"La R\u00e9daction\",\"image\":{\"@type\":\"ImageObject\",\"inLanguage\":\"fr-FR\",\"@id\":\"https:\/\/universnews224.com\/#\/schema\/person\/image\/\",\"url\":\"https:\/\/secure.gravatar.com\/avatar\/edb90acc7752b23e1b3307ad36c14f0d?s=96&d=mm&r=g\",\"contentUrl\":\"https:\/\/secure.gravatar.com\/avatar\/edb90acc7752b23e1b3307ad36c14f0d?s=96&d=mm&r=g\",\"caption\":\"La R\u00e9daction\"},\"sameAs\":[\"https:\/\/universnews224.com\"],\"url\":\"https:\/\/universnews224.com\/index.php\/author\/m-camara\/\"}]}<\/script>\n<!-- \/ Yoast SEO plugin. -->","yoast_head_json":{"title":"\u00c9ducation: Lancement \u00e0 Conakry de la quatri\u00e8me \u00e9dition du SALEC. - UNIVERSNEWS224","robots":{"index":"index","follow":"follow","max-snippet":"max-snippet:-1","max-image-preview":"max-image-preview:large","max-video-preview":"max-video-preview:-1"},"canonical":"https:\/\/universnews224.com\/index.php\/education-lancement-a-conakry-de-la-quatrieme-edition-du-salec\/","og_locale":"fr_FR","og_type":"article","og_title":"\u00c9ducation: Lancement \u00e0 Conakry de la quatri\u00e8me \u00e9dition du SALEC. - UNIVERSNEWS224","og_description":"le Ministre de l&rsquo;Enseignement Pr\u00e9-Universitaire et de l&rsquo;Alphab\u00e9tisation, Guillaume HAWING a proc\u00e9d\u00e9 ce lundi 19","og_url":"https:\/\/universnews224.com\/index.php\/education-lancement-a-conakry-de-la-quatrieme-edition-du-salec\/","og_site_name":"UNIVERSNEWS224","article_published_time":"2024-02-20T13:13:03+00:00","og_image":[{"width":1032,"height":580,"url":"https:\/\/universnews224.com\/wp-content\/uploads\/2024\/02\/9D4576E1-6B24-4AB6-8C12-1B5DEEE4366B.jpeg","type":"image\/jpeg"}],"author":"La R\u00e9daction","twitter_misc":{"\u00c9crit par":"La R\u00e9daction","Dur\u00e9e de lecture estim\u00e9e":"3 minutes"},"schema":{"@context":"https:\/\/schema.org","@graph":[{"@type":"Article","@id":"https:\/\/universnews224.com\/index.php\/education-lancement-a-conakry-de-la-quatrieme-edition-du-salec\/#article","isPartOf":{"@id":"https:\/\/universnews224.com\/index.php\/education-lancement-a-conakry-de-la-quatrieme-edition-du-salec\/"},"author":{"name":"La R\u00e9daction","@id":"https:\/\/universnews224.com\/#\/schema\/person\/a4b7d4f94a4716df60456a491260485e"},"headline":"\u00c9ducation: Lancement \u00e0 Conakry de la quatri\u00e8me \u00e9dition du SALEC.","datePublished":"2024-02-20T13:13:03+00:00","dateModified":"2024-02-20T13:13:03+00:00","mainEntityOfPage":{"@id":"https:\/\/universnews224.com\/index.php\/education-lancement-a-conakry-de-la-quatrieme-edition-du-salec\/"},"wordCount":435,"publisher":{"@id":"https:\/\/universnews224.com\/#organization"},"keywords":["La une"],"articleSection":["ACTU","CULTURE"],"inLanguage":"fr-FR"},{"@type":"WebPage","@id":"https:\/\/universnews224.com\/index.php\/education-lancement-a-conakry-de-la-quatrieme-edition-du-salec\/","url":"https:\/\/universnews224.com\/index.php\/education-lancement-a-conakry-de-la-quatrieme-edition-du-salec\/","name":"\u00c9ducation: Lancement \u00e0 Conakry de la quatri\u00e8me \u00e9dition du SALEC. - UNIVERSNEWS224","isPartOf":{"@id":"https:\/\/universnews224.com\/#website"},"datePublished":"2024-02-20T13:13:03+00:00","dateModified":"2024-02-20T13:13:03+00:00","inLanguage":"fr-FR","potentialAction":[{"@type":"ReadAction","target":["https:\/\/universnews224.com\/index.php\/education-lancement-a-conakry-de-la-quatrieme-edition-du-salec\/"]}]},{"@type":"WebSite","@id":"https:\/\/universnews224.com\/#website","url":"https:\/\/universnews224.com\/","name":"UNIVERSNEWS224","description":"","publisher":{"@id":"https:\/\/universnews224.com\/#organization"},"potentialAction":[{"@type":"SearchAction","target":{"@type":"EntryPoint","urlTemplate":"https:\/\/universnews224.com\/?s={search_term_string}"},"query-input":"required name=search_term_string"}],"inLanguage":"fr-FR"},{"@type":"Organization","@id":"https:\/\/universnews224.com\/#organization","name":"UNIVERSNEWS224","url":"https:\/\/universnews224.com\/","logo":{"@type":"ImageObject","inLanguage":"fr-FR","@id":"https:\/\/universnews224.com\/#\/schema\/logo\/image\/","url":"https:\/\/universnews224.com\/wp-content\/uploads\/2022\/08\/cropped-cropped-logoban.jpg","contentUrl":"https:\/\/universnews224.com\/wp-content\/uploads\/2022\/08\/cropped-cropped-logoban.jpg","width":1080,"height":138,"caption":"UNIVERSNEWS224"},"image":{"@id":"https:\/\/universnews224.com\/#\/schema\/logo\/image\/"}},{"@type":"Person","@id":"https:\/\/universnews224.com\/#\/schema\/person\/a4b7d4f94a4716df60456a491260485e","name":"La R\u00e9daction","image":{"@type":"ImageObject","inLanguage":"fr-FR","@id":"https:\/\/universnews224.com\/#\/schema\/person\/image\/","url":"https:\/\/secure.gravatar.com\/avatar\/edb90acc7752b23e1b3307ad36c14f0d?s=96&d=mm&r=g","contentUrl":"https:\/\/secure.gravatar.com\/avatar\/edb90acc7752b23e1b3307ad36c14f0d?s=96&d=mm&r=g","caption":"La R\u00e9daction"},"sameAs":["https:\/\/universnews224.com"],"url":"https:\/\/universnews224.com\/index.php\/author\/m-camara\/"}]}},"_links":{"self":[{"href":"https:\/\/universnews224.com\/index.php\/wp-json\/wp\/v2\/posts\/5213"}],"collection":[{"href":"https:\/\/universnews224.com\/index.php\/wp-json\/wp\/v2\/posts"}],"about":[{"href":"https:\/\/universnews224.com\/index.php\/wp-json\/wp\/v2\/types\/post"}],"author":[{"embeddable":true,"href":"https:\/\/universnews224.com\/index.php\/wp-json\/wp\/v2\/users\/2"}],"replies":[{"embeddable":true,"href":"https:\/\/universnews224.com\/index.php\/wp-json\/wp\/v2\/comments?post=5213"}],"version-history":[{"count":1,"href":"https:\/\/universnews224.com\/index.php\/wp-json\/wp\/v2\/posts\/5213\/revisions"}],"predecessor-version":[{"id":5219,"href":"https:\/\/universnews224.com\/index.php\/wp-json\/wp\/v2\/posts\/5213\/revisions\/5219"}],"wp:featuredmedia":[{"embeddable":true,"href":"https:\/\/universnews224.com\/index.php\/wp-json\/wp\/v2\/media\/5217"}],"wp:attachment":[{"href":"https:\/\/universnews224.com\/index.php\/wp-json\/wp\/v2\/media?parent=5213"}],"wp:term":[{"taxonomy":"category","embeddable":true,"href":"https:\/\/universnews224.com\/index.php\/wp-json\/wp\/v2\/categories?post=5213"},{"taxonomy":"post_tag","embeddable":true,"href":"https:\/\/universnews224.com\/index.php\/wp-json\/wp\/v2\/tags?post=5213"}],"curies":[{"name":"wp","href":"https:\/\/api.w.org\/{rel}","templated":true}]}}