{"id":5238,"date":"2024-02-21T23:19:09","date_gmt":"2024-02-21T22:19:09","guid":{"rendered":"https:\/\/universnews224.com\/?p=5238"},"modified":"2024-02-21T23:19:09","modified_gmt":"2024-02-21T22:19:09","slug":"mesures-conservatoires-prises-contre-les-membres-du-gouvernement-dissous-cest-une-decision-que-je-ne-partage-pas-maniere-alhoussein-makanera","status":"publish","type":"post","link":"https:\/\/universnews224.com\/index.php\/mesures-conservatoires-prises-contre-les-membres-du-gouvernement-dissous-cest-une-decision-que-je-ne-partage-pas-maniere-alhoussein-makanera\/","title":{"rendered":"Mesures conservatoires prises contre les membres du gouvernement dissous: C\u2019est une d\u00e9cision que je ne partage pas mani\u00e8re\u201d, Alhoussein Makan\u00e9ra."},"content":{"rendered":"<p class=\"p1\">Apr\u00e8s la dissolution du gouvernement dirig\u00e9 par Dr. Bernard Goumou dans la soir\u00e9e du lundi 19 f\u00e9vrier 2024, le Comit\u00e9 National pour le Rassemblement et le D\u00e9veloppement (CNRD ) a pris des mesures conservatoires contre les anciens ministres. Il s\u2019agit notamment, la restitution des v\u00e9hicules de service , le gel des comptes bancaires, la restitution de tous les documents de voyage, la remise des cachets aux interm\u00e9diaires d\u00e9sign\u00e9s, la d\u00e9mobilisation de tous les gardes du corps et aide de camp.<\/p>\n<p class=\"p1\"><span class=\"s1\">R\u00e9gissant sur cette actualit\u00e9 chez nos confr\u00e8res de la radio Djoma m\u00e9dia dans l\u2019\u00e9mission \u201cOn refait le monde\u201d, de ce mardi, 20 janvier 2024, Alhoussein Makan\u00e9ra Kak\u00e9, pr\u00e9sident du parti FND a indiqu\u00e9 qu\u2019il ne partage cette d\u00e9marche du CNRD. Selon lui, ces mesures visent \u00e0 humilier les anciens ministres. <\/span><\/p>\n<p class=\"p1\"><span class=\"s1\">\u201cC\u2019est une d\u00e9cision, en tant que d\u00e9mocratie, je ne partage pas. Moi, la punition collective, je n\u2019ai jamais accept\u00e9 cela. Quoi qu\u2019il arrive, quoi qu\u2019on dise, m\u00eame on dit qu\u2019ils sont tous mauvais, il doit y avoir une exception. Moi, j\u2019aurai voulu \u00e0 ce qu\u2019on inspecte ceux qui ont des probl\u00e8mes, qu\u2019ils soient poursuivis, mais dire \u00e0 ces anciens ministres de rendre les v\u00e9hicules sans d\u00e9lai, leurs comptes sont gel\u00e9s, leurs gardes rappel\u00e9s. Tout \u00e7a l\u00e0, je pense que c\u2019est une mani\u00e8re d\u2019humilier les collaborateurs. Mais, je peux comprendre aussi parce que Dieu a dit, l\u2019injustice se fait par l\u2019injustice. Vous avez poursuivi les autres \u00e0 sort, ou bien vous avez laiss\u00e9 poursuivre, ou bien vous avez applaudi. Maintenant, l\u2019injonction s\u2019est rencontr\u00e9e avec dissolution et finalement l\u2019injonction aussi est injonct\u00e9e, a ironis\u00e9 l\u2019ancien d\u00e9put\u00e9. <\/span><\/p>\n<p class=\"p1\"><span class=\"s1\">Mohamed <\/span><\/p>\n","protected":false},"excerpt":{"rendered":"<p>Apr\u00e8s la dissolution du gouvernement dirig\u00e9 par Dr. Bernard Goumou dans la soir\u00e9e du lundi<\/p>\n","protected":false},"author":2,"featured_media":5239,"comment_status":"closed","ping_status":"open","sticky":false,"template":"","format":"standard","meta":[],"categories":[3,4],"tags":[229],"yoast_head":"<!-- This site is optimized with the Yoast SEO plugin v19.13 - https:\/\/yoast.com\/wordpress\/plugins\/seo\/ -->\n<title>Mesures conservatoires prises contre les membres du gouvernement dissous: C\u2019est une d\u00e9cision que je ne partage pas mani\u00e8re\u201d, Alhoussein Makan\u00e9ra. - UNIVERSNEWS224<\/title>\n<meta name=\"robots\" content=\"index, follow, max-snippet:-1, max-image-preview:large, max-video-preview:-1\" \/>\n<link rel=\"canonical\" href=\"https:\/\/universnews224.com\/index.php\/mesures-conservatoires-prises-contre-les-membres-du-gouvernement-dissous-cest-une-decision-que-je-ne-partage-pas-maniere-alhoussein-makanera\/\" \/>\n<meta property=\"og:locale\" content=\"fr_FR\" \/>\n<meta property=\"og:type\" content=\"article\" \/>\n<meta property=\"og:title\" content=\"Mesures conservatoires prises contre les membres du gouvernement dissous: C\u2019est une d\u00e9cision que je ne partage pas mani\u00e8re\u201d, Alhoussein Makan\u00e9ra. - UNIVERSNEWS224\" \/>\n<meta property=\"og:description\" content=\"Apr\u00e8s la dissolution du gouvernement dirig\u00e9 par Dr. Bernard Goumou dans la soir\u00e9e du lundi\" \/>\n<meta property=\"og:url\" content=\"https:\/\/universnews224.com\/index.php\/mesures-conservatoires-prises-contre-les-membres-du-gouvernement-dissous-cest-une-decision-que-je-ne-partage-pas-maniere-alhoussein-makanera\/\" \/>\n<meta property=\"og:site_name\" content=\"UNIVERSNEWS224\" \/>\n<meta property=\"article:published_time\" content=\"2024-02-21T22:19:09+00:00\" \/>\n<meta property=\"og:image\" content=\"https:\/\/universnews224.com\/wp-content\/uploads\/2024\/02\/BC9329CF-24F3-4974-B423-56694C15563A.jpeg\" \/>\n\t<meta property=\"og:image:width\" content=\"700\" \/>\n\t<meta property=\"og:image:height\" content=\"400\" \/>\n\t<meta property=\"og:image:type\" content=\"image\/jpeg\" \/>\n<meta name=\"author\" content=\"La R\u00e9daction\" \/>\n<meta name=\"twitter:label1\" content=\"\u00c9crit par\" \/>\n\t<meta name=\"twitter:data1\" content=\"La R\u00e9daction\" \/>\n\t<meta name=\"twitter:label2\" content=\"Dur\u00e9e de lecture estim\u00e9e\" \/>\n\t<meta name=\"twitter:data2\" content=\"2 minutes\" \/>\n<script type=\"application\/ld+json\" class=\"yoast-schema-graph\">{\"@context\":\"https:\/\/schema.org\",\"@graph\":[{\"@type\":\"Article\",\"@id\":\"https:\/\/universnews224.com\/index.php\/mesures-conservatoires-prises-contre-les-membres-du-gouvernement-dissous-cest-une-decision-que-je-ne-partage-pas-maniere-alhoussein-makanera\/#article\",\"isPartOf\":{\"@id\":\"https:\/\/universnews224.com\/index.php\/mesures-conservatoires-prises-contre-les-membres-du-gouvernement-dissous-cest-une-decision-que-je-ne-partage-pas-maniere-alhoussein-makanera\/\"},\"author\":{\"name\":\"La R\u00e9daction\",\"@id\":\"https:\/\/universnews224.com\/#\/schema\/person\/a4b7d4f94a4716df60456a491260485e\"},\"headline\":\"Mesures conservatoires prises contre les membres du gouvernement dissous: C\u2019est une d\u00e9cision que je ne partage pas mani\u00e8re\u201d, Alhoussein Makan\u00e9ra.\",\"datePublished\":\"2024-02-21T22:19:09+00:00\",\"dateModified\":\"2024-02-21T22:19:09+00:00\",\"mainEntityOfPage\":{\"@id\":\"https:\/\/universnews224.com\/index.php\/mesures-conservatoires-prises-contre-les-membres-du-gouvernement-dissous-cest-une-decision-que-je-ne-partage-pas-maniere-alhoussein-makanera\/\"},\"wordCount\":325,\"publisher\":{\"@id\":\"https:\/\/universnews224.com\/#organization\"},\"keywords\":[\"La une\"],\"articleSection\":[\"ACTU\",\"POLITIQUE\"],\"inLanguage\":\"fr-FR\"},{\"@type\":\"WebPage\",\"@id\":\"https:\/\/universnews224.com\/index.php\/mesures-conservatoires-prises-contre-les-membres-du-gouvernement-dissous-cest-une-decision-que-je-ne-partage-pas-maniere-alhoussein-makanera\/\",\"url\":\"https:\/\/universnews224.com\/index.php\/mesures-conservatoires-prises-contre-les-membres-du-gouvernement-dissous-cest-une-decision-que-je-ne-partage-pas-maniere-alhoussein-makanera\/\",\"name\":\"Mesures conservatoires prises contre les membres du gouvernement dissous: C\u2019est une d\u00e9cision que je ne partage pas mani\u00e8re\u201d, Alhoussein Makan\u00e9ra. - UNIVERSNEWS224\",\"isPartOf\":{\"@id\":\"https:\/\/universnews224.com\/#website\"},\"datePublished\":\"2024-02-21T22:19:09+00:00\",\"dateModified\":\"2024-02-21T22:19:09+00:00\",\"inLanguage\":\"fr-FR\",\"potentialAction\":[{\"@type\":\"ReadAction\",\"target\":[\"https:\/\/universnews224.com\/index.php\/mesures-conservatoires-prises-contre-les-membres-du-gouvernement-dissous-cest-une-decision-que-je-ne-partage-pas-maniere-alhoussein-makanera\/\"]}]},{\"@type\":\"WebSite\",\"@id\":\"https:\/\/universnews224.com\/#website\",\"url\":\"https:\/\/universnews224.com\/\",\"name\":\"UNIVERSNEWS224\",\"description\":\"\",\"publisher\":{\"@id\":\"https:\/\/universnews224.com\/#organization\"},\"potentialAction\":[{\"@type\":\"SearchAction\",\"target\":{\"@type\":\"EntryPoint\",\"urlTemplate\":\"https:\/\/universnews224.com\/?s={search_term_string}\"},\"query-input\":\"required name=search_term_string\"}],\"inLanguage\":\"fr-FR\"},{\"@type\":\"Organization\",\"@id\":\"https:\/\/universnews224.com\/#organization\",\"name\":\"UNIVERSNEWS224\",\"url\":\"https:\/\/universnews224.com\/\",\"logo\":{\"@type\":\"ImageObject\",\"inLanguage\":\"fr-FR\",\"@id\":\"https:\/\/universnews224.com\/#\/schema\/logo\/image\/\",\"url\":\"https:\/\/universnews224.com\/wp-content\/uploads\/2022\/08\/cropped-cropped-logoban.jpg\",\"contentUrl\":\"https:\/\/universnews224.com\/wp-content\/uploads\/2022\/08\/cropped-cropped-logoban.jpg\",\"width\":1080,\"height\":138,\"caption\":\"UNIVERSNEWS224\"},\"image\":{\"@id\":\"https:\/\/universnews224.com\/#\/schema\/logo\/image\/\"}},{\"@type\":\"Person\",\"@id\":\"https:\/\/universnews224.com\/#\/schema\/person\/a4b7d4f94a4716df60456a491260485e\",\"name\":\"La R\u00e9daction\",\"image\":{\"@type\":\"ImageObject\",\"inLanguage\":\"fr-FR\",\"@id\":\"https:\/\/universnews224.com\/#\/schema\/person\/image\/\",\"url\":\"https:\/\/secure.gravatar.com\/avatar\/edb90acc7752b23e1b3307ad36c14f0d?s=96&d=mm&r=g\",\"contentUrl\":\"https:\/\/secure.gravatar.com\/avatar\/edb90acc7752b23e1b3307ad36c14f0d?s=96&d=mm&r=g\",\"caption\":\"La R\u00e9daction\"},\"sameAs\":[\"https:\/\/universnews224.com\"],\"url\":\"https:\/\/universnews224.com\/index.php\/author\/m-camara\/\"}]}<\/script>\n<!-- \/ Yoast SEO plugin. -->","yoast_head_json":{"title":"Mesures conservatoires prises contre les membres du gouvernement dissous: C\u2019est une d\u00e9cision que je ne partage pas mani\u00e8re\u201d, Alhoussein Makan\u00e9ra. - UNIVERSNEWS224","robots":{"index":"index","follow":"follow","max-snippet":"max-snippet:-1","max-image-preview":"max-image-preview:large","max-video-preview":"max-video-preview:-1"},"canonical":"https:\/\/universnews224.com\/index.php\/mesures-conservatoires-prises-contre-les-membres-du-gouvernement-dissous-cest-une-decision-que-je-ne-partage-pas-maniere-alhoussein-makanera\/","og_locale":"fr_FR","og_type":"article","og_title":"Mesures conservatoires prises contre les membres du gouvernement dissous: C\u2019est une d\u00e9cision que je ne partage pas mani\u00e8re\u201d, Alhoussein Makan\u00e9ra. - UNIVERSNEWS224","og_description":"Apr\u00e8s la dissolution du gouvernement dirig\u00e9 par Dr. Bernard Goumou dans la soir\u00e9e du lundi","og_url":"https:\/\/universnews224.com\/index.php\/mesures-conservatoires-prises-contre-les-membres-du-gouvernement-dissous-cest-une-decision-que-je-ne-partage-pas-maniere-alhoussein-makanera\/","og_site_name":"UNIVERSNEWS224","article_published_time":"2024-02-21T22:19:09+00:00","og_image":[{"width":700,"height":400,"url":"https:\/\/universnews224.com\/wp-content\/uploads\/2024\/02\/BC9329CF-24F3-4974-B423-56694C15563A.jpeg","type":"image\/jpeg"}],"author":"La R\u00e9daction","twitter_misc":{"\u00c9crit par":"La R\u00e9daction","Dur\u00e9e de lecture estim\u00e9e":"2 minutes"},"schema":{"@context":"https:\/\/schema.org","@graph":[{"@type":"Article","@id":"https:\/\/universnews224.com\/index.php\/mesures-conservatoires-prises-contre-les-membres-du-gouvernement-dissous-cest-une-decision-que-je-ne-partage-pas-maniere-alhoussein-makanera\/#article","isPartOf":{"@id":"https:\/\/universnews224.com\/index.php\/mesures-conservatoires-prises-contre-les-membres-du-gouvernement-dissous-cest-une-decision-que-je-ne-partage-pas-maniere-alhoussein-makanera\/"},"author":{"name":"La R\u00e9daction","@id":"https:\/\/universnews224.com\/#\/schema\/person\/a4b7d4f94a4716df60456a491260485e"},"headline":"Mesures conservatoires prises contre les membres du gouvernement dissous: C\u2019est une d\u00e9cision que je ne partage pas mani\u00e8re\u201d, Alhoussein Makan\u00e9ra.","datePublished":"2024-02-21T22:19:09+00:00","dateModified":"2024-02-21T22:19:09+00:00","mainEntityOfPage":{"@id":"https:\/\/universnews224.com\/index.php\/mesures-conservatoires-prises-contre-les-membres-du-gouvernement-dissous-cest-une-decision-que-je-ne-partage-pas-maniere-alhoussein-makanera\/"},"wordCount":325,"publisher":{"@id":"https:\/\/universnews224.com\/#organization"},"keywords":["La une"],"articleSection":["ACTU","POLITIQUE"],"inLanguage":"fr-FR"},{"@type":"WebPage","@id":"https:\/\/universnews224.com\/index.php\/mesures-conservatoires-prises-contre-les-membres-du-gouvernement-dissous-cest-une-decision-que-je-ne-partage-pas-maniere-alhoussein-makanera\/","url":"https:\/\/universnews224.com\/index.php\/mesures-conservatoires-prises-contre-les-membres-du-gouvernement-dissous-cest-une-decision-que-je-ne-partage-pas-maniere-alhoussein-makanera\/","name":"Mesures conservatoires prises contre les membres du gouvernement dissous: C\u2019est une d\u00e9cision que je ne partage pas mani\u00e8re\u201d, Alhoussein Makan\u00e9ra. - UNIVERSNEWS224","isPartOf":{"@id":"https:\/\/universnews224.com\/#website"},"datePublished":"2024-02-21T22:19:09+00:00","dateModified":"2024-02-21T22:19:09+00:00","inLanguage":"fr-FR","potentialAction":[{"@type":"ReadAction","target":["https:\/\/universnews224.com\/index.php\/mesures-conservatoires-prises-contre-les-membres-du-gouvernement-dissous-cest-une-decision-que-je-ne-partage-pas-maniere-alhoussein-makanera\/"]}]},{"@type":"WebSite","@id":"https:\/\/universnews224.com\/#website","url":"https:\/\/universnews224.com\/","name":"UNIVERSNEWS224","description":"","publisher":{"@id":"https:\/\/universnews224.com\/#organization"},"potentialAction":[{"@type":"SearchAction","target":{"@type":"EntryPoint","urlTemplate":"https:\/\/universnews224.com\/?s={search_term_string}"},"query-input":"required name=search_term_string"}],"inLanguage":"fr-FR"},{"@type":"Organization","@id":"https:\/\/universnews224.com\/#organization","name":"UNIVERSNEWS224","url":"https:\/\/universnews224.com\/","logo":{"@type":"ImageObject","inLanguage":"fr-FR","@id":"https:\/\/universnews224.com\/#\/schema\/logo\/image\/","url":"https:\/\/universnews224.com\/wp-content\/uploads\/2022\/08\/cropped-cropped-logoban.jpg","contentUrl":"https:\/\/universnews224.com\/wp-content\/uploads\/2022\/08\/cropped-cropped-logoban.jpg","width":1080,"height":138,"caption":"UNIVERSNEWS224"},"image":{"@id":"https:\/\/universnews224.com\/#\/schema\/logo\/image\/"}},{"@type":"Person","@id":"https:\/\/universnews224.com\/#\/schema\/person\/a4b7d4f94a4716df60456a491260485e","name":"La R\u00e9daction","image":{"@type":"ImageObject","inLanguage":"fr-FR","@id":"https:\/\/universnews224.com\/#\/schema\/person\/image\/","url":"https:\/\/secure.gravatar.com\/avatar\/edb90acc7752b23e1b3307ad36c14f0d?s=96&d=mm&r=g","contentUrl":"https:\/\/secure.gravatar.com\/avatar\/edb90acc7752b23e1b3307ad36c14f0d?s=96&d=mm&r=g","caption":"La R\u00e9daction"},"sameAs":["https:\/\/universnews224.com"],"url":"https:\/\/universnews224.com\/index.php\/author\/m-camara\/"}]}},"_links":{"self":[{"href":"https:\/\/universnews224.com\/index.php\/wp-json\/wp\/v2\/posts\/5238"}],"collection":[{"href":"https:\/\/universnews224.com\/index.php\/wp-json\/wp\/v2\/posts"}],"about":[{"href":"https:\/\/universnews224.com\/index.php\/wp-json\/wp\/v2\/types\/post"}],"author":[{"embeddable":true,"href":"https:\/\/universnews224.com\/index.php\/wp-json\/wp\/v2\/users\/2"}],"replies":[{"embeddable":true,"href":"https:\/\/universnews224.com\/index.php\/wp-json\/wp\/v2\/comments?post=5238"}],"version-history":[{"count":1,"href":"https:\/\/universnews224.com\/index.php\/wp-json\/wp\/v2\/posts\/5238\/revisions"}],"predecessor-version":[{"id":5240,"href":"https:\/\/universnews224.com\/index.php\/wp-json\/wp\/v2\/posts\/5238\/revisions\/5240"}],"wp:featuredmedia":[{"embeddable":true,"href":"https:\/\/universnews224.com\/index.php\/wp-json\/wp\/v2\/media\/5239"}],"wp:attachment":[{"href":"https:\/\/universnews224.com\/index.php\/wp-json\/wp\/v2\/media?parent=5238"}],"wp:term":[{"taxonomy":"category","embeddable":true,"href":"https:\/\/universnews224.com\/index.php\/wp-json\/wp\/v2\/categories?post=5238"},{"taxonomy":"post_tag","embeddable":true,"href":"https:\/\/universnews224.com\/index.php\/wp-json\/wp\/v2\/tags?post=5238"}],"curies":[{"name":"wp","href":"https:\/\/api.w.org\/{rel}","templated":true}]}}