{"id":5241,"date":"2024-02-22T00:39:35","date_gmt":"2024-02-21T23:39:35","guid":{"rendered":"https:\/\/universnews224.com\/?p=5241"},"modified":"2024-02-22T00:39:35","modified_gmt":"2024-02-21T23:39:35","slug":"15-ans-de-carriere-musicale-levi-bobo-en-concert-au-23-fevrier-prochain","status":"publish","type":"post","link":"https:\/\/universnews224.com\/index.php\/15-ans-de-carriere-musicale-levi-bobo-en-concert-au-23-fevrier-prochain\/","title":{"rendered":"15 ans de carri\u00e8re musicale: L\u00e9vi Bobo en concert au 23 f\u00e9vrier prochain."},"content":{"rendered":"<p class=\"p3\"><span class=\"s2\">Dans le cadre de la c\u00e9l\u00e9bration de ses 15 ans de carri\u00e8re dans l\u2019univers musical guin\u00e9en, Mamadou Tahirou Sompar\u00e9 dit Levi Bobo et sa structure de production organisent<span class=\"Apple-converted-space\">\u00a0 <\/span>un concert grandiose le vendredi 23 f\u00e9vrier 2024, au palais du peuple de Conakry. En collaboration avec la structurem Kakand\u00e9 production, ce concert se tiendra sous le haut patronage de Kerfalla Camara. En conf\u00e9rence de presse ce mercredi 21 f\u00e9vrier 2024, Levi Bobo a promis de livrer le meilleur spectacle pour couronner son succ\u00e8s de ces derni\u00e8res ann\u00e9es.<\/span><\/p>\n<p class=\"p3\"><span class=\"s2\">\u00abQuand un artiste fait 15 ans, il doit le f\u00eater au moment o\u00f9 tu es au top. C\u2019est une fiert\u00e9 et un succ\u00e8s, c&rsquo;est pourquoi Kakand\u00e9 production a d\u00e9cid\u00e9 d&rsquo;organiser mes 15 ans. Parce que 15 ans c&rsquo;est n&rsquo;est pas 15 jours. Pendant 15 ans tout ce que tu sors est consomm\u00e9, ce n\u2019est pas donn\u00e9 \u00e0 tout le monde. Donc, cette constance l\u00e0 m\u00e9rite d\u2019\u00eatre c\u00e9l\u00e9br\u00e9e. Il ne faut plus qu\u2019on attende dans ce pays que les gens meurent pour mettre le drapeau sur leurs cercueils. Il faut les c\u00e9l\u00e9brer vivant et c\u2019est le bon moment de le faire. Il est temps pour moi aussi d\u2019immortaliser ma carri\u00e8re musicale et contenir encore \u00e0 me battre et \u00e0 me battre encore. J&rsquo;ai eu beaucoup de difficult\u00e9 et de succ\u00e8s car tout n\u2019est pas rose un artiste. Mon combat aujourd\u2019hui je ne veux pas que la culture tombe.<span class=\"Apple-converted-space\">\u00a0 <\/span>Il faut que la jeune g\u00e9n\u00e9ration nous sommes pour qu&rsquo;il puisse relever le d\u00e9fi qu&rsquo;ils puisse nous remplacer demain parce que la Guin\u00e9e c&rsquo;est la famille, la culture c&rsquo;est la famille donc il faut le faire au moment de ta pr\u00e9sence\u2026 \u00bb,a soulign\u00e9<span class=\"Apple-converted-space\">\u00a0 <\/span>l\u00b4artiste. <\/span><\/p>\n<p class=\"p3\"><span class=\"s2\">Sana Sylla<\/span><\/p>\n","protected":false},"excerpt":{"rendered":"<p>Dans le cadre de la c\u00e9l\u00e9bration de ses 15 ans de carri\u00e8re dans l\u2019univers musical<\/p>\n","protected":false},"author":2,"featured_media":5242,"comment_status":"closed","ping_status":"open","sticky":false,"template":"","format":"standard","meta":[],"categories":[3,6],"tags":[229],"yoast_head":"<!-- This site is optimized with the Yoast SEO plugin v19.13 - https:\/\/yoast.com\/wordpress\/plugins\/seo\/ -->\n<title>15 ans de carri\u00e8re musicale: L\u00e9vi Bobo en concert au 23 f\u00e9vrier prochain. - UNIVERSNEWS224<\/title>\n<meta name=\"robots\" content=\"index, follow, max-snippet:-1, max-image-preview:large, max-video-preview:-1\" \/>\n<link rel=\"canonical\" href=\"https:\/\/universnews224.com\/index.php\/15-ans-de-carriere-musicale-levi-bobo-en-concert-au-23-fevrier-prochain\/\" \/>\n<meta property=\"og:locale\" content=\"fr_FR\" \/>\n<meta property=\"og:type\" content=\"article\" \/>\n<meta property=\"og:title\" content=\"15 ans de carri\u00e8re musicale: L\u00e9vi Bobo en concert au 23 f\u00e9vrier prochain. - UNIVERSNEWS224\" \/>\n<meta property=\"og:description\" content=\"Dans le cadre de la c\u00e9l\u00e9bration de ses 15 ans de carri\u00e8re dans l\u2019univers musical\" \/>\n<meta property=\"og:url\" content=\"https:\/\/universnews224.com\/index.php\/15-ans-de-carriere-musicale-levi-bobo-en-concert-au-23-fevrier-prochain\/\" \/>\n<meta property=\"og:site_name\" content=\"UNIVERSNEWS224\" \/>\n<meta property=\"article:published_time\" content=\"2024-02-21T23:39:35+00:00\" \/>\n<meta property=\"og:image\" content=\"https:\/\/universnews224.com\/wp-content\/uploads\/2024\/02\/01868D7B-713D-4385-AAB5-A94428766E5D.jpeg\" \/>\n\t<meta property=\"og:image:width\" content=\"1032\" \/>\n\t<meta property=\"og:image:height\" content=\"580\" \/>\n\t<meta property=\"og:image:type\" content=\"image\/jpeg\" \/>\n<meta name=\"author\" content=\"La R\u00e9daction\" \/>\n<meta name=\"twitter:label1\" content=\"\u00c9crit par\" \/>\n\t<meta name=\"twitter:data1\" content=\"La R\u00e9daction\" \/>\n\t<meta name=\"twitter:label2\" content=\"Dur\u00e9e de lecture estim\u00e9e\" \/>\n\t<meta name=\"twitter:data2\" content=\"2 minutes\" \/>\n<script type=\"application\/ld+json\" class=\"yoast-schema-graph\">{\"@context\":\"https:\/\/schema.org\",\"@graph\":[{\"@type\":\"Article\",\"@id\":\"https:\/\/universnews224.com\/index.php\/15-ans-de-carriere-musicale-levi-bobo-en-concert-au-23-fevrier-prochain\/#article\",\"isPartOf\":{\"@id\":\"https:\/\/universnews224.com\/index.php\/15-ans-de-carriere-musicale-levi-bobo-en-concert-au-23-fevrier-prochain\/\"},\"author\":{\"name\":\"La R\u00e9daction\",\"@id\":\"https:\/\/universnews224.com\/#\/schema\/person\/a4b7d4f94a4716df60456a491260485e\"},\"headline\":\"15 ans de carri\u00e8re musicale: L\u00e9vi Bobo en concert au 23 f\u00e9vrier prochain.\",\"datePublished\":\"2024-02-21T23:39:35+00:00\",\"dateModified\":\"2024-02-21T23:39:35+00:00\",\"mainEntityOfPage\":{\"@id\":\"https:\/\/universnews224.com\/index.php\/15-ans-de-carriere-musicale-levi-bobo-en-concert-au-23-fevrier-prochain\/\"},\"wordCount\":316,\"publisher\":{\"@id\":\"https:\/\/universnews224.com\/#organization\"},\"keywords\":[\"La une\"],\"articleSection\":[\"ACTU\",\"CULTURE\"],\"inLanguage\":\"fr-FR\"},{\"@type\":\"WebPage\",\"@id\":\"https:\/\/universnews224.com\/index.php\/15-ans-de-carriere-musicale-levi-bobo-en-concert-au-23-fevrier-prochain\/\",\"url\":\"https:\/\/universnews224.com\/index.php\/15-ans-de-carriere-musicale-levi-bobo-en-concert-au-23-fevrier-prochain\/\",\"name\":\"15 ans de carri\u00e8re musicale: L\u00e9vi Bobo en concert au 23 f\u00e9vrier prochain. - UNIVERSNEWS224\",\"isPartOf\":{\"@id\":\"https:\/\/universnews224.com\/#website\"},\"datePublished\":\"2024-02-21T23:39:35+00:00\",\"dateModified\":\"2024-02-21T23:39:35+00:00\",\"inLanguage\":\"fr-FR\",\"potentialAction\":[{\"@type\":\"ReadAction\",\"target\":[\"https:\/\/universnews224.com\/index.php\/15-ans-de-carriere-musicale-levi-bobo-en-concert-au-23-fevrier-prochain\/\"]}]},{\"@type\":\"WebSite\",\"@id\":\"https:\/\/universnews224.com\/#website\",\"url\":\"https:\/\/universnews224.com\/\",\"name\":\"UNIVERSNEWS224\",\"description\":\"\",\"publisher\":{\"@id\":\"https:\/\/universnews224.com\/#organization\"},\"potentialAction\":[{\"@type\":\"SearchAction\",\"target\":{\"@type\":\"EntryPoint\",\"urlTemplate\":\"https:\/\/universnews224.com\/?s={search_term_string}\"},\"query-input\":\"required name=search_term_string\"}],\"inLanguage\":\"fr-FR\"},{\"@type\":\"Organization\",\"@id\":\"https:\/\/universnews224.com\/#organization\",\"name\":\"UNIVERSNEWS224\",\"url\":\"https:\/\/universnews224.com\/\",\"logo\":{\"@type\":\"ImageObject\",\"inLanguage\":\"fr-FR\",\"@id\":\"https:\/\/universnews224.com\/#\/schema\/logo\/image\/\",\"url\":\"https:\/\/universnews224.com\/wp-content\/uploads\/2022\/08\/cropped-cropped-logoban.jpg\",\"contentUrl\":\"https:\/\/universnews224.com\/wp-content\/uploads\/2022\/08\/cropped-cropped-logoban.jpg\",\"width\":1080,\"height\":138,\"caption\":\"UNIVERSNEWS224\"},\"image\":{\"@id\":\"https:\/\/universnews224.com\/#\/schema\/logo\/image\/\"}},{\"@type\":\"Person\",\"@id\":\"https:\/\/universnews224.com\/#\/schema\/person\/a4b7d4f94a4716df60456a491260485e\",\"name\":\"La R\u00e9daction\",\"image\":{\"@type\":\"ImageObject\",\"inLanguage\":\"fr-FR\",\"@id\":\"https:\/\/universnews224.com\/#\/schema\/person\/image\/\",\"url\":\"https:\/\/secure.gravatar.com\/avatar\/edb90acc7752b23e1b3307ad36c14f0d?s=96&d=mm&r=g\",\"contentUrl\":\"https:\/\/secure.gravatar.com\/avatar\/edb90acc7752b23e1b3307ad36c14f0d?s=96&d=mm&r=g\",\"caption\":\"La R\u00e9daction\"},\"sameAs\":[\"https:\/\/universnews224.com\"],\"url\":\"https:\/\/universnews224.com\/index.php\/author\/m-camara\/\"}]}<\/script>\n<!-- \/ Yoast SEO plugin. -->","yoast_head_json":{"title":"15 ans de carri\u00e8re musicale: L\u00e9vi Bobo en concert au 23 f\u00e9vrier prochain. - UNIVERSNEWS224","robots":{"index":"index","follow":"follow","max-snippet":"max-snippet:-1","max-image-preview":"max-image-preview:large","max-video-preview":"max-video-preview:-1"},"canonical":"https:\/\/universnews224.com\/index.php\/15-ans-de-carriere-musicale-levi-bobo-en-concert-au-23-fevrier-prochain\/","og_locale":"fr_FR","og_type":"article","og_title":"15 ans de carri\u00e8re musicale: L\u00e9vi Bobo en concert au 23 f\u00e9vrier prochain. - UNIVERSNEWS224","og_description":"Dans le cadre de la c\u00e9l\u00e9bration de ses 15 ans de carri\u00e8re dans l\u2019univers musical","og_url":"https:\/\/universnews224.com\/index.php\/15-ans-de-carriere-musicale-levi-bobo-en-concert-au-23-fevrier-prochain\/","og_site_name":"UNIVERSNEWS224","article_published_time":"2024-02-21T23:39:35+00:00","og_image":[{"width":1032,"height":580,"url":"https:\/\/universnews224.com\/wp-content\/uploads\/2024\/02\/01868D7B-713D-4385-AAB5-A94428766E5D.jpeg","type":"image\/jpeg"}],"author":"La R\u00e9daction","twitter_misc":{"\u00c9crit par":"La R\u00e9daction","Dur\u00e9e de lecture estim\u00e9e":"2 minutes"},"schema":{"@context":"https:\/\/schema.org","@graph":[{"@type":"Article","@id":"https:\/\/universnews224.com\/index.php\/15-ans-de-carriere-musicale-levi-bobo-en-concert-au-23-fevrier-prochain\/#article","isPartOf":{"@id":"https:\/\/universnews224.com\/index.php\/15-ans-de-carriere-musicale-levi-bobo-en-concert-au-23-fevrier-prochain\/"},"author":{"name":"La R\u00e9daction","@id":"https:\/\/universnews224.com\/#\/schema\/person\/a4b7d4f94a4716df60456a491260485e"},"headline":"15 ans de carri\u00e8re musicale: L\u00e9vi Bobo en concert au 23 f\u00e9vrier prochain.","datePublished":"2024-02-21T23:39:35+00:00","dateModified":"2024-02-21T23:39:35+00:00","mainEntityOfPage":{"@id":"https:\/\/universnews224.com\/index.php\/15-ans-de-carriere-musicale-levi-bobo-en-concert-au-23-fevrier-prochain\/"},"wordCount":316,"publisher":{"@id":"https:\/\/universnews224.com\/#organization"},"keywords":["La une"],"articleSection":["ACTU","CULTURE"],"inLanguage":"fr-FR"},{"@type":"WebPage","@id":"https:\/\/universnews224.com\/index.php\/15-ans-de-carriere-musicale-levi-bobo-en-concert-au-23-fevrier-prochain\/","url":"https:\/\/universnews224.com\/index.php\/15-ans-de-carriere-musicale-levi-bobo-en-concert-au-23-fevrier-prochain\/","name":"15 ans de carri\u00e8re musicale: L\u00e9vi Bobo en concert au 23 f\u00e9vrier prochain. - UNIVERSNEWS224","isPartOf":{"@id":"https:\/\/universnews224.com\/#website"},"datePublished":"2024-02-21T23:39:35+00:00","dateModified":"2024-02-21T23:39:35+00:00","inLanguage":"fr-FR","potentialAction":[{"@type":"ReadAction","target":["https:\/\/universnews224.com\/index.php\/15-ans-de-carriere-musicale-levi-bobo-en-concert-au-23-fevrier-prochain\/"]}]},{"@type":"WebSite","@id":"https:\/\/universnews224.com\/#website","url":"https:\/\/universnews224.com\/","name":"UNIVERSNEWS224","description":"","publisher":{"@id":"https:\/\/universnews224.com\/#organization"},"potentialAction":[{"@type":"SearchAction","target":{"@type":"EntryPoint","urlTemplate":"https:\/\/universnews224.com\/?s={search_term_string}"},"query-input":"required name=search_term_string"}],"inLanguage":"fr-FR"},{"@type":"Organization","@id":"https:\/\/universnews224.com\/#organization","name":"UNIVERSNEWS224","url":"https:\/\/universnews224.com\/","logo":{"@type":"ImageObject","inLanguage":"fr-FR","@id":"https:\/\/universnews224.com\/#\/schema\/logo\/image\/","url":"https:\/\/universnews224.com\/wp-content\/uploads\/2022\/08\/cropped-cropped-logoban.jpg","contentUrl":"https:\/\/universnews224.com\/wp-content\/uploads\/2022\/08\/cropped-cropped-logoban.jpg","width":1080,"height":138,"caption":"UNIVERSNEWS224"},"image":{"@id":"https:\/\/universnews224.com\/#\/schema\/logo\/image\/"}},{"@type":"Person","@id":"https:\/\/universnews224.com\/#\/schema\/person\/a4b7d4f94a4716df60456a491260485e","name":"La R\u00e9daction","image":{"@type":"ImageObject","inLanguage":"fr-FR","@id":"https:\/\/universnews224.com\/#\/schema\/person\/image\/","url":"https:\/\/secure.gravatar.com\/avatar\/edb90acc7752b23e1b3307ad36c14f0d?s=96&d=mm&r=g","contentUrl":"https:\/\/secure.gravatar.com\/avatar\/edb90acc7752b23e1b3307ad36c14f0d?s=96&d=mm&r=g","caption":"La R\u00e9daction"},"sameAs":["https:\/\/universnews224.com"],"url":"https:\/\/universnews224.com\/index.php\/author\/m-camara\/"}]}},"_links":{"self":[{"href":"https:\/\/universnews224.com\/index.php\/wp-json\/wp\/v2\/posts\/5241"}],"collection":[{"href":"https:\/\/universnews224.com\/index.php\/wp-json\/wp\/v2\/posts"}],"about":[{"href":"https:\/\/universnews224.com\/index.php\/wp-json\/wp\/v2\/types\/post"}],"author":[{"embeddable":true,"href":"https:\/\/universnews224.com\/index.php\/wp-json\/wp\/v2\/users\/2"}],"replies":[{"embeddable":true,"href":"https:\/\/universnews224.com\/index.php\/wp-json\/wp\/v2\/comments?post=5241"}],"version-history":[{"count":1,"href":"https:\/\/universnews224.com\/index.php\/wp-json\/wp\/v2\/posts\/5241\/revisions"}],"predecessor-version":[{"id":5243,"href":"https:\/\/universnews224.com\/index.php\/wp-json\/wp\/v2\/posts\/5241\/revisions\/5243"}],"wp:featuredmedia":[{"embeddable":true,"href":"https:\/\/universnews224.com\/index.php\/wp-json\/wp\/v2\/media\/5242"}],"wp:attachment":[{"href":"https:\/\/universnews224.com\/index.php\/wp-json\/wp\/v2\/media?parent=5241"}],"wp:term":[{"taxonomy":"category","embeddable":true,"href":"https:\/\/universnews224.com\/index.php\/wp-json\/wp\/v2\/categories?post=5241"},{"taxonomy":"post_tag","embeddable":true,"href":"https:\/\/universnews224.com\/index.php\/wp-json\/wp\/v2\/tags?post=5241"}],"curies":[{"name":"wp","href":"https:\/\/api.w.org\/{rel}","templated":true}]}}