{"id":5251,"date":"2024-02-23T01:05:10","date_gmt":"2024-02-23T00:05:10","guid":{"rendered":"https:\/\/universnews224.com\/?p=5251"},"modified":"2024-02-23T01:05:10","modified_gmt":"2024-02-23T00:05:10","slug":"guinee-lancement-a-conakry-des-activites-de-la-2eme-edition-du-forum-economique-de-lemergence-magazine","status":"publish","type":"post","link":"https:\/\/universnews224.com\/index.php\/guinee-lancement-a-conakry-des-activites-de-la-2eme-edition-du-forum-economique-de-lemergence-magazine\/","title":{"rendered":"Guin\u00e9e: lancement \u00e0 Conakry des activit\u00e9s de la 2\u00e8me \u00e9dition du Forum \u00e9conomique de l\u2019Emergence Magazine."},"content":{"rendered":"<p class=\"p2\">Le lancement officiel de la 2\u00e8me \u00e9dition du forum \u00e9conomique de Emergence Magazine a eu lieu ce jeudi 22 f\u00e9vrier 2024 dans un r\u00e9ceptif h\u00f4teli\u00e8re de la place \u00e0 Conakry, sous le th\u00e8me \u00ab\u00a0La Guin\u00e9e, terre d\u2019opportunit\u00e9s et d\u2019innovation\u00a0\u00bb. Pr\u00e9sid\u00e9e par Boubacar Yacine Diallo, pr\u00e9sident de la Haute autorit\u00e9 de la Communication (HAC).<a href=\"https:\/\/universnews224.com\/wp-content\/uploads\/2024\/02\/34F2251F-ACC1-4596-B579-C5732FDCAA39.jpeg\"><img loading=\"lazy\" class=\"alignnone size-medium wp-image-5255\" src=\"https:\/\/universnews224.com\/wp-content\/uploads\/2024\/02\/34F2251F-ACC1-4596-B579-C5732FDCAA39-300x224.jpeg\" alt=\"\" width=\"300\" height=\"224\" srcset=\"https:\/\/universnews224.com\/wp-content\/uploads\/2024\/02\/34F2251F-ACC1-4596-B579-C5732FDCAA39-300x224.jpeg 300w, https:\/\/universnews224.com\/wp-content\/uploads\/2024\/02\/34F2251F-ACC1-4596-B579-C5732FDCAA39-1024x766.jpeg 1024w, https:\/\/universnews224.com\/wp-content\/uploads\/2024\/02\/34F2251F-ACC1-4596-B579-C5732FDCAA39-768x575.jpeg 768w, https:\/\/universnews224.com\/wp-content\/uploads\/2024\/02\/34F2251F-ACC1-4596-B579-C5732FDCAA39-720x540.jpeg 720w, https:\/\/universnews224.com\/wp-content\/uploads\/2024\/02\/34F2251F-ACC1-4596-B579-C5732FDCAA39.jpeg 1080w\" sizes=\"(max-width: 300px) 100vw, 300px\" \/><\/a><\/p>\n<p class=\"p2\"><span class=\"s2\">C\u2019\u00e9tait en pr\u00e9sence du representant du pr\u00e9sident du CNT Dr Dansa Kourouma, les partenaires techniques et financiers, les experts en \u00e9conomie et quelque coalitions politiques du pays.<a href=\"https:\/\/universnews224.com\/wp-content\/uploads\/2024\/02\/2D304A2C-BA6C-41DE-AB15-268E7956E6A4.jpeg\"><img loading=\"lazy\" class=\"alignnone size-medium wp-image-5254\" src=\"https:\/\/universnews224.com\/wp-content\/uploads\/2024\/02\/2D304A2C-BA6C-41DE-AB15-268E7956E6A4-300x224.jpeg\" alt=\"\" width=\"300\" height=\"224\" srcset=\"https:\/\/universnews224.com\/wp-content\/uploads\/2024\/02\/2D304A2C-BA6C-41DE-AB15-268E7956E6A4-300x224.jpeg 300w, https:\/\/universnews224.com\/wp-content\/uploads\/2024\/02\/2D304A2C-BA6C-41DE-AB15-268E7956E6A4-1024x766.jpeg 1024w, https:\/\/universnews224.com\/wp-content\/uploads\/2024\/02\/2D304A2C-BA6C-41DE-AB15-268E7956E6A4-768x575.jpeg 768w, https:\/\/universnews224.com\/wp-content\/uploads\/2024\/02\/2D304A2C-BA6C-41DE-AB15-268E7956E6A4-720x540.jpeg 720w, https:\/\/universnews224.com\/wp-content\/uploads\/2024\/02\/2D304A2C-BA6C-41DE-AB15-268E7956E6A4.jpeg 1080w\" sizes=\"(max-width: 300px) 100vw, 300px\" \/><\/a><\/span><\/p>\n<p class=\"p2\"><span class=\"s2\">\u00c0 cette occasion, le vice-pr\u00e9sident du Comit\u00e9 d\u2019organisation du Forum \u00e9conomique d\u2019Emergence, Aboubacar Diallo tr\u00e8s satisfait de la tenue de cette 2\u00e8me phases de concr\u00e9tisation indiqu\u00e9 que \u201dle forum dont vous allez lancer les travaux, a pour th\u00e8me central \u00ab\u00a0la Guin\u00e9e, terre d&rsquo;opportunit\u00e9s et d&rsquo;innovations\u00a0\u00bb.<a href=\"https:\/\/universnews224.com\/wp-content\/uploads\/2024\/02\/F96A3CC8-FED6-44D1-BE2F-57B765C0EF9D.jpeg\"><img loading=\"lazy\" class=\"alignnone size-medium wp-image-5252\" src=\"https:\/\/universnews224.com\/wp-content\/uploads\/2024\/02\/F96A3CC8-FED6-44D1-BE2F-57B765C0EF9D-300x224.jpeg\" alt=\"\" width=\"300\" height=\"224\" srcset=\"https:\/\/universnews224.com\/wp-content\/uploads\/2024\/02\/F96A3CC8-FED6-44D1-BE2F-57B765C0EF9D-300x224.jpeg 300w, https:\/\/universnews224.com\/wp-content\/uploads\/2024\/02\/F96A3CC8-FED6-44D1-BE2F-57B765C0EF9D-1024x766.jpeg 1024w, https:\/\/universnews224.com\/wp-content\/uploads\/2024\/02\/F96A3CC8-FED6-44D1-BE2F-57B765C0EF9D-768x575.jpeg 768w, https:\/\/universnews224.com\/wp-content\/uploads\/2024\/02\/F96A3CC8-FED6-44D1-BE2F-57B765C0EF9D-720x540.jpeg 720w, https:\/\/universnews224.com\/wp-content\/uploads\/2024\/02\/F96A3CC8-FED6-44D1-BE2F-57B765C0EF9D.jpeg 1080w\" sizes=\"(max-width: 300px) 100vw, 300px\" \/><\/a><br \/>\n\u201cIl est constitu\u00e9 de cinq panels se rapportant \u00e0 des secteurs vitaux de la production nationale, comme l&rsquo;\u00e9conomie et les finances, les mines, l&rsquo;agriculture, le num\u00e9rique, l&rsquo;industrie du sport, de la culture et de la presse. On ne le dira jamais assez, la Guin\u00e9e, notre pays, en d\u00e9pit d&rsquo;immenses potentialit\u00e9s dont dame nature l&rsquo;a dot\u00e9e, apr\u00e8s 65 ans d&rsquo;ind\u00e9pendance, a du chemin \u00e0 faire, pour \u00eatre l\u00e9gitimement au niveau du r\u00eave et des esp\u00e9rances nourris par ses populations. Toutefois, elle reste et demeure un pays fascinant et une promesse d&rsquo;un devenir radieux pour ses populations et tous ceux et celles qui y travaillent et y investissent. <\/span><\/p>\n<p class=\"p2\"><span class=\"s2\">Depuis quelques<\/span><span class=\"s2\">\u00a0ann\u00e9es, au gr\u00e9 de politiques<\/span><span class=\"s2\">publiques et r\u00e9formes intelligentes et\u00a0<\/span><span class=\"s2\">hardies, elle fait une part belle \u00e0 l&rsquo;innovation technique et technologique, de sorte \u00e0 mettre tous les atouts de son c\u00f4t\u00e9, en vue de tirer tout la meilleure partie de la 4\u00e8me r\u00e9volution industrielle. Durant les deux jours que dureront les travaux de ce forum, les \u00e9changes s&rsquo;articuleront, rappelons-le, autour de cinq panels qui seront anim\u00e9s par d\u2019\u00e9minentes personnalit\u00e9s Etatiques, des experts nationaux et internationaux, issus de\u00a0<\/span>\u00a0milieux divers et aux profils vari\u00e9s\u00bb, a soulign\u00e9 vice pr\u00e9sident.<\/p>\n<p class=\"p2\"><span class=\"s2\">Au nom du Pr\u00e9sident du conseil national de la transition (CNT) et celui de la Haute autorit\u00e9 de la communication (HAC), honorable Seny Facinet Cont\u00e9 tr\u00e8s \u00e9mu de organisation affirme que :<a href=\"https:\/\/universnews224.com\/wp-content\/uploads\/2024\/02\/04570772-759A-4986-9824-7B346E2707D8.jpeg\"><img loading=\"lazy\" class=\"alignnone size-medium wp-image-5253\" src=\"https:\/\/universnews224.com\/wp-content\/uploads\/2024\/02\/04570772-759A-4986-9824-7B346E2707D8-300x225.jpeg\" alt=\"\" width=\"300\" height=\"225\" srcset=\"https:\/\/universnews224.com\/wp-content\/uploads\/2024\/02\/04570772-759A-4986-9824-7B346E2707D8-300x225.jpeg 300w, https:\/\/universnews224.com\/wp-content\/uploads\/2024\/02\/04570772-759A-4986-9824-7B346E2707D8-1024x767.jpeg 1024w, https:\/\/universnews224.com\/wp-content\/uploads\/2024\/02\/04570772-759A-4986-9824-7B346E2707D8-768x575.jpeg 768w, https:\/\/universnews224.com\/wp-content\/uploads\/2024\/02\/04570772-759A-4986-9824-7B346E2707D8-720x540.jpeg 720w, https:\/\/universnews224.com\/wp-content\/uploads\/2024\/02\/04570772-759A-4986-9824-7B346E2707D8.jpeg 1080w\" sizes=\"(max-width: 300px) 100vw, 300px\" \/><\/a> <\/span><\/p>\n<p class=\"p2\"><span class=\"s2\">\u00ab Le r\u00e9sultat de la campagne de Duba\u00ef sur le financement du programme de r\u00e9f\u00e9rence int\u00e9rimaire (PRI) est une preuve concr\u00e8te du positionnement de la Guin\u00e9e comme terre d\u2019opportunit\u00e9s dans le concert des nations.Toutefois, l\u2019opportunit\u00e9 et l\u2019innovation ne peuvent fl\u00e9chir que dans un environnement incitatif port\u00e9s par des pouvoirs publics en phase avec les enjeux du moment du monde. C\u2019est le lieu de saluer le r\u00f4le majeur des autorit\u00e9s de la transition \u00e0 sa t\u00eate le G\u00e9n\u00e9ral Mamadi Doumbouya. Pour nous, l\u2019\u00e9mergence est plus qu\u2019un slogan. Il s\u2019agit d\u2019un Cr\u00e9do, d\u2019une aspiration forte et profonde encr\u00e9e dans une conviction ferme et in\u00e9branlable quant \u00e0 un d\u00e9veloppement exponentiel de notre pays richement prouver. Une Guin\u00e9e, terre d\u2019opportunit\u00e9s et d\u2019innovations, une Guin\u00e9e \u00e9mergente, c\u2019est aussi une nation b\u00e2tie sur le vivre ensemble. Au nom du pr\u00e9sident du conseil national de la transition, Dr Dansa Kourouma et au nom du pr\u00e9sident de la Haute autorit\u00e9 de la Communication, je voudrais vous assurer de la volont\u00e9 de nos institutions \u00e0 jouer leurs partitions dans le concert du d\u00e9veloppement national \u00bb, a mentionn\u00e9 le deuxi\u00e8me vice-pr\u00e9sident du CNT. <\/span><\/p>\n<p class=\"p2\"><span class=\"s2\"><a href=\"https:\/\/universnews224.com\/wp-content\/uploads\/2024\/02\/34F2251F-ACC1-4596-B579-C5732FDCAA39.jpeg\"><img loading=\"lazy\" class=\"alignnone size-medium wp-image-5255\" src=\"https:\/\/universnews224.com\/wp-content\/uploads\/2024\/02\/34F2251F-ACC1-4596-B579-C5732FDCAA39-300x224.jpeg\" alt=\"\" width=\"300\" height=\"224\" srcset=\"https:\/\/universnews224.com\/wp-content\/uploads\/2024\/02\/34F2251F-ACC1-4596-B579-C5732FDCAA39-300x224.jpeg 300w, https:\/\/universnews224.com\/wp-content\/uploads\/2024\/02\/34F2251F-ACC1-4596-B579-C5732FDCAA39-1024x766.jpeg 1024w, https:\/\/universnews224.com\/wp-content\/uploads\/2024\/02\/34F2251F-ACC1-4596-B579-C5732FDCAA39-768x575.jpeg 768w, https:\/\/universnews224.com\/wp-content\/uploads\/2024\/02\/34F2251F-ACC1-4596-B579-C5732FDCAA39-720x540.jpeg 720w, https:\/\/universnews224.com\/wp-content\/uploads\/2024\/02\/34F2251F-ACC1-4596-B579-C5732FDCAA39.jpeg 1080w\" sizes=\"(max-width: 300px) 100vw, 300px\" \/><\/a>Sana Sylla<\/span><\/p>\n","protected":false},"excerpt":{"rendered":"<p>Le lancement officiel de la 2\u00e8me \u00e9dition du forum \u00e9conomique de Emergence Magazine a eu<\/p>\n","protected":false},"author":2,"featured_media":0,"comment_status":"closed","ping_status":"open","sticky":false,"template":"","format":"standard","meta":[],"categories":[3,5],"tags":[229],"yoast_head":"<!-- This site is optimized with the Yoast SEO plugin v19.13 - https:\/\/yoast.com\/wordpress\/plugins\/seo\/ -->\n<title>Guin\u00e9e: lancement \u00e0 Conakry des activit\u00e9s de la 2\u00e8me \u00e9dition du Forum \u00e9conomique de l\u2019Emergence Magazine. - UNIVERSNEWS224<\/title>\n<meta name=\"robots\" content=\"index, follow, max-snippet:-1, max-image-preview:large, max-video-preview:-1\" \/>\n<link rel=\"canonical\" href=\"https:\/\/universnews224.com\/index.php\/guinee-lancement-a-conakry-des-activites-de-la-2eme-edition-du-forum-economique-de-lemergence-magazine\/\" \/>\n<meta property=\"og:locale\" content=\"fr_FR\" \/>\n<meta property=\"og:type\" content=\"article\" \/>\n<meta property=\"og:title\" content=\"Guin\u00e9e: lancement \u00e0 Conakry des activit\u00e9s de la 2\u00e8me \u00e9dition du Forum \u00e9conomique de l\u2019Emergence Magazine. - UNIVERSNEWS224\" \/>\n<meta property=\"og:description\" content=\"Le lancement officiel de la 2\u00e8me \u00e9dition du forum \u00e9conomique de Emergence Magazine a eu\" \/>\n<meta property=\"og:url\" content=\"https:\/\/universnews224.com\/index.php\/guinee-lancement-a-conakry-des-activites-de-la-2eme-edition-du-forum-economique-de-lemergence-magazine\/\" \/>\n<meta property=\"og:site_name\" content=\"UNIVERSNEWS224\" \/>\n<meta property=\"article:published_time\" content=\"2024-02-23T00:05:10+00:00\" \/>\n<meta property=\"og:image\" content=\"https:\/\/universnews224.com\/wp-content\/uploads\/2024\/02\/34F2251F-ACC1-4596-B579-C5732FDCAA39-300x224.jpeg\" \/>\n<meta name=\"author\" content=\"La R\u00e9daction\" \/>\n<meta name=\"twitter:label1\" content=\"\u00c9crit par\" \/>\n\t<meta name=\"twitter:data1\" content=\"La R\u00e9daction\" \/>\n\t<meta name=\"twitter:label2\" content=\"Dur\u00e9e de lecture estim\u00e9e\" \/>\n\t<meta name=\"twitter:data2\" content=\"4 minutes\" \/>\n<script type=\"application\/ld+json\" class=\"yoast-schema-graph\">{\"@context\":\"https:\/\/schema.org\",\"@graph\":[{\"@type\":\"Article\",\"@id\":\"https:\/\/universnews224.com\/index.php\/guinee-lancement-a-conakry-des-activites-de-la-2eme-edition-du-forum-economique-de-lemergence-magazine\/#article\",\"isPartOf\":{\"@id\":\"https:\/\/universnews224.com\/index.php\/guinee-lancement-a-conakry-des-activites-de-la-2eme-edition-du-forum-economique-de-lemergence-magazine\/\"},\"author\":{\"name\":\"La R\u00e9daction\",\"@id\":\"https:\/\/universnews224.com\/#\/schema\/person\/a4b7d4f94a4716df60456a491260485e\"},\"headline\":\"Guin\u00e9e: lancement \u00e0 Conakry des activit\u00e9s de la 2\u00e8me \u00e9dition du Forum \u00e9conomique de l\u2019Emergence Magazine.\",\"datePublished\":\"2024-02-23T00:05:10+00:00\",\"dateModified\":\"2024-02-23T00:05:10+00:00\",\"mainEntityOfPage\":{\"@id\":\"https:\/\/universnews224.com\/index.php\/guinee-lancement-a-conakry-des-activites-de-la-2eme-edition-du-forum-economique-de-lemergence-magazine\/\"},\"wordCount\":625,\"publisher\":{\"@id\":\"https:\/\/universnews224.com\/#organization\"},\"keywords\":[\"La une\"],\"articleSection\":[\"ACTU\",\"SOCI\u00c9T\u00c9\"],\"inLanguage\":\"fr-FR\"},{\"@type\":\"WebPage\",\"@id\":\"https:\/\/universnews224.com\/index.php\/guinee-lancement-a-conakry-des-activites-de-la-2eme-edition-du-forum-economique-de-lemergence-magazine\/\",\"url\":\"https:\/\/universnews224.com\/index.php\/guinee-lancement-a-conakry-des-activites-de-la-2eme-edition-du-forum-economique-de-lemergence-magazine\/\",\"name\":\"Guin\u00e9e: lancement \u00e0 Conakry des activit\u00e9s de la 2\u00e8me \u00e9dition du Forum \u00e9conomique de l\u2019Emergence Magazine. - UNIVERSNEWS224\",\"isPartOf\":{\"@id\":\"https:\/\/universnews224.com\/#website\"},\"datePublished\":\"2024-02-23T00:05:10+00:00\",\"dateModified\":\"2024-02-23T00:05:10+00:00\",\"inLanguage\":\"fr-FR\",\"potentialAction\":[{\"@type\":\"ReadAction\",\"target\":[\"https:\/\/universnews224.com\/index.php\/guinee-lancement-a-conakry-des-activites-de-la-2eme-edition-du-forum-economique-de-lemergence-magazine\/\"]}]},{\"@type\":\"WebSite\",\"@id\":\"https:\/\/universnews224.com\/#website\",\"url\":\"https:\/\/universnews224.com\/\",\"name\":\"UNIVERSNEWS224\",\"description\":\"\",\"publisher\":{\"@id\":\"https:\/\/universnews224.com\/#organization\"},\"potentialAction\":[{\"@type\":\"SearchAction\",\"target\":{\"@type\":\"EntryPoint\",\"urlTemplate\":\"https:\/\/universnews224.com\/?s={search_term_string}\"},\"query-input\":\"required name=search_term_string\"}],\"inLanguage\":\"fr-FR\"},{\"@type\":\"Organization\",\"@id\":\"https:\/\/universnews224.com\/#organization\",\"name\":\"UNIVERSNEWS224\",\"url\":\"https:\/\/universnews224.com\/\",\"logo\":{\"@type\":\"ImageObject\",\"inLanguage\":\"fr-FR\",\"@id\":\"https:\/\/universnews224.com\/#\/schema\/logo\/image\/\",\"url\":\"https:\/\/universnews224.com\/wp-content\/uploads\/2022\/08\/cropped-cropped-logoban.jpg\",\"contentUrl\":\"https:\/\/universnews224.com\/wp-content\/uploads\/2022\/08\/cropped-cropped-logoban.jpg\",\"width\":1080,\"height\":138,\"caption\":\"UNIVERSNEWS224\"},\"image\":{\"@id\":\"https:\/\/universnews224.com\/#\/schema\/logo\/image\/\"}},{\"@type\":\"Person\",\"@id\":\"https:\/\/universnews224.com\/#\/schema\/person\/a4b7d4f94a4716df60456a491260485e\",\"name\":\"La R\u00e9daction\",\"image\":{\"@type\":\"ImageObject\",\"inLanguage\":\"fr-FR\",\"@id\":\"https:\/\/universnews224.com\/#\/schema\/person\/image\/\",\"url\":\"https:\/\/secure.gravatar.com\/avatar\/edb90acc7752b23e1b3307ad36c14f0d?s=96&d=mm&r=g\",\"contentUrl\":\"https:\/\/secure.gravatar.com\/avatar\/edb90acc7752b23e1b3307ad36c14f0d?s=96&d=mm&r=g\",\"caption\":\"La R\u00e9daction\"},\"sameAs\":[\"https:\/\/universnews224.com\"],\"url\":\"https:\/\/universnews224.com\/index.php\/author\/m-camara\/\"}]}<\/script>\n<!-- \/ Yoast SEO plugin. -->","yoast_head_json":{"title":"Guin\u00e9e: lancement \u00e0 Conakry des activit\u00e9s de la 2\u00e8me \u00e9dition du Forum \u00e9conomique de l\u2019Emergence Magazine. - UNIVERSNEWS224","robots":{"index":"index","follow":"follow","max-snippet":"max-snippet:-1","max-image-preview":"max-image-preview:large","max-video-preview":"max-video-preview:-1"},"canonical":"https:\/\/universnews224.com\/index.php\/guinee-lancement-a-conakry-des-activites-de-la-2eme-edition-du-forum-economique-de-lemergence-magazine\/","og_locale":"fr_FR","og_type":"article","og_title":"Guin\u00e9e: lancement \u00e0 Conakry des activit\u00e9s de la 2\u00e8me \u00e9dition du Forum \u00e9conomique de l\u2019Emergence Magazine. - UNIVERSNEWS224","og_description":"Le lancement officiel de la 2\u00e8me \u00e9dition du forum \u00e9conomique de Emergence Magazine a eu","og_url":"https:\/\/universnews224.com\/index.php\/guinee-lancement-a-conakry-des-activites-de-la-2eme-edition-du-forum-economique-de-lemergence-magazine\/","og_site_name":"UNIVERSNEWS224","article_published_time":"2024-02-23T00:05:10+00:00","og_image":[{"url":"https:\/\/universnews224.com\/wp-content\/uploads\/2024\/02\/34F2251F-ACC1-4596-B579-C5732FDCAA39-300x224.jpeg"}],"author":"La R\u00e9daction","twitter_misc":{"\u00c9crit par":"La R\u00e9daction","Dur\u00e9e de lecture estim\u00e9e":"4 minutes"},"schema":{"@context":"https:\/\/schema.org","@graph":[{"@type":"Article","@id":"https:\/\/universnews224.com\/index.php\/guinee-lancement-a-conakry-des-activites-de-la-2eme-edition-du-forum-economique-de-lemergence-magazine\/#article","isPartOf":{"@id":"https:\/\/universnews224.com\/index.php\/guinee-lancement-a-conakry-des-activites-de-la-2eme-edition-du-forum-economique-de-lemergence-magazine\/"},"author":{"name":"La R\u00e9daction","@id":"https:\/\/universnews224.com\/#\/schema\/person\/a4b7d4f94a4716df60456a491260485e"},"headline":"Guin\u00e9e: lancement \u00e0 Conakry des activit\u00e9s de la 2\u00e8me \u00e9dition du Forum \u00e9conomique de l\u2019Emergence Magazine.","datePublished":"2024-02-23T00:05:10+00:00","dateModified":"2024-02-23T00:05:10+00:00","mainEntityOfPage":{"@id":"https:\/\/universnews224.com\/index.php\/guinee-lancement-a-conakry-des-activites-de-la-2eme-edition-du-forum-economique-de-lemergence-magazine\/"},"wordCount":625,"publisher":{"@id":"https:\/\/universnews224.com\/#organization"},"keywords":["La une"],"articleSection":["ACTU","SOCI\u00c9T\u00c9"],"inLanguage":"fr-FR"},{"@type":"WebPage","@id":"https:\/\/universnews224.com\/index.php\/guinee-lancement-a-conakry-des-activites-de-la-2eme-edition-du-forum-economique-de-lemergence-magazine\/","url":"https:\/\/universnews224.com\/index.php\/guinee-lancement-a-conakry-des-activites-de-la-2eme-edition-du-forum-economique-de-lemergence-magazine\/","name":"Guin\u00e9e: lancement \u00e0 Conakry des activit\u00e9s de la 2\u00e8me \u00e9dition du Forum \u00e9conomique de l\u2019Emergence Magazine. - UNIVERSNEWS224","isPartOf":{"@id":"https:\/\/universnews224.com\/#website"},"datePublished":"2024-02-23T00:05:10+00:00","dateModified":"2024-02-23T00:05:10+00:00","inLanguage":"fr-FR","potentialAction":[{"@type":"ReadAction","target":["https:\/\/universnews224.com\/index.php\/guinee-lancement-a-conakry-des-activites-de-la-2eme-edition-du-forum-economique-de-lemergence-magazine\/"]}]},{"@type":"WebSite","@id":"https:\/\/universnews224.com\/#website","url":"https:\/\/universnews224.com\/","name":"UNIVERSNEWS224","description":"","publisher":{"@id":"https:\/\/universnews224.com\/#organization"},"potentialAction":[{"@type":"SearchAction","target":{"@type":"EntryPoint","urlTemplate":"https:\/\/universnews224.com\/?s={search_term_string}"},"query-input":"required name=search_term_string"}],"inLanguage":"fr-FR"},{"@type":"Organization","@id":"https:\/\/universnews224.com\/#organization","name":"UNIVERSNEWS224","url":"https:\/\/universnews224.com\/","logo":{"@type":"ImageObject","inLanguage":"fr-FR","@id":"https:\/\/universnews224.com\/#\/schema\/logo\/image\/","url":"https:\/\/universnews224.com\/wp-content\/uploads\/2022\/08\/cropped-cropped-logoban.jpg","contentUrl":"https:\/\/universnews224.com\/wp-content\/uploads\/2022\/08\/cropped-cropped-logoban.jpg","width":1080,"height":138,"caption":"UNIVERSNEWS224"},"image":{"@id":"https:\/\/universnews224.com\/#\/schema\/logo\/image\/"}},{"@type":"Person","@id":"https:\/\/universnews224.com\/#\/schema\/person\/a4b7d4f94a4716df60456a491260485e","name":"La R\u00e9daction","image":{"@type":"ImageObject","inLanguage":"fr-FR","@id":"https:\/\/universnews224.com\/#\/schema\/person\/image\/","url":"https:\/\/secure.gravatar.com\/avatar\/edb90acc7752b23e1b3307ad36c14f0d?s=96&d=mm&r=g","contentUrl":"https:\/\/secure.gravatar.com\/avatar\/edb90acc7752b23e1b3307ad36c14f0d?s=96&d=mm&r=g","caption":"La R\u00e9daction"},"sameAs":["https:\/\/universnews224.com"],"url":"https:\/\/universnews224.com\/index.php\/author\/m-camara\/"}]}},"_links":{"self":[{"href":"https:\/\/universnews224.com\/index.php\/wp-json\/wp\/v2\/posts\/5251"}],"collection":[{"href":"https:\/\/universnews224.com\/index.php\/wp-json\/wp\/v2\/posts"}],"about":[{"href":"https:\/\/universnews224.com\/index.php\/wp-json\/wp\/v2\/types\/post"}],"author":[{"embeddable":true,"href":"https:\/\/universnews224.com\/index.php\/wp-json\/wp\/v2\/users\/2"}],"replies":[{"embeddable":true,"href":"https:\/\/universnews224.com\/index.php\/wp-json\/wp\/v2\/comments?post=5251"}],"version-history":[{"count":1,"href":"https:\/\/universnews224.com\/index.php\/wp-json\/wp\/v2\/posts\/5251\/revisions"}],"predecessor-version":[{"id":5256,"href":"https:\/\/universnews224.com\/index.php\/wp-json\/wp\/v2\/posts\/5251\/revisions\/5256"}],"wp:attachment":[{"href":"https:\/\/universnews224.com\/index.php\/wp-json\/wp\/v2\/media?parent=5251"}],"wp:term":[{"taxonomy":"category","embeddable":true,"href":"https:\/\/universnews224.com\/index.php\/wp-json\/wp\/v2\/categories?post=5251"},{"taxonomy":"post_tag","embeddable":true,"href":"https:\/\/universnews224.com\/index.php\/wp-json\/wp\/v2\/tags?post=5251"}],"curies":[{"name":"wp","href":"https:\/\/api.w.org\/{rel}","templated":true}]}}