{"id":5264,"date":"2024-02-23T20:54:48","date_gmt":"2024-02-23T19:54:48","guid":{"rendered":"https:\/\/universnews224.com\/?p=5264"},"modified":"2024-02-23T20:54:48","modified_gmt":"2024-02-23T19:54:48","slug":"me-salifou-beavogui-apres-la-condamnation-de-pendessa-la-decision-qui-vient-detre-rendue-est-tout-sauf-une-decision-de-justice","status":"publish","type":"post","link":"https:\/\/universnews224.com\/index.php\/me-salifou-beavogui-apres-la-condamnation-de-pendessa-la-decision-qui-vient-detre-rendue-est-tout-sauf-une-decision-de-justice\/","title":{"rendered":"Me. Salifou B\u00e9avogui apr\u00e8s la condamnation de Pendessa: \u2018\u2019la d\u00e9cision qui vient d\u2019\u00eatre rendue, est tout sauf une d\u00e9cision de justice\u2019\u2019"},"content":{"rendered":"<p>C\u2019est d\u00e9sormais un sale temps pour la presse guin\u00e9enne. Ce vendredi 23 f\u00e9vrier 2024, le journaliste et secr\u00e9taire g\u00e9n\u00e9ral du Syndicat des professionnels de la presse de Guin\u00e9e, S\u00e9kou Jamal Pendessa a \u00e9t\u00e9 condamn\u00e9 par le tribunal correctionnel de Dixinn, \u00e0 six (6) mois d\u2019emprisonnement, dont trois assortis de sursis, et au paiement d\u2019une amende de 500 000 GNF.<\/p>\n<p>Au sortir de la salle d\u2019audience, Me Salifou B\u00e9avogui, l\u2019un des avocats de S\u00e9kou Jamal Pendessa, a laiss\u00e9 entendre que cette d\u00e9cision du juge Mory Bayo est une d\u00e9cision qui a \u00e9t\u00e9 r\u00e9dig\u00e9e comme si on avait charg\u00e9 quelqu\u2019un de venir la lire. Car pour lui, c\u2019est une d\u00e9cision qui a \u00e9t\u00e9 lue avec beaucoup de t\u00e2tonnements et de fa\u00e7on incompr\u00e9hensible.<\/p>\n<p>\u2018\u2019La d\u00e9cision qui vient d\u2019\u00eatre rendue est tout sauf une d\u00e9cision de justice. Les infractions pour lesquelles notre client vient d\u2019\u00eatre injustement condamn\u00e9 et retourn\u00e9 en prison, n\u2019ont jamais fait l\u2019objet de poursuites, n\u2019ont jamais fait l\u2019objet d\u2019instruction pr\u00e9paratoire, n\u2019ont jamais fait l\u2019objet de d\u00e9bats \u00e0 l\u2019audience, et encore moins de contradictions. Ce sont d\u2019autres infractions que le tribunal est all\u00e9 chercher dans le code pour servir de base \u00e0 une condamnation qui n\u2019existe pas\u2019\u2019, a-t-il d\u00e9clar\u00e9, avant de rappeler les faits pour lesquels son client a \u00e9t\u00e9 injustement condamn\u00e9.<\/p>\n<div class=\"jeg_ad jeg_ad_article jnews_content_inline_3_ads  \">\n<div class=\"ads-wrapper align-center \"><\/div>\n<\/div>\n<p>\u2018\u2019Il a \u00e9t\u00e9 condamn\u00e9 express\u00e9ment \u00e0 la lecture \u00e0 la vol\u00e9e, d\u2019avoir provoqu\u00e9 un attroupement dans un lieu public, et que cet attroupement aurait port\u00e9 atteinte \u00e0 l\u2019honneur et \u00e0 la dignit\u00e9 des personnes, et que cet attroupement a \u00e9t\u00e9 provoqu\u00e9 par la voie des r\u00e9seaux sociaux, par la voix des infractions telles que pr\u00e9vues par la cybercriminalit\u00e9, mais \u00e7a, c\u2019est du faux et archi faux. S\u00e9kou Jamal Pendessa n\u2019a jamais appel\u00e9 au public, il n\u2019a jamais provoqu\u00e9 un attroupement, et cet attroupement n\u2019a jamais port\u00e9 atteinte \u00e0 l\u2019honneur et \u00e0 la dignit\u00e9 de qui que ce soit, et il n\u2019y a pas eu de victimes dans cette affaire.<\/p>\n<p>La Maison de la Presse est une maison professionnelle, une maison qui sert de domicile l\u00e9gal pour les journalistes, c\u2019est l\u00e0 o\u00f9 Pendessa s\u2019est trouv\u00e9 avec ses coll\u00e8gues. Donc, toutes ces infractions l\u00e0 sont fausses et n\u2019ont rien de juridique\u2019\u2019, a-t-il martel\u00e9.<\/p>\n<p>Par ailleurs, M. Salifou B\u00e9avogui a laiss\u00e9 entendre qu\u2019ils vont relever appel dans les prochains jours.<\/p>\n<p>\u2018\u2019Nous allons syst\u00e9matiquement faire appel, nous l\u2019avons d\u00e9j\u00e0 annonc\u00e9 dans la salle. Nous allons relever appel, car, c\u2019est une d\u00e9cision qui ne repose sur aucune base l\u00e9gale, si ce n\u2019est que l\u2019arbitraire et l\u2019injustice. Aujourd\u2019hui, Pendessa est en prison simplement parce qu\u2019il demande la lib\u00e9ration de l\u2019Internet, la lib\u00e9ration des m\u00e9dias priv\u00e9s, l\u2019exercice des libert\u00e9s, l\u2019exercice de l\u2019\u00e9tat de droit et de la d\u00e9mocratie. Et comme il se bat pour ces valeurs, nous allons continuer \u00e0 nous battre \u00e0 ses c\u00f4t\u00e9s\u2019\u2019, a-t-il d\u00e9clar\u00e9.<\/p>\n","protected":false},"excerpt":{"rendered":"<p>C\u2019est d\u00e9sormais un sale temps pour la presse guin\u00e9enne. Ce vendredi 23 f\u00e9vrier 2024, le<\/p>\n","protected":false},"author":2,"featured_media":0,"comment_status":"closed","ping_status":"open","sticky":false,"template":"","format":"standard","meta":[],"categories":[3,5],"tags":[229],"yoast_head":"<!-- This site is optimized with the Yoast SEO plugin v19.13 - https:\/\/yoast.com\/wordpress\/plugins\/seo\/ -->\n<title>Me. Salifou B\u00e9avogui apr\u00e8s la condamnation de Pendessa: \u2018\u2019la d\u00e9cision qui vient d\u2019\u00eatre rendue, est tout sauf une d\u00e9cision de justice\u2019\u2019 - UNIVERSNEWS224<\/title>\n<meta name=\"robots\" content=\"index, follow, max-snippet:-1, max-image-preview:large, max-video-preview:-1\" \/>\n<link rel=\"canonical\" href=\"https:\/\/universnews224.com\/index.php\/me-salifou-beavogui-apres-la-condamnation-de-pendessa-la-decision-qui-vient-detre-rendue-est-tout-sauf-une-decision-de-justice\/\" \/>\n<meta property=\"og:locale\" content=\"fr_FR\" \/>\n<meta property=\"og:type\" content=\"article\" \/>\n<meta property=\"og:title\" content=\"Me. Salifou B\u00e9avogui apr\u00e8s la condamnation de Pendessa: \u2018\u2019la d\u00e9cision qui vient d\u2019\u00eatre rendue, est tout sauf une d\u00e9cision de justice\u2019\u2019 - UNIVERSNEWS224\" \/>\n<meta property=\"og:description\" content=\"C\u2019est d\u00e9sormais un sale temps pour la presse guin\u00e9enne. Ce vendredi 23 f\u00e9vrier 2024, le\" \/>\n<meta property=\"og:url\" content=\"https:\/\/universnews224.com\/index.php\/me-salifou-beavogui-apres-la-condamnation-de-pendessa-la-decision-qui-vient-detre-rendue-est-tout-sauf-une-decision-de-justice\/\" \/>\n<meta property=\"og:site_name\" content=\"UNIVERSNEWS224\" \/>\n<meta property=\"article:published_time\" content=\"2024-02-23T19:54:48+00:00\" \/>\n<meta name=\"author\" content=\"La R\u00e9daction\" \/>\n<meta name=\"twitter:label1\" content=\"\u00c9crit par\" \/>\n\t<meta name=\"twitter:data1\" content=\"La R\u00e9daction\" \/>\n\t<meta name=\"twitter:label2\" content=\"Dur\u00e9e de lecture estim\u00e9e\" \/>\n\t<meta name=\"twitter:data2\" content=\"3 minutes\" \/>\n<script type=\"application\/ld+json\" class=\"yoast-schema-graph\">{\"@context\":\"https:\/\/schema.org\",\"@graph\":[{\"@type\":\"Article\",\"@id\":\"https:\/\/universnews224.com\/index.php\/me-salifou-beavogui-apres-la-condamnation-de-pendessa-la-decision-qui-vient-detre-rendue-est-tout-sauf-une-decision-de-justice\/#article\",\"isPartOf\":{\"@id\":\"https:\/\/universnews224.com\/index.php\/me-salifou-beavogui-apres-la-condamnation-de-pendessa-la-decision-qui-vient-detre-rendue-est-tout-sauf-une-decision-de-justice\/\"},\"author\":{\"name\":\"La R\u00e9daction\",\"@id\":\"https:\/\/universnews224.com\/#\/schema\/person\/a4b7d4f94a4716df60456a491260485e\"},\"headline\":\"Me. Salifou B\u00e9avogui apr\u00e8s la condamnation de Pendessa: \u2018\u2019la d\u00e9cision qui vient d\u2019\u00eatre rendue, est tout sauf une d\u00e9cision de justice\u2019\u2019\",\"datePublished\":\"2024-02-23T19:54:48+00:00\",\"dateModified\":\"2024-02-23T19:54:48+00:00\",\"mainEntityOfPage\":{\"@id\":\"https:\/\/universnews224.com\/index.php\/me-salifou-beavogui-apres-la-condamnation-de-pendessa-la-decision-qui-vient-detre-rendue-est-tout-sauf-une-decision-de-justice\/\"},\"wordCount\":556,\"publisher\":{\"@id\":\"https:\/\/universnews224.com\/#organization\"},\"keywords\":[\"La une\"],\"articleSection\":[\"ACTU\",\"SOCI\u00c9T\u00c9\"],\"inLanguage\":\"fr-FR\"},{\"@type\":\"WebPage\",\"@id\":\"https:\/\/universnews224.com\/index.php\/me-salifou-beavogui-apres-la-condamnation-de-pendessa-la-decision-qui-vient-detre-rendue-est-tout-sauf-une-decision-de-justice\/\",\"url\":\"https:\/\/universnews224.com\/index.php\/me-salifou-beavogui-apres-la-condamnation-de-pendessa-la-decision-qui-vient-detre-rendue-est-tout-sauf-une-decision-de-justice\/\",\"name\":\"Me. Salifou B\u00e9avogui apr\u00e8s la condamnation de Pendessa: \u2018\u2019la d\u00e9cision qui vient d\u2019\u00eatre rendue, est tout sauf une d\u00e9cision de justice\u2019\u2019 - UNIVERSNEWS224\",\"isPartOf\":{\"@id\":\"https:\/\/universnews224.com\/#website\"},\"datePublished\":\"2024-02-23T19:54:48+00:00\",\"dateModified\":\"2024-02-23T19:54:48+00:00\",\"inLanguage\":\"fr-FR\",\"potentialAction\":[{\"@type\":\"ReadAction\",\"target\":[\"https:\/\/universnews224.com\/index.php\/me-salifou-beavogui-apres-la-condamnation-de-pendessa-la-decision-qui-vient-detre-rendue-est-tout-sauf-une-decision-de-justice\/\"]}]},{\"@type\":\"WebSite\",\"@id\":\"https:\/\/universnews224.com\/#website\",\"url\":\"https:\/\/universnews224.com\/\",\"name\":\"UNIVERSNEWS224\",\"description\":\"\",\"publisher\":{\"@id\":\"https:\/\/universnews224.com\/#organization\"},\"potentialAction\":[{\"@type\":\"SearchAction\",\"target\":{\"@type\":\"EntryPoint\",\"urlTemplate\":\"https:\/\/universnews224.com\/?s={search_term_string}\"},\"query-input\":\"required name=search_term_string\"}],\"inLanguage\":\"fr-FR\"},{\"@type\":\"Organization\",\"@id\":\"https:\/\/universnews224.com\/#organization\",\"name\":\"UNIVERSNEWS224\",\"url\":\"https:\/\/universnews224.com\/\",\"logo\":{\"@type\":\"ImageObject\",\"inLanguage\":\"fr-FR\",\"@id\":\"https:\/\/universnews224.com\/#\/schema\/logo\/image\/\",\"url\":\"https:\/\/universnews224.com\/wp-content\/uploads\/2022\/08\/cropped-cropped-logoban.jpg\",\"contentUrl\":\"https:\/\/universnews224.com\/wp-content\/uploads\/2022\/08\/cropped-cropped-logoban.jpg\",\"width\":1080,\"height\":138,\"caption\":\"UNIVERSNEWS224\"},\"image\":{\"@id\":\"https:\/\/universnews224.com\/#\/schema\/logo\/image\/\"}},{\"@type\":\"Person\",\"@id\":\"https:\/\/universnews224.com\/#\/schema\/person\/a4b7d4f94a4716df60456a491260485e\",\"name\":\"La R\u00e9daction\",\"image\":{\"@type\":\"ImageObject\",\"inLanguage\":\"fr-FR\",\"@id\":\"https:\/\/universnews224.com\/#\/schema\/person\/image\/\",\"url\":\"https:\/\/secure.gravatar.com\/avatar\/edb90acc7752b23e1b3307ad36c14f0d?s=96&d=mm&r=g\",\"contentUrl\":\"https:\/\/secure.gravatar.com\/avatar\/edb90acc7752b23e1b3307ad36c14f0d?s=96&d=mm&r=g\",\"caption\":\"La R\u00e9daction\"},\"sameAs\":[\"https:\/\/universnews224.com\"],\"url\":\"https:\/\/universnews224.com\/index.php\/author\/m-camara\/\"}]}<\/script>\n<!-- \/ Yoast SEO plugin. -->","yoast_head_json":{"title":"Me. Salifou B\u00e9avogui apr\u00e8s la condamnation de Pendessa: \u2018\u2019la d\u00e9cision qui vient d\u2019\u00eatre rendue, est tout sauf une d\u00e9cision de justice\u2019\u2019 - UNIVERSNEWS224","robots":{"index":"index","follow":"follow","max-snippet":"max-snippet:-1","max-image-preview":"max-image-preview:large","max-video-preview":"max-video-preview:-1"},"canonical":"https:\/\/universnews224.com\/index.php\/me-salifou-beavogui-apres-la-condamnation-de-pendessa-la-decision-qui-vient-detre-rendue-est-tout-sauf-une-decision-de-justice\/","og_locale":"fr_FR","og_type":"article","og_title":"Me. Salifou B\u00e9avogui apr\u00e8s la condamnation de Pendessa: \u2018\u2019la d\u00e9cision qui vient d\u2019\u00eatre rendue, est tout sauf une d\u00e9cision de justice\u2019\u2019 - UNIVERSNEWS224","og_description":"C\u2019est d\u00e9sormais un sale temps pour la presse guin\u00e9enne. Ce vendredi 23 f\u00e9vrier 2024, le","og_url":"https:\/\/universnews224.com\/index.php\/me-salifou-beavogui-apres-la-condamnation-de-pendessa-la-decision-qui-vient-detre-rendue-est-tout-sauf-une-decision-de-justice\/","og_site_name":"UNIVERSNEWS224","article_published_time":"2024-02-23T19:54:48+00:00","author":"La R\u00e9daction","twitter_misc":{"\u00c9crit par":"La R\u00e9daction","Dur\u00e9e de lecture estim\u00e9e":"3 minutes"},"schema":{"@context":"https:\/\/schema.org","@graph":[{"@type":"Article","@id":"https:\/\/universnews224.com\/index.php\/me-salifou-beavogui-apres-la-condamnation-de-pendessa-la-decision-qui-vient-detre-rendue-est-tout-sauf-une-decision-de-justice\/#article","isPartOf":{"@id":"https:\/\/universnews224.com\/index.php\/me-salifou-beavogui-apres-la-condamnation-de-pendessa-la-decision-qui-vient-detre-rendue-est-tout-sauf-une-decision-de-justice\/"},"author":{"name":"La R\u00e9daction","@id":"https:\/\/universnews224.com\/#\/schema\/person\/a4b7d4f94a4716df60456a491260485e"},"headline":"Me. Salifou B\u00e9avogui apr\u00e8s la condamnation de Pendessa: \u2018\u2019la d\u00e9cision qui vient d\u2019\u00eatre rendue, est tout sauf une d\u00e9cision de justice\u2019\u2019","datePublished":"2024-02-23T19:54:48+00:00","dateModified":"2024-02-23T19:54:48+00:00","mainEntityOfPage":{"@id":"https:\/\/universnews224.com\/index.php\/me-salifou-beavogui-apres-la-condamnation-de-pendessa-la-decision-qui-vient-detre-rendue-est-tout-sauf-une-decision-de-justice\/"},"wordCount":556,"publisher":{"@id":"https:\/\/universnews224.com\/#organization"},"keywords":["La une"],"articleSection":["ACTU","SOCI\u00c9T\u00c9"],"inLanguage":"fr-FR"},{"@type":"WebPage","@id":"https:\/\/universnews224.com\/index.php\/me-salifou-beavogui-apres-la-condamnation-de-pendessa-la-decision-qui-vient-detre-rendue-est-tout-sauf-une-decision-de-justice\/","url":"https:\/\/universnews224.com\/index.php\/me-salifou-beavogui-apres-la-condamnation-de-pendessa-la-decision-qui-vient-detre-rendue-est-tout-sauf-une-decision-de-justice\/","name":"Me. Salifou B\u00e9avogui apr\u00e8s la condamnation de Pendessa: \u2018\u2019la d\u00e9cision qui vient d\u2019\u00eatre rendue, est tout sauf une d\u00e9cision de justice\u2019\u2019 - UNIVERSNEWS224","isPartOf":{"@id":"https:\/\/universnews224.com\/#website"},"datePublished":"2024-02-23T19:54:48+00:00","dateModified":"2024-02-23T19:54:48+00:00","inLanguage":"fr-FR","potentialAction":[{"@type":"ReadAction","target":["https:\/\/universnews224.com\/index.php\/me-salifou-beavogui-apres-la-condamnation-de-pendessa-la-decision-qui-vient-detre-rendue-est-tout-sauf-une-decision-de-justice\/"]}]},{"@type":"WebSite","@id":"https:\/\/universnews224.com\/#website","url":"https:\/\/universnews224.com\/","name":"UNIVERSNEWS224","description":"","publisher":{"@id":"https:\/\/universnews224.com\/#organization"},"potentialAction":[{"@type":"SearchAction","target":{"@type":"EntryPoint","urlTemplate":"https:\/\/universnews224.com\/?s={search_term_string}"},"query-input":"required name=search_term_string"}],"inLanguage":"fr-FR"},{"@type":"Organization","@id":"https:\/\/universnews224.com\/#organization","name":"UNIVERSNEWS224","url":"https:\/\/universnews224.com\/","logo":{"@type":"ImageObject","inLanguage":"fr-FR","@id":"https:\/\/universnews224.com\/#\/schema\/logo\/image\/","url":"https:\/\/universnews224.com\/wp-content\/uploads\/2022\/08\/cropped-cropped-logoban.jpg","contentUrl":"https:\/\/universnews224.com\/wp-content\/uploads\/2022\/08\/cropped-cropped-logoban.jpg","width":1080,"height":138,"caption":"UNIVERSNEWS224"},"image":{"@id":"https:\/\/universnews224.com\/#\/schema\/logo\/image\/"}},{"@type":"Person","@id":"https:\/\/universnews224.com\/#\/schema\/person\/a4b7d4f94a4716df60456a491260485e","name":"La R\u00e9daction","image":{"@type":"ImageObject","inLanguage":"fr-FR","@id":"https:\/\/universnews224.com\/#\/schema\/person\/image\/","url":"https:\/\/secure.gravatar.com\/avatar\/edb90acc7752b23e1b3307ad36c14f0d?s=96&d=mm&r=g","contentUrl":"https:\/\/secure.gravatar.com\/avatar\/edb90acc7752b23e1b3307ad36c14f0d?s=96&d=mm&r=g","caption":"La R\u00e9daction"},"sameAs":["https:\/\/universnews224.com"],"url":"https:\/\/universnews224.com\/index.php\/author\/m-camara\/"}]}},"_links":{"self":[{"href":"https:\/\/universnews224.com\/index.php\/wp-json\/wp\/v2\/posts\/5264"}],"collection":[{"href":"https:\/\/universnews224.com\/index.php\/wp-json\/wp\/v2\/posts"}],"about":[{"href":"https:\/\/universnews224.com\/index.php\/wp-json\/wp\/v2\/types\/post"}],"author":[{"embeddable":true,"href":"https:\/\/universnews224.com\/index.php\/wp-json\/wp\/v2\/users\/2"}],"replies":[{"embeddable":true,"href":"https:\/\/universnews224.com\/index.php\/wp-json\/wp\/v2\/comments?post=5264"}],"version-history":[{"count":1,"href":"https:\/\/universnews224.com\/index.php\/wp-json\/wp\/v2\/posts\/5264\/revisions"}],"predecessor-version":[{"id":5266,"href":"https:\/\/universnews224.com\/index.php\/wp-json\/wp\/v2\/posts\/5264\/revisions\/5266"}],"wp:attachment":[{"href":"https:\/\/universnews224.com\/index.php\/wp-json\/wp\/v2\/media?parent=5264"}],"wp:term":[{"taxonomy":"category","embeddable":true,"href":"https:\/\/universnews224.com\/index.php\/wp-json\/wp\/v2\/categories?post=5264"},{"taxonomy":"post_tag","embeddable":true,"href":"https:\/\/universnews224.com\/index.php\/wp-json\/wp\/v2\/tags?post=5264"}],"curies":[{"name":"wp","href":"https:\/\/api.w.org\/{rel}","templated":true}]}}