{"id":5357,"date":"2024-03-07T20:14:18","date_gmt":"2024-03-07T19:14:18","guid":{"rendered":"https:\/\/universnews224.com\/?p=5357"},"modified":"2024-03-07T20:14:18","modified_gmt":"2024-03-07T19:14:18","slug":"communique-de-presse-du-collectif-davocats-de-m-kerfalla-camara-kpc","status":"publish","type":"post","link":"https:\/\/universnews224.com\/index.php\/communique-de-presse-du-collectif-davocats-de-m-kerfalla-camara-kpc\/","title":{"rendered":"Communiqu\u00e9 de Presse du Collectif d\u2019Avocats de M. Kerfalla CAMARA (KPC)"},"content":{"rendered":"<p>Le collectif d\u2019avocats repr\u00e9sentant M. Kerfalla CAMARA \u00ab KPC \u00bb souhaite rappeler \u00e0 l\u2019ensemble des citoyens que les actes d\u2019injures, de diffamation, et autres atteintes \u00e0 l\u2019honneur et \u00e0 la r\u00e9putation ne sont pas de simples expressions de libert\u00e9 individuelle, mais de v\u00e9ritables d\u00e9lits au regard de la l\u00e9gislation guin\u00e9enne, passibles de sanctions incluant des peines d\u2019emprisonnement.<\/p>\n<p>Face \u00e0 la recrudescence des comportements abusifs sur les r\u00e9seaux sociaux visant notre<br \/>\nclient, le collectif d\u2019avocats tient \u00e0 pr\u00e9ciser que des mesures sont prises pour identifier et poursuivre en justice toute personne bas\u00e9e en Guin\u00e9e ou \u00e0 l\u2019\u00e9tranger se rendant coupable de<br \/>\ntels actes.<\/p>\n<p>Par ailleurs, le collectif d\u2019avocats demande \u00e0 toutes les personnes qui se sentent touch\u00e9es par cette recrudescence d\u2019attaques visant M. Kerfalla Camara de s\u2019abstenir de r\u00e9pondre \u00e0 ces comportements d\u00e9lictueux et de laisser les autorit\u00e9s judiciaires faire appliquer la loi.<\/p>\n<div class=\"jeg_ad jeg_ad_article jnews_content_inline_3_ads  \">\n<div class=\"ads-wrapper align-center \"><\/div>\n<\/div>\n<p>Le collectif d\u2019avocats de M. Kerfalla CAMARA reste vigilant et appelle \u00e0 la responsabilit\u00e9 de chacun dans l\u2019usage des r\u00e9seaux sociaux.<\/p>\n<p>Ce communiqu\u00e9 est publi\u00e9 par le collectif d\u2019avocats de M. Kerfalla CAMARA, compos\u00e9 de :<\/p>\n<ul>\n<li>Me Almamy Traor\u00e9, Avocat \u00e0 la Cour<\/li>\n<li>Me Alpha Kourouma, Avocat \u00e0 la Cour<\/li>\n<li>Me Hamidou Dram\u00e9, Avocat \u00e0 la Cour<br \/>\nContacts :<br \/>\nTel : +224 624 40 08 40 \/ 628 23 99 09 \/ 628 03 54 13<\/li>\n<\/ul>\n","protected":false},"excerpt":{"rendered":"<p>Le collectif d\u2019avocats repr\u00e9sentant M. Kerfalla CAMARA \u00ab KPC \u00bb souhaite rappeler \u00e0 l\u2019ensemble des<\/p>\n","protected":false},"author":2,"featured_media":5359,"comment_status":"closed","ping_status":"open","sticky":false,"template":"","format":"standard","meta":[],"categories":[3,5],"tags":[229],"yoast_head":"<!-- This site is optimized with the Yoast SEO plugin v19.13 - https:\/\/yoast.com\/wordpress\/plugins\/seo\/ -->\n<title>Communiqu\u00e9 de Presse du Collectif d\u2019Avocats de M. Kerfalla CAMARA (KPC) - UNIVERSNEWS224<\/title>\n<meta name=\"robots\" content=\"index, follow, max-snippet:-1, max-image-preview:large, max-video-preview:-1\" \/>\n<link rel=\"canonical\" href=\"https:\/\/universnews224.com\/index.php\/communique-de-presse-du-collectif-davocats-de-m-kerfalla-camara-kpc\/\" \/>\n<meta property=\"og:locale\" content=\"fr_FR\" \/>\n<meta property=\"og:type\" content=\"article\" \/>\n<meta property=\"og:title\" content=\"Communiqu\u00e9 de Presse du Collectif d\u2019Avocats de M. Kerfalla CAMARA (KPC) - UNIVERSNEWS224\" \/>\n<meta property=\"og:description\" content=\"Le collectif d\u2019avocats repr\u00e9sentant M. Kerfalla CAMARA \u00ab KPC \u00bb souhaite rappeler \u00e0 l\u2019ensemble des\" \/>\n<meta property=\"og:url\" content=\"https:\/\/universnews224.com\/index.php\/communique-de-presse-du-collectif-davocats-de-m-kerfalla-camara-kpc\/\" \/>\n<meta property=\"og:site_name\" content=\"UNIVERSNEWS224\" \/>\n<meta property=\"article:published_time\" content=\"2024-03-07T19:14:18+00:00\" \/>\n<meta property=\"og:image\" content=\"https:\/\/universnews224.com\/wp-content\/uploads\/2024\/03\/65EE0F87-EC4F-4105-87FA-88D6A48D77B9.png\" \/>\n\t<meta property=\"og:image:width\" content=\"384\" \/>\n\t<meta property=\"og:image:height\" content=\"192\" \/>\n\t<meta property=\"og:image:type\" content=\"image\/png\" \/>\n<meta name=\"author\" content=\"La R\u00e9daction\" \/>\n<meta name=\"twitter:label1\" content=\"\u00c9crit par\" \/>\n\t<meta name=\"twitter:data1\" content=\"La R\u00e9daction\" \/>\n\t<meta name=\"twitter:label2\" content=\"Dur\u00e9e de lecture estim\u00e9e\" \/>\n\t<meta name=\"twitter:data2\" content=\"2 minutes\" \/>\n<script type=\"application\/ld+json\" class=\"yoast-schema-graph\">{\"@context\":\"https:\/\/schema.org\",\"@graph\":[{\"@type\":\"Article\",\"@id\":\"https:\/\/universnews224.com\/index.php\/communique-de-presse-du-collectif-davocats-de-m-kerfalla-camara-kpc\/#article\",\"isPartOf\":{\"@id\":\"https:\/\/universnews224.com\/index.php\/communique-de-presse-du-collectif-davocats-de-m-kerfalla-camara-kpc\/\"},\"author\":{\"name\":\"La R\u00e9daction\",\"@id\":\"https:\/\/universnews224.com\/#\/schema\/person\/a4b7d4f94a4716df60456a491260485e\"},\"headline\":\"Communiqu\u00e9 de Presse du Collectif d\u2019Avocats de M. Kerfalla CAMARA (KPC)\",\"datePublished\":\"2024-03-07T19:14:18+00:00\",\"dateModified\":\"2024-03-07T19:14:18+00:00\",\"mainEntityOfPage\":{\"@id\":\"https:\/\/universnews224.com\/index.php\/communique-de-presse-du-collectif-davocats-de-m-kerfalla-camara-kpc\/\"},\"wordCount\":226,\"publisher\":{\"@id\":\"https:\/\/universnews224.com\/#organization\"},\"keywords\":[\"La une\"],\"articleSection\":[\"ACTU\",\"SOCI\u00c9T\u00c9\"],\"inLanguage\":\"fr-FR\"},{\"@type\":\"WebPage\",\"@id\":\"https:\/\/universnews224.com\/index.php\/communique-de-presse-du-collectif-davocats-de-m-kerfalla-camara-kpc\/\",\"url\":\"https:\/\/universnews224.com\/index.php\/communique-de-presse-du-collectif-davocats-de-m-kerfalla-camara-kpc\/\",\"name\":\"Communiqu\u00e9 de Presse du Collectif d\u2019Avocats de M. Kerfalla CAMARA (KPC) - UNIVERSNEWS224\",\"isPartOf\":{\"@id\":\"https:\/\/universnews224.com\/#website\"},\"datePublished\":\"2024-03-07T19:14:18+00:00\",\"dateModified\":\"2024-03-07T19:14:18+00:00\",\"inLanguage\":\"fr-FR\",\"potentialAction\":[{\"@type\":\"ReadAction\",\"target\":[\"https:\/\/universnews224.com\/index.php\/communique-de-presse-du-collectif-davocats-de-m-kerfalla-camara-kpc\/\"]}]},{\"@type\":\"WebSite\",\"@id\":\"https:\/\/universnews224.com\/#website\",\"url\":\"https:\/\/universnews224.com\/\",\"name\":\"UNIVERSNEWS224\",\"description\":\"\",\"publisher\":{\"@id\":\"https:\/\/universnews224.com\/#organization\"},\"potentialAction\":[{\"@type\":\"SearchAction\",\"target\":{\"@type\":\"EntryPoint\",\"urlTemplate\":\"https:\/\/universnews224.com\/?s={search_term_string}\"},\"query-input\":\"required name=search_term_string\"}],\"inLanguage\":\"fr-FR\"},{\"@type\":\"Organization\",\"@id\":\"https:\/\/universnews224.com\/#organization\",\"name\":\"UNIVERSNEWS224\",\"url\":\"https:\/\/universnews224.com\/\",\"logo\":{\"@type\":\"ImageObject\",\"inLanguage\":\"fr-FR\",\"@id\":\"https:\/\/universnews224.com\/#\/schema\/logo\/image\/\",\"url\":\"https:\/\/universnews224.com\/wp-content\/uploads\/2022\/08\/cropped-cropped-logoban.jpg\",\"contentUrl\":\"https:\/\/universnews224.com\/wp-content\/uploads\/2022\/08\/cropped-cropped-logoban.jpg\",\"width\":1080,\"height\":138,\"caption\":\"UNIVERSNEWS224\"},\"image\":{\"@id\":\"https:\/\/universnews224.com\/#\/schema\/logo\/image\/\"}},{\"@type\":\"Person\",\"@id\":\"https:\/\/universnews224.com\/#\/schema\/person\/a4b7d4f94a4716df60456a491260485e\",\"name\":\"La R\u00e9daction\",\"image\":{\"@type\":\"ImageObject\",\"inLanguage\":\"fr-FR\",\"@id\":\"https:\/\/universnews224.com\/#\/schema\/person\/image\/\",\"url\":\"https:\/\/secure.gravatar.com\/avatar\/edb90acc7752b23e1b3307ad36c14f0d?s=96&d=mm&r=g\",\"contentUrl\":\"https:\/\/secure.gravatar.com\/avatar\/edb90acc7752b23e1b3307ad36c14f0d?s=96&d=mm&r=g\",\"caption\":\"La R\u00e9daction\"},\"sameAs\":[\"https:\/\/universnews224.com\"],\"url\":\"https:\/\/universnews224.com\/index.php\/author\/m-camara\/\"}]}<\/script>\n<!-- \/ Yoast SEO plugin. -->","yoast_head_json":{"title":"Communiqu\u00e9 de Presse du Collectif d\u2019Avocats de M. Kerfalla CAMARA (KPC) - UNIVERSNEWS224","robots":{"index":"index","follow":"follow","max-snippet":"max-snippet:-1","max-image-preview":"max-image-preview:large","max-video-preview":"max-video-preview:-1"},"canonical":"https:\/\/universnews224.com\/index.php\/communique-de-presse-du-collectif-davocats-de-m-kerfalla-camara-kpc\/","og_locale":"fr_FR","og_type":"article","og_title":"Communiqu\u00e9 de Presse du Collectif d\u2019Avocats de M. Kerfalla CAMARA (KPC) - UNIVERSNEWS224","og_description":"Le collectif d\u2019avocats repr\u00e9sentant M. Kerfalla CAMARA \u00ab KPC \u00bb souhaite rappeler \u00e0 l\u2019ensemble des","og_url":"https:\/\/universnews224.com\/index.php\/communique-de-presse-du-collectif-davocats-de-m-kerfalla-camara-kpc\/","og_site_name":"UNIVERSNEWS224","article_published_time":"2024-03-07T19:14:18+00:00","og_image":[{"width":384,"height":192,"url":"https:\/\/universnews224.com\/wp-content\/uploads\/2024\/03\/65EE0F87-EC4F-4105-87FA-88D6A48D77B9.png","type":"image\/png"}],"author":"La R\u00e9daction","twitter_misc":{"\u00c9crit par":"La R\u00e9daction","Dur\u00e9e de lecture estim\u00e9e":"2 minutes"},"schema":{"@context":"https:\/\/schema.org","@graph":[{"@type":"Article","@id":"https:\/\/universnews224.com\/index.php\/communique-de-presse-du-collectif-davocats-de-m-kerfalla-camara-kpc\/#article","isPartOf":{"@id":"https:\/\/universnews224.com\/index.php\/communique-de-presse-du-collectif-davocats-de-m-kerfalla-camara-kpc\/"},"author":{"name":"La R\u00e9daction","@id":"https:\/\/universnews224.com\/#\/schema\/person\/a4b7d4f94a4716df60456a491260485e"},"headline":"Communiqu\u00e9 de Presse du Collectif d\u2019Avocats de M. Kerfalla CAMARA (KPC)","datePublished":"2024-03-07T19:14:18+00:00","dateModified":"2024-03-07T19:14:18+00:00","mainEntityOfPage":{"@id":"https:\/\/universnews224.com\/index.php\/communique-de-presse-du-collectif-davocats-de-m-kerfalla-camara-kpc\/"},"wordCount":226,"publisher":{"@id":"https:\/\/universnews224.com\/#organization"},"keywords":["La une"],"articleSection":["ACTU","SOCI\u00c9T\u00c9"],"inLanguage":"fr-FR"},{"@type":"WebPage","@id":"https:\/\/universnews224.com\/index.php\/communique-de-presse-du-collectif-davocats-de-m-kerfalla-camara-kpc\/","url":"https:\/\/universnews224.com\/index.php\/communique-de-presse-du-collectif-davocats-de-m-kerfalla-camara-kpc\/","name":"Communiqu\u00e9 de Presse du Collectif d\u2019Avocats de M. Kerfalla CAMARA (KPC) - UNIVERSNEWS224","isPartOf":{"@id":"https:\/\/universnews224.com\/#website"},"datePublished":"2024-03-07T19:14:18+00:00","dateModified":"2024-03-07T19:14:18+00:00","inLanguage":"fr-FR","potentialAction":[{"@type":"ReadAction","target":["https:\/\/universnews224.com\/index.php\/communique-de-presse-du-collectif-davocats-de-m-kerfalla-camara-kpc\/"]}]},{"@type":"WebSite","@id":"https:\/\/universnews224.com\/#website","url":"https:\/\/universnews224.com\/","name":"UNIVERSNEWS224","description":"","publisher":{"@id":"https:\/\/universnews224.com\/#organization"},"potentialAction":[{"@type":"SearchAction","target":{"@type":"EntryPoint","urlTemplate":"https:\/\/universnews224.com\/?s={search_term_string}"},"query-input":"required name=search_term_string"}],"inLanguage":"fr-FR"},{"@type":"Organization","@id":"https:\/\/universnews224.com\/#organization","name":"UNIVERSNEWS224","url":"https:\/\/universnews224.com\/","logo":{"@type":"ImageObject","inLanguage":"fr-FR","@id":"https:\/\/universnews224.com\/#\/schema\/logo\/image\/","url":"https:\/\/universnews224.com\/wp-content\/uploads\/2022\/08\/cropped-cropped-logoban.jpg","contentUrl":"https:\/\/universnews224.com\/wp-content\/uploads\/2022\/08\/cropped-cropped-logoban.jpg","width":1080,"height":138,"caption":"UNIVERSNEWS224"},"image":{"@id":"https:\/\/universnews224.com\/#\/schema\/logo\/image\/"}},{"@type":"Person","@id":"https:\/\/universnews224.com\/#\/schema\/person\/a4b7d4f94a4716df60456a491260485e","name":"La R\u00e9daction","image":{"@type":"ImageObject","inLanguage":"fr-FR","@id":"https:\/\/universnews224.com\/#\/schema\/person\/image\/","url":"https:\/\/secure.gravatar.com\/avatar\/edb90acc7752b23e1b3307ad36c14f0d?s=96&d=mm&r=g","contentUrl":"https:\/\/secure.gravatar.com\/avatar\/edb90acc7752b23e1b3307ad36c14f0d?s=96&d=mm&r=g","caption":"La R\u00e9daction"},"sameAs":["https:\/\/universnews224.com"],"url":"https:\/\/universnews224.com\/index.php\/author\/m-camara\/"}]}},"_links":{"self":[{"href":"https:\/\/universnews224.com\/index.php\/wp-json\/wp\/v2\/posts\/5357"}],"collection":[{"href":"https:\/\/universnews224.com\/index.php\/wp-json\/wp\/v2\/posts"}],"about":[{"href":"https:\/\/universnews224.com\/index.php\/wp-json\/wp\/v2\/types\/post"}],"author":[{"embeddable":true,"href":"https:\/\/universnews224.com\/index.php\/wp-json\/wp\/v2\/users\/2"}],"replies":[{"embeddable":true,"href":"https:\/\/universnews224.com\/index.php\/wp-json\/wp\/v2\/comments?post=5357"}],"version-history":[{"count":1,"href":"https:\/\/universnews224.com\/index.php\/wp-json\/wp\/v2\/posts\/5357\/revisions"}],"predecessor-version":[{"id":5364,"href":"https:\/\/universnews224.com\/index.php\/wp-json\/wp\/v2\/posts\/5357\/revisions\/5364"}],"wp:featuredmedia":[{"embeddable":true,"href":"https:\/\/universnews224.com\/index.php\/wp-json\/wp\/v2\/media\/5359"}],"wp:attachment":[{"href":"https:\/\/universnews224.com\/index.php\/wp-json\/wp\/v2\/media?parent=5357"}],"wp:term":[{"taxonomy":"category","embeddable":true,"href":"https:\/\/universnews224.com\/index.php\/wp-json\/wp\/v2\/categories?post=5357"},{"taxonomy":"post_tag","embeddable":true,"href":"https:\/\/universnews224.com\/index.php\/wp-json\/wp\/v2\/tags?post=5357"}],"curies":[{"name":"wp","href":"https:\/\/api.w.org\/{rel}","templated":true}]}}