{"id":5368,"date":"2024-03-07T20:19:30","date_gmt":"2024-03-07T19:19:30","guid":{"rendered":"https:\/\/universnews224.com\/?p=5368"},"modified":"2024-03-07T20:19:30","modified_gmt":"2024-03-07T19:19:30","slug":"alseny-sall-sur-la-mise-en-chomage-technique-de-plus-de-70-des-employes-dhadafo-medias-cest-tout-simplement-tres-triste-et-regrettable-de-voir-quon-en-arrive-la","status":"publish","type":"post","link":"https:\/\/universnews224.com\/index.php\/alseny-sall-sur-la-mise-en-chomage-technique-de-plus-de-70-des-employes-dhadafo-medias-cest-tout-simplement-tres-triste-et-regrettable-de-voir-quon-en-arrive-la\/","title":{"rendered":"Alseny Sall sur la mise en ch\u00f4mage technique de plus de 70% des employ\u00e9s d\u2019Hadafo m\u00e9dias: \u201cC\u2019est tout simplement tr\u00e8s triste et regrettable de voir qu\u2019on en arrive l\u00e0\u201d."},"content":{"rendered":"<p class=\"p2\"><span class=\"s1\">Dans un communiqu\u00e9 largement diffus\u00e9 dans la presse hier mardi, 06 mars 2024, la Direction g\u00e9n\u00e9rale du groupe Hadafo m\u00e9dias a annonc\u00e9 la mise en ch\u00f4mage technique de plus de 70% de ses employ\u00e9s pour une dur\u00e9e de 3 mois. Les responsables de ce m\u00e9dia tr\u00e8s suivi au pays motivent cette d\u00e9cision par plusieurs difficult\u00e9s auxquelles ce groupe fait face depuis pr\u00e8s de 4 mois. Il s\u2019agit notamment,le brouillage de ses ondes et le retrait de sa t\u00e9l\u00e9vision sur Canal+ et Startimes. <\/span><\/p>\n<p class=\"p2\"><span class=\"s1\">R\u00e9gissant sur cette actualit\u00e9 chez nos confr\u00e8res de la radio Nostalgie Guin\u00e9e dans l\u2019\u00e9mission \u00abAfrica 2015\u00bb, Alseny Sall, charg\u00e9 de communication de l\u2019Organisation Guin\u00e9enne de D\u00e9fense de Droit de l\u2019Homme (OGDH), d\u00e9plore cette situation et exhorte les autorit\u00e9s de la transition \u00e0 pr\u00e9server les emplois. <\/span><\/p>\n<p class=\"p2\"><span class=\"s1\">\u201cC\u2019est tout simplement tr\u00e8s triste et regrettable de voir qu\u2019on en arrive l\u00e0 finalement. Mais, cette situation n\u2019est pas une surprise pour nous, parce que depuis le mois de novembre, nous n\u2019avons cess\u00e9 d\u2019interpeller les autorit\u00e9s sur la n\u00e9cessit\u00e9 de travailler \u00e0 la pr\u00e9servation des emplois. Autant plus que nous sommes dans un pays o\u00f9 on ne cr\u00e9e pas de l\u2019emploi. Lorsque l\u2019\u00c9tat ne cr\u00e9e pas les conditions pour la cr\u00e9ation de l\u2019emploi, son r\u00f4le r\u00e9galien, c\u2019est de travailler \u00e0 la pers\u00e9v\u00e9ration des emplois qui existent et c\u2019est tr\u00e8s regrettable de voir que ces entreprises en arrivent l\u00e0 parce qu\u2019elles sont la plupart au bout et elles ne parviennent plus \u00e0 supporter le travail minimum\u201d, a t-il d\u00e9plor\u00e9. <\/span><\/p>\n<p class=\"p2\"><span class=\"s1\">Poursuivant, cet activiste des droits de l\u2019homme appelle les hommes de m\u00e9dias \u00e0 continuer la lutte jusqu\u2019\u00e0 la lib\u00e9ration effective des ondes. <\/span><\/p>\n<p class=\"p2\"><span class=\"s1\">\u201c\u2026Il faut continuer \u00e0 lutter aupr\u00e8s des autorit\u00e9s pour que les m\u00e9dias soient lib\u00e9r\u00e9s parce que c\u2019est que nous recherchons. La lib\u00e9ration des m\u00e9dias permettra \u00e0 ce que ces travailleurs reviennent exercer leur m\u00e9tier dans le respect des r\u00e8gles d\u2019\u00e9thique et de d\u00e9ontologie \u201d, a t-il indiqu\u00e9. <\/span><\/p>\n<p class=\"p2\">\n","protected":false},"excerpt":{"rendered":"<p>Dans un communiqu\u00e9 largement diffus\u00e9 dans la presse hier mardi, 06 mars 2024, la Direction<\/p>\n","protected":false},"author":2,"featured_media":5369,"comment_status":"closed","ping_status":"open","sticky":false,"template":"","format":"standard","meta":[],"categories":[3,5],"tags":[229],"yoast_head":"<!-- This site is optimized with the Yoast SEO plugin v19.13 - https:\/\/yoast.com\/wordpress\/plugins\/seo\/ -->\n<title>Alseny Sall sur la mise en ch\u00f4mage technique de plus de 70% des employ\u00e9s d\u2019Hadafo m\u00e9dias: \u201cC\u2019est tout simplement tr\u00e8s triste et regrettable de voir qu\u2019on en arrive l\u00e0\u201d. - UNIVERSNEWS224<\/title>\n<meta name=\"robots\" content=\"index, follow, max-snippet:-1, max-image-preview:large, max-video-preview:-1\" \/>\n<link rel=\"canonical\" href=\"https:\/\/universnews224.com\/index.php\/alseny-sall-sur-la-mise-en-chomage-technique-de-plus-de-70-des-employes-dhadafo-medias-cest-tout-simplement-tres-triste-et-regrettable-de-voir-quon-en-arrive-la\/\" \/>\n<meta property=\"og:locale\" content=\"fr_FR\" \/>\n<meta property=\"og:type\" content=\"article\" \/>\n<meta property=\"og:title\" content=\"Alseny Sall sur la mise en ch\u00f4mage technique de plus de 70% des employ\u00e9s d\u2019Hadafo m\u00e9dias: \u201cC\u2019est tout simplement tr\u00e8s triste et regrettable de voir qu\u2019on en arrive l\u00e0\u201d. - UNIVERSNEWS224\" \/>\n<meta property=\"og:description\" content=\"Dans un communiqu\u00e9 largement diffus\u00e9 dans la presse hier mardi, 06 mars 2024, la Direction\" \/>\n<meta property=\"og:url\" content=\"https:\/\/universnews224.com\/index.php\/alseny-sall-sur-la-mise-en-chomage-technique-de-plus-de-70-des-employes-dhadafo-medias-cest-tout-simplement-tres-triste-et-regrettable-de-voir-quon-en-arrive-la\/\" \/>\n<meta property=\"og:site_name\" content=\"UNIVERSNEWS224\" \/>\n<meta property=\"article:published_time\" content=\"2024-03-07T19:19:30+00:00\" \/>\n<meta property=\"og:image\" content=\"https:\/\/universnews224.com\/wp-content\/uploads\/2024\/03\/06F0D319-3322-4391-80AE-8E309B5ACC5D.jpeg\" \/>\n\t<meta property=\"og:image:width\" content=\"960\" \/>\n\t<meta property=\"og:image:height\" content=\"738\" \/>\n\t<meta property=\"og:image:type\" content=\"image\/jpeg\" \/>\n<meta name=\"author\" content=\"La R\u00e9daction\" \/>\n<meta name=\"twitter:label1\" content=\"\u00c9crit par\" \/>\n\t<meta name=\"twitter:data1\" content=\"La R\u00e9daction\" \/>\n\t<meta name=\"twitter:label2\" content=\"Dur\u00e9e de lecture estim\u00e9e\" \/>\n\t<meta name=\"twitter:data2\" content=\"2 minutes\" \/>\n<script type=\"application\/ld+json\" class=\"yoast-schema-graph\">{\"@context\":\"https:\/\/schema.org\",\"@graph\":[{\"@type\":\"Article\",\"@id\":\"https:\/\/universnews224.com\/index.php\/alseny-sall-sur-la-mise-en-chomage-technique-de-plus-de-70-des-employes-dhadafo-medias-cest-tout-simplement-tres-triste-et-regrettable-de-voir-quon-en-arrive-la\/#article\",\"isPartOf\":{\"@id\":\"https:\/\/universnews224.com\/index.php\/alseny-sall-sur-la-mise-en-chomage-technique-de-plus-de-70-des-employes-dhadafo-medias-cest-tout-simplement-tres-triste-et-regrettable-de-voir-quon-en-arrive-la\/\"},\"author\":{\"name\":\"La R\u00e9daction\",\"@id\":\"https:\/\/universnews224.com\/#\/schema\/person\/a4b7d4f94a4716df60456a491260485e\"},\"headline\":\"Alseny Sall sur la mise en ch\u00f4mage technique de plus de 70% des employ\u00e9s d\u2019Hadafo m\u00e9dias: \u201cC\u2019est tout simplement tr\u00e8s triste et regrettable de voir qu\u2019on en arrive l\u00e0\u201d.\",\"datePublished\":\"2024-03-07T19:19:30+00:00\",\"dateModified\":\"2024-03-07T19:19:30+00:00\",\"mainEntityOfPage\":{\"@id\":\"https:\/\/universnews224.com\/index.php\/alseny-sall-sur-la-mise-en-chomage-technique-de-plus-de-70-des-employes-dhadafo-medias-cest-tout-simplement-tres-triste-et-regrettable-de-voir-quon-en-arrive-la\/\"},\"wordCount\":400,\"publisher\":{\"@id\":\"https:\/\/universnews224.com\/#organization\"},\"keywords\":[\"La une\"],\"articleSection\":[\"ACTU\",\"SOCI\u00c9T\u00c9\"],\"inLanguage\":\"fr-FR\"},{\"@type\":\"WebPage\",\"@id\":\"https:\/\/universnews224.com\/index.php\/alseny-sall-sur-la-mise-en-chomage-technique-de-plus-de-70-des-employes-dhadafo-medias-cest-tout-simplement-tres-triste-et-regrettable-de-voir-quon-en-arrive-la\/\",\"url\":\"https:\/\/universnews224.com\/index.php\/alseny-sall-sur-la-mise-en-chomage-technique-de-plus-de-70-des-employes-dhadafo-medias-cest-tout-simplement-tres-triste-et-regrettable-de-voir-quon-en-arrive-la\/\",\"name\":\"Alseny Sall sur la mise en ch\u00f4mage technique de plus de 70% des employ\u00e9s d\u2019Hadafo m\u00e9dias: \u201cC\u2019est tout simplement tr\u00e8s triste et regrettable de voir qu\u2019on en arrive l\u00e0\u201d. - UNIVERSNEWS224\",\"isPartOf\":{\"@id\":\"https:\/\/universnews224.com\/#website\"},\"datePublished\":\"2024-03-07T19:19:30+00:00\",\"dateModified\":\"2024-03-07T19:19:30+00:00\",\"inLanguage\":\"fr-FR\",\"potentialAction\":[{\"@type\":\"ReadAction\",\"target\":[\"https:\/\/universnews224.com\/index.php\/alseny-sall-sur-la-mise-en-chomage-technique-de-plus-de-70-des-employes-dhadafo-medias-cest-tout-simplement-tres-triste-et-regrettable-de-voir-quon-en-arrive-la\/\"]}]},{\"@type\":\"WebSite\",\"@id\":\"https:\/\/universnews224.com\/#website\",\"url\":\"https:\/\/universnews224.com\/\",\"name\":\"UNIVERSNEWS224\",\"description\":\"\",\"publisher\":{\"@id\":\"https:\/\/universnews224.com\/#organization\"},\"potentialAction\":[{\"@type\":\"SearchAction\",\"target\":{\"@type\":\"EntryPoint\",\"urlTemplate\":\"https:\/\/universnews224.com\/?s={search_term_string}\"},\"query-input\":\"required name=search_term_string\"}],\"inLanguage\":\"fr-FR\"},{\"@type\":\"Organization\",\"@id\":\"https:\/\/universnews224.com\/#organization\",\"name\":\"UNIVERSNEWS224\",\"url\":\"https:\/\/universnews224.com\/\",\"logo\":{\"@type\":\"ImageObject\",\"inLanguage\":\"fr-FR\",\"@id\":\"https:\/\/universnews224.com\/#\/schema\/logo\/image\/\",\"url\":\"https:\/\/universnews224.com\/wp-content\/uploads\/2022\/08\/cropped-cropped-logoban.jpg\",\"contentUrl\":\"https:\/\/universnews224.com\/wp-content\/uploads\/2022\/08\/cropped-cropped-logoban.jpg\",\"width\":1080,\"height\":138,\"caption\":\"UNIVERSNEWS224\"},\"image\":{\"@id\":\"https:\/\/universnews224.com\/#\/schema\/logo\/image\/\"}},{\"@type\":\"Person\",\"@id\":\"https:\/\/universnews224.com\/#\/schema\/person\/a4b7d4f94a4716df60456a491260485e\",\"name\":\"La R\u00e9daction\",\"image\":{\"@type\":\"ImageObject\",\"inLanguage\":\"fr-FR\",\"@id\":\"https:\/\/universnews224.com\/#\/schema\/person\/image\/\",\"url\":\"https:\/\/secure.gravatar.com\/avatar\/edb90acc7752b23e1b3307ad36c14f0d?s=96&d=mm&r=g\",\"contentUrl\":\"https:\/\/secure.gravatar.com\/avatar\/edb90acc7752b23e1b3307ad36c14f0d?s=96&d=mm&r=g\",\"caption\":\"La R\u00e9daction\"},\"sameAs\":[\"https:\/\/universnews224.com\"],\"url\":\"https:\/\/universnews224.com\/index.php\/author\/m-camara\/\"}]}<\/script>\n<!-- \/ Yoast SEO plugin. -->","yoast_head_json":{"title":"Alseny Sall sur la mise en ch\u00f4mage technique de plus de 70% des employ\u00e9s d\u2019Hadafo m\u00e9dias: \u201cC\u2019est tout simplement tr\u00e8s triste et regrettable de voir qu\u2019on en arrive l\u00e0\u201d. - UNIVERSNEWS224","robots":{"index":"index","follow":"follow","max-snippet":"max-snippet:-1","max-image-preview":"max-image-preview:large","max-video-preview":"max-video-preview:-1"},"canonical":"https:\/\/universnews224.com\/index.php\/alseny-sall-sur-la-mise-en-chomage-technique-de-plus-de-70-des-employes-dhadafo-medias-cest-tout-simplement-tres-triste-et-regrettable-de-voir-quon-en-arrive-la\/","og_locale":"fr_FR","og_type":"article","og_title":"Alseny Sall sur la mise en ch\u00f4mage technique de plus de 70% des employ\u00e9s d\u2019Hadafo m\u00e9dias: \u201cC\u2019est tout simplement tr\u00e8s triste et regrettable de voir qu\u2019on en arrive l\u00e0\u201d. - UNIVERSNEWS224","og_description":"Dans un communiqu\u00e9 largement diffus\u00e9 dans la presse hier mardi, 06 mars 2024, la Direction","og_url":"https:\/\/universnews224.com\/index.php\/alseny-sall-sur-la-mise-en-chomage-technique-de-plus-de-70-des-employes-dhadafo-medias-cest-tout-simplement-tres-triste-et-regrettable-de-voir-quon-en-arrive-la\/","og_site_name":"UNIVERSNEWS224","article_published_time":"2024-03-07T19:19:30+00:00","og_image":[{"width":960,"height":738,"url":"https:\/\/universnews224.com\/wp-content\/uploads\/2024\/03\/06F0D319-3322-4391-80AE-8E309B5ACC5D.jpeg","type":"image\/jpeg"}],"author":"La R\u00e9daction","twitter_misc":{"\u00c9crit par":"La R\u00e9daction","Dur\u00e9e de lecture estim\u00e9e":"2 minutes"},"schema":{"@context":"https:\/\/schema.org","@graph":[{"@type":"Article","@id":"https:\/\/universnews224.com\/index.php\/alseny-sall-sur-la-mise-en-chomage-technique-de-plus-de-70-des-employes-dhadafo-medias-cest-tout-simplement-tres-triste-et-regrettable-de-voir-quon-en-arrive-la\/#article","isPartOf":{"@id":"https:\/\/universnews224.com\/index.php\/alseny-sall-sur-la-mise-en-chomage-technique-de-plus-de-70-des-employes-dhadafo-medias-cest-tout-simplement-tres-triste-et-regrettable-de-voir-quon-en-arrive-la\/"},"author":{"name":"La R\u00e9daction","@id":"https:\/\/universnews224.com\/#\/schema\/person\/a4b7d4f94a4716df60456a491260485e"},"headline":"Alseny Sall sur la mise en ch\u00f4mage technique de plus de 70% des employ\u00e9s d\u2019Hadafo m\u00e9dias: \u201cC\u2019est tout simplement tr\u00e8s triste et regrettable de voir qu\u2019on en arrive l\u00e0\u201d.","datePublished":"2024-03-07T19:19:30+00:00","dateModified":"2024-03-07T19:19:30+00:00","mainEntityOfPage":{"@id":"https:\/\/universnews224.com\/index.php\/alseny-sall-sur-la-mise-en-chomage-technique-de-plus-de-70-des-employes-dhadafo-medias-cest-tout-simplement-tres-triste-et-regrettable-de-voir-quon-en-arrive-la\/"},"wordCount":400,"publisher":{"@id":"https:\/\/universnews224.com\/#organization"},"keywords":["La une"],"articleSection":["ACTU","SOCI\u00c9T\u00c9"],"inLanguage":"fr-FR"},{"@type":"WebPage","@id":"https:\/\/universnews224.com\/index.php\/alseny-sall-sur-la-mise-en-chomage-technique-de-plus-de-70-des-employes-dhadafo-medias-cest-tout-simplement-tres-triste-et-regrettable-de-voir-quon-en-arrive-la\/","url":"https:\/\/universnews224.com\/index.php\/alseny-sall-sur-la-mise-en-chomage-technique-de-plus-de-70-des-employes-dhadafo-medias-cest-tout-simplement-tres-triste-et-regrettable-de-voir-quon-en-arrive-la\/","name":"Alseny Sall sur la mise en ch\u00f4mage technique de plus de 70% des employ\u00e9s d\u2019Hadafo m\u00e9dias: \u201cC\u2019est tout simplement tr\u00e8s triste et regrettable de voir qu\u2019on en arrive l\u00e0\u201d. - UNIVERSNEWS224","isPartOf":{"@id":"https:\/\/universnews224.com\/#website"},"datePublished":"2024-03-07T19:19:30+00:00","dateModified":"2024-03-07T19:19:30+00:00","inLanguage":"fr-FR","potentialAction":[{"@type":"ReadAction","target":["https:\/\/universnews224.com\/index.php\/alseny-sall-sur-la-mise-en-chomage-technique-de-plus-de-70-des-employes-dhadafo-medias-cest-tout-simplement-tres-triste-et-regrettable-de-voir-quon-en-arrive-la\/"]}]},{"@type":"WebSite","@id":"https:\/\/universnews224.com\/#website","url":"https:\/\/universnews224.com\/","name":"UNIVERSNEWS224","description":"","publisher":{"@id":"https:\/\/universnews224.com\/#organization"},"potentialAction":[{"@type":"SearchAction","target":{"@type":"EntryPoint","urlTemplate":"https:\/\/universnews224.com\/?s={search_term_string}"},"query-input":"required name=search_term_string"}],"inLanguage":"fr-FR"},{"@type":"Organization","@id":"https:\/\/universnews224.com\/#organization","name":"UNIVERSNEWS224","url":"https:\/\/universnews224.com\/","logo":{"@type":"ImageObject","inLanguage":"fr-FR","@id":"https:\/\/universnews224.com\/#\/schema\/logo\/image\/","url":"https:\/\/universnews224.com\/wp-content\/uploads\/2022\/08\/cropped-cropped-logoban.jpg","contentUrl":"https:\/\/universnews224.com\/wp-content\/uploads\/2022\/08\/cropped-cropped-logoban.jpg","width":1080,"height":138,"caption":"UNIVERSNEWS224"},"image":{"@id":"https:\/\/universnews224.com\/#\/schema\/logo\/image\/"}},{"@type":"Person","@id":"https:\/\/universnews224.com\/#\/schema\/person\/a4b7d4f94a4716df60456a491260485e","name":"La R\u00e9daction","image":{"@type":"ImageObject","inLanguage":"fr-FR","@id":"https:\/\/universnews224.com\/#\/schema\/person\/image\/","url":"https:\/\/secure.gravatar.com\/avatar\/edb90acc7752b23e1b3307ad36c14f0d?s=96&d=mm&r=g","contentUrl":"https:\/\/secure.gravatar.com\/avatar\/edb90acc7752b23e1b3307ad36c14f0d?s=96&d=mm&r=g","caption":"La R\u00e9daction"},"sameAs":["https:\/\/universnews224.com"],"url":"https:\/\/universnews224.com\/index.php\/author\/m-camara\/"}]}},"_links":{"self":[{"href":"https:\/\/universnews224.com\/index.php\/wp-json\/wp\/v2\/posts\/5368"}],"collection":[{"href":"https:\/\/universnews224.com\/index.php\/wp-json\/wp\/v2\/posts"}],"about":[{"href":"https:\/\/universnews224.com\/index.php\/wp-json\/wp\/v2\/types\/post"}],"author":[{"embeddable":true,"href":"https:\/\/universnews224.com\/index.php\/wp-json\/wp\/v2\/users\/2"}],"replies":[{"embeddable":true,"href":"https:\/\/universnews224.com\/index.php\/wp-json\/wp\/v2\/comments?post=5368"}],"version-history":[{"count":1,"href":"https:\/\/universnews224.com\/index.php\/wp-json\/wp\/v2\/posts\/5368\/revisions"}],"predecessor-version":[{"id":5370,"href":"https:\/\/universnews224.com\/index.php\/wp-json\/wp\/v2\/posts\/5368\/revisions\/5370"}],"wp:featuredmedia":[{"embeddable":true,"href":"https:\/\/universnews224.com\/index.php\/wp-json\/wp\/v2\/media\/5369"}],"wp:attachment":[{"href":"https:\/\/universnews224.com\/index.php\/wp-json\/wp\/v2\/media?parent=5368"}],"wp:term":[{"taxonomy":"category","embeddable":true,"href":"https:\/\/universnews224.com\/index.php\/wp-json\/wp\/v2\/categories?post=5368"},{"taxonomy":"post_tag","embeddable":true,"href":"https:\/\/universnews224.com\/index.php\/wp-json\/wp\/v2\/tags?post=5368"}],"curies":[{"name":"wp","href":"https:\/\/api.w.org\/{rel}","templated":true}]}}