{"id":5371,"date":"2024-03-09T02:08:37","date_gmt":"2024-03-09T01:08:37","guid":{"rendered":"https:\/\/universnews224.com\/?p=5371"},"modified":"2024-03-09T02:08:37","modified_gmt":"2024-03-09T01:08:37","slug":"journee-internationale-des-femmes-celebration-a-conakry-de-la-journee-internationale-des-droits-des-femmes","status":"publish","type":"post","link":"https:\/\/universnews224.com\/index.php\/journee-internationale-des-femmes-celebration-a-conakry-de-la-journee-internationale-des-droits-des-femmes\/","title":{"rendered":"Journ\u00e9e internationale des femmes : C\u00e9l\u00e9bration \u00e0 Conakry de la journ\u00e9e internationale des droits des femmes."},"content":{"rendered":"<p class=\"p1\"><span class=\"s1\">L\u2019humanit\u00e9 a c\u00e9l\u00e9br\u00e9 ce vendredi 08 mars 2024, la journ\u00e9e internationale des droits de la femme. En Guin\u00e9e, cette c\u00e9l\u00e9bration est plac\u00e9e sous le th\u00e8me \u2018\u2019Syst\u00e8me de Protection sociale, acc\u00e8s aux services publics et infrastructures durables pour l\u2019\u00e9galit\u00e9 des sexes et l\u2019autonomisation des femmes et des filles\u2019\u2019. Pour marquer cette journ\u00e9e, le minist\u00e8re de la promotion f\u00e9minine, de l\u2019enfance et des personnes vuln\u00e9rables, en collaboration avec le gouvernorat de la ville de Conakry, a organis\u00e9 une c\u00e9r\u00e9monie au palais du peuple. Une c\u00e9r\u00e9monie qui a mobilis\u00e9 des femmes des 6 communes de la capitale.<\/span><\/p>\n<p class=\"p1\"><span class=\"s1\">Prenant part \u00e0 cette c\u00e9l\u00e9bration, Mme Sanoh Mariama Camara, du minist\u00e8re de l&rsquo;administration du territoire et de la D\u00e9centralisation n\u2019a pas manqu\u00e9 d\u2019exprimer sa joie.<a href=\"https:\/\/universnews224.com\/wp-content\/uploads\/2024\/03\/293FF7FA-CBDF-45C4-A244-F21E07E03ED5.jpeg\"><img loading=\"lazy\" class=\"alignnone size-medium wp-image-5373\" src=\"https:\/\/universnews224.com\/wp-content\/uploads\/2024\/03\/293FF7FA-CBDF-45C4-A244-F21E07E03ED5-300x215.jpeg\" alt=\"\" width=\"300\" height=\"215\" srcset=\"https:\/\/universnews224.com\/wp-content\/uploads\/2024\/03\/293FF7FA-CBDF-45C4-A244-F21E07E03ED5-300x215.jpeg 300w, https:\/\/universnews224.com\/wp-content\/uploads\/2024\/03\/293FF7FA-CBDF-45C4-A244-F21E07E03ED5-1024x735.jpeg 1024w, https:\/\/universnews224.com\/wp-content\/uploads\/2024\/03\/293FF7FA-CBDF-45C4-A244-F21E07E03ED5-768x551.jpeg 768w, https:\/\/universnews224.com\/wp-content\/uploads\/2024\/03\/293FF7FA-CBDF-45C4-A244-F21E07E03ED5.jpeg 1080w\" sizes=\"(max-width: 300px) 100vw, 300px\" \/><\/a> <\/span><\/p>\n<p class=\"p1\"><span class=\"s1\">\u201cNous retenons aujourd&rsquo;hui que la femme guin\u00e9enne<span class=\"Apple-converted-space\">\u00a0 <\/span>c\u00e9l\u00e8bre encore sa joie dans une ambiance de convivialit\u00e9, de coh\u00e9sion sociale et de fraternit\u00e9 entre les filles battantes. Le 08 mars n&rsquo;est pas de venir seulement faire la f\u00eate,<span class=\"Apple-converted-space\">\u00a0 <\/span>danser, chanter ou crier,<span class=\"Apple-converted-space\">\u00a0 <\/span>mais plut\u00f4t d\u00e9montrer des actions que nous faisons tout au long de la journ\u00e9e et les mettre en valeur avec celles qui nous on port\u00e9s<span class=\"Apple-converted-space\">\u00a0 <\/span>pour \u00eatre dans les grandes services. Faire en sorte qu&rsquo;on voit les femmes comme les hommes. Donc le plaidoyer que je demande aux autorit\u00e9s, c&rsquo;est de dire au pr\u00e9sident Mamadi Doumbouya de mettre en sorte que les lumi\u00e8res soient sur les femmes. Il y a<span class=\"Apple-converted-space\">\u00a0 <\/span>beaucoup de femmes qui ont des connaissances professionnelles dont on ne montre pas souvent,<span class=\"Apple-converted-space\">\u00a0 <\/span>il faut que ces femmes sortent de orni\u00e8res et pr\u00f4nent la parit\u00e9. Cette<span class=\"Apple-converted-space\">\u00a0 <\/span>parit\u00e9 peut occuper un pays et il<span class=\"Apple-converted-space\">\u00a0 <\/span>peut aussi occuper le d\u00e9veloppement d&rsquo;un pays. Donc nous sommes l\u00e0 pour d\u00e9montrer que nous existons, car nous sommes \u00e0 peu pr\u00e8s plus de 52% de la population guin\u00e9enne. Donc, la raison fondamentale est de d\u00e9montrer notre existence \u00bb, a affirm\u00e9 Mme Sanoh.<\/span><\/p>\n<p class=\"p1\"><span class=\"s1\">Sana Sylla.<\/span><\/p>\n","protected":false},"excerpt":{"rendered":"<p>L\u2019humanit\u00e9 a c\u00e9l\u00e9br\u00e9 ce vendredi 08 mars 2024, la journ\u00e9e internationale des droits de la<\/p>\n","protected":false},"author":2,"featured_media":5373,"comment_status":"closed","ping_status":"open","sticky":false,"template":"","format":"standard","meta":[],"categories":[3,5],"tags":[229],"yoast_head":"<!-- This site is optimized with the Yoast SEO plugin v19.13 - https:\/\/yoast.com\/wordpress\/plugins\/seo\/ -->\n<title>Journ\u00e9e internationale des femmes : C\u00e9l\u00e9bration \u00e0 Conakry de la journ\u00e9e internationale des droits des femmes. - UNIVERSNEWS224<\/title>\n<meta name=\"robots\" content=\"index, follow, max-snippet:-1, max-image-preview:large, max-video-preview:-1\" \/>\n<link rel=\"canonical\" href=\"https:\/\/universnews224.com\/index.php\/journee-internationale-des-femmes-celebration-a-conakry-de-la-journee-internationale-des-droits-des-femmes\/\" \/>\n<meta property=\"og:locale\" content=\"fr_FR\" \/>\n<meta property=\"og:type\" content=\"article\" \/>\n<meta property=\"og:title\" content=\"Journ\u00e9e internationale des femmes : C\u00e9l\u00e9bration \u00e0 Conakry de la journ\u00e9e internationale des droits des femmes. - UNIVERSNEWS224\" \/>\n<meta property=\"og:description\" content=\"L\u2019humanit\u00e9 a c\u00e9l\u00e9br\u00e9 ce vendredi 08 mars 2024, la journ\u00e9e internationale des droits de la\" \/>\n<meta property=\"og:url\" content=\"https:\/\/universnews224.com\/index.php\/journee-internationale-des-femmes-celebration-a-conakry-de-la-journee-internationale-des-droits-des-femmes\/\" \/>\n<meta property=\"og:site_name\" content=\"UNIVERSNEWS224\" \/>\n<meta property=\"article:published_time\" content=\"2024-03-09T01:08:37+00:00\" \/>\n<meta property=\"og:image\" content=\"https:\/\/universnews224.com\/wp-content\/uploads\/2024\/03\/293FF7FA-CBDF-45C4-A244-F21E07E03ED5.jpeg\" \/>\n\t<meta property=\"og:image:width\" content=\"1080\" \/>\n\t<meta property=\"og:image:height\" content=\"775\" \/>\n\t<meta property=\"og:image:type\" content=\"image\/jpeg\" \/>\n<meta name=\"author\" content=\"La R\u00e9daction\" \/>\n<meta name=\"twitter:label1\" content=\"\u00c9crit par\" \/>\n\t<meta name=\"twitter:data1\" content=\"La R\u00e9daction\" \/>\n\t<meta name=\"twitter:label2\" content=\"Dur\u00e9e de lecture estim\u00e9e\" \/>\n\t<meta name=\"twitter:data2\" content=\"2 minutes\" \/>\n<script type=\"application\/ld+json\" class=\"yoast-schema-graph\">{\"@context\":\"https:\/\/schema.org\",\"@graph\":[{\"@type\":\"Article\",\"@id\":\"https:\/\/universnews224.com\/index.php\/journee-internationale-des-femmes-celebration-a-conakry-de-la-journee-internationale-des-droits-des-femmes\/#article\",\"isPartOf\":{\"@id\":\"https:\/\/universnews224.com\/index.php\/journee-internationale-des-femmes-celebration-a-conakry-de-la-journee-internationale-des-droits-des-femmes\/\"},\"author\":{\"name\":\"La R\u00e9daction\",\"@id\":\"https:\/\/universnews224.com\/#\/schema\/person\/a4b7d4f94a4716df60456a491260485e\"},\"headline\":\"Journ\u00e9e internationale des femmes : C\u00e9l\u00e9bration \u00e0 Conakry de la journ\u00e9e internationale des droits des femmes.\",\"datePublished\":\"2024-03-09T01:08:37+00:00\",\"dateModified\":\"2024-03-09T01:08:37+00:00\",\"mainEntityOfPage\":{\"@id\":\"https:\/\/universnews224.com\/index.php\/journee-internationale-des-femmes-celebration-a-conakry-de-la-journee-internationale-des-droits-des-femmes\/\"},\"wordCount\":366,\"publisher\":{\"@id\":\"https:\/\/universnews224.com\/#organization\"},\"keywords\":[\"La une\"],\"articleSection\":[\"ACTU\",\"SOCI\u00c9T\u00c9\"],\"inLanguage\":\"fr-FR\"},{\"@type\":\"WebPage\",\"@id\":\"https:\/\/universnews224.com\/index.php\/journee-internationale-des-femmes-celebration-a-conakry-de-la-journee-internationale-des-droits-des-femmes\/\",\"url\":\"https:\/\/universnews224.com\/index.php\/journee-internationale-des-femmes-celebration-a-conakry-de-la-journee-internationale-des-droits-des-femmes\/\",\"name\":\"Journ\u00e9e internationale des femmes : C\u00e9l\u00e9bration \u00e0 Conakry de la journ\u00e9e internationale des droits des femmes. - UNIVERSNEWS224\",\"isPartOf\":{\"@id\":\"https:\/\/universnews224.com\/#website\"},\"datePublished\":\"2024-03-09T01:08:37+00:00\",\"dateModified\":\"2024-03-09T01:08:37+00:00\",\"inLanguage\":\"fr-FR\",\"potentialAction\":[{\"@type\":\"ReadAction\",\"target\":[\"https:\/\/universnews224.com\/index.php\/journee-internationale-des-femmes-celebration-a-conakry-de-la-journee-internationale-des-droits-des-femmes\/\"]}]},{\"@type\":\"WebSite\",\"@id\":\"https:\/\/universnews224.com\/#website\",\"url\":\"https:\/\/universnews224.com\/\",\"name\":\"UNIVERSNEWS224\",\"description\":\"\",\"publisher\":{\"@id\":\"https:\/\/universnews224.com\/#organization\"},\"potentialAction\":[{\"@type\":\"SearchAction\",\"target\":{\"@type\":\"EntryPoint\",\"urlTemplate\":\"https:\/\/universnews224.com\/?s={search_term_string}\"},\"query-input\":\"required name=search_term_string\"}],\"inLanguage\":\"fr-FR\"},{\"@type\":\"Organization\",\"@id\":\"https:\/\/universnews224.com\/#organization\",\"name\":\"UNIVERSNEWS224\",\"url\":\"https:\/\/universnews224.com\/\",\"logo\":{\"@type\":\"ImageObject\",\"inLanguage\":\"fr-FR\",\"@id\":\"https:\/\/universnews224.com\/#\/schema\/logo\/image\/\",\"url\":\"https:\/\/universnews224.com\/wp-content\/uploads\/2022\/08\/cropped-cropped-logoban.jpg\",\"contentUrl\":\"https:\/\/universnews224.com\/wp-content\/uploads\/2022\/08\/cropped-cropped-logoban.jpg\",\"width\":1080,\"height\":138,\"caption\":\"UNIVERSNEWS224\"},\"image\":{\"@id\":\"https:\/\/universnews224.com\/#\/schema\/logo\/image\/\"}},{\"@type\":\"Person\",\"@id\":\"https:\/\/universnews224.com\/#\/schema\/person\/a4b7d4f94a4716df60456a491260485e\",\"name\":\"La R\u00e9daction\",\"image\":{\"@type\":\"ImageObject\",\"inLanguage\":\"fr-FR\",\"@id\":\"https:\/\/universnews224.com\/#\/schema\/person\/image\/\",\"url\":\"https:\/\/secure.gravatar.com\/avatar\/edb90acc7752b23e1b3307ad36c14f0d?s=96&d=mm&r=g\",\"contentUrl\":\"https:\/\/secure.gravatar.com\/avatar\/edb90acc7752b23e1b3307ad36c14f0d?s=96&d=mm&r=g\",\"caption\":\"La R\u00e9daction\"},\"sameAs\":[\"https:\/\/universnews224.com\"],\"url\":\"https:\/\/universnews224.com\/index.php\/author\/m-camara\/\"}]}<\/script>\n<!-- \/ Yoast SEO plugin. -->","yoast_head_json":{"title":"Journ\u00e9e internationale des femmes : C\u00e9l\u00e9bration \u00e0 Conakry de la journ\u00e9e internationale des droits des femmes. - UNIVERSNEWS224","robots":{"index":"index","follow":"follow","max-snippet":"max-snippet:-1","max-image-preview":"max-image-preview:large","max-video-preview":"max-video-preview:-1"},"canonical":"https:\/\/universnews224.com\/index.php\/journee-internationale-des-femmes-celebration-a-conakry-de-la-journee-internationale-des-droits-des-femmes\/","og_locale":"fr_FR","og_type":"article","og_title":"Journ\u00e9e internationale des femmes : C\u00e9l\u00e9bration \u00e0 Conakry de la journ\u00e9e internationale des droits des femmes. - UNIVERSNEWS224","og_description":"L\u2019humanit\u00e9 a c\u00e9l\u00e9br\u00e9 ce vendredi 08 mars 2024, la journ\u00e9e internationale des droits de la","og_url":"https:\/\/universnews224.com\/index.php\/journee-internationale-des-femmes-celebration-a-conakry-de-la-journee-internationale-des-droits-des-femmes\/","og_site_name":"UNIVERSNEWS224","article_published_time":"2024-03-09T01:08:37+00:00","og_image":[{"width":1080,"height":775,"url":"https:\/\/universnews224.com\/wp-content\/uploads\/2024\/03\/293FF7FA-CBDF-45C4-A244-F21E07E03ED5.jpeg","type":"image\/jpeg"}],"author":"La R\u00e9daction","twitter_misc":{"\u00c9crit par":"La R\u00e9daction","Dur\u00e9e de lecture estim\u00e9e":"2 minutes"},"schema":{"@context":"https:\/\/schema.org","@graph":[{"@type":"Article","@id":"https:\/\/universnews224.com\/index.php\/journee-internationale-des-femmes-celebration-a-conakry-de-la-journee-internationale-des-droits-des-femmes\/#article","isPartOf":{"@id":"https:\/\/universnews224.com\/index.php\/journee-internationale-des-femmes-celebration-a-conakry-de-la-journee-internationale-des-droits-des-femmes\/"},"author":{"name":"La R\u00e9daction","@id":"https:\/\/universnews224.com\/#\/schema\/person\/a4b7d4f94a4716df60456a491260485e"},"headline":"Journ\u00e9e internationale des femmes : C\u00e9l\u00e9bration \u00e0 Conakry de la journ\u00e9e internationale des droits des femmes.","datePublished":"2024-03-09T01:08:37+00:00","dateModified":"2024-03-09T01:08:37+00:00","mainEntityOfPage":{"@id":"https:\/\/universnews224.com\/index.php\/journee-internationale-des-femmes-celebration-a-conakry-de-la-journee-internationale-des-droits-des-femmes\/"},"wordCount":366,"publisher":{"@id":"https:\/\/universnews224.com\/#organization"},"keywords":["La une"],"articleSection":["ACTU","SOCI\u00c9T\u00c9"],"inLanguage":"fr-FR"},{"@type":"WebPage","@id":"https:\/\/universnews224.com\/index.php\/journee-internationale-des-femmes-celebration-a-conakry-de-la-journee-internationale-des-droits-des-femmes\/","url":"https:\/\/universnews224.com\/index.php\/journee-internationale-des-femmes-celebration-a-conakry-de-la-journee-internationale-des-droits-des-femmes\/","name":"Journ\u00e9e internationale des femmes : C\u00e9l\u00e9bration \u00e0 Conakry de la journ\u00e9e internationale des droits des femmes. - UNIVERSNEWS224","isPartOf":{"@id":"https:\/\/universnews224.com\/#website"},"datePublished":"2024-03-09T01:08:37+00:00","dateModified":"2024-03-09T01:08:37+00:00","inLanguage":"fr-FR","potentialAction":[{"@type":"ReadAction","target":["https:\/\/universnews224.com\/index.php\/journee-internationale-des-femmes-celebration-a-conakry-de-la-journee-internationale-des-droits-des-femmes\/"]}]},{"@type":"WebSite","@id":"https:\/\/universnews224.com\/#website","url":"https:\/\/universnews224.com\/","name":"UNIVERSNEWS224","description":"","publisher":{"@id":"https:\/\/universnews224.com\/#organization"},"potentialAction":[{"@type":"SearchAction","target":{"@type":"EntryPoint","urlTemplate":"https:\/\/universnews224.com\/?s={search_term_string}"},"query-input":"required name=search_term_string"}],"inLanguage":"fr-FR"},{"@type":"Organization","@id":"https:\/\/universnews224.com\/#organization","name":"UNIVERSNEWS224","url":"https:\/\/universnews224.com\/","logo":{"@type":"ImageObject","inLanguage":"fr-FR","@id":"https:\/\/universnews224.com\/#\/schema\/logo\/image\/","url":"https:\/\/universnews224.com\/wp-content\/uploads\/2022\/08\/cropped-cropped-logoban.jpg","contentUrl":"https:\/\/universnews224.com\/wp-content\/uploads\/2022\/08\/cropped-cropped-logoban.jpg","width":1080,"height":138,"caption":"UNIVERSNEWS224"},"image":{"@id":"https:\/\/universnews224.com\/#\/schema\/logo\/image\/"}},{"@type":"Person","@id":"https:\/\/universnews224.com\/#\/schema\/person\/a4b7d4f94a4716df60456a491260485e","name":"La R\u00e9daction","image":{"@type":"ImageObject","inLanguage":"fr-FR","@id":"https:\/\/universnews224.com\/#\/schema\/person\/image\/","url":"https:\/\/secure.gravatar.com\/avatar\/edb90acc7752b23e1b3307ad36c14f0d?s=96&d=mm&r=g","contentUrl":"https:\/\/secure.gravatar.com\/avatar\/edb90acc7752b23e1b3307ad36c14f0d?s=96&d=mm&r=g","caption":"La R\u00e9daction"},"sameAs":["https:\/\/universnews224.com"],"url":"https:\/\/universnews224.com\/index.php\/author\/m-camara\/"}]}},"_links":{"self":[{"href":"https:\/\/universnews224.com\/index.php\/wp-json\/wp\/v2\/posts\/5371"}],"collection":[{"href":"https:\/\/universnews224.com\/index.php\/wp-json\/wp\/v2\/posts"}],"about":[{"href":"https:\/\/universnews224.com\/index.php\/wp-json\/wp\/v2\/types\/post"}],"author":[{"embeddable":true,"href":"https:\/\/universnews224.com\/index.php\/wp-json\/wp\/v2\/users\/2"}],"replies":[{"embeddable":true,"href":"https:\/\/universnews224.com\/index.php\/wp-json\/wp\/v2\/comments?post=5371"}],"version-history":[{"count":1,"href":"https:\/\/universnews224.com\/index.php\/wp-json\/wp\/v2\/posts\/5371\/revisions"}],"predecessor-version":[{"id":5374,"href":"https:\/\/universnews224.com\/index.php\/wp-json\/wp\/v2\/posts\/5371\/revisions\/5374"}],"wp:featuredmedia":[{"embeddable":true,"href":"https:\/\/universnews224.com\/index.php\/wp-json\/wp\/v2\/media\/5373"}],"wp:attachment":[{"href":"https:\/\/universnews224.com\/index.php\/wp-json\/wp\/v2\/media?parent=5371"}],"wp:term":[{"taxonomy":"category","embeddable":true,"href":"https:\/\/universnews224.com\/index.php\/wp-json\/wp\/v2\/categories?post=5371"},{"taxonomy":"post_tag","embeddable":true,"href":"https:\/\/universnews224.com\/index.php\/wp-json\/wp\/v2\/tags?post=5371"}],"curies":[{"name":"wp","href":"https:\/\/api.w.org\/{rel}","templated":true}]}}