{"id":5375,"date":"2024-03-09T02:22:42","date_gmt":"2024-03-09T01:22:42","guid":{"rendered":"https:\/\/universnews224.com\/?p=5375"},"modified":"2024-03-09T02:22:42","modified_gmt":"2024-03-09T01:22:42","slug":"esplanade-du-stade-du-28-septembre-plusieurs-femmes-celebrent-dans-la-convivialite-la-journee-internationale-des-droits-des-femmes","status":"publish","type":"post","link":"https:\/\/universnews224.com\/index.php\/esplanade-du-stade-du-28-septembre-plusieurs-femmes-celebrent-dans-la-convivialite-la-journee-internationale-des-droits-des-femmes\/","title":{"rendered":"Esplanade du stade du 28 septembre : plusieurs femmes c\u00e9l\u00e8brent dans la convivialit\u00e9 la journ\u00e9e internationale des droits des femmes."},"content":{"rendered":"<p class=\"p1\">L\u2019humanit\u00e9 a c\u00e9l\u00e9br\u00e9 ce vendredi 8 mars 2024 la Journ\u00e9e Mondiale des droits de la femme. En Guin\u00e9e, sur l\u2019esplanade du stade du 28 septembre de Conakry, cette f\u00eate a \u00e9t\u00e9 c\u00e9l\u00e9br\u00e9e sous le th\u00e8me \u00ab Investir en faveur des femmes : acc\u00e9l\u00e9rer le rythme \u00bb, avec une forte mobilisation des femmes habill\u00e9es en tenue traditionnelle comme d&rsquo;habitude.<\/p>\n<p class=\"p1\"><span class=\"s1\">Interrog\u00e9e sur l\u2019importance de cette journ\u00e9e pour les femmes guin\u00e9ennes,<span class=\"Apple-converted-space\">\u00a0 <\/span>Mme Kaba Fatoumata directrice g\u00e9n\u00e9rale de Vision Plus, a laiss\u00e9 entendre que les femmes doivent faire de cette journ\u00e9e, une journ\u00e9e d\u2019\u00e9valuation sur son d\u00e9veloppement durable de notre pays.<a href=\"https:\/\/universnews224.com\/wp-content\/uploads\/2024\/03\/3FF4494C-3E52-441A-88EE-36546917EC0D.jpeg\"><img loading=\"lazy\" class=\"alignnone size-medium wp-image-5377\" src=\"https:\/\/universnews224.com\/wp-content\/uploads\/2024\/03\/3FF4494C-3E52-441A-88EE-36546917EC0D-300x300.jpeg\" alt=\"\" width=\"300\" height=\"300\" srcset=\"https:\/\/universnews224.com\/wp-content\/uploads\/2024\/03\/3FF4494C-3E52-441A-88EE-36546917EC0D-300x300.jpeg 300w, https:\/\/universnews224.com\/wp-content\/uploads\/2024\/03\/3FF4494C-3E52-441A-88EE-36546917EC0D.jpeg 1024w, https:\/\/universnews224.com\/wp-content\/uploads\/2024\/03\/3FF4494C-3E52-441A-88EE-36546917EC0D-150x150.jpeg 150w, https:\/\/universnews224.com\/wp-content\/uploads\/2024\/03\/3FF4494C-3E52-441A-88EE-36546917EC0D-768x768.jpeg 768w\" sizes=\"(max-width: 300px) 100vw, 300px\" \/><\/a><\/span><\/p>\n<p class=\"p1\"><span class=\"s1\">\u00abLe 08 mars repr\u00e9sente pour les femmes du monde, une grande f\u00eate internationale, une sorte de libert\u00e9 qui nous rappelle aussi sur le combat mener par nos devanciers. Combattre pour lib\u00e9rer les autres femmes dans la lutte contre le droit des femmes dans sa composante. C&rsquo;est une grande f\u00eate qui nous encourage \u00e0 l&rsquo;\u00e9mancipation de la femme et au d\u00e9veloppement du pays. Donc, je les exhorte le courage<span class=\"Apple-converted-space\">\u00a0 <\/span>dans leur domaine en continuant de se battre et<span class=\"Apple-converted-space\">\u00a0 <\/span>\u00e0 veiller sur leur famille en<span class=\"Apple-converted-space\">\u00a0 <\/span>les prenant mains dans la main. De ne<span class=\"Apple-converted-space\">\u00a0 <\/span>jamais reculer, c&rsquo;est pourquoi je demande \u00e0 endroit des autorit\u00e9s \u00e0 continuer \u00e0 veiller sur les femmes car, nous avons remarqu\u00e9 que les femmes et hommes n&rsquo;ont pas les m\u00eames salaires,<span class=\"Apple-converted-space\">\u00a0 <\/span>les m\u00eames prises de d\u00e9cisions.<span class=\"Apple-converted-space\">\u00a0 <\/span>On peut pas dire forc\u00e9ment d&rsquo;\u00eatre \u00e9gaux. Pour cela nous attirons attention des autorit\u00e9s de mettre les femmes \u00e0 la place qu&rsquo;elles m\u00e9ritent ,<span class=\"Apple-converted-space\">\u00a0 <\/span>il y a pleines de femmes qui m\u00e9ritent beaucoup de choses parce que il y a pleines de femmes en Guin\u00e9e qui ont fait des bonnes \u00e9tudes qui m\u00e9ritent d&rsquo;\u00eatre dans certains postes de responsabilit\u00e9 pour le d\u00e9veloppement de notre pays \u00bb, a soulign\u00e9 Mme Kaba.<a href=\"https:\/\/universnews224.com\/wp-content\/uploads\/2024\/03\/E1B8A626-8EFD-4854-851A-121BDE772A54.jpeg\"><img loading=\"lazy\" class=\"alignnone size-medium wp-image-5378\" src=\"https:\/\/universnews224.com\/wp-content\/uploads\/2024\/03\/E1B8A626-8EFD-4854-851A-121BDE772A54-300x229.jpeg\" alt=\"\" width=\"300\" height=\"229\" srcset=\"https:\/\/universnews224.com\/wp-content\/uploads\/2024\/03\/E1B8A626-8EFD-4854-851A-121BDE772A54-300x229.jpeg 300w, https:\/\/universnews224.com\/wp-content\/uploads\/2024\/03\/E1B8A626-8EFD-4854-851A-121BDE772A54-1024x781.jpeg 1024w, https:\/\/universnews224.com\/wp-content\/uploads\/2024\/03\/E1B8A626-8EFD-4854-851A-121BDE772A54-768x586.jpeg 768w, https:\/\/universnews224.com\/wp-content\/uploads\/2024\/03\/E1B8A626-8EFD-4854-851A-121BDE772A54.jpeg 1080w\" sizes=\"(max-width: 300px) 100vw, 300px\" \/><\/a><\/span><\/p>\n<p class=\"p1\"><span class=\"s1\">De son c\u00f4t\u00e9 , Mme Camara Kamissa Oular\u00e9 femme entrepreneure, a tout d\u2019abord souhait\u00e9 une bonne f\u00eate \u00e0 toutes les femmes du monde entier et en particulier celles de la Guin\u00e9e. \u00ab Je suis tr\u00e8s contente de faire la f\u00eate avec mes amies. Je pense que tout a \u00e9t\u00e9 dit sur le droit de la femme c&rsquo;est \u00e0 nous de les appliquer davantage pour le d\u00e9veloppement et l&rsquo;\u00e9mancipation des femmes de notre pays. Aujourd\u2019hui,<span class=\"Apple-converted-space\">\u00a0 <\/span>nous devons tout faire pour se donner les mains pour cultiver la paix, la solidarit\u00e9 et la coh\u00e9sion sociale entre nous. Pour se faire,<span class=\"Apple-converted-space\">\u00a0 <\/span>les autorit\u00e9s doivent nous aider en leur demandant que les femmes guin\u00e9ennes sont braves, elles travaillent pour subvenir \u00e0 leurs besoins. Mais il faut pas qu&rsquo;elles attendent de quelques choses \u00e0<span class=\"Apple-converted-space\">\u00a0 <\/span>l&rsquo;\u00c9tat comme le manger et<span class=\"Apple-converted-space\">\u00a0 <\/span>autres (&#8230;), le th\u00e8me de cette ann\u00e9e est notre slogan \u00e7a nous int\u00e9ressent beaucoup car c&rsquo;est bien dit et nous demandons \u00e0 l\u2019\u00c9tat<span class=\"Apple-converted-space\">\u00a0 <\/span>de veiller sur l&rsquo;application direct des choses, parce que nous ne sommes pas venus ici pour danser ou de chanter nous devons travailler pour notre pays \u00bb, a conclu Mme Camara Kamissa Oular\u00e9.<\/span><\/p>\n<p class=\"p1\"><span class=\"s1\">Sana Sylla.<\/span><\/p>\n","protected":false},"excerpt":{"rendered":"<p>L\u2019humanit\u00e9 a c\u00e9l\u00e9br\u00e9 ce vendredi 8 mars 2024 la Journ\u00e9e Mondiale des droits de la<\/p>\n","protected":false},"author":2,"featured_media":5376,"comment_status":"closed","ping_status":"open","sticky":false,"template":"","format":"standard","meta":[],"categories":[3,5],"tags":[229],"yoast_head":"<!-- This site is optimized with the Yoast SEO plugin v19.13 - https:\/\/yoast.com\/wordpress\/plugins\/seo\/ -->\n<title>Esplanade du stade du 28 septembre : plusieurs femmes c\u00e9l\u00e8brent dans la convivialit\u00e9 la journ\u00e9e internationale des droits des femmes. - UNIVERSNEWS224<\/title>\n<meta name=\"robots\" content=\"index, follow, max-snippet:-1, max-image-preview:large, max-video-preview:-1\" \/>\n<link rel=\"canonical\" href=\"https:\/\/universnews224.com\/index.php\/esplanade-du-stade-du-28-septembre-plusieurs-femmes-celebrent-dans-la-convivialite-la-journee-internationale-des-droits-des-femmes\/\" \/>\n<meta property=\"og:locale\" content=\"fr_FR\" \/>\n<meta property=\"og:type\" content=\"article\" \/>\n<meta property=\"og:title\" content=\"Esplanade du stade du 28 septembre : plusieurs femmes c\u00e9l\u00e8brent dans la convivialit\u00e9 la journ\u00e9e internationale des droits des femmes. - UNIVERSNEWS224\" \/>\n<meta property=\"og:description\" content=\"L\u2019humanit\u00e9 a c\u00e9l\u00e9br\u00e9 ce vendredi 8 mars 2024 la Journ\u00e9e Mondiale des droits de la\" \/>\n<meta property=\"og:url\" content=\"https:\/\/universnews224.com\/index.php\/esplanade-du-stade-du-28-septembre-plusieurs-femmes-celebrent-dans-la-convivialite-la-journee-internationale-des-droits-des-femmes\/\" \/>\n<meta property=\"og:site_name\" content=\"UNIVERSNEWS224\" \/>\n<meta property=\"article:published_time\" content=\"2024-03-09T01:22:42+00:00\" \/>\n<meta property=\"og:image\" content=\"https:\/\/universnews224.com\/wp-content\/uploads\/2024\/03\/2A8A37F7-4A3C-4557-A6A1-DDCE79881603.jpeg\" \/>\n\t<meta property=\"og:image:width\" content=\"1080\" \/>\n\t<meta property=\"og:image:height\" content=\"837\" \/>\n\t<meta property=\"og:image:type\" content=\"image\/jpeg\" \/>\n<meta name=\"author\" content=\"La R\u00e9daction\" \/>\n<meta name=\"twitter:label1\" content=\"\u00c9crit par\" \/>\n\t<meta name=\"twitter:data1\" content=\"La R\u00e9daction\" \/>\n\t<meta name=\"twitter:label2\" content=\"Dur\u00e9e de lecture estim\u00e9e\" \/>\n\t<meta name=\"twitter:data2\" content=\"3 minutes\" \/>\n<script type=\"application\/ld+json\" class=\"yoast-schema-graph\">{\"@context\":\"https:\/\/schema.org\",\"@graph\":[{\"@type\":\"Article\",\"@id\":\"https:\/\/universnews224.com\/index.php\/esplanade-du-stade-du-28-septembre-plusieurs-femmes-celebrent-dans-la-convivialite-la-journee-internationale-des-droits-des-femmes\/#article\",\"isPartOf\":{\"@id\":\"https:\/\/universnews224.com\/index.php\/esplanade-du-stade-du-28-septembre-plusieurs-femmes-celebrent-dans-la-convivialite-la-journee-internationale-des-droits-des-femmes\/\"},\"author\":{\"name\":\"La R\u00e9daction\",\"@id\":\"https:\/\/universnews224.com\/#\/schema\/person\/a4b7d4f94a4716df60456a491260485e\"},\"headline\":\"Esplanade du stade du 28 septembre : plusieurs femmes c\u00e9l\u00e8brent dans la convivialit\u00e9 la journ\u00e9e internationale des droits des femmes.\",\"datePublished\":\"2024-03-09T01:22:42+00:00\",\"dateModified\":\"2024-03-09T01:22:42+00:00\",\"mainEntityOfPage\":{\"@id\":\"https:\/\/universnews224.com\/index.php\/esplanade-du-stade-du-28-septembre-plusieurs-femmes-celebrent-dans-la-convivialite-la-journee-internationale-des-droits-des-femmes\/\"},\"wordCount\":543,\"publisher\":{\"@id\":\"https:\/\/universnews224.com\/#organization\"},\"keywords\":[\"La une\"],\"articleSection\":[\"ACTU\",\"SOCI\u00c9T\u00c9\"],\"inLanguage\":\"fr-FR\"},{\"@type\":\"WebPage\",\"@id\":\"https:\/\/universnews224.com\/index.php\/esplanade-du-stade-du-28-septembre-plusieurs-femmes-celebrent-dans-la-convivialite-la-journee-internationale-des-droits-des-femmes\/\",\"url\":\"https:\/\/universnews224.com\/index.php\/esplanade-du-stade-du-28-septembre-plusieurs-femmes-celebrent-dans-la-convivialite-la-journee-internationale-des-droits-des-femmes\/\",\"name\":\"Esplanade du stade du 28 septembre : plusieurs femmes c\u00e9l\u00e8brent dans la convivialit\u00e9 la journ\u00e9e internationale des droits des femmes. - UNIVERSNEWS224\",\"isPartOf\":{\"@id\":\"https:\/\/universnews224.com\/#website\"},\"datePublished\":\"2024-03-09T01:22:42+00:00\",\"dateModified\":\"2024-03-09T01:22:42+00:00\",\"inLanguage\":\"fr-FR\",\"potentialAction\":[{\"@type\":\"ReadAction\",\"target\":[\"https:\/\/universnews224.com\/index.php\/esplanade-du-stade-du-28-septembre-plusieurs-femmes-celebrent-dans-la-convivialite-la-journee-internationale-des-droits-des-femmes\/\"]}]},{\"@type\":\"WebSite\",\"@id\":\"https:\/\/universnews224.com\/#website\",\"url\":\"https:\/\/universnews224.com\/\",\"name\":\"UNIVERSNEWS224\",\"description\":\"\",\"publisher\":{\"@id\":\"https:\/\/universnews224.com\/#organization\"},\"potentialAction\":[{\"@type\":\"SearchAction\",\"target\":{\"@type\":\"EntryPoint\",\"urlTemplate\":\"https:\/\/universnews224.com\/?s={search_term_string}\"},\"query-input\":\"required name=search_term_string\"}],\"inLanguage\":\"fr-FR\"},{\"@type\":\"Organization\",\"@id\":\"https:\/\/universnews224.com\/#organization\",\"name\":\"UNIVERSNEWS224\",\"url\":\"https:\/\/universnews224.com\/\",\"logo\":{\"@type\":\"ImageObject\",\"inLanguage\":\"fr-FR\",\"@id\":\"https:\/\/universnews224.com\/#\/schema\/logo\/image\/\",\"url\":\"https:\/\/universnews224.com\/wp-content\/uploads\/2022\/08\/cropped-cropped-logoban.jpg\",\"contentUrl\":\"https:\/\/universnews224.com\/wp-content\/uploads\/2022\/08\/cropped-cropped-logoban.jpg\",\"width\":1080,\"height\":138,\"caption\":\"UNIVERSNEWS224\"},\"image\":{\"@id\":\"https:\/\/universnews224.com\/#\/schema\/logo\/image\/\"}},{\"@type\":\"Person\",\"@id\":\"https:\/\/universnews224.com\/#\/schema\/person\/a4b7d4f94a4716df60456a491260485e\",\"name\":\"La R\u00e9daction\",\"image\":{\"@type\":\"ImageObject\",\"inLanguage\":\"fr-FR\",\"@id\":\"https:\/\/universnews224.com\/#\/schema\/person\/image\/\",\"url\":\"https:\/\/secure.gravatar.com\/avatar\/edb90acc7752b23e1b3307ad36c14f0d?s=96&d=mm&r=g\",\"contentUrl\":\"https:\/\/secure.gravatar.com\/avatar\/edb90acc7752b23e1b3307ad36c14f0d?s=96&d=mm&r=g\",\"caption\":\"La R\u00e9daction\"},\"sameAs\":[\"https:\/\/universnews224.com\"],\"url\":\"https:\/\/universnews224.com\/index.php\/author\/m-camara\/\"}]}<\/script>\n<!-- \/ Yoast SEO plugin. -->","yoast_head_json":{"title":"Esplanade du stade du 28 septembre : plusieurs femmes c\u00e9l\u00e8brent dans la convivialit\u00e9 la journ\u00e9e internationale des droits des femmes. - UNIVERSNEWS224","robots":{"index":"index","follow":"follow","max-snippet":"max-snippet:-1","max-image-preview":"max-image-preview:large","max-video-preview":"max-video-preview:-1"},"canonical":"https:\/\/universnews224.com\/index.php\/esplanade-du-stade-du-28-septembre-plusieurs-femmes-celebrent-dans-la-convivialite-la-journee-internationale-des-droits-des-femmes\/","og_locale":"fr_FR","og_type":"article","og_title":"Esplanade du stade du 28 septembre : plusieurs femmes c\u00e9l\u00e8brent dans la convivialit\u00e9 la journ\u00e9e internationale des droits des femmes. - UNIVERSNEWS224","og_description":"L\u2019humanit\u00e9 a c\u00e9l\u00e9br\u00e9 ce vendredi 8 mars 2024 la Journ\u00e9e Mondiale des droits de la","og_url":"https:\/\/universnews224.com\/index.php\/esplanade-du-stade-du-28-septembre-plusieurs-femmes-celebrent-dans-la-convivialite-la-journee-internationale-des-droits-des-femmes\/","og_site_name":"UNIVERSNEWS224","article_published_time":"2024-03-09T01:22:42+00:00","og_image":[{"width":1080,"height":837,"url":"https:\/\/universnews224.com\/wp-content\/uploads\/2024\/03\/2A8A37F7-4A3C-4557-A6A1-DDCE79881603.jpeg","type":"image\/jpeg"}],"author":"La R\u00e9daction","twitter_misc":{"\u00c9crit par":"La R\u00e9daction","Dur\u00e9e de lecture estim\u00e9e":"3 minutes"},"schema":{"@context":"https:\/\/schema.org","@graph":[{"@type":"Article","@id":"https:\/\/universnews224.com\/index.php\/esplanade-du-stade-du-28-septembre-plusieurs-femmes-celebrent-dans-la-convivialite-la-journee-internationale-des-droits-des-femmes\/#article","isPartOf":{"@id":"https:\/\/universnews224.com\/index.php\/esplanade-du-stade-du-28-septembre-plusieurs-femmes-celebrent-dans-la-convivialite-la-journee-internationale-des-droits-des-femmes\/"},"author":{"name":"La R\u00e9daction","@id":"https:\/\/universnews224.com\/#\/schema\/person\/a4b7d4f94a4716df60456a491260485e"},"headline":"Esplanade du stade du 28 septembre : plusieurs femmes c\u00e9l\u00e8brent dans la convivialit\u00e9 la journ\u00e9e internationale des droits des femmes.","datePublished":"2024-03-09T01:22:42+00:00","dateModified":"2024-03-09T01:22:42+00:00","mainEntityOfPage":{"@id":"https:\/\/universnews224.com\/index.php\/esplanade-du-stade-du-28-septembre-plusieurs-femmes-celebrent-dans-la-convivialite-la-journee-internationale-des-droits-des-femmes\/"},"wordCount":543,"publisher":{"@id":"https:\/\/universnews224.com\/#organization"},"keywords":["La une"],"articleSection":["ACTU","SOCI\u00c9T\u00c9"],"inLanguage":"fr-FR"},{"@type":"WebPage","@id":"https:\/\/universnews224.com\/index.php\/esplanade-du-stade-du-28-septembre-plusieurs-femmes-celebrent-dans-la-convivialite-la-journee-internationale-des-droits-des-femmes\/","url":"https:\/\/universnews224.com\/index.php\/esplanade-du-stade-du-28-septembre-plusieurs-femmes-celebrent-dans-la-convivialite-la-journee-internationale-des-droits-des-femmes\/","name":"Esplanade du stade du 28 septembre : plusieurs femmes c\u00e9l\u00e8brent dans la convivialit\u00e9 la journ\u00e9e internationale des droits des femmes. - UNIVERSNEWS224","isPartOf":{"@id":"https:\/\/universnews224.com\/#website"},"datePublished":"2024-03-09T01:22:42+00:00","dateModified":"2024-03-09T01:22:42+00:00","inLanguage":"fr-FR","potentialAction":[{"@type":"ReadAction","target":["https:\/\/universnews224.com\/index.php\/esplanade-du-stade-du-28-septembre-plusieurs-femmes-celebrent-dans-la-convivialite-la-journee-internationale-des-droits-des-femmes\/"]}]},{"@type":"WebSite","@id":"https:\/\/universnews224.com\/#website","url":"https:\/\/universnews224.com\/","name":"UNIVERSNEWS224","description":"","publisher":{"@id":"https:\/\/universnews224.com\/#organization"},"potentialAction":[{"@type":"SearchAction","target":{"@type":"EntryPoint","urlTemplate":"https:\/\/universnews224.com\/?s={search_term_string}"},"query-input":"required name=search_term_string"}],"inLanguage":"fr-FR"},{"@type":"Organization","@id":"https:\/\/universnews224.com\/#organization","name":"UNIVERSNEWS224","url":"https:\/\/universnews224.com\/","logo":{"@type":"ImageObject","inLanguage":"fr-FR","@id":"https:\/\/universnews224.com\/#\/schema\/logo\/image\/","url":"https:\/\/universnews224.com\/wp-content\/uploads\/2022\/08\/cropped-cropped-logoban.jpg","contentUrl":"https:\/\/universnews224.com\/wp-content\/uploads\/2022\/08\/cropped-cropped-logoban.jpg","width":1080,"height":138,"caption":"UNIVERSNEWS224"},"image":{"@id":"https:\/\/universnews224.com\/#\/schema\/logo\/image\/"}},{"@type":"Person","@id":"https:\/\/universnews224.com\/#\/schema\/person\/a4b7d4f94a4716df60456a491260485e","name":"La R\u00e9daction","image":{"@type":"ImageObject","inLanguage":"fr-FR","@id":"https:\/\/universnews224.com\/#\/schema\/person\/image\/","url":"https:\/\/secure.gravatar.com\/avatar\/edb90acc7752b23e1b3307ad36c14f0d?s=96&d=mm&r=g","contentUrl":"https:\/\/secure.gravatar.com\/avatar\/edb90acc7752b23e1b3307ad36c14f0d?s=96&d=mm&r=g","caption":"La R\u00e9daction"},"sameAs":["https:\/\/universnews224.com"],"url":"https:\/\/universnews224.com\/index.php\/author\/m-camara\/"}]}},"_links":{"self":[{"href":"https:\/\/universnews224.com\/index.php\/wp-json\/wp\/v2\/posts\/5375"}],"collection":[{"href":"https:\/\/universnews224.com\/index.php\/wp-json\/wp\/v2\/posts"}],"about":[{"href":"https:\/\/universnews224.com\/index.php\/wp-json\/wp\/v2\/types\/post"}],"author":[{"embeddable":true,"href":"https:\/\/universnews224.com\/index.php\/wp-json\/wp\/v2\/users\/2"}],"replies":[{"embeddable":true,"href":"https:\/\/universnews224.com\/index.php\/wp-json\/wp\/v2\/comments?post=5375"}],"version-history":[{"count":1,"href":"https:\/\/universnews224.com\/index.php\/wp-json\/wp\/v2\/posts\/5375\/revisions"}],"predecessor-version":[{"id":5379,"href":"https:\/\/universnews224.com\/index.php\/wp-json\/wp\/v2\/posts\/5375\/revisions\/5379"}],"wp:featuredmedia":[{"embeddable":true,"href":"https:\/\/universnews224.com\/index.php\/wp-json\/wp\/v2\/media\/5376"}],"wp:attachment":[{"href":"https:\/\/universnews224.com\/index.php\/wp-json\/wp\/v2\/media?parent=5375"}],"wp:term":[{"taxonomy":"category","embeddable":true,"href":"https:\/\/universnews224.com\/index.php\/wp-json\/wp\/v2\/categories?post=5375"},{"taxonomy":"post_tag","embeddable":true,"href":"https:\/\/universnews224.com\/index.php\/wp-json\/wp\/v2\/tags?post=5375"}],"curies":[{"name":"wp","href":"https:\/\/api.w.org\/{rel}","templated":true}]}}