{"id":5389,"date":"2024-03-11T22:33:44","date_gmt":"2024-03-11T21:33:44","guid":{"rendered":"https:\/\/universnews224.com\/?p=5389"},"modified":"2024-03-11T22:33:44","modified_gmt":"2024-03-11T21:33:44","slug":"baisse-des-prix-sur-le-marche-une-decision-saluee-par-ousmane-keita-president-de-lunion-des-consommateurs-de-guinee","status":"publish","type":"post","link":"https:\/\/universnews224.com\/index.php\/baisse-des-prix-sur-le-marche-une-decision-saluee-par-ousmane-keita-president-de-lunion-des-consommateurs-de-guinee\/","title":{"rendered":"Baisse des prix sur le march\u00e9: une d\u00e9cision salu\u00e9e par Ousmane Keita, pr\u00e9sident de l\u2019Union des Consommateurs de Guin\u00e9e."},"content":{"rendered":"<p class=\"p1\">\u00c0 la faveur d\u2019une rencontre tenue hier dimanche ,10 mars 2024 \u00e0 Conakry, le gouvernement guin\u00e9en et la chambre du commerce et d\u2019industrie ont revu \u00e0 la baisse les prix des denr\u00e9es de grande consommation.<\/p>\n<p class=\"p1\"><span class=\"s1\">R\u00e9gissant sur cette actualit\u00e9 chez nos confr\u00e8res de la radio Cavi Fm dans l\u2019\u00e9mission \u00abScanner\u00bb de ce lundi 11 mars 2024, Ousmane Ke\u00efta, pr\u00e9sident de l\u2019Union des consommateurs de Guin\u00e9e se f\u00e9licite de cette d\u00e9cision, qui va sans aucun doute, all\u00e9ger le panier de la m\u00e9nag\u00e8re en ce d\u00e9but de ramadan. <\/span><\/p>\n<p class=\"p1\"><span class=\"s1\">\u201cLa premi\u00e8re des choses, c\u2019est de f\u00e9liciter la chambre de commerce et d\u2019industrie pour les efforts consentis sur leurs marges b\u00e9n\u00e9ficiaires de fa\u00e7on \u00e0 ce qu\u2019on puisse arriver l\u00e0. Il faut aussi remercier les autorit\u00e9s qui ont bien voulu accepter faire un ch\u00e8que sur<span class=\"Apple-converted-space\">\u00a0 <\/span>leurs taxes pour qu\u2019on puisse avoir un prix consensuel. Je crois que tout cela est d\u00fb aussi au reflet de la v\u00e9rit\u00e9 sur terrain, je veux parler de la baisse des prix de certaines denr\u00e9es alimentaires sur le plan international. Je pense qu\u2019il est \u00e9tait tout a fait normal qu\u2019il ait des effets dominicaux sur les produits. Les commer\u00e7ants ont compris qu\u2019il faut \u00eatre citoyen, qu\u2019il ne fallait pas vers la course aux profits sur le dos des consommateurs et ont d\u00e9cid\u00e9 d\u2019accepter de jouer le jeu, s\u2019est -il r\u00e9joui. <\/span><\/p>\n<p class=\"p1\"><span class=\"s1\">Poursuivant, le pr\u00e9sident de l\u2019Union des consommateurs de Guin\u00e9e a laiss\u00e9 entendre que toutes les dispositions sont d\u00e9j\u00e0 prises pour que ses nouveaux tarifs soient respect\u00e9s sur le terrain. <\/span><\/p>\n<p class=\"p1\"><span class=\"s1\">\u201cLa machine est effectivement mises en marche parce que vous avez, on prend la d\u00e9cision, mais apr\u00e8s l\u2019applicabilit\u00e9 reste un peu difficile sur le terrain. Donc, je peux vous dire avec certitude qu\u2019en ayant \u00e9chang\u00e9 avec le directeur national du commerce int\u00e9rieur et de la concurrence M. Yombouno qui g\u00e8re l\u2019\u00e9quipe d\u2019agents asserment\u00e9s relevant de sa direction. On peut dire que tout est mis en place pour que les investigations soient faites d\u00e8s ce matin sur le terrain, de fa\u00e7on \u00e0 ce que les commer\u00e7ants soient sensibilis\u00e9s, aussi soient contr\u00f4l\u00e9s. Et nous avons des \u00e9l\u00e9ments qui sont sur le terrain et qui font les accompagner\u201d, a t-il martel\u00e9. <\/span><\/p>\n","protected":false},"excerpt":{"rendered":"<p>\u00c0 la faveur d\u2019une rencontre tenue hier dimanche ,10 mars 2024 \u00e0 Conakry, le gouvernement<\/p>\n","protected":false},"author":2,"featured_media":0,"comment_status":"closed","ping_status":"open","sticky":false,"template":"","format":"standard","meta":[],"categories":[3,5],"tags":[229],"yoast_head":"<!-- This site is optimized with the Yoast SEO plugin v19.13 - https:\/\/yoast.com\/wordpress\/plugins\/seo\/ -->\n<title>Baisse des prix sur le march\u00e9: une d\u00e9cision salu\u00e9e par Ousmane Keita, pr\u00e9sident de l\u2019Union des Consommateurs de Guin\u00e9e. - UNIVERSNEWS224<\/title>\n<meta name=\"robots\" content=\"index, follow, max-snippet:-1, max-image-preview:large, max-video-preview:-1\" \/>\n<link rel=\"canonical\" href=\"https:\/\/universnews224.com\/index.php\/baisse-des-prix-sur-le-marche-une-decision-saluee-par-ousmane-keita-president-de-lunion-des-consommateurs-de-guinee\/\" \/>\n<meta property=\"og:locale\" content=\"fr_FR\" \/>\n<meta property=\"og:type\" content=\"article\" \/>\n<meta property=\"og:title\" content=\"Baisse des prix sur le march\u00e9: une d\u00e9cision salu\u00e9e par Ousmane Keita, pr\u00e9sident de l\u2019Union des Consommateurs de Guin\u00e9e. - UNIVERSNEWS224\" \/>\n<meta property=\"og:description\" content=\"\u00c0 la faveur d\u2019une rencontre tenue hier dimanche ,10 mars 2024 \u00e0 Conakry, le gouvernement\" \/>\n<meta property=\"og:url\" content=\"https:\/\/universnews224.com\/index.php\/baisse-des-prix-sur-le-marche-une-decision-saluee-par-ousmane-keita-president-de-lunion-des-consommateurs-de-guinee\/\" \/>\n<meta property=\"og:site_name\" content=\"UNIVERSNEWS224\" \/>\n<meta property=\"article:published_time\" content=\"2024-03-11T21:33:44+00:00\" \/>\n<meta name=\"author\" content=\"La R\u00e9daction\" \/>\n<meta name=\"twitter:label1\" content=\"\u00c9crit par\" \/>\n\t<meta name=\"twitter:data1\" content=\"La R\u00e9daction\" \/>\n\t<meta name=\"twitter:label2\" content=\"Dur\u00e9e de lecture estim\u00e9e\" \/>\n\t<meta name=\"twitter:data2\" content=\"2 minutes\" \/>\n<script type=\"application\/ld+json\" class=\"yoast-schema-graph\">{\"@context\":\"https:\/\/schema.org\",\"@graph\":[{\"@type\":\"Article\",\"@id\":\"https:\/\/universnews224.com\/index.php\/baisse-des-prix-sur-le-marche-une-decision-saluee-par-ousmane-keita-president-de-lunion-des-consommateurs-de-guinee\/#article\",\"isPartOf\":{\"@id\":\"https:\/\/universnews224.com\/index.php\/baisse-des-prix-sur-le-marche-une-decision-saluee-par-ousmane-keita-president-de-lunion-des-consommateurs-de-guinee\/\"},\"author\":{\"name\":\"La R\u00e9daction\",\"@id\":\"https:\/\/universnews224.com\/#\/schema\/person\/a4b7d4f94a4716df60456a491260485e\"},\"headline\":\"Baisse des prix sur le march\u00e9: une d\u00e9cision salu\u00e9e par Ousmane Keita, pr\u00e9sident de l\u2019Union des Consommateurs de Guin\u00e9e.\",\"datePublished\":\"2024-03-11T21:33:44+00:00\",\"dateModified\":\"2024-03-11T21:33:44+00:00\",\"mainEntityOfPage\":{\"@id\":\"https:\/\/universnews224.com\/index.php\/baisse-des-prix-sur-le-marche-une-decision-saluee-par-ousmane-keita-president-de-lunion-des-consommateurs-de-guinee\/\"},\"wordCount\":432,\"publisher\":{\"@id\":\"https:\/\/universnews224.com\/#organization\"},\"keywords\":[\"La une\"],\"articleSection\":[\"ACTU\",\"SOCI\u00c9T\u00c9\"],\"inLanguage\":\"fr-FR\"},{\"@type\":\"WebPage\",\"@id\":\"https:\/\/universnews224.com\/index.php\/baisse-des-prix-sur-le-marche-une-decision-saluee-par-ousmane-keita-president-de-lunion-des-consommateurs-de-guinee\/\",\"url\":\"https:\/\/universnews224.com\/index.php\/baisse-des-prix-sur-le-marche-une-decision-saluee-par-ousmane-keita-president-de-lunion-des-consommateurs-de-guinee\/\",\"name\":\"Baisse des prix sur le march\u00e9: une d\u00e9cision salu\u00e9e par Ousmane Keita, pr\u00e9sident de l\u2019Union des Consommateurs de Guin\u00e9e. - UNIVERSNEWS224\",\"isPartOf\":{\"@id\":\"https:\/\/universnews224.com\/#website\"},\"datePublished\":\"2024-03-11T21:33:44+00:00\",\"dateModified\":\"2024-03-11T21:33:44+00:00\",\"inLanguage\":\"fr-FR\",\"potentialAction\":[{\"@type\":\"ReadAction\",\"target\":[\"https:\/\/universnews224.com\/index.php\/baisse-des-prix-sur-le-marche-une-decision-saluee-par-ousmane-keita-president-de-lunion-des-consommateurs-de-guinee\/\"]}]},{\"@type\":\"WebSite\",\"@id\":\"https:\/\/universnews224.com\/#website\",\"url\":\"https:\/\/universnews224.com\/\",\"name\":\"UNIVERSNEWS224\",\"description\":\"\",\"publisher\":{\"@id\":\"https:\/\/universnews224.com\/#organization\"},\"potentialAction\":[{\"@type\":\"SearchAction\",\"target\":{\"@type\":\"EntryPoint\",\"urlTemplate\":\"https:\/\/universnews224.com\/?s={search_term_string}\"},\"query-input\":\"required name=search_term_string\"}],\"inLanguage\":\"fr-FR\"},{\"@type\":\"Organization\",\"@id\":\"https:\/\/universnews224.com\/#organization\",\"name\":\"UNIVERSNEWS224\",\"url\":\"https:\/\/universnews224.com\/\",\"logo\":{\"@type\":\"ImageObject\",\"inLanguage\":\"fr-FR\",\"@id\":\"https:\/\/universnews224.com\/#\/schema\/logo\/image\/\",\"url\":\"https:\/\/universnews224.com\/wp-content\/uploads\/2022\/08\/cropped-cropped-logoban.jpg\",\"contentUrl\":\"https:\/\/universnews224.com\/wp-content\/uploads\/2022\/08\/cropped-cropped-logoban.jpg\",\"width\":1080,\"height\":138,\"caption\":\"UNIVERSNEWS224\"},\"image\":{\"@id\":\"https:\/\/universnews224.com\/#\/schema\/logo\/image\/\"}},{\"@type\":\"Person\",\"@id\":\"https:\/\/universnews224.com\/#\/schema\/person\/a4b7d4f94a4716df60456a491260485e\",\"name\":\"La R\u00e9daction\",\"image\":{\"@type\":\"ImageObject\",\"inLanguage\":\"fr-FR\",\"@id\":\"https:\/\/universnews224.com\/#\/schema\/person\/image\/\",\"url\":\"https:\/\/secure.gravatar.com\/avatar\/edb90acc7752b23e1b3307ad36c14f0d?s=96&d=mm&r=g\",\"contentUrl\":\"https:\/\/secure.gravatar.com\/avatar\/edb90acc7752b23e1b3307ad36c14f0d?s=96&d=mm&r=g\",\"caption\":\"La R\u00e9daction\"},\"sameAs\":[\"https:\/\/universnews224.com\"],\"url\":\"https:\/\/universnews224.com\/index.php\/author\/m-camara\/\"}]}<\/script>\n<!-- \/ Yoast SEO plugin. -->","yoast_head_json":{"title":"Baisse des prix sur le march\u00e9: une d\u00e9cision salu\u00e9e par Ousmane Keita, pr\u00e9sident de l\u2019Union des Consommateurs de Guin\u00e9e. - UNIVERSNEWS224","robots":{"index":"index","follow":"follow","max-snippet":"max-snippet:-1","max-image-preview":"max-image-preview:large","max-video-preview":"max-video-preview:-1"},"canonical":"https:\/\/universnews224.com\/index.php\/baisse-des-prix-sur-le-marche-une-decision-saluee-par-ousmane-keita-president-de-lunion-des-consommateurs-de-guinee\/","og_locale":"fr_FR","og_type":"article","og_title":"Baisse des prix sur le march\u00e9: une d\u00e9cision salu\u00e9e par Ousmane Keita, pr\u00e9sident de l\u2019Union des Consommateurs de Guin\u00e9e. - UNIVERSNEWS224","og_description":"\u00c0 la faveur d\u2019une rencontre tenue hier dimanche ,10 mars 2024 \u00e0 Conakry, le gouvernement","og_url":"https:\/\/universnews224.com\/index.php\/baisse-des-prix-sur-le-marche-une-decision-saluee-par-ousmane-keita-president-de-lunion-des-consommateurs-de-guinee\/","og_site_name":"UNIVERSNEWS224","article_published_time":"2024-03-11T21:33:44+00:00","author":"La R\u00e9daction","twitter_misc":{"\u00c9crit par":"La R\u00e9daction","Dur\u00e9e de lecture estim\u00e9e":"2 minutes"},"schema":{"@context":"https:\/\/schema.org","@graph":[{"@type":"Article","@id":"https:\/\/universnews224.com\/index.php\/baisse-des-prix-sur-le-marche-une-decision-saluee-par-ousmane-keita-president-de-lunion-des-consommateurs-de-guinee\/#article","isPartOf":{"@id":"https:\/\/universnews224.com\/index.php\/baisse-des-prix-sur-le-marche-une-decision-saluee-par-ousmane-keita-president-de-lunion-des-consommateurs-de-guinee\/"},"author":{"name":"La R\u00e9daction","@id":"https:\/\/universnews224.com\/#\/schema\/person\/a4b7d4f94a4716df60456a491260485e"},"headline":"Baisse des prix sur le march\u00e9: une d\u00e9cision salu\u00e9e par Ousmane Keita, pr\u00e9sident de l\u2019Union des Consommateurs de Guin\u00e9e.","datePublished":"2024-03-11T21:33:44+00:00","dateModified":"2024-03-11T21:33:44+00:00","mainEntityOfPage":{"@id":"https:\/\/universnews224.com\/index.php\/baisse-des-prix-sur-le-marche-une-decision-saluee-par-ousmane-keita-president-de-lunion-des-consommateurs-de-guinee\/"},"wordCount":432,"publisher":{"@id":"https:\/\/universnews224.com\/#organization"},"keywords":["La une"],"articleSection":["ACTU","SOCI\u00c9T\u00c9"],"inLanguage":"fr-FR"},{"@type":"WebPage","@id":"https:\/\/universnews224.com\/index.php\/baisse-des-prix-sur-le-marche-une-decision-saluee-par-ousmane-keita-president-de-lunion-des-consommateurs-de-guinee\/","url":"https:\/\/universnews224.com\/index.php\/baisse-des-prix-sur-le-marche-une-decision-saluee-par-ousmane-keita-president-de-lunion-des-consommateurs-de-guinee\/","name":"Baisse des prix sur le march\u00e9: une d\u00e9cision salu\u00e9e par Ousmane Keita, pr\u00e9sident de l\u2019Union des Consommateurs de Guin\u00e9e. - UNIVERSNEWS224","isPartOf":{"@id":"https:\/\/universnews224.com\/#website"},"datePublished":"2024-03-11T21:33:44+00:00","dateModified":"2024-03-11T21:33:44+00:00","inLanguage":"fr-FR","potentialAction":[{"@type":"ReadAction","target":["https:\/\/universnews224.com\/index.php\/baisse-des-prix-sur-le-marche-une-decision-saluee-par-ousmane-keita-president-de-lunion-des-consommateurs-de-guinee\/"]}]},{"@type":"WebSite","@id":"https:\/\/universnews224.com\/#website","url":"https:\/\/universnews224.com\/","name":"UNIVERSNEWS224","description":"","publisher":{"@id":"https:\/\/universnews224.com\/#organization"},"potentialAction":[{"@type":"SearchAction","target":{"@type":"EntryPoint","urlTemplate":"https:\/\/universnews224.com\/?s={search_term_string}"},"query-input":"required name=search_term_string"}],"inLanguage":"fr-FR"},{"@type":"Organization","@id":"https:\/\/universnews224.com\/#organization","name":"UNIVERSNEWS224","url":"https:\/\/universnews224.com\/","logo":{"@type":"ImageObject","inLanguage":"fr-FR","@id":"https:\/\/universnews224.com\/#\/schema\/logo\/image\/","url":"https:\/\/universnews224.com\/wp-content\/uploads\/2022\/08\/cropped-cropped-logoban.jpg","contentUrl":"https:\/\/universnews224.com\/wp-content\/uploads\/2022\/08\/cropped-cropped-logoban.jpg","width":1080,"height":138,"caption":"UNIVERSNEWS224"},"image":{"@id":"https:\/\/universnews224.com\/#\/schema\/logo\/image\/"}},{"@type":"Person","@id":"https:\/\/universnews224.com\/#\/schema\/person\/a4b7d4f94a4716df60456a491260485e","name":"La R\u00e9daction","image":{"@type":"ImageObject","inLanguage":"fr-FR","@id":"https:\/\/universnews224.com\/#\/schema\/person\/image\/","url":"https:\/\/secure.gravatar.com\/avatar\/edb90acc7752b23e1b3307ad36c14f0d?s=96&d=mm&r=g","contentUrl":"https:\/\/secure.gravatar.com\/avatar\/edb90acc7752b23e1b3307ad36c14f0d?s=96&d=mm&r=g","caption":"La R\u00e9daction"},"sameAs":["https:\/\/universnews224.com"],"url":"https:\/\/universnews224.com\/index.php\/author\/m-camara\/"}]}},"_links":{"self":[{"href":"https:\/\/universnews224.com\/index.php\/wp-json\/wp\/v2\/posts\/5389"}],"collection":[{"href":"https:\/\/universnews224.com\/index.php\/wp-json\/wp\/v2\/posts"}],"about":[{"href":"https:\/\/universnews224.com\/index.php\/wp-json\/wp\/v2\/types\/post"}],"author":[{"embeddable":true,"href":"https:\/\/universnews224.com\/index.php\/wp-json\/wp\/v2\/users\/2"}],"replies":[{"embeddable":true,"href":"https:\/\/universnews224.com\/index.php\/wp-json\/wp\/v2\/comments?post=5389"}],"version-history":[{"count":1,"href":"https:\/\/universnews224.com\/index.php\/wp-json\/wp\/v2\/posts\/5389\/revisions"}],"predecessor-version":[{"id":5390,"href":"https:\/\/universnews224.com\/index.php\/wp-json\/wp\/v2\/posts\/5389\/revisions\/5390"}],"wp:attachment":[{"href":"https:\/\/universnews224.com\/index.php\/wp-json\/wp\/v2\/media?parent=5389"}],"wp:term":[{"taxonomy":"category","embeddable":true,"href":"https:\/\/universnews224.com\/index.php\/wp-json\/wp\/v2\/categories?post=5389"},{"taxonomy":"post_tag","embeddable":true,"href":"https:\/\/universnews224.com\/index.php\/wp-json\/wp\/v2\/tags?post=5389"}],"curies":[{"name":"wp","href":"https:\/\/api.w.org\/{rel}","templated":true}]}}