{"id":5396,"date":"2024-03-12T23:35:05","date_gmt":"2024-03-12T22:35:05","guid":{"rendered":"https:\/\/universnews224.com\/?p=5396"},"modified":"2024-03-12T23:35:05","modified_gmt":"2024-03-12T22:35:05","slug":"accident-a-kaloum-un-vehicule-du-cortege-presidentiel-blesse-deux-personnes-dont-un-grievement","status":"publish","type":"post","link":"https:\/\/universnews224.com\/index.php\/accident-a-kaloum-un-vehicule-du-cortege-presidentiel-blesse-deux-personnes-dont-un-grievement\/","title":{"rendered":"Accident \u00e0 Kaloum: un v\u00e9hicule du cort\u00e8ge pr\u00e9sidentiel blesse deux personnes, dont un gri\u00e8vement."},"content":{"rendered":"<p class=\"p1\"><span class=\"s1\">Le cort\u00e8ge du pr\u00e9sident de la transition G\u00e9n\u00e9ral Mamadi Doumbouya qui quittait la haute banlieue de Conakry, vient de percuter deux personnes au commissariat central de Kaloum dont un est dans un \u00e9tat tr\u00e8s critique. <\/span><\/p>\n<p class=\"p1\"><span class=\"s1\">Selon les t\u00e9moignages recueillis sur place, le chauffeur qui conduisait le pickup a perdu le contr\u00f4le de son engin avant de finir sa course sur un immeuble o\u00f9 les conducteurs de moto taxis qui \u00e9taient arr\u00eat\u00e9s. <\/span><\/p>\n<p class=\"p1\"><span class=\"s1\">Au moment o\u00f9 nous mettons cette p\u00eache en ligne, les deux victimes \u00e9t\u00e9 conduites \u00e0 l\u2019h\u00f4pital pour les premiers soins. <\/span><\/p>\n<p class=\"p1\"><span class=\"s1\">Nous y reviendrons<\/span><\/p>\n<p class=\"p1\"><span class=\"s1\">Decoster Camara <\/span><\/p>\n","protected":false},"excerpt":{"rendered":"<p>Le cort\u00e8ge du pr\u00e9sident de la transition G\u00e9n\u00e9ral Mamadi Doumbouya qui quittait la haute banlieue<\/p>\n","protected":false},"author":2,"featured_media":5397,"comment_status":"closed","ping_status":"open","sticky":false,"template":"","format":"standard","meta":[],"categories":[3,5],"tags":[229],"yoast_head":"<!-- This site is optimized with the Yoast SEO plugin v19.13 - https:\/\/yoast.com\/wordpress\/plugins\/seo\/ -->\n<title>Accident \u00e0 Kaloum: un v\u00e9hicule du cort\u00e8ge pr\u00e9sidentiel blesse deux personnes, dont un gri\u00e8vement. - UNIVERSNEWS224<\/title>\n<meta name=\"robots\" content=\"index, follow, max-snippet:-1, max-image-preview:large, max-video-preview:-1\" \/>\n<link rel=\"canonical\" href=\"https:\/\/universnews224.com\/index.php\/accident-a-kaloum-un-vehicule-du-cortege-presidentiel-blesse-deux-personnes-dont-un-grievement\/\" \/>\n<meta property=\"og:locale\" content=\"fr_FR\" \/>\n<meta property=\"og:type\" content=\"article\" \/>\n<meta property=\"og:title\" content=\"Accident \u00e0 Kaloum: un v\u00e9hicule du cort\u00e8ge pr\u00e9sidentiel blesse deux personnes, dont un gri\u00e8vement. - UNIVERSNEWS224\" \/>\n<meta property=\"og:description\" content=\"Le cort\u00e8ge du pr\u00e9sident de la transition G\u00e9n\u00e9ral Mamadi Doumbouya qui quittait la haute banlieue\" \/>\n<meta property=\"og:url\" content=\"https:\/\/universnews224.com\/index.php\/accident-a-kaloum-un-vehicule-du-cortege-presidentiel-blesse-deux-personnes-dont-un-grievement\/\" \/>\n<meta property=\"og:site_name\" content=\"UNIVERSNEWS224\" \/>\n<meta property=\"article:published_time\" content=\"2024-03-12T22:35:05+00:00\" \/>\n<meta property=\"og:image\" content=\"https:\/\/universnews224.com\/wp-content\/uploads\/2024\/03\/3E79D8AD-EFE0-435E-9562-E179245828C0.jpeg\" \/>\n\t<meta property=\"og:image:width\" content=\"1080\" \/>\n\t<meta property=\"og:image:height\" content=\"486\" \/>\n\t<meta property=\"og:image:type\" content=\"image\/jpeg\" \/>\n<meta name=\"author\" content=\"La R\u00e9daction\" \/>\n<meta name=\"twitter:label1\" content=\"\u00c9crit par\" \/>\n\t<meta name=\"twitter:data1\" content=\"La R\u00e9daction\" \/>\n\t<meta name=\"twitter:label2\" content=\"Dur\u00e9e de lecture estim\u00e9e\" \/>\n\t<meta name=\"twitter:data2\" content=\"1 minute\" \/>\n<script type=\"application\/ld+json\" class=\"yoast-schema-graph\">{\"@context\":\"https:\/\/schema.org\",\"@graph\":[{\"@type\":\"Article\",\"@id\":\"https:\/\/universnews224.com\/index.php\/accident-a-kaloum-un-vehicule-du-cortege-presidentiel-blesse-deux-personnes-dont-un-grievement\/#article\",\"isPartOf\":{\"@id\":\"https:\/\/universnews224.com\/index.php\/accident-a-kaloum-un-vehicule-du-cortege-presidentiel-blesse-deux-personnes-dont-un-grievement\/\"},\"author\":{\"name\":\"La R\u00e9daction\",\"@id\":\"https:\/\/universnews224.com\/#\/schema\/person\/a4b7d4f94a4716df60456a491260485e\"},\"headline\":\"Accident \u00e0 Kaloum: un v\u00e9hicule du cort\u00e8ge pr\u00e9sidentiel blesse deux personnes, dont un gri\u00e8vement.\",\"datePublished\":\"2024-03-12T22:35:05+00:00\",\"dateModified\":\"2024-03-12T22:35:05+00:00\",\"mainEntityOfPage\":{\"@id\":\"https:\/\/universnews224.com\/index.php\/accident-a-kaloum-un-vehicule-du-cortege-presidentiel-blesse-deux-personnes-dont-un-grievement\/\"},\"wordCount\":124,\"publisher\":{\"@id\":\"https:\/\/universnews224.com\/#organization\"},\"keywords\":[\"La une\"],\"articleSection\":[\"ACTU\",\"SOCI\u00c9T\u00c9\"],\"inLanguage\":\"fr-FR\"},{\"@type\":\"WebPage\",\"@id\":\"https:\/\/universnews224.com\/index.php\/accident-a-kaloum-un-vehicule-du-cortege-presidentiel-blesse-deux-personnes-dont-un-grievement\/\",\"url\":\"https:\/\/universnews224.com\/index.php\/accident-a-kaloum-un-vehicule-du-cortege-presidentiel-blesse-deux-personnes-dont-un-grievement\/\",\"name\":\"Accident \u00e0 Kaloum: un v\u00e9hicule du cort\u00e8ge pr\u00e9sidentiel blesse deux personnes, dont un gri\u00e8vement. - UNIVERSNEWS224\",\"isPartOf\":{\"@id\":\"https:\/\/universnews224.com\/#website\"},\"datePublished\":\"2024-03-12T22:35:05+00:00\",\"dateModified\":\"2024-03-12T22:35:05+00:00\",\"inLanguage\":\"fr-FR\",\"potentialAction\":[{\"@type\":\"ReadAction\",\"target\":[\"https:\/\/universnews224.com\/index.php\/accident-a-kaloum-un-vehicule-du-cortege-presidentiel-blesse-deux-personnes-dont-un-grievement\/\"]}]},{\"@type\":\"WebSite\",\"@id\":\"https:\/\/universnews224.com\/#website\",\"url\":\"https:\/\/universnews224.com\/\",\"name\":\"UNIVERSNEWS224\",\"description\":\"\",\"publisher\":{\"@id\":\"https:\/\/universnews224.com\/#organization\"},\"potentialAction\":[{\"@type\":\"SearchAction\",\"target\":{\"@type\":\"EntryPoint\",\"urlTemplate\":\"https:\/\/universnews224.com\/?s={search_term_string}\"},\"query-input\":\"required name=search_term_string\"}],\"inLanguage\":\"fr-FR\"},{\"@type\":\"Organization\",\"@id\":\"https:\/\/universnews224.com\/#organization\",\"name\":\"UNIVERSNEWS224\",\"url\":\"https:\/\/universnews224.com\/\",\"logo\":{\"@type\":\"ImageObject\",\"inLanguage\":\"fr-FR\",\"@id\":\"https:\/\/universnews224.com\/#\/schema\/logo\/image\/\",\"url\":\"https:\/\/universnews224.com\/wp-content\/uploads\/2022\/08\/cropped-cropped-logoban.jpg\",\"contentUrl\":\"https:\/\/universnews224.com\/wp-content\/uploads\/2022\/08\/cropped-cropped-logoban.jpg\",\"width\":1080,\"height\":138,\"caption\":\"UNIVERSNEWS224\"},\"image\":{\"@id\":\"https:\/\/universnews224.com\/#\/schema\/logo\/image\/\"}},{\"@type\":\"Person\",\"@id\":\"https:\/\/universnews224.com\/#\/schema\/person\/a4b7d4f94a4716df60456a491260485e\",\"name\":\"La R\u00e9daction\",\"image\":{\"@type\":\"ImageObject\",\"inLanguage\":\"fr-FR\",\"@id\":\"https:\/\/universnews224.com\/#\/schema\/person\/image\/\",\"url\":\"https:\/\/secure.gravatar.com\/avatar\/edb90acc7752b23e1b3307ad36c14f0d?s=96&d=mm&r=g\",\"contentUrl\":\"https:\/\/secure.gravatar.com\/avatar\/edb90acc7752b23e1b3307ad36c14f0d?s=96&d=mm&r=g\",\"caption\":\"La R\u00e9daction\"},\"sameAs\":[\"https:\/\/universnews224.com\"],\"url\":\"https:\/\/universnews224.com\/index.php\/author\/m-camara\/\"}]}<\/script>\n<!-- \/ Yoast SEO plugin. -->","yoast_head_json":{"title":"Accident \u00e0 Kaloum: un v\u00e9hicule du cort\u00e8ge pr\u00e9sidentiel blesse deux personnes, dont un gri\u00e8vement. - UNIVERSNEWS224","robots":{"index":"index","follow":"follow","max-snippet":"max-snippet:-1","max-image-preview":"max-image-preview:large","max-video-preview":"max-video-preview:-1"},"canonical":"https:\/\/universnews224.com\/index.php\/accident-a-kaloum-un-vehicule-du-cortege-presidentiel-blesse-deux-personnes-dont-un-grievement\/","og_locale":"fr_FR","og_type":"article","og_title":"Accident \u00e0 Kaloum: un v\u00e9hicule du cort\u00e8ge pr\u00e9sidentiel blesse deux personnes, dont un gri\u00e8vement. - UNIVERSNEWS224","og_description":"Le cort\u00e8ge du pr\u00e9sident de la transition G\u00e9n\u00e9ral Mamadi Doumbouya qui quittait la haute banlieue","og_url":"https:\/\/universnews224.com\/index.php\/accident-a-kaloum-un-vehicule-du-cortege-presidentiel-blesse-deux-personnes-dont-un-grievement\/","og_site_name":"UNIVERSNEWS224","article_published_time":"2024-03-12T22:35:05+00:00","og_image":[{"width":1080,"height":486,"url":"https:\/\/universnews224.com\/wp-content\/uploads\/2024\/03\/3E79D8AD-EFE0-435E-9562-E179245828C0.jpeg","type":"image\/jpeg"}],"author":"La R\u00e9daction","twitter_misc":{"\u00c9crit par":"La R\u00e9daction","Dur\u00e9e de lecture estim\u00e9e":"1 minute"},"schema":{"@context":"https:\/\/schema.org","@graph":[{"@type":"Article","@id":"https:\/\/universnews224.com\/index.php\/accident-a-kaloum-un-vehicule-du-cortege-presidentiel-blesse-deux-personnes-dont-un-grievement\/#article","isPartOf":{"@id":"https:\/\/universnews224.com\/index.php\/accident-a-kaloum-un-vehicule-du-cortege-presidentiel-blesse-deux-personnes-dont-un-grievement\/"},"author":{"name":"La R\u00e9daction","@id":"https:\/\/universnews224.com\/#\/schema\/person\/a4b7d4f94a4716df60456a491260485e"},"headline":"Accident \u00e0 Kaloum: un v\u00e9hicule du cort\u00e8ge pr\u00e9sidentiel blesse deux personnes, dont un gri\u00e8vement.","datePublished":"2024-03-12T22:35:05+00:00","dateModified":"2024-03-12T22:35:05+00:00","mainEntityOfPage":{"@id":"https:\/\/universnews224.com\/index.php\/accident-a-kaloum-un-vehicule-du-cortege-presidentiel-blesse-deux-personnes-dont-un-grievement\/"},"wordCount":124,"publisher":{"@id":"https:\/\/universnews224.com\/#organization"},"keywords":["La une"],"articleSection":["ACTU","SOCI\u00c9T\u00c9"],"inLanguage":"fr-FR"},{"@type":"WebPage","@id":"https:\/\/universnews224.com\/index.php\/accident-a-kaloum-un-vehicule-du-cortege-presidentiel-blesse-deux-personnes-dont-un-grievement\/","url":"https:\/\/universnews224.com\/index.php\/accident-a-kaloum-un-vehicule-du-cortege-presidentiel-blesse-deux-personnes-dont-un-grievement\/","name":"Accident \u00e0 Kaloum: un v\u00e9hicule du cort\u00e8ge pr\u00e9sidentiel blesse deux personnes, dont un gri\u00e8vement. - UNIVERSNEWS224","isPartOf":{"@id":"https:\/\/universnews224.com\/#website"},"datePublished":"2024-03-12T22:35:05+00:00","dateModified":"2024-03-12T22:35:05+00:00","inLanguage":"fr-FR","potentialAction":[{"@type":"ReadAction","target":["https:\/\/universnews224.com\/index.php\/accident-a-kaloum-un-vehicule-du-cortege-presidentiel-blesse-deux-personnes-dont-un-grievement\/"]}]},{"@type":"WebSite","@id":"https:\/\/universnews224.com\/#website","url":"https:\/\/universnews224.com\/","name":"UNIVERSNEWS224","description":"","publisher":{"@id":"https:\/\/universnews224.com\/#organization"},"potentialAction":[{"@type":"SearchAction","target":{"@type":"EntryPoint","urlTemplate":"https:\/\/universnews224.com\/?s={search_term_string}"},"query-input":"required name=search_term_string"}],"inLanguage":"fr-FR"},{"@type":"Organization","@id":"https:\/\/universnews224.com\/#organization","name":"UNIVERSNEWS224","url":"https:\/\/universnews224.com\/","logo":{"@type":"ImageObject","inLanguage":"fr-FR","@id":"https:\/\/universnews224.com\/#\/schema\/logo\/image\/","url":"https:\/\/universnews224.com\/wp-content\/uploads\/2022\/08\/cropped-cropped-logoban.jpg","contentUrl":"https:\/\/universnews224.com\/wp-content\/uploads\/2022\/08\/cropped-cropped-logoban.jpg","width":1080,"height":138,"caption":"UNIVERSNEWS224"},"image":{"@id":"https:\/\/universnews224.com\/#\/schema\/logo\/image\/"}},{"@type":"Person","@id":"https:\/\/universnews224.com\/#\/schema\/person\/a4b7d4f94a4716df60456a491260485e","name":"La R\u00e9daction","image":{"@type":"ImageObject","inLanguage":"fr-FR","@id":"https:\/\/universnews224.com\/#\/schema\/person\/image\/","url":"https:\/\/secure.gravatar.com\/avatar\/edb90acc7752b23e1b3307ad36c14f0d?s=96&d=mm&r=g","contentUrl":"https:\/\/secure.gravatar.com\/avatar\/edb90acc7752b23e1b3307ad36c14f0d?s=96&d=mm&r=g","caption":"La R\u00e9daction"},"sameAs":["https:\/\/universnews224.com"],"url":"https:\/\/universnews224.com\/index.php\/author\/m-camara\/"}]}},"_links":{"self":[{"href":"https:\/\/universnews224.com\/index.php\/wp-json\/wp\/v2\/posts\/5396"}],"collection":[{"href":"https:\/\/universnews224.com\/index.php\/wp-json\/wp\/v2\/posts"}],"about":[{"href":"https:\/\/universnews224.com\/index.php\/wp-json\/wp\/v2\/types\/post"}],"author":[{"embeddable":true,"href":"https:\/\/universnews224.com\/index.php\/wp-json\/wp\/v2\/users\/2"}],"replies":[{"embeddable":true,"href":"https:\/\/universnews224.com\/index.php\/wp-json\/wp\/v2\/comments?post=5396"}],"version-history":[{"count":1,"href":"https:\/\/universnews224.com\/index.php\/wp-json\/wp\/v2\/posts\/5396\/revisions"}],"predecessor-version":[{"id":5398,"href":"https:\/\/universnews224.com\/index.php\/wp-json\/wp\/v2\/posts\/5396\/revisions\/5398"}],"wp:featuredmedia":[{"embeddable":true,"href":"https:\/\/universnews224.com\/index.php\/wp-json\/wp\/v2\/media\/5397"}],"wp:attachment":[{"href":"https:\/\/universnews224.com\/index.php\/wp-json\/wp\/v2\/media?parent=5396"}],"wp:term":[{"taxonomy":"category","embeddable":true,"href":"https:\/\/universnews224.com\/index.php\/wp-json\/wp\/v2\/categories?post=5396"},{"taxonomy":"post_tag","embeddable":true,"href":"https:\/\/universnews224.com\/index.php\/wp-json\/wp\/v2\/tags?post=5396"}],"curies":[{"name":"wp","href":"https:\/\/api.w.org\/{rel}","templated":true}]}}