{"id":5402,"date":"2024-03-13T19:06:36","date_gmt":"2024-03-13T18:06:36","guid":{"rendered":"https:\/\/universnews224.com\/?p=5402"},"modified":"2024-03-13T19:06:36","modified_gmt":"2024-03-13T18:06:36","slug":"enfant-et-adolescent-tues-en-marge-dune-manifestation-contre-le-manque-de-courant-a-kindia-bah-oury-demande-des-comptes","status":"publish","type":"post","link":"https:\/\/universnews224.com\/index.php\/enfant-et-adolescent-tues-en-marge-dune-manifestation-contre-le-manque-de-courant-a-kindia-bah-oury-demande-des-comptes\/","title":{"rendered":"Enfant et adolescent tu\u00e9s en marge d\u2019une manifestation contre le manque de courant \u00e0 Kindia : Bah Oury demande des comptes."},"content":{"rendered":"<p>Le tout nouveau premier ministre de la transition, Amadou Oury Bah dit Bah Oury a anim\u00e9 une conf\u00e9rence de presse ce mercredi 13 mars 2024, au si\u00e8ge de la Cellule de communication du Gouvernement. Face aux journalistes, le locataire du petit Palais de la Colombe s\u2019est exprim\u00e9 sur la r\u00e9cente manifestation contre le manque de Courant \u00e0 Kindia, ayant fait deux (2) morts et de douze (12) bless\u00e9s par balles.<\/p>\n<p>Le chef du Gouvernement a, dans un langage de v\u00e9rit\u00e9, exprim\u00e9 son regret face aux morts d\u2019hommes survenus dans la ville de Kindia, \u00e0 la suite des \u00e9meutes contre le manque de Courant.<\/p>\n<p>\u2018\u2019Les \u00e9v\u00e9nements de Kindia ont \u00e9t\u00e9 des \u00e9v\u00e9nements particuli\u00e8rement regrettables et nous nous inclinons devant la m\u00e9moire des deux jeunes adolescents qui sont tomb\u00e9s. Nous prions pour le repos de leurs \u00e2mes.<\/p>\n<div class=\"jeg_ad jeg_ad_article jnews_content_inline_3_ads  \">\n<div class=\"ads-wrapper align-center \"><\/div>\n<\/div>\n<p>Nous rappelons aux forces de d\u00e9fense et de s\u00e9curit\u00e9 que le maintien d\u2019ordre est r\u00e9gi par les r\u00e8gles bien plus pr\u00e9cises o\u00f9 on ne peut pas utiliser les armes \u00e0 feu dans le cadre du maintien d\u2019ordre\u2019\u2019, a d\u00e9clar\u00e9 Bah Oury d\u2019un ton ferme, avant de s\u2019adresser au procureur et aux autorit\u00e9s administratives de Kindia.<\/p>\n<p>\u2018\u2019Il est important que le procureur en charge de ce dossier puisse mener des enqu\u00eates diligentes pour que les autorit\u00e9s \u00e0 tous les niveaux puissent savoir comment cela s\u2019est pass\u00e9. Nous demandons aux autorit\u00e9s administratives de la ville de Kindia de nous donner d\u2019amples explications sur la situation\u2019\u2019, a-t-il interpell\u00e9.<\/p>\n<p>Mieux, le chef du Gouvernement de transition dit regretter le fait de n\u2019avoir pas \u00e9t\u00e9 inform\u00e9 \u00e0 l\u2019avance des risques potentiels li\u00e9s \u00e0 la desserte en \u00e9lectricit\u00e9 \u00e0 Kindia. \u2018\u2019Si on \u00e9tait inform\u00e9 et alert\u00e9, les dispositions idoines auraient d\u00fb \u00eatre prises pour \u00e9viter ces violences\u2019\u2019, a d\u00e9plor\u00e9 Amadou Oury Bah.<\/p>\n<p>&nbsp;<\/p>\n<p>Lerev<\/p>\n","protected":false},"excerpt":{"rendered":"<p>Le tout nouveau premier ministre de la transition, Amadou Oury Bah dit Bah Oury a<\/p>\n","protected":false},"author":2,"featured_media":5403,"comment_status":"closed","ping_status":"open","sticky":false,"template":"","format":"standard","meta":[],"categories":[3,4],"tags":[229],"yoast_head":"<!-- This site is optimized with the Yoast SEO plugin v19.13 - https:\/\/yoast.com\/wordpress\/plugins\/seo\/ -->\n<title>Enfant et adolescent tu\u00e9s en marge d\u2019une manifestation contre le manque de courant \u00e0 Kindia : Bah Oury demande des comptes. - UNIVERSNEWS224<\/title>\n<meta name=\"robots\" content=\"index, follow, max-snippet:-1, max-image-preview:large, max-video-preview:-1\" \/>\n<link rel=\"canonical\" href=\"https:\/\/universnews224.com\/index.php\/enfant-et-adolescent-tues-en-marge-dune-manifestation-contre-le-manque-de-courant-a-kindia-bah-oury-demande-des-comptes\/\" \/>\n<meta property=\"og:locale\" content=\"fr_FR\" \/>\n<meta property=\"og:type\" content=\"article\" \/>\n<meta property=\"og:title\" content=\"Enfant et adolescent tu\u00e9s en marge d\u2019une manifestation contre le manque de courant \u00e0 Kindia : Bah Oury demande des comptes. - UNIVERSNEWS224\" \/>\n<meta property=\"og:description\" content=\"Le tout nouveau premier ministre de la transition, Amadou Oury Bah dit Bah Oury a\" \/>\n<meta property=\"og:url\" content=\"https:\/\/universnews224.com\/index.php\/enfant-et-adolescent-tues-en-marge-dune-manifestation-contre-le-manque-de-courant-a-kindia-bah-oury-demande-des-comptes\/\" \/>\n<meta property=\"og:site_name\" content=\"UNIVERSNEWS224\" \/>\n<meta property=\"article:published_time\" content=\"2024-03-13T18:06:36+00:00\" \/>\n<meta property=\"og:image\" content=\"https:\/\/universnews224.com\/wp-content\/uploads\/2024\/03\/8F592359-77C7-4CFF-BEDB-C68B853A27E0.jpeg\" \/>\n\t<meta property=\"og:image:width\" content=\"960\" \/>\n\t<meta property=\"og:image:height\" content=\"640\" \/>\n\t<meta property=\"og:image:type\" content=\"image\/jpeg\" \/>\n<meta name=\"author\" content=\"La R\u00e9daction\" \/>\n<meta name=\"twitter:label1\" content=\"\u00c9crit par\" \/>\n\t<meta name=\"twitter:data1\" content=\"La R\u00e9daction\" \/>\n\t<meta name=\"twitter:label2\" content=\"Dur\u00e9e de lecture estim\u00e9e\" \/>\n\t<meta name=\"twitter:data2\" content=\"2 minutes\" \/>\n<script type=\"application\/ld+json\" class=\"yoast-schema-graph\">{\"@context\":\"https:\/\/schema.org\",\"@graph\":[{\"@type\":\"Article\",\"@id\":\"https:\/\/universnews224.com\/index.php\/enfant-et-adolescent-tues-en-marge-dune-manifestation-contre-le-manque-de-courant-a-kindia-bah-oury-demande-des-comptes\/#article\",\"isPartOf\":{\"@id\":\"https:\/\/universnews224.com\/index.php\/enfant-et-adolescent-tues-en-marge-dune-manifestation-contre-le-manque-de-courant-a-kindia-bah-oury-demande-des-comptes\/\"},\"author\":{\"name\":\"La R\u00e9daction\",\"@id\":\"https:\/\/universnews224.com\/#\/schema\/person\/a4b7d4f94a4716df60456a491260485e\"},\"headline\":\"Enfant et adolescent tu\u00e9s en marge d\u2019une manifestation contre le manque de courant \u00e0 Kindia : Bah Oury demande des comptes.\",\"datePublished\":\"2024-03-13T18:06:36+00:00\",\"dateModified\":\"2024-03-13T18:06:36+00:00\",\"mainEntityOfPage\":{\"@id\":\"https:\/\/universnews224.com\/index.php\/enfant-et-adolescent-tues-en-marge-dune-manifestation-contre-le-manque-de-courant-a-kindia-bah-oury-demande-des-comptes\/\"},\"wordCount\":335,\"publisher\":{\"@id\":\"https:\/\/universnews224.com\/#organization\"},\"keywords\":[\"La une\"],\"articleSection\":[\"ACTU\",\"POLITIQUE\"],\"inLanguage\":\"fr-FR\"},{\"@type\":\"WebPage\",\"@id\":\"https:\/\/universnews224.com\/index.php\/enfant-et-adolescent-tues-en-marge-dune-manifestation-contre-le-manque-de-courant-a-kindia-bah-oury-demande-des-comptes\/\",\"url\":\"https:\/\/universnews224.com\/index.php\/enfant-et-adolescent-tues-en-marge-dune-manifestation-contre-le-manque-de-courant-a-kindia-bah-oury-demande-des-comptes\/\",\"name\":\"Enfant et adolescent tu\u00e9s en marge d\u2019une manifestation contre le manque de courant \u00e0 Kindia : Bah Oury demande des comptes. - UNIVERSNEWS224\",\"isPartOf\":{\"@id\":\"https:\/\/universnews224.com\/#website\"},\"datePublished\":\"2024-03-13T18:06:36+00:00\",\"dateModified\":\"2024-03-13T18:06:36+00:00\",\"inLanguage\":\"fr-FR\",\"potentialAction\":[{\"@type\":\"ReadAction\",\"target\":[\"https:\/\/universnews224.com\/index.php\/enfant-et-adolescent-tues-en-marge-dune-manifestation-contre-le-manque-de-courant-a-kindia-bah-oury-demande-des-comptes\/\"]}]},{\"@type\":\"WebSite\",\"@id\":\"https:\/\/universnews224.com\/#website\",\"url\":\"https:\/\/universnews224.com\/\",\"name\":\"UNIVERSNEWS224\",\"description\":\"\",\"publisher\":{\"@id\":\"https:\/\/universnews224.com\/#organization\"},\"potentialAction\":[{\"@type\":\"SearchAction\",\"target\":{\"@type\":\"EntryPoint\",\"urlTemplate\":\"https:\/\/universnews224.com\/?s={search_term_string}\"},\"query-input\":\"required name=search_term_string\"}],\"inLanguage\":\"fr-FR\"},{\"@type\":\"Organization\",\"@id\":\"https:\/\/universnews224.com\/#organization\",\"name\":\"UNIVERSNEWS224\",\"url\":\"https:\/\/universnews224.com\/\",\"logo\":{\"@type\":\"ImageObject\",\"inLanguage\":\"fr-FR\",\"@id\":\"https:\/\/universnews224.com\/#\/schema\/logo\/image\/\",\"url\":\"https:\/\/universnews224.com\/wp-content\/uploads\/2022\/08\/cropped-cropped-logoban.jpg\",\"contentUrl\":\"https:\/\/universnews224.com\/wp-content\/uploads\/2022\/08\/cropped-cropped-logoban.jpg\",\"width\":1080,\"height\":138,\"caption\":\"UNIVERSNEWS224\"},\"image\":{\"@id\":\"https:\/\/universnews224.com\/#\/schema\/logo\/image\/\"}},{\"@type\":\"Person\",\"@id\":\"https:\/\/universnews224.com\/#\/schema\/person\/a4b7d4f94a4716df60456a491260485e\",\"name\":\"La R\u00e9daction\",\"image\":{\"@type\":\"ImageObject\",\"inLanguage\":\"fr-FR\",\"@id\":\"https:\/\/universnews224.com\/#\/schema\/person\/image\/\",\"url\":\"https:\/\/secure.gravatar.com\/avatar\/edb90acc7752b23e1b3307ad36c14f0d?s=96&d=mm&r=g\",\"contentUrl\":\"https:\/\/secure.gravatar.com\/avatar\/edb90acc7752b23e1b3307ad36c14f0d?s=96&d=mm&r=g\",\"caption\":\"La R\u00e9daction\"},\"sameAs\":[\"https:\/\/universnews224.com\"],\"url\":\"https:\/\/universnews224.com\/index.php\/author\/m-camara\/\"}]}<\/script>\n<!-- \/ Yoast SEO plugin. -->","yoast_head_json":{"title":"Enfant et adolescent tu\u00e9s en marge d\u2019une manifestation contre le manque de courant \u00e0 Kindia : Bah Oury demande des comptes. - UNIVERSNEWS224","robots":{"index":"index","follow":"follow","max-snippet":"max-snippet:-1","max-image-preview":"max-image-preview:large","max-video-preview":"max-video-preview:-1"},"canonical":"https:\/\/universnews224.com\/index.php\/enfant-et-adolescent-tues-en-marge-dune-manifestation-contre-le-manque-de-courant-a-kindia-bah-oury-demande-des-comptes\/","og_locale":"fr_FR","og_type":"article","og_title":"Enfant et adolescent tu\u00e9s en marge d\u2019une manifestation contre le manque de courant \u00e0 Kindia : Bah Oury demande des comptes. - UNIVERSNEWS224","og_description":"Le tout nouveau premier ministre de la transition, Amadou Oury Bah dit Bah Oury a","og_url":"https:\/\/universnews224.com\/index.php\/enfant-et-adolescent-tues-en-marge-dune-manifestation-contre-le-manque-de-courant-a-kindia-bah-oury-demande-des-comptes\/","og_site_name":"UNIVERSNEWS224","article_published_time":"2024-03-13T18:06:36+00:00","og_image":[{"width":960,"height":640,"url":"https:\/\/universnews224.com\/wp-content\/uploads\/2024\/03\/8F592359-77C7-4CFF-BEDB-C68B853A27E0.jpeg","type":"image\/jpeg"}],"author":"La R\u00e9daction","twitter_misc":{"\u00c9crit par":"La R\u00e9daction","Dur\u00e9e de lecture estim\u00e9e":"2 minutes"},"schema":{"@context":"https:\/\/schema.org","@graph":[{"@type":"Article","@id":"https:\/\/universnews224.com\/index.php\/enfant-et-adolescent-tues-en-marge-dune-manifestation-contre-le-manque-de-courant-a-kindia-bah-oury-demande-des-comptes\/#article","isPartOf":{"@id":"https:\/\/universnews224.com\/index.php\/enfant-et-adolescent-tues-en-marge-dune-manifestation-contre-le-manque-de-courant-a-kindia-bah-oury-demande-des-comptes\/"},"author":{"name":"La R\u00e9daction","@id":"https:\/\/universnews224.com\/#\/schema\/person\/a4b7d4f94a4716df60456a491260485e"},"headline":"Enfant et adolescent tu\u00e9s en marge d\u2019une manifestation contre le manque de courant \u00e0 Kindia : Bah Oury demande des comptes.","datePublished":"2024-03-13T18:06:36+00:00","dateModified":"2024-03-13T18:06:36+00:00","mainEntityOfPage":{"@id":"https:\/\/universnews224.com\/index.php\/enfant-et-adolescent-tues-en-marge-dune-manifestation-contre-le-manque-de-courant-a-kindia-bah-oury-demande-des-comptes\/"},"wordCount":335,"publisher":{"@id":"https:\/\/universnews224.com\/#organization"},"keywords":["La une"],"articleSection":["ACTU","POLITIQUE"],"inLanguage":"fr-FR"},{"@type":"WebPage","@id":"https:\/\/universnews224.com\/index.php\/enfant-et-adolescent-tues-en-marge-dune-manifestation-contre-le-manque-de-courant-a-kindia-bah-oury-demande-des-comptes\/","url":"https:\/\/universnews224.com\/index.php\/enfant-et-adolescent-tues-en-marge-dune-manifestation-contre-le-manque-de-courant-a-kindia-bah-oury-demande-des-comptes\/","name":"Enfant et adolescent tu\u00e9s en marge d\u2019une manifestation contre le manque de courant \u00e0 Kindia : Bah Oury demande des comptes. - UNIVERSNEWS224","isPartOf":{"@id":"https:\/\/universnews224.com\/#website"},"datePublished":"2024-03-13T18:06:36+00:00","dateModified":"2024-03-13T18:06:36+00:00","inLanguage":"fr-FR","potentialAction":[{"@type":"ReadAction","target":["https:\/\/universnews224.com\/index.php\/enfant-et-adolescent-tues-en-marge-dune-manifestation-contre-le-manque-de-courant-a-kindia-bah-oury-demande-des-comptes\/"]}]},{"@type":"WebSite","@id":"https:\/\/universnews224.com\/#website","url":"https:\/\/universnews224.com\/","name":"UNIVERSNEWS224","description":"","publisher":{"@id":"https:\/\/universnews224.com\/#organization"},"potentialAction":[{"@type":"SearchAction","target":{"@type":"EntryPoint","urlTemplate":"https:\/\/universnews224.com\/?s={search_term_string}"},"query-input":"required name=search_term_string"}],"inLanguage":"fr-FR"},{"@type":"Organization","@id":"https:\/\/universnews224.com\/#organization","name":"UNIVERSNEWS224","url":"https:\/\/universnews224.com\/","logo":{"@type":"ImageObject","inLanguage":"fr-FR","@id":"https:\/\/universnews224.com\/#\/schema\/logo\/image\/","url":"https:\/\/universnews224.com\/wp-content\/uploads\/2022\/08\/cropped-cropped-logoban.jpg","contentUrl":"https:\/\/universnews224.com\/wp-content\/uploads\/2022\/08\/cropped-cropped-logoban.jpg","width":1080,"height":138,"caption":"UNIVERSNEWS224"},"image":{"@id":"https:\/\/universnews224.com\/#\/schema\/logo\/image\/"}},{"@type":"Person","@id":"https:\/\/universnews224.com\/#\/schema\/person\/a4b7d4f94a4716df60456a491260485e","name":"La R\u00e9daction","image":{"@type":"ImageObject","inLanguage":"fr-FR","@id":"https:\/\/universnews224.com\/#\/schema\/person\/image\/","url":"https:\/\/secure.gravatar.com\/avatar\/edb90acc7752b23e1b3307ad36c14f0d?s=96&d=mm&r=g","contentUrl":"https:\/\/secure.gravatar.com\/avatar\/edb90acc7752b23e1b3307ad36c14f0d?s=96&d=mm&r=g","caption":"La R\u00e9daction"},"sameAs":["https:\/\/universnews224.com"],"url":"https:\/\/universnews224.com\/index.php\/author\/m-camara\/"}]}},"_links":{"self":[{"href":"https:\/\/universnews224.com\/index.php\/wp-json\/wp\/v2\/posts\/5402"}],"collection":[{"href":"https:\/\/universnews224.com\/index.php\/wp-json\/wp\/v2\/posts"}],"about":[{"href":"https:\/\/universnews224.com\/index.php\/wp-json\/wp\/v2\/types\/post"}],"author":[{"embeddable":true,"href":"https:\/\/universnews224.com\/index.php\/wp-json\/wp\/v2\/users\/2"}],"replies":[{"embeddable":true,"href":"https:\/\/universnews224.com\/index.php\/wp-json\/wp\/v2\/comments?post=5402"}],"version-history":[{"count":1,"href":"https:\/\/universnews224.com\/index.php\/wp-json\/wp\/v2\/posts\/5402\/revisions"}],"predecessor-version":[{"id":5404,"href":"https:\/\/universnews224.com\/index.php\/wp-json\/wp\/v2\/posts\/5402\/revisions\/5404"}],"wp:featuredmedia":[{"embeddable":true,"href":"https:\/\/universnews224.com\/index.php\/wp-json\/wp\/v2\/media\/5403"}],"wp:attachment":[{"href":"https:\/\/universnews224.com\/index.php\/wp-json\/wp\/v2\/media?parent=5402"}],"wp:term":[{"taxonomy":"category","embeddable":true,"href":"https:\/\/universnews224.com\/index.php\/wp-json\/wp\/v2\/categories?post=5402"},{"taxonomy":"post_tag","embeddable":true,"href":"https:\/\/universnews224.com\/index.php\/wp-json\/wp\/v2\/tags?post=5402"}],"curies":[{"name":"wp","href":"https:\/\/api.w.org\/{rel}","templated":true}]}}