{"id":5418,"date":"2024-03-15T23:53:07","date_gmt":"2024-03-15T22:53:07","guid":{"rendered":"https:\/\/universnews224.com\/?p=5418"},"modified":"2024-03-15T23:53:07","modified_gmt":"2024-03-15T22:53:07","slug":"ministere-du-plan-et-de-la-cooperation-internationale-ismael-nabe-prend-officiellement-fonction","status":"publish","type":"post","link":"https:\/\/universnews224.com\/index.php\/ministere-du-plan-et-de-la-cooperation-internationale-ismael-nabe-prend-officiellement-fonction\/","title":{"rendered":"Minist\u00e8re du plan et de la coop\u00e9ration internationale: Ismael Nab\u00e9 prend officiellement fonction."},"content":{"rendered":"<p class=\"p1\"><span class=\"s1\">Nomm\u00e9 le mercredi dernier, au poste du ministre du Plan et de la Coop\u00e9ration Internationale, Ismael Nab\u00e9 a officiellement pris fonction ce vendredi, 15 mars 2024. <\/span><\/p>\n<p class=\"p1\"><span class=\"s1\">C\u2019est le ministre secr\u00e9taire g\u00e9n\u00e9ral du gouvernement, Beno\u00eet Kamano qui a pr\u00e9sid\u00e9 la c\u00e9r\u00e9monie de passation de service entre la ministre sortante, Mme. Rose Pola Princemou et le ministre entrant Ismael Nab\u00e9. C\u2019\u00e9tait en pr\u00e9sence des membres gouvernement et de nombreux cadres.<\/span><\/p>\n<p class=\"p1\"><span class=\"s1\">Dans son discours de circonstance, Mme. Rose Pola Princemou a tout d\u2019abord remerci\u00e9 le pr\u00e9sident de la transition le G\u00e9n\u00e9ral Mamadi Doumbouya pour l\u2019avoir permise de servir sa nation pendant 15 mois \u00e0 la t\u00eate de ce minist\u00e8re strat\u00e9gique. Elle est ensuite revenue sur son bilan depuis sa nomination de la commande du minist\u00e8re de la plan et de la coop\u00e9ration internationale. <\/span><\/p>\n<p class=\"p1\"><span class=\"s1\">\u201cAu cours des quinze (15) mois pass\u00e9s \u00e0 la t\u00eate du Minist\u00e8re du Plan et de la Coop\u00e9ration Internationale, nous avons donn\u00e9 le meilleur de nous-m\u00eame, avec engagement et d\u00e9termination, pour accompagner la mise en \u0153uvre de la feuille de la transition, avec une obsession in\u00e9branlable de d\u00e9livrer des r\u00e9sultats concrets et tangibles visant \u00e0 am\u00e9liorer les conditions de vie de nos concitoyennes et concitoyens en termes notamment d\u2019acc\u00e8s aux services sociaux de base et aux infrastructures de qualit\u00e9.C\u2019est pour cela que, d\u00e8s le lendemain de ma nomination, mon equipe et moi avions dress\u00e9 un plan d\u2019actions autour (i) de la gouvernance du d\u00e9partement\u00a0; (ii) de la planification du d\u00e9veloppement et du suivi des politiques sectorielles\u00a0; (iii) du renforcement de la coop\u00e9ration internationale\u00a0; (iv) de la coordination et de la production de l\u2019information statistique et\u00a0; (v) de la capture du dividende d\u00e9mographique conform\u00e9ment aux axes strat\u00e9giques\u2026.\u201d a t-elle martel\u00e9. <\/span><\/p>\n<p class=\"p1\"><span class=\"s1\">Pour sa part, Ismael Nab\u00e9, le tout nouveau ministre de plan et de la coop\u00e9ration internationale apr\u00e8s avoir remerci\u00e9 le pr\u00e9sident de la transition pour le choix port\u00e9 \u00e0 sa modeste personne, s\u2019est s\u2019engag\u00e9 \u00e0 poursuivre les \u0153uvres de son successeur. <\/span><\/p>\n<p class=\"p1\"><span class=\"s1\">\u201cL\u2019ambition du Minist\u00e8re du Plan et de la Coop\u00e9ration Internationale est de \u00ab devenir une Administration performante de gestion du d\u00e9veloppement, au service des guin\u00e9ens \u00bb. Pour ce faire, le D\u00e9partement devra jouer pleinement son r\u00f4le de coordination de la gestion du d\u00e9veloppement, de renforcement du syst\u00e8me national de planification au service des Institutions, Minist\u00e8res sectoriels et des administrations d\u00e9centralis\u00e9es et d\u00e9concentr\u00e9es, charg\u00e9s de conduire la mise en \u0153uvre des actions de d\u00e9veloppement. Il devra \u00e9galement jouer son r\u00f4le de mobilisation des ressources aupr\u00e8s des partenaires dans un contexte marqu\u00e9 par une concurrence accrue entre les Etats dans la mobilisation des financements publics et priv\u00e9s, n\u00e9cessaires aux investissements dans les projets structurants et les partenariat public priv\u00e9s.<\/span><\/p>\n<p class=\"p1\"><span class=\"s1\">C\u2019est aussi une mission de veille strat\u00e9gique et d\u2019impulsion en mati\u00e8re de choix de d\u00e9veloppement qui lui est assign\u00e9e, impliquant un bon suivi et \u00e9valuation, dans une d\u00e9marche participative et inclusive, avec \u00e0 la cl\u00e9 l\u2019am\u00e9lioration des performances de la mise en \u0153uvre des actions de d\u00e9veloppement, en termes d\u2019efficacit\u00e9, d\u2019efficience et de satisfaction des populations b\u00e9n\u00e9ficiaires.<\/span><\/p>\n<p class=\"p1\"><span class=\"s1\">Sachez que je m\u2019emploierai \u00e0 poursuivre toutes les r\u00e9formes qualitatives que vous avez bien voulu initier. Je voudrais vous rassurer que je suis et resterai toujours \u00e0 votre disposition et que mes portes vous restent \u00e9galement grandes ouvertes\u201d, a t-il d\u00e9clar\u00e9. <\/span><\/p>\n<p class=\"p1\">\n","protected":false},"excerpt":{"rendered":"<p>Nomm\u00e9 le mercredi dernier, au poste du ministre du Plan et de la Coop\u00e9ration Internationale,<\/p>\n","protected":false},"author":2,"featured_media":5419,"comment_status":"closed","ping_status":"open","sticky":false,"template":"","format":"standard","meta":[],"categories":[3,5],"tags":[229],"yoast_head":"<!-- This site is optimized with the Yoast SEO plugin v19.13 - https:\/\/yoast.com\/wordpress\/plugins\/seo\/ -->\n<title>Minist\u00e8re du plan et de la coop\u00e9ration internationale: Ismael Nab\u00e9 prend officiellement fonction. - UNIVERSNEWS224<\/title>\n<meta name=\"robots\" content=\"index, follow, max-snippet:-1, max-image-preview:large, max-video-preview:-1\" \/>\n<link rel=\"canonical\" href=\"https:\/\/universnews224.com\/index.php\/ministere-du-plan-et-de-la-cooperation-internationale-ismael-nabe-prend-officiellement-fonction\/\" \/>\n<meta property=\"og:locale\" content=\"fr_FR\" \/>\n<meta property=\"og:type\" content=\"article\" \/>\n<meta property=\"og:title\" content=\"Minist\u00e8re du plan et de la coop\u00e9ration internationale: Ismael Nab\u00e9 prend officiellement fonction. - UNIVERSNEWS224\" \/>\n<meta property=\"og:description\" content=\"Nomm\u00e9 le mercredi dernier, au poste du ministre du Plan et de la Coop\u00e9ration Internationale,\" \/>\n<meta property=\"og:url\" content=\"https:\/\/universnews224.com\/index.php\/ministere-du-plan-et-de-la-cooperation-internationale-ismael-nabe-prend-officiellement-fonction\/\" \/>\n<meta property=\"og:site_name\" content=\"UNIVERSNEWS224\" \/>\n<meta property=\"article:published_time\" content=\"2024-03-15T22:53:07+00:00\" \/>\n<meta property=\"og:image\" content=\"https:\/\/universnews224.com\/wp-content\/uploads\/2024\/03\/28D264BF-59B6-4A89-929C-136F3A531299.jpeg\" \/>\n\t<meta property=\"og:image:width\" content=\"1067\" \/>\n\t<meta property=\"og:image:height\" content=\"1600\" \/>\n\t<meta property=\"og:image:type\" content=\"image\/jpeg\" \/>\n<meta name=\"author\" content=\"La R\u00e9daction\" \/>\n<meta name=\"twitter:label1\" content=\"\u00c9crit par\" \/>\n\t<meta name=\"twitter:data1\" content=\"La R\u00e9daction\" \/>\n\t<meta name=\"twitter:label2\" content=\"Dur\u00e9e de lecture estim\u00e9e\" \/>\n\t<meta name=\"twitter:data2\" content=\"3 minutes\" \/>\n<script type=\"application\/ld+json\" class=\"yoast-schema-graph\">{\"@context\":\"https:\/\/schema.org\",\"@graph\":[{\"@type\":\"Article\",\"@id\":\"https:\/\/universnews224.com\/index.php\/ministere-du-plan-et-de-la-cooperation-internationale-ismael-nabe-prend-officiellement-fonction\/#article\",\"isPartOf\":{\"@id\":\"https:\/\/universnews224.com\/index.php\/ministere-du-plan-et-de-la-cooperation-internationale-ismael-nabe-prend-officiellement-fonction\/\"},\"author\":{\"name\":\"La R\u00e9daction\",\"@id\":\"https:\/\/universnews224.com\/#\/schema\/person\/a4b7d4f94a4716df60456a491260485e\"},\"headline\":\"Minist\u00e8re du plan et de la coop\u00e9ration internationale: Ismael Nab\u00e9 prend officiellement fonction.\",\"datePublished\":\"2024-03-15T22:53:07+00:00\",\"dateModified\":\"2024-03-15T22:53:07+00:00\",\"mainEntityOfPage\":{\"@id\":\"https:\/\/universnews224.com\/index.php\/ministere-du-plan-et-de-la-cooperation-internationale-ismael-nabe-prend-officiellement-fonction\/\"},\"wordCount\":623,\"publisher\":{\"@id\":\"https:\/\/universnews224.com\/#organization\"},\"keywords\":[\"La une\"],\"articleSection\":[\"ACTU\",\"SOCI\u00c9T\u00c9\"],\"inLanguage\":\"fr-FR\"},{\"@type\":\"WebPage\",\"@id\":\"https:\/\/universnews224.com\/index.php\/ministere-du-plan-et-de-la-cooperation-internationale-ismael-nabe-prend-officiellement-fonction\/\",\"url\":\"https:\/\/universnews224.com\/index.php\/ministere-du-plan-et-de-la-cooperation-internationale-ismael-nabe-prend-officiellement-fonction\/\",\"name\":\"Minist\u00e8re du plan et de la coop\u00e9ration internationale: Ismael Nab\u00e9 prend officiellement fonction. - UNIVERSNEWS224\",\"isPartOf\":{\"@id\":\"https:\/\/universnews224.com\/#website\"},\"datePublished\":\"2024-03-15T22:53:07+00:00\",\"dateModified\":\"2024-03-15T22:53:07+00:00\",\"inLanguage\":\"fr-FR\",\"potentialAction\":[{\"@type\":\"ReadAction\",\"target\":[\"https:\/\/universnews224.com\/index.php\/ministere-du-plan-et-de-la-cooperation-internationale-ismael-nabe-prend-officiellement-fonction\/\"]}]},{\"@type\":\"WebSite\",\"@id\":\"https:\/\/universnews224.com\/#website\",\"url\":\"https:\/\/universnews224.com\/\",\"name\":\"UNIVERSNEWS224\",\"description\":\"\",\"publisher\":{\"@id\":\"https:\/\/universnews224.com\/#organization\"},\"potentialAction\":[{\"@type\":\"SearchAction\",\"target\":{\"@type\":\"EntryPoint\",\"urlTemplate\":\"https:\/\/universnews224.com\/?s={search_term_string}\"},\"query-input\":\"required name=search_term_string\"}],\"inLanguage\":\"fr-FR\"},{\"@type\":\"Organization\",\"@id\":\"https:\/\/universnews224.com\/#organization\",\"name\":\"UNIVERSNEWS224\",\"url\":\"https:\/\/universnews224.com\/\",\"logo\":{\"@type\":\"ImageObject\",\"inLanguage\":\"fr-FR\",\"@id\":\"https:\/\/universnews224.com\/#\/schema\/logo\/image\/\",\"url\":\"https:\/\/universnews224.com\/wp-content\/uploads\/2022\/08\/cropped-cropped-logoban.jpg\",\"contentUrl\":\"https:\/\/universnews224.com\/wp-content\/uploads\/2022\/08\/cropped-cropped-logoban.jpg\",\"width\":1080,\"height\":138,\"caption\":\"UNIVERSNEWS224\"},\"image\":{\"@id\":\"https:\/\/universnews224.com\/#\/schema\/logo\/image\/\"}},{\"@type\":\"Person\",\"@id\":\"https:\/\/universnews224.com\/#\/schema\/person\/a4b7d4f94a4716df60456a491260485e\",\"name\":\"La R\u00e9daction\",\"image\":{\"@type\":\"ImageObject\",\"inLanguage\":\"fr-FR\",\"@id\":\"https:\/\/universnews224.com\/#\/schema\/person\/image\/\",\"url\":\"https:\/\/secure.gravatar.com\/avatar\/edb90acc7752b23e1b3307ad36c14f0d?s=96&d=mm&r=g\",\"contentUrl\":\"https:\/\/secure.gravatar.com\/avatar\/edb90acc7752b23e1b3307ad36c14f0d?s=96&d=mm&r=g\",\"caption\":\"La R\u00e9daction\"},\"sameAs\":[\"https:\/\/universnews224.com\"],\"url\":\"https:\/\/universnews224.com\/index.php\/author\/m-camara\/\"}]}<\/script>\n<!-- \/ Yoast SEO plugin. -->","yoast_head_json":{"title":"Minist\u00e8re du plan et de la coop\u00e9ration internationale: Ismael Nab\u00e9 prend officiellement fonction. - UNIVERSNEWS224","robots":{"index":"index","follow":"follow","max-snippet":"max-snippet:-1","max-image-preview":"max-image-preview:large","max-video-preview":"max-video-preview:-1"},"canonical":"https:\/\/universnews224.com\/index.php\/ministere-du-plan-et-de-la-cooperation-internationale-ismael-nabe-prend-officiellement-fonction\/","og_locale":"fr_FR","og_type":"article","og_title":"Minist\u00e8re du plan et de la coop\u00e9ration internationale: Ismael Nab\u00e9 prend officiellement fonction. - UNIVERSNEWS224","og_description":"Nomm\u00e9 le mercredi dernier, au poste du ministre du Plan et de la Coop\u00e9ration Internationale,","og_url":"https:\/\/universnews224.com\/index.php\/ministere-du-plan-et-de-la-cooperation-internationale-ismael-nabe-prend-officiellement-fonction\/","og_site_name":"UNIVERSNEWS224","article_published_time":"2024-03-15T22:53:07+00:00","og_image":[{"width":1067,"height":1600,"url":"https:\/\/universnews224.com\/wp-content\/uploads\/2024\/03\/28D264BF-59B6-4A89-929C-136F3A531299.jpeg","type":"image\/jpeg"}],"author":"La R\u00e9daction","twitter_misc":{"\u00c9crit par":"La R\u00e9daction","Dur\u00e9e de lecture estim\u00e9e":"3 minutes"},"schema":{"@context":"https:\/\/schema.org","@graph":[{"@type":"Article","@id":"https:\/\/universnews224.com\/index.php\/ministere-du-plan-et-de-la-cooperation-internationale-ismael-nabe-prend-officiellement-fonction\/#article","isPartOf":{"@id":"https:\/\/universnews224.com\/index.php\/ministere-du-plan-et-de-la-cooperation-internationale-ismael-nabe-prend-officiellement-fonction\/"},"author":{"name":"La R\u00e9daction","@id":"https:\/\/universnews224.com\/#\/schema\/person\/a4b7d4f94a4716df60456a491260485e"},"headline":"Minist\u00e8re du plan et de la coop\u00e9ration internationale: Ismael Nab\u00e9 prend officiellement fonction.","datePublished":"2024-03-15T22:53:07+00:00","dateModified":"2024-03-15T22:53:07+00:00","mainEntityOfPage":{"@id":"https:\/\/universnews224.com\/index.php\/ministere-du-plan-et-de-la-cooperation-internationale-ismael-nabe-prend-officiellement-fonction\/"},"wordCount":623,"publisher":{"@id":"https:\/\/universnews224.com\/#organization"},"keywords":["La une"],"articleSection":["ACTU","SOCI\u00c9T\u00c9"],"inLanguage":"fr-FR"},{"@type":"WebPage","@id":"https:\/\/universnews224.com\/index.php\/ministere-du-plan-et-de-la-cooperation-internationale-ismael-nabe-prend-officiellement-fonction\/","url":"https:\/\/universnews224.com\/index.php\/ministere-du-plan-et-de-la-cooperation-internationale-ismael-nabe-prend-officiellement-fonction\/","name":"Minist\u00e8re du plan et de la coop\u00e9ration internationale: Ismael Nab\u00e9 prend officiellement fonction. - UNIVERSNEWS224","isPartOf":{"@id":"https:\/\/universnews224.com\/#website"},"datePublished":"2024-03-15T22:53:07+00:00","dateModified":"2024-03-15T22:53:07+00:00","inLanguage":"fr-FR","potentialAction":[{"@type":"ReadAction","target":["https:\/\/universnews224.com\/index.php\/ministere-du-plan-et-de-la-cooperation-internationale-ismael-nabe-prend-officiellement-fonction\/"]}]},{"@type":"WebSite","@id":"https:\/\/universnews224.com\/#website","url":"https:\/\/universnews224.com\/","name":"UNIVERSNEWS224","description":"","publisher":{"@id":"https:\/\/universnews224.com\/#organization"},"potentialAction":[{"@type":"SearchAction","target":{"@type":"EntryPoint","urlTemplate":"https:\/\/universnews224.com\/?s={search_term_string}"},"query-input":"required name=search_term_string"}],"inLanguage":"fr-FR"},{"@type":"Organization","@id":"https:\/\/universnews224.com\/#organization","name":"UNIVERSNEWS224","url":"https:\/\/universnews224.com\/","logo":{"@type":"ImageObject","inLanguage":"fr-FR","@id":"https:\/\/universnews224.com\/#\/schema\/logo\/image\/","url":"https:\/\/universnews224.com\/wp-content\/uploads\/2022\/08\/cropped-cropped-logoban.jpg","contentUrl":"https:\/\/universnews224.com\/wp-content\/uploads\/2022\/08\/cropped-cropped-logoban.jpg","width":1080,"height":138,"caption":"UNIVERSNEWS224"},"image":{"@id":"https:\/\/universnews224.com\/#\/schema\/logo\/image\/"}},{"@type":"Person","@id":"https:\/\/universnews224.com\/#\/schema\/person\/a4b7d4f94a4716df60456a491260485e","name":"La R\u00e9daction","image":{"@type":"ImageObject","inLanguage":"fr-FR","@id":"https:\/\/universnews224.com\/#\/schema\/person\/image\/","url":"https:\/\/secure.gravatar.com\/avatar\/edb90acc7752b23e1b3307ad36c14f0d?s=96&d=mm&r=g","contentUrl":"https:\/\/secure.gravatar.com\/avatar\/edb90acc7752b23e1b3307ad36c14f0d?s=96&d=mm&r=g","caption":"La R\u00e9daction"},"sameAs":["https:\/\/universnews224.com"],"url":"https:\/\/universnews224.com\/index.php\/author\/m-camara\/"}]}},"_links":{"self":[{"href":"https:\/\/universnews224.com\/index.php\/wp-json\/wp\/v2\/posts\/5418"}],"collection":[{"href":"https:\/\/universnews224.com\/index.php\/wp-json\/wp\/v2\/posts"}],"about":[{"href":"https:\/\/universnews224.com\/index.php\/wp-json\/wp\/v2\/types\/post"}],"author":[{"embeddable":true,"href":"https:\/\/universnews224.com\/index.php\/wp-json\/wp\/v2\/users\/2"}],"replies":[{"embeddable":true,"href":"https:\/\/universnews224.com\/index.php\/wp-json\/wp\/v2\/comments?post=5418"}],"version-history":[{"count":1,"href":"https:\/\/universnews224.com\/index.php\/wp-json\/wp\/v2\/posts\/5418\/revisions"}],"predecessor-version":[{"id":5420,"href":"https:\/\/universnews224.com\/index.php\/wp-json\/wp\/v2\/posts\/5418\/revisions\/5420"}],"wp:featuredmedia":[{"embeddable":true,"href":"https:\/\/universnews224.com\/index.php\/wp-json\/wp\/v2\/media\/5419"}],"wp:attachment":[{"href":"https:\/\/universnews224.com\/index.php\/wp-json\/wp\/v2\/media?parent=5418"}],"wp:term":[{"taxonomy":"category","embeddable":true,"href":"https:\/\/universnews224.com\/index.php\/wp-json\/wp\/v2\/categories?post=5418"},{"taxonomy":"post_tag","embeddable":true,"href":"https:\/\/universnews224.com\/index.php\/wp-json\/wp\/v2\/tags?post=5418"}],"curies":[{"name":"wp","href":"https:\/\/api.w.org\/{rel}","templated":true}]}}