{"id":5421,"date":"2024-03-15T23:56:10","date_gmt":"2024-03-15T22:56:10","guid":{"rendered":"https:\/\/universnews224.com\/?p=5421"},"modified":"2024-03-15T23:56:10","modified_gmt":"2024-03-15T22:56:10","slug":"ministere-de-leconomie-et-des-finances-mourana-soumah-decline-les-priorites-de-sa-gestion","status":"publish","type":"post","link":"https:\/\/universnews224.com\/index.php\/ministere-de-leconomie-et-des-finances-mourana-soumah-decline-les-priorites-de-sa-gestion\/","title":{"rendered":"Minist\u00e8re de l\u2019\u00e9conomie et des finances: Mourana Soumah d\u00e9cline les priorit\u00e9s de sa gestion"},"content":{"rendered":"<p>A peine install\u00e9 dans ses nouvelles fonctions, le nouveau ministre de l\u2019\u00e9conomie et des finances n\u2019a pas tard\u00e9 \u00e0 d\u00e9cliner ses priorit\u00e9s \u00e0 la t\u00eate de ce d\u00e9partement. Dans son discours de passation de t\u00e9moin qui a eu lieu ce vendredi 15 mars 2024, Mourana Soumah a indiqu\u00e9 que son objectif \u00e0 court terme, portera sur la r\u00e9solution des probl\u00e8mes li\u00e9s \u00e0 l\u2019approvisionnement de notre pays en produits p\u00e9troliers et des solutions adapt\u00e9es \u00e0 la question de l\u2019\u00e9nergie.<\/p>\n<p>A cela s\u2019ajoute entre autres, l\u2019amplification des efforts d\u2019investissement public pour la construction des infrastructures, le dynamisme de notre \u00e9conomie pour une croissance durable et inclusive, assure-t-il<\/p>\n<p>\u201cNotre objectif \u00e0 tr\u00e8s court terme portera sur la r\u00e9solution des probl\u00e8mes li\u00e9s \u00e0 l\u2019approvisionnement de notre pays en produits p\u00e9troliers et des solutions adapt\u00e9es \u00e0 la question de l\u2019\u00e9nergie. Ensuite, il faudra amplifier les efforts d\u2019investissement public pour la construction des infrastructures indispensables au bien-\u00eatre de nos populations et le dynamisme de notre \u00e9conomie pour une croissance durable et inclusive. C\u2019est pourquoi, la mobilisation des ressources internes et externes du budget sera une de nos priorit\u00e9s. Nous mettrons un accent tout particulier sur le taux d\u2019absorption des ressources externes. L\u2019un des objectifs de notre action portera sur la n\u00e9cessaire am\u00e9lioration du paiement de la dette de notre pays. Au moment o\u00f9 rentrons \u00e0 la phase active de construction du projet Simandou gr\u00e2ce au leadership du Pr\u00e9sident de la R\u00e9publique, nous devons tout faire pour que les entreprises nationales participent \u00e0 la construction des infrastructures mini\u00e8res, ferroviaires, portuaires de cet important projet minier.<\/p>\n<p>En outre, nous devons pr\u00e9server la stabilit\u00e9 macro\u00e9conomique en dynamisant la recette et la croissance, en poursuivant la r\u00e9duction de l\u2019inflation. Nos actions porteront sp\u00e9cifiquement sur la poursuite de la digitalisation et de la modernisation de l\u2019ensemble de nos directions. A ce titre, la consommation et l\u2019\u00e9largissement du champ d\u2019action du syst\u00e8me comptable int\u00e9gr\u00e9 de l\u2019\u00c9tat par le d\u00e9veloppement des interfaces avec la direction g\u00e9n\u00e9rale des imp\u00f4ts, des douanes et la direction en charge de la dette se poursuivront.<\/p>\n<p>Aussi, la d\u00e9mat\u00e9rialisation des proc\u00e9dures de passation et du contr\u00f4le des march\u00e9s publics par la finalisation ; et l\u2019op\u00e9rationnalisation du syst\u00e8me de gestion et d\u2019analyse de la dette contribuera un autre axe de moralisation de suivi des indications de viabilit\u00e9 de la dette. Nous devons nous engager \u00e0 l\u2019apurement de la dette en liquidant progressivement les petites dettes, puis les autres, et ce, conform\u00e9ment \u00e0 un programme national d\u2019apurement qui tient compte des ressources budg\u00e9taires. La mise en \u0153uvre des m\u00e9canismes d\u2019analyse financi\u00e8re des entit\u00e9s publiques et la restructuration du portefeuille de l\u2019\u00c9tat, la rationalisation des investissements publics par une intervention du partenariat public-priv\u00e9 sera un axe prioritaire\u2026\u2019\u2019, s\u2019est projet\u00e9 Mourana Soumah.<\/p>\n<p>Le nouveau ministre de l\u2019\u00e9conomie et des finances a par ailleurs indiqu\u00e9 que conform\u00e9ment aux directives du Pr\u00e9sident de la transition, une attention particuli\u00e8re sera accord\u00e9e \u00e0 la question du genre, en offrant plus de chance aux femmes dans leurs diff\u00e9rentes structures.<\/p>\n","protected":false},"excerpt":{"rendered":"<p>A peine install\u00e9 dans ses nouvelles fonctions, le nouveau ministre de l\u2019\u00e9conomie et des finances<\/p>\n","protected":false},"author":2,"featured_media":5422,"comment_status":"closed","ping_status":"open","sticky":false,"template":"","format":"standard","meta":[],"categories":[3,5],"tags":[229],"yoast_head":"<!-- This site is optimized with the Yoast SEO plugin v19.13 - https:\/\/yoast.com\/wordpress\/plugins\/seo\/ -->\n<title>Minist\u00e8re de l\u2019\u00e9conomie et des finances: Mourana Soumah d\u00e9cline les priorit\u00e9s de sa gestion - UNIVERSNEWS224<\/title>\n<meta name=\"robots\" content=\"index, follow, max-snippet:-1, max-image-preview:large, max-video-preview:-1\" \/>\n<link rel=\"canonical\" href=\"https:\/\/universnews224.com\/index.php\/ministere-de-leconomie-et-des-finances-mourana-soumah-decline-les-priorites-de-sa-gestion\/\" \/>\n<meta property=\"og:locale\" content=\"fr_FR\" \/>\n<meta property=\"og:type\" content=\"article\" \/>\n<meta property=\"og:title\" content=\"Minist\u00e8re de l\u2019\u00e9conomie et des finances: Mourana Soumah d\u00e9cline les priorit\u00e9s de sa gestion - UNIVERSNEWS224\" \/>\n<meta property=\"og:description\" content=\"A peine install\u00e9 dans ses nouvelles fonctions, le nouveau ministre de l\u2019\u00e9conomie et des finances\" \/>\n<meta property=\"og:url\" content=\"https:\/\/universnews224.com\/index.php\/ministere-de-leconomie-et-des-finances-mourana-soumah-decline-les-priorites-de-sa-gestion\/\" \/>\n<meta property=\"og:site_name\" content=\"UNIVERSNEWS224\" \/>\n<meta property=\"article:published_time\" content=\"2024-03-15T22:56:10+00:00\" \/>\n<meta property=\"og:image\" content=\"https:\/\/universnews224.com\/wp-content\/uploads\/2024\/03\/A741E50E-4C87-430F-AC5A-9B7CE17E2BBB.png\" \/>\n\t<meta property=\"og:image:width\" content=\"384\" \/>\n\t<meta property=\"og:image:height\" content=\"192\" \/>\n\t<meta property=\"og:image:type\" content=\"image\/png\" \/>\n<meta name=\"author\" content=\"La R\u00e9daction\" \/>\n<meta name=\"twitter:label1\" content=\"\u00c9crit par\" \/>\n\t<meta name=\"twitter:data1\" content=\"La R\u00e9daction\" \/>\n\t<meta name=\"twitter:label2\" content=\"Dur\u00e9e de lecture estim\u00e9e\" \/>\n\t<meta name=\"twitter:data2\" content=\"3 minutes\" \/>\n<script type=\"application\/ld+json\" class=\"yoast-schema-graph\">{\"@context\":\"https:\/\/schema.org\",\"@graph\":[{\"@type\":\"Article\",\"@id\":\"https:\/\/universnews224.com\/index.php\/ministere-de-leconomie-et-des-finances-mourana-soumah-decline-les-priorites-de-sa-gestion\/#article\",\"isPartOf\":{\"@id\":\"https:\/\/universnews224.com\/index.php\/ministere-de-leconomie-et-des-finances-mourana-soumah-decline-les-priorites-de-sa-gestion\/\"},\"author\":{\"name\":\"La R\u00e9daction\",\"@id\":\"https:\/\/universnews224.com\/#\/schema\/person\/a4b7d4f94a4716df60456a491260485e\"},\"headline\":\"Minist\u00e8re de l\u2019\u00e9conomie et des finances: Mourana Soumah d\u00e9cline les priorit\u00e9s de sa gestion\",\"datePublished\":\"2024-03-15T22:56:10+00:00\",\"dateModified\":\"2024-03-15T22:56:10+00:00\",\"mainEntityOfPage\":{\"@id\":\"https:\/\/universnews224.com\/index.php\/ministere-de-leconomie-et-des-finances-mourana-soumah-decline-les-priorites-de-sa-gestion\/\"},\"wordCount\":570,\"publisher\":{\"@id\":\"https:\/\/universnews224.com\/#organization\"},\"keywords\":[\"La une\"],\"articleSection\":[\"ACTU\",\"SOCI\u00c9T\u00c9\"],\"inLanguage\":\"fr-FR\"},{\"@type\":\"WebPage\",\"@id\":\"https:\/\/universnews224.com\/index.php\/ministere-de-leconomie-et-des-finances-mourana-soumah-decline-les-priorites-de-sa-gestion\/\",\"url\":\"https:\/\/universnews224.com\/index.php\/ministere-de-leconomie-et-des-finances-mourana-soumah-decline-les-priorites-de-sa-gestion\/\",\"name\":\"Minist\u00e8re de l\u2019\u00e9conomie et des finances: Mourana Soumah d\u00e9cline les priorit\u00e9s de sa gestion - UNIVERSNEWS224\",\"isPartOf\":{\"@id\":\"https:\/\/universnews224.com\/#website\"},\"datePublished\":\"2024-03-15T22:56:10+00:00\",\"dateModified\":\"2024-03-15T22:56:10+00:00\",\"inLanguage\":\"fr-FR\",\"potentialAction\":[{\"@type\":\"ReadAction\",\"target\":[\"https:\/\/universnews224.com\/index.php\/ministere-de-leconomie-et-des-finances-mourana-soumah-decline-les-priorites-de-sa-gestion\/\"]}]},{\"@type\":\"WebSite\",\"@id\":\"https:\/\/universnews224.com\/#website\",\"url\":\"https:\/\/universnews224.com\/\",\"name\":\"UNIVERSNEWS224\",\"description\":\"\",\"publisher\":{\"@id\":\"https:\/\/universnews224.com\/#organization\"},\"potentialAction\":[{\"@type\":\"SearchAction\",\"target\":{\"@type\":\"EntryPoint\",\"urlTemplate\":\"https:\/\/universnews224.com\/?s={search_term_string}\"},\"query-input\":\"required name=search_term_string\"}],\"inLanguage\":\"fr-FR\"},{\"@type\":\"Organization\",\"@id\":\"https:\/\/universnews224.com\/#organization\",\"name\":\"UNIVERSNEWS224\",\"url\":\"https:\/\/universnews224.com\/\",\"logo\":{\"@type\":\"ImageObject\",\"inLanguage\":\"fr-FR\",\"@id\":\"https:\/\/universnews224.com\/#\/schema\/logo\/image\/\",\"url\":\"https:\/\/universnews224.com\/wp-content\/uploads\/2022\/08\/cropped-cropped-logoban.jpg\",\"contentUrl\":\"https:\/\/universnews224.com\/wp-content\/uploads\/2022\/08\/cropped-cropped-logoban.jpg\",\"width\":1080,\"height\":138,\"caption\":\"UNIVERSNEWS224\"},\"image\":{\"@id\":\"https:\/\/universnews224.com\/#\/schema\/logo\/image\/\"}},{\"@type\":\"Person\",\"@id\":\"https:\/\/universnews224.com\/#\/schema\/person\/a4b7d4f94a4716df60456a491260485e\",\"name\":\"La R\u00e9daction\",\"image\":{\"@type\":\"ImageObject\",\"inLanguage\":\"fr-FR\",\"@id\":\"https:\/\/universnews224.com\/#\/schema\/person\/image\/\",\"url\":\"https:\/\/secure.gravatar.com\/avatar\/edb90acc7752b23e1b3307ad36c14f0d?s=96&d=mm&r=g\",\"contentUrl\":\"https:\/\/secure.gravatar.com\/avatar\/edb90acc7752b23e1b3307ad36c14f0d?s=96&d=mm&r=g\",\"caption\":\"La R\u00e9daction\"},\"sameAs\":[\"https:\/\/universnews224.com\"],\"url\":\"https:\/\/universnews224.com\/index.php\/author\/m-camara\/\"}]}<\/script>\n<!-- \/ Yoast SEO plugin. -->","yoast_head_json":{"title":"Minist\u00e8re de l\u2019\u00e9conomie et des finances: Mourana Soumah d\u00e9cline les priorit\u00e9s de sa gestion - UNIVERSNEWS224","robots":{"index":"index","follow":"follow","max-snippet":"max-snippet:-1","max-image-preview":"max-image-preview:large","max-video-preview":"max-video-preview:-1"},"canonical":"https:\/\/universnews224.com\/index.php\/ministere-de-leconomie-et-des-finances-mourana-soumah-decline-les-priorites-de-sa-gestion\/","og_locale":"fr_FR","og_type":"article","og_title":"Minist\u00e8re de l\u2019\u00e9conomie et des finances: Mourana Soumah d\u00e9cline les priorit\u00e9s de sa gestion - UNIVERSNEWS224","og_description":"A peine install\u00e9 dans ses nouvelles fonctions, le nouveau ministre de l\u2019\u00e9conomie et des finances","og_url":"https:\/\/universnews224.com\/index.php\/ministere-de-leconomie-et-des-finances-mourana-soumah-decline-les-priorites-de-sa-gestion\/","og_site_name":"UNIVERSNEWS224","article_published_time":"2024-03-15T22:56:10+00:00","og_image":[{"width":384,"height":192,"url":"https:\/\/universnews224.com\/wp-content\/uploads\/2024\/03\/A741E50E-4C87-430F-AC5A-9B7CE17E2BBB.png","type":"image\/png"}],"author":"La R\u00e9daction","twitter_misc":{"\u00c9crit par":"La R\u00e9daction","Dur\u00e9e de lecture estim\u00e9e":"3 minutes"},"schema":{"@context":"https:\/\/schema.org","@graph":[{"@type":"Article","@id":"https:\/\/universnews224.com\/index.php\/ministere-de-leconomie-et-des-finances-mourana-soumah-decline-les-priorites-de-sa-gestion\/#article","isPartOf":{"@id":"https:\/\/universnews224.com\/index.php\/ministere-de-leconomie-et-des-finances-mourana-soumah-decline-les-priorites-de-sa-gestion\/"},"author":{"name":"La R\u00e9daction","@id":"https:\/\/universnews224.com\/#\/schema\/person\/a4b7d4f94a4716df60456a491260485e"},"headline":"Minist\u00e8re de l\u2019\u00e9conomie et des finances: Mourana Soumah d\u00e9cline les priorit\u00e9s de sa gestion","datePublished":"2024-03-15T22:56:10+00:00","dateModified":"2024-03-15T22:56:10+00:00","mainEntityOfPage":{"@id":"https:\/\/universnews224.com\/index.php\/ministere-de-leconomie-et-des-finances-mourana-soumah-decline-les-priorites-de-sa-gestion\/"},"wordCount":570,"publisher":{"@id":"https:\/\/universnews224.com\/#organization"},"keywords":["La une"],"articleSection":["ACTU","SOCI\u00c9T\u00c9"],"inLanguage":"fr-FR"},{"@type":"WebPage","@id":"https:\/\/universnews224.com\/index.php\/ministere-de-leconomie-et-des-finances-mourana-soumah-decline-les-priorites-de-sa-gestion\/","url":"https:\/\/universnews224.com\/index.php\/ministere-de-leconomie-et-des-finances-mourana-soumah-decline-les-priorites-de-sa-gestion\/","name":"Minist\u00e8re de l\u2019\u00e9conomie et des finances: Mourana Soumah d\u00e9cline les priorit\u00e9s de sa gestion - UNIVERSNEWS224","isPartOf":{"@id":"https:\/\/universnews224.com\/#website"},"datePublished":"2024-03-15T22:56:10+00:00","dateModified":"2024-03-15T22:56:10+00:00","inLanguage":"fr-FR","potentialAction":[{"@type":"ReadAction","target":["https:\/\/universnews224.com\/index.php\/ministere-de-leconomie-et-des-finances-mourana-soumah-decline-les-priorites-de-sa-gestion\/"]}]},{"@type":"WebSite","@id":"https:\/\/universnews224.com\/#website","url":"https:\/\/universnews224.com\/","name":"UNIVERSNEWS224","description":"","publisher":{"@id":"https:\/\/universnews224.com\/#organization"},"potentialAction":[{"@type":"SearchAction","target":{"@type":"EntryPoint","urlTemplate":"https:\/\/universnews224.com\/?s={search_term_string}"},"query-input":"required name=search_term_string"}],"inLanguage":"fr-FR"},{"@type":"Organization","@id":"https:\/\/universnews224.com\/#organization","name":"UNIVERSNEWS224","url":"https:\/\/universnews224.com\/","logo":{"@type":"ImageObject","inLanguage":"fr-FR","@id":"https:\/\/universnews224.com\/#\/schema\/logo\/image\/","url":"https:\/\/universnews224.com\/wp-content\/uploads\/2022\/08\/cropped-cropped-logoban.jpg","contentUrl":"https:\/\/universnews224.com\/wp-content\/uploads\/2022\/08\/cropped-cropped-logoban.jpg","width":1080,"height":138,"caption":"UNIVERSNEWS224"},"image":{"@id":"https:\/\/universnews224.com\/#\/schema\/logo\/image\/"}},{"@type":"Person","@id":"https:\/\/universnews224.com\/#\/schema\/person\/a4b7d4f94a4716df60456a491260485e","name":"La R\u00e9daction","image":{"@type":"ImageObject","inLanguage":"fr-FR","@id":"https:\/\/universnews224.com\/#\/schema\/person\/image\/","url":"https:\/\/secure.gravatar.com\/avatar\/edb90acc7752b23e1b3307ad36c14f0d?s=96&d=mm&r=g","contentUrl":"https:\/\/secure.gravatar.com\/avatar\/edb90acc7752b23e1b3307ad36c14f0d?s=96&d=mm&r=g","caption":"La R\u00e9daction"},"sameAs":["https:\/\/universnews224.com"],"url":"https:\/\/universnews224.com\/index.php\/author\/m-camara\/"}]}},"_links":{"self":[{"href":"https:\/\/universnews224.com\/index.php\/wp-json\/wp\/v2\/posts\/5421"}],"collection":[{"href":"https:\/\/universnews224.com\/index.php\/wp-json\/wp\/v2\/posts"}],"about":[{"href":"https:\/\/universnews224.com\/index.php\/wp-json\/wp\/v2\/types\/post"}],"author":[{"embeddable":true,"href":"https:\/\/universnews224.com\/index.php\/wp-json\/wp\/v2\/users\/2"}],"replies":[{"embeddable":true,"href":"https:\/\/universnews224.com\/index.php\/wp-json\/wp\/v2\/comments?post=5421"}],"version-history":[{"count":1,"href":"https:\/\/universnews224.com\/index.php\/wp-json\/wp\/v2\/posts\/5421\/revisions"}],"predecessor-version":[{"id":5423,"href":"https:\/\/universnews224.com\/index.php\/wp-json\/wp\/v2\/posts\/5421\/revisions\/5423"}],"wp:featuredmedia":[{"embeddable":true,"href":"https:\/\/universnews224.com\/index.php\/wp-json\/wp\/v2\/media\/5422"}],"wp:attachment":[{"href":"https:\/\/universnews224.com\/index.php\/wp-json\/wp\/v2\/media?parent=5421"}],"wp:term":[{"taxonomy":"category","embeddable":true,"href":"https:\/\/universnews224.com\/index.php\/wp-json\/wp\/v2\/categories?post=5421"},{"taxonomy":"post_tag","embeddable":true,"href":"https:\/\/universnews224.com\/index.php\/wp-json\/wp\/v2\/tags?post=5421"}],"curies":[{"name":"wp","href":"https:\/\/api.w.org\/{rel}","templated":true}]}}