{"id":5431,"date":"2024-03-18T22:55:27","date_gmt":"2024-03-18T21:55:27","guid":{"rendered":"https:\/\/universnews224.com\/?p=5431"},"modified":"2024-03-18T22:55:27","modified_gmt":"2024-03-18T21:55:27","slug":"ousmane-keita-sur-le-limogeage-du-directeur-general-de-la-sonap-on-a-eu-limpression-quil-ne-disait-pas-la-verite-aux-consommateurs","status":"publish","type":"post","link":"https:\/\/universnews224.com\/index.php\/ousmane-keita-sur-le-limogeage-du-directeur-general-de-la-sonap-on-a-eu-limpression-quil-ne-disait-pas-la-verite-aux-consommateurs\/","title":{"rendered":"Ousmane Ke\u00efta sur le limogeage du directeur g\u00e9n\u00e9ral de la SONAP: \u201cOn a eu l\u2019impression qu\u2019il ne disait pas la v\u00e9rit\u00e9 aux consommateurs\u201d"},"content":{"rendered":"<p class=\"p1\"><span class=\"s1\">Dans un d\u00e9cret largement diffus\u00e9 dans les m\u00e9dias en date du samedi, 16 mars 2024, le pr\u00e9sident de la transition, G\u00e9n\u00e9ral Mamadi Doumbouya a limog\u00e9, le directeur g\u00e9n\u00e9ral de SONAP, Amadou Doumbouya et son adjointe Fatoumata Camara. <\/span><\/p>\n<p class=\"p1\"><span class=\"s1\">R\u00e9gissant sur cette actualit\u00e9 chez nos confr\u00e8res de la radio nationale dans l\u2019\u00e9mission\u00abOpinion crois\u00e9e\u00bb de ce lundi, 18 mars 2024, Ousmane Ke\u00efta, pr\u00e9sident de l\u2019Union des consommateurs de Guin\u00e9e a laiss\u00e9 entendre que le Limogeage du d\u00e9sormais l\u2019ex directeur g\u00e9n\u00e9ral de la SONAP est d\u00fb par la mauvaise gestion de la crise lors de l\u2019explosion du principal terminal p\u00e9trolier du pays en d\u00e9cembre 2023. <\/span><\/p>\n<p class=\"p1\"><span class=\"s1\">Selon lui, le directeur g\u00e9n\u00e9ral de la soci\u00e9t\u00e9 nationale des p\u00e9troles<span class=\"Apple-converted-space\">\u00a0 <\/span>n\u2019a pas dit la v\u00e9rit\u00e9 aux consommateurs dans cette affaire. <\/span><\/p>\n<p class=\"p1\"><span class=\"s1\">\u201cCe qui nous a emb\u00eat\u00e9 avec l\u2019ex directeur de la SONAP, c\u2019est la communication. On a eu l\u2019impression qu\u2019il ne disait pas la v\u00e9rit\u00e9 aux consommateurs. On a eu l\u2019impression qu\u2019il tenait une communication plus politique qu\u2019autre chose. On aurait mieux appr\u00e9ci\u00e9 qu\u2019il nous dise que les temps sont dures, le d\u00e9p\u00f4t, il n\u2019est plus l\u00e0, l\u2019approvisionnement ne pourra pas se faire comme avant. Mais, venir dire que la situation est sous contr\u00f4le, \u00e7a \u00e9tait une erreur. D\u00e8s lors que la population s\u2019attend \u00e0 ce que tout aille pour le mieux et que sur le terrain on voit que c\u2019est le contraire, les gens qui dorment dans les situations, \u00e7a pose probl\u00e8me. Mais, si nous \u00e9tions impr\u00e9gn\u00e9s de la v\u00e9rit\u00e9 surtout de l\u2019impact que cet incendie allait avoir sur les consommateurs, on serait mieux pr\u00e9parer et on allait mieux accepter cela\u201d, a t-il d\u00e9clar\u00e9. <\/span><\/p>\n<p class=\"p1\"><span class=\"s1\">Rev<\/span><\/p>\n","protected":false},"excerpt":{"rendered":"<p>Dans un d\u00e9cret largement diffus\u00e9 dans les m\u00e9dias en date du samedi, 16 mars 2024,<\/p>\n","protected":false},"author":2,"featured_media":5095,"comment_status":"closed","ping_status":"open","sticky":false,"template":"","format":"standard","meta":[],"categories":[3,5],"tags":[229],"yoast_head":"<!-- This site is optimized with the Yoast SEO plugin v19.13 - https:\/\/yoast.com\/wordpress\/plugins\/seo\/ -->\n<title>Ousmane Ke\u00efta sur le limogeage du directeur g\u00e9n\u00e9ral de la SONAP: \u201cOn a eu l\u2019impression qu\u2019il ne disait pas la v\u00e9rit\u00e9 aux consommateurs\u201d - UNIVERSNEWS224<\/title>\n<meta name=\"robots\" content=\"index, follow, max-snippet:-1, max-image-preview:large, max-video-preview:-1\" \/>\n<link rel=\"canonical\" href=\"https:\/\/universnews224.com\/index.php\/ousmane-keita-sur-le-limogeage-du-directeur-general-de-la-sonap-on-a-eu-limpression-quil-ne-disait-pas-la-verite-aux-consommateurs\/\" \/>\n<meta property=\"og:locale\" content=\"fr_FR\" \/>\n<meta property=\"og:type\" content=\"article\" \/>\n<meta property=\"og:title\" content=\"Ousmane Ke\u00efta sur le limogeage du directeur g\u00e9n\u00e9ral de la SONAP: \u201cOn a eu l\u2019impression qu\u2019il ne disait pas la v\u00e9rit\u00e9 aux consommateurs\u201d - UNIVERSNEWS224\" \/>\n<meta property=\"og:description\" content=\"Dans un d\u00e9cret largement diffus\u00e9 dans les m\u00e9dias en date du samedi, 16 mars 2024,\" \/>\n<meta property=\"og:url\" content=\"https:\/\/universnews224.com\/index.php\/ousmane-keita-sur-le-limogeage-du-directeur-general-de-la-sonap-on-a-eu-limpression-quil-ne-disait-pas-la-verite-aux-consommateurs\/\" \/>\n<meta property=\"og:site_name\" content=\"UNIVERSNEWS224\" \/>\n<meta property=\"article:published_time\" content=\"2024-03-18T21:55:27+00:00\" \/>\n<meta property=\"og:image\" content=\"https:\/\/universnews224.com\/wp-content\/uploads\/2024\/01\/44F6F0F3-BFF3-4E0B-A7F1-3CC4584DFCFF.jpeg\" \/>\n\t<meta property=\"og:image:width\" content=\"700\" \/>\n\t<meta property=\"og:image:height\" content=\"375\" \/>\n\t<meta property=\"og:image:type\" content=\"image\/jpeg\" \/>\n<meta name=\"author\" content=\"La R\u00e9daction\" \/>\n<meta name=\"twitter:label1\" content=\"\u00c9crit par\" \/>\n\t<meta name=\"twitter:data1\" content=\"La R\u00e9daction\" \/>\n\t<meta name=\"twitter:label2\" content=\"Dur\u00e9e de lecture estim\u00e9e\" \/>\n\t<meta name=\"twitter:data2\" content=\"2 minutes\" \/>\n<script type=\"application\/ld+json\" class=\"yoast-schema-graph\">{\"@context\":\"https:\/\/schema.org\",\"@graph\":[{\"@type\":\"Article\",\"@id\":\"https:\/\/universnews224.com\/index.php\/ousmane-keita-sur-le-limogeage-du-directeur-general-de-la-sonap-on-a-eu-limpression-quil-ne-disait-pas-la-verite-aux-consommateurs\/#article\",\"isPartOf\":{\"@id\":\"https:\/\/universnews224.com\/index.php\/ousmane-keita-sur-le-limogeage-du-directeur-general-de-la-sonap-on-a-eu-limpression-quil-ne-disait-pas-la-verite-aux-consommateurs\/\"},\"author\":{\"name\":\"La R\u00e9daction\",\"@id\":\"https:\/\/universnews224.com\/#\/schema\/person\/a4b7d4f94a4716df60456a491260485e\"},\"headline\":\"Ousmane Ke\u00efta sur le limogeage du directeur g\u00e9n\u00e9ral de la SONAP: \u201cOn a eu l\u2019impression qu\u2019il ne disait pas la v\u00e9rit\u00e9 aux consommateurs\u201d\",\"datePublished\":\"2024-03-18T21:55:27+00:00\",\"dateModified\":\"2024-03-18T21:55:27+00:00\",\"mainEntityOfPage\":{\"@id\":\"https:\/\/universnews224.com\/index.php\/ousmane-keita-sur-le-limogeage-du-directeur-general-de-la-sonap-on-a-eu-limpression-quil-ne-disait-pas-la-verite-aux-consommateurs\/\"},\"wordCount\":345,\"publisher\":{\"@id\":\"https:\/\/universnews224.com\/#organization\"},\"keywords\":[\"La une\"],\"articleSection\":[\"ACTU\",\"SOCI\u00c9T\u00c9\"],\"inLanguage\":\"fr-FR\"},{\"@type\":\"WebPage\",\"@id\":\"https:\/\/universnews224.com\/index.php\/ousmane-keita-sur-le-limogeage-du-directeur-general-de-la-sonap-on-a-eu-limpression-quil-ne-disait-pas-la-verite-aux-consommateurs\/\",\"url\":\"https:\/\/universnews224.com\/index.php\/ousmane-keita-sur-le-limogeage-du-directeur-general-de-la-sonap-on-a-eu-limpression-quil-ne-disait-pas-la-verite-aux-consommateurs\/\",\"name\":\"Ousmane Ke\u00efta sur le limogeage du directeur g\u00e9n\u00e9ral de la SONAP: \u201cOn a eu l\u2019impression qu\u2019il ne disait pas la v\u00e9rit\u00e9 aux consommateurs\u201d - UNIVERSNEWS224\",\"isPartOf\":{\"@id\":\"https:\/\/universnews224.com\/#website\"},\"datePublished\":\"2024-03-18T21:55:27+00:00\",\"dateModified\":\"2024-03-18T21:55:27+00:00\",\"inLanguage\":\"fr-FR\",\"potentialAction\":[{\"@type\":\"ReadAction\",\"target\":[\"https:\/\/universnews224.com\/index.php\/ousmane-keita-sur-le-limogeage-du-directeur-general-de-la-sonap-on-a-eu-limpression-quil-ne-disait-pas-la-verite-aux-consommateurs\/\"]}]},{\"@type\":\"WebSite\",\"@id\":\"https:\/\/universnews224.com\/#website\",\"url\":\"https:\/\/universnews224.com\/\",\"name\":\"UNIVERSNEWS224\",\"description\":\"\",\"publisher\":{\"@id\":\"https:\/\/universnews224.com\/#organization\"},\"potentialAction\":[{\"@type\":\"SearchAction\",\"target\":{\"@type\":\"EntryPoint\",\"urlTemplate\":\"https:\/\/universnews224.com\/?s={search_term_string}\"},\"query-input\":\"required name=search_term_string\"}],\"inLanguage\":\"fr-FR\"},{\"@type\":\"Organization\",\"@id\":\"https:\/\/universnews224.com\/#organization\",\"name\":\"UNIVERSNEWS224\",\"url\":\"https:\/\/universnews224.com\/\",\"logo\":{\"@type\":\"ImageObject\",\"inLanguage\":\"fr-FR\",\"@id\":\"https:\/\/universnews224.com\/#\/schema\/logo\/image\/\",\"url\":\"https:\/\/universnews224.com\/wp-content\/uploads\/2022\/08\/cropped-cropped-logoban.jpg\",\"contentUrl\":\"https:\/\/universnews224.com\/wp-content\/uploads\/2022\/08\/cropped-cropped-logoban.jpg\",\"width\":1080,\"height\":138,\"caption\":\"UNIVERSNEWS224\"},\"image\":{\"@id\":\"https:\/\/universnews224.com\/#\/schema\/logo\/image\/\"}},{\"@type\":\"Person\",\"@id\":\"https:\/\/universnews224.com\/#\/schema\/person\/a4b7d4f94a4716df60456a491260485e\",\"name\":\"La R\u00e9daction\",\"image\":{\"@type\":\"ImageObject\",\"inLanguage\":\"fr-FR\",\"@id\":\"https:\/\/universnews224.com\/#\/schema\/person\/image\/\",\"url\":\"https:\/\/secure.gravatar.com\/avatar\/edb90acc7752b23e1b3307ad36c14f0d?s=96&d=mm&r=g\",\"contentUrl\":\"https:\/\/secure.gravatar.com\/avatar\/edb90acc7752b23e1b3307ad36c14f0d?s=96&d=mm&r=g\",\"caption\":\"La R\u00e9daction\"},\"sameAs\":[\"https:\/\/universnews224.com\"],\"url\":\"https:\/\/universnews224.com\/index.php\/author\/m-camara\/\"}]}<\/script>\n<!-- \/ Yoast SEO plugin. -->","yoast_head_json":{"title":"Ousmane Ke\u00efta sur le limogeage du directeur g\u00e9n\u00e9ral de la SONAP: \u201cOn a eu l\u2019impression qu\u2019il ne disait pas la v\u00e9rit\u00e9 aux consommateurs\u201d - UNIVERSNEWS224","robots":{"index":"index","follow":"follow","max-snippet":"max-snippet:-1","max-image-preview":"max-image-preview:large","max-video-preview":"max-video-preview:-1"},"canonical":"https:\/\/universnews224.com\/index.php\/ousmane-keita-sur-le-limogeage-du-directeur-general-de-la-sonap-on-a-eu-limpression-quil-ne-disait-pas-la-verite-aux-consommateurs\/","og_locale":"fr_FR","og_type":"article","og_title":"Ousmane Ke\u00efta sur le limogeage du directeur g\u00e9n\u00e9ral de la SONAP: \u201cOn a eu l\u2019impression qu\u2019il ne disait pas la v\u00e9rit\u00e9 aux consommateurs\u201d - UNIVERSNEWS224","og_description":"Dans un d\u00e9cret largement diffus\u00e9 dans les m\u00e9dias en date du samedi, 16 mars 2024,","og_url":"https:\/\/universnews224.com\/index.php\/ousmane-keita-sur-le-limogeage-du-directeur-general-de-la-sonap-on-a-eu-limpression-quil-ne-disait-pas-la-verite-aux-consommateurs\/","og_site_name":"UNIVERSNEWS224","article_published_time":"2024-03-18T21:55:27+00:00","og_image":[{"width":700,"height":375,"url":"https:\/\/universnews224.com\/wp-content\/uploads\/2024\/01\/44F6F0F3-BFF3-4E0B-A7F1-3CC4584DFCFF.jpeg","type":"image\/jpeg"}],"author":"La R\u00e9daction","twitter_misc":{"\u00c9crit par":"La R\u00e9daction","Dur\u00e9e de lecture estim\u00e9e":"2 minutes"},"schema":{"@context":"https:\/\/schema.org","@graph":[{"@type":"Article","@id":"https:\/\/universnews224.com\/index.php\/ousmane-keita-sur-le-limogeage-du-directeur-general-de-la-sonap-on-a-eu-limpression-quil-ne-disait-pas-la-verite-aux-consommateurs\/#article","isPartOf":{"@id":"https:\/\/universnews224.com\/index.php\/ousmane-keita-sur-le-limogeage-du-directeur-general-de-la-sonap-on-a-eu-limpression-quil-ne-disait-pas-la-verite-aux-consommateurs\/"},"author":{"name":"La R\u00e9daction","@id":"https:\/\/universnews224.com\/#\/schema\/person\/a4b7d4f94a4716df60456a491260485e"},"headline":"Ousmane Ke\u00efta sur le limogeage du directeur g\u00e9n\u00e9ral de la SONAP: \u201cOn a eu l\u2019impression qu\u2019il ne disait pas la v\u00e9rit\u00e9 aux consommateurs\u201d","datePublished":"2024-03-18T21:55:27+00:00","dateModified":"2024-03-18T21:55:27+00:00","mainEntityOfPage":{"@id":"https:\/\/universnews224.com\/index.php\/ousmane-keita-sur-le-limogeage-du-directeur-general-de-la-sonap-on-a-eu-limpression-quil-ne-disait-pas-la-verite-aux-consommateurs\/"},"wordCount":345,"publisher":{"@id":"https:\/\/universnews224.com\/#organization"},"keywords":["La une"],"articleSection":["ACTU","SOCI\u00c9T\u00c9"],"inLanguage":"fr-FR"},{"@type":"WebPage","@id":"https:\/\/universnews224.com\/index.php\/ousmane-keita-sur-le-limogeage-du-directeur-general-de-la-sonap-on-a-eu-limpression-quil-ne-disait-pas-la-verite-aux-consommateurs\/","url":"https:\/\/universnews224.com\/index.php\/ousmane-keita-sur-le-limogeage-du-directeur-general-de-la-sonap-on-a-eu-limpression-quil-ne-disait-pas-la-verite-aux-consommateurs\/","name":"Ousmane Ke\u00efta sur le limogeage du directeur g\u00e9n\u00e9ral de la SONAP: \u201cOn a eu l\u2019impression qu\u2019il ne disait pas la v\u00e9rit\u00e9 aux consommateurs\u201d - UNIVERSNEWS224","isPartOf":{"@id":"https:\/\/universnews224.com\/#website"},"datePublished":"2024-03-18T21:55:27+00:00","dateModified":"2024-03-18T21:55:27+00:00","inLanguage":"fr-FR","potentialAction":[{"@type":"ReadAction","target":["https:\/\/universnews224.com\/index.php\/ousmane-keita-sur-le-limogeage-du-directeur-general-de-la-sonap-on-a-eu-limpression-quil-ne-disait-pas-la-verite-aux-consommateurs\/"]}]},{"@type":"WebSite","@id":"https:\/\/universnews224.com\/#website","url":"https:\/\/universnews224.com\/","name":"UNIVERSNEWS224","description":"","publisher":{"@id":"https:\/\/universnews224.com\/#organization"},"potentialAction":[{"@type":"SearchAction","target":{"@type":"EntryPoint","urlTemplate":"https:\/\/universnews224.com\/?s={search_term_string}"},"query-input":"required name=search_term_string"}],"inLanguage":"fr-FR"},{"@type":"Organization","@id":"https:\/\/universnews224.com\/#organization","name":"UNIVERSNEWS224","url":"https:\/\/universnews224.com\/","logo":{"@type":"ImageObject","inLanguage":"fr-FR","@id":"https:\/\/universnews224.com\/#\/schema\/logo\/image\/","url":"https:\/\/universnews224.com\/wp-content\/uploads\/2022\/08\/cropped-cropped-logoban.jpg","contentUrl":"https:\/\/universnews224.com\/wp-content\/uploads\/2022\/08\/cropped-cropped-logoban.jpg","width":1080,"height":138,"caption":"UNIVERSNEWS224"},"image":{"@id":"https:\/\/universnews224.com\/#\/schema\/logo\/image\/"}},{"@type":"Person","@id":"https:\/\/universnews224.com\/#\/schema\/person\/a4b7d4f94a4716df60456a491260485e","name":"La R\u00e9daction","image":{"@type":"ImageObject","inLanguage":"fr-FR","@id":"https:\/\/universnews224.com\/#\/schema\/person\/image\/","url":"https:\/\/secure.gravatar.com\/avatar\/edb90acc7752b23e1b3307ad36c14f0d?s=96&d=mm&r=g","contentUrl":"https:\/\/secure.gravatar.com\/avatar\/edb90acc7752b23e1b3307ad36c14f0d?s=96&d=mm&r=g","caption":"La R\u00e9daction"},"sameAs":["https:\/\/universnews224.com"],"url":"https:\/\/universnews224.com\/index.php\/author\/m-camara\/"}]}},"_links":{"self":[{"href":"https:\/\/universnews224.com\/index.php\/wp-json\/wp\/v2\/posts\/5431"}],"collection":[{"href":"https:\/\/universnews224.com\/index.php\/wp-json\/wp\/v2\/posts"}],"about":[{"href":"https:\/\/universnews224.com\/index.php\/wp-json\/wp\/v2\/types\/post"}],"author":[{"embeddable":true,"href":"https:\/\/universnews224.com\/index.php\/wp-json\/wp\/v2\/users\/2"}],"replies":[{"embeddable":true,"href":"https:\/\/universnews224.com\/index.php\/wp-json\/wp\/v2\/comments?post=5431"}],"version-history":[{"count":1,"href":"https:\/\/universnews224.com\/index.php\/wp-json\/wp\/v2\/posts\/5431\/revisions"}],"predecessor-version":[{"id":5432,"href":"https:\/\/universnews224.com\/index.php\/wp-json\/wp\/v2\/posts\/5431\/revisions\/5432"}],"wp:featuredmedia":[{"embeddable":true,"href":"https:\/\/universnews224.com\/index.php\/wp-json\/wp\/v2\/media\/5095"}],"wp:attachment":[{"href":"https:\/\/universnews224.com\/index.php\/wp-json\/wp\/v2\/media?parent=5431"}],"wp:term":[{"taxonomy":"category","embeddable":true,"href":"https:\/\/universnews224.com\/index.php\/wp-json\/wp\/v2\/categories?post=5431"},{"taxonomy":"post_tag","embeddable":true,"href":"https:\/\/universnews224.com\/index.php\/wp-json\/wp\/v2\/tags?post=5431"}],"curies":[{"name":"wp","href":"https:\/\/api.w.org\/{rel}","templated":true}]}}