{"id":5433,"date":"2024-03-18T23:00:19","date_gmt":"2024-03-18T22:00:19","guid":{"rendered":"https:\/\/universnews224.com\/?p=5433"},"modified":"2024-03-18T23:00:19","modified_gmt":"2024-03-18T22:00:19","slug":"parlement-de-la-cedeao-les-six-6conseillers-nationaux-qui-representeront-la-guinee-presentes-au-cnt","status":"publish","type":"post","link":"https:\/\/universnews224.com\/index.php\/parlement-de-la-cedeao-les-six-6conseillers-nationaux-qui-representeront-la-guinee-presentes-au-cnt\/","title":{"rendered":"Parlement de la C\u00c9D\u00c9AO: les six (6)conseillers nationaux qui repr\u00e9senteront la Guin\u00e9e pr\u00e9sent\u00e9s au CNT"},"content":{"rendered":"<p>Sous l\u2019\u00e9gide de Dr Dansa Kourouma, pr\u00e9sident du CNT, les conseillers nationaux ont tenu ce lundi, 18 mars 2024 une pl\u00e9ni\u00e8re \u00e0 l\u2019h\u00e9micycle du palais du peuple de Conakry. Une pl\u00e9ni\u00e8re consacr\u00e9e \u00e0 la pr\u00e9sentation officielle des conseils nationaux du CNT, repr\u00e9sentant la R\u00e9publique de Guin\u00e9e aupr\u00e8s du parlement de la Communaut\u00e9 Economique des Etats de l\u2019Afrique de l\u2019Ouest ((CEDEAO).<img loading=\"lazy\" class=\"alignnone size-full wp-image-8068 b-loaded\" src=\"https:\/\/influencesnews.com\/wp-content\/uploads\/2024\/03\/39BE8399-7FE5-4973-857A-0FD14E791672.jpeg\" alt=\"\" width=\"1080\" height=\"720\" \/><\/p>\n<p class=\"p2\"><span class=\"s1\">C\u2019\u00e9tait en pr\u00e9sence du conseiller du Pr\u00e9sident de la R\u00e9publique en charge des relations avec les institutions r\u00e9publicaines et le repr\u00e9sentant de la CEDEAO en Guin\u00e9e. <\/span><\/p>\n<p class=\"p2\"><span class=\"s1\">Dans son discours de circonstance, Dr Dansa Kourouma, du pr\u00e9sident du CNT a remerci\u00e9 le pr\u00e9sident de la transition pour son leadership. Un leadership qui a la Guin\u00e9e de se retourner au sein du parlement sous-r\u00e9gional. <\/span><\/p>\n<p class=\"p2\"><span class=\"s1\">Un leadership qui a permis le retour de la Guin\u00e9e au sein du parlement sous-r\u00e9gional. Il a ensuite remerci\u00e9 le chef de l\u2019\u00c9tat Ivoirien et son pr\u00e9sident de l\u2019assembl\u00e9e nationale pour ses efforts pour que la Guin\u00e9e soit r\u00e9int\u00e9gr\u00e9e au sein du partement de la CEDEAO. <\/span><\/p>\n<p class=\"p2\"><span class=\"s1\">\u201c<\/span><span class=\"s2\">Nous remercions son excellence Monsieur le pr\u00e9sident de la transition, le G\u00e9n\u00e9ral Mamadi Doumbouya qui est le premier diplomate de la Guin\u00e9e pour son leadership qui, malgr\u00e9 que notre pays est en transition, la Guin\u00e9e a maintenu des relations d\u2019amiti\u00e9, de fraternit\u00e9 dans le respect mutuel entre les pays fr\u00e8res, mais aussi avec les pays membres des organisations sous-r\u00e9gionales, r\u00e9gionales et internationales. Ceci est extr\u00eamement important. Qu\u2019il trouve ici toute notre reconnaissance \u00e0 son endroit pour ce leadership qui a permis le retour de la Guin\u00e9e au sein de cette organisation\u201d, a d\u00e9clar\u00e9 Dr Dansa Kourouma. <\/span><\/p>\n<p class=\"p2\"><span class=\"s2\">Ces conseillers nationaux qui porteront la voix de la Guin\u00e9e au sein du parlement de la CEDEAO entre autres: les honorables <\/span><span class=\"s1\">Fanta Cont\u00e9, Bademba Bald\u00e9, Saran Traor\u00e9, Fatoumata Y\u00e9b\u00e8 Bah, G\u00e9n\u00e9ral Abdoulaye Keita et S\u00e9kou Dor\u00e9. <\/span><\/p>\n<p class=\"p2\"><span class=\"s2\">Prenant la parole \u00e0 cette occasion, <\/span><span class=\"s1\">Louis Blaise AKA-BROU, <\/span><span class=\"s2\">repr\u00e9sentant r\u00e9sidant de la C\u00c9D\u00c9AO en Guin\u00e9e a f\u00e9licit\u00e9 le CNT pour son retour au sein du parlement de la CEDEAO.<\/span><\/p>\n<p class=\"p2\"><span class=\"s2\">Proprement parl\u00e9,<span class=\"Apple-converted-space\">\u00a0 <\/span>nous n\u2019avons pas de mots sauf de dire merci \u00e0 M. le pr\u00e9sident du CNT et de tous les conseillers nationaux pour avoir franchi cette \u00e9tape, pour avoir d\u00e9sign\u00e9 les repr\u00e9sentants de la Guin\u00e9e au parlementaire de la CEDEAO. Chers repr\u00e9sentants d\u00e9sign\u00e9s du CNT, je voudrais au nom du pr\u00e9sident de la commission, vous f\u00e9liciter d\u2019abord pour votre choix et votre d\u00e9signation, vous souhaiter la bienvenue \u00e0 cette grande famille du parlementaire de la CEDEAO et nous vous souhaitons bon vent\u201d\u00a0a t-il soulign\u00e9. <\/span><\/p>\n<p class=\"p2\"><span class=\"s1\">Il faut que cette pl\u00e9ni\u00e8re a \u00e9t\u00e9 mise \u00e0 profit par les conseillers nationaux pour rendre un hommage m\u00e9rit\u00e9 \u00e0 leur coll\u00e8gue, Fatima Camara ,r\u00e9cemment promise, ministre de la P\u00eache et de l\u2019Economie maritime, pour passage remarquable au sein du conseil national de la transition. <\/span><\/p>\n<p class=\"p2\"><span class=\"s1\">Mohamed Camara.<\/span><\/p>\n","protected":false},"excerpt":{"rendered":"<p>Sous l\u2019\u00e9gide de Dr Dansa Kourouma, pr\u00e9sident du CNT, les conseillers nationaux ont tenu ce<\/p>\n","protected":false},"author":2,"featured_media":5434,"comment_status":"closed","ping_status":"open","sticky":false,"template":"","format":"standard","meta":[],"categories":[3,5],"tags":[229],"yoast_head":"<!-- This site is optimized with the Yoast SEO plugin v19.13 - https:\/\/yoast.com\/wordpress\/plugins\/seo\/ -->\n<title>Parlement de la C\u00c9D\u00c9AO: les six (6)conseillers nationaux qui repr\u00e9senteront la Guin\u00e9e pr\u00e9sent\u00e9s au CNT - UNIVERSNEWS224<\/title>\n<meta name=\"robots\" content=\"index, follow, max-snippet:-1, max-image-preview:large, max-video-preview:-1\" \/>\n<link rel=\"canonical\" href=\"https:\/\/universnews224.com\/index.php\/parlement-de-la-cedeao-les-six-6conseillers-nationaux-qui-representeront-la-guinee-presentes-au-cnt\/\" \/>\n<meta property=\"og:locale\" content=\"fr_FR\" \/>\n<meta property=\"og:type\" content=\"article\" \/>\n<meta property=\"og:title\" content=\"Parlement de la C\u00c9D\u00c9AO: les six (6)conseillers nationaux qui repr\u00e9senteront la Guin\u00e9e pr\u00e9sent\u00e9s au CNT - UNIVERSNEWS224\" \/>\n<meta property=\"og:description\" content=\"Sous l\u2019\u00e9gide de Dr Dansa Kourouma, pr\u00e9sident du CNT, les conseillers nationaux ont tenu ce\" \/>\n<meta property=\"og:url\" content=\"https:\/\/universnews224.com\/index.php\/parlement-de-la-cedeao-les-six-6conseillers-nationaux-qui-representeront-la-guinee-presentes-au-cnt\/\" \/>\n<meta property=\"og:site_name\" content=\"UNIVERSNEWS224\" \/>\n<meta property=\"article:published_time\" content=\"2024-03-18T22:00:19+00:00\" \/>\n<meta property=\"og:image\" content=\"https:\/\/universnews224.com\/wp-content\/uploads\/2024\/03\/B8E33989-08A9-4FC8-A86D-756A47F34EA7.jpeg\" \/>\n\t<meta property=\"og:image:width\" content=\"1080\" \/>\n\t<meta property=\"og:image:height\" content=\"720\" \/>\n\t<meta property=\"og:image:type\" content=\"image\/jpeg\" \/>\n<meta name=\"author\" content=\"La R\u00e9daction\" \/>\n<meta name=\"twitter:label1\" content=\"\u00c9crit par\" \/>\n\t<meta name=\"twitter:data1\" content=\"La R\u00e9daction\" \/>\n\t<meta name=\"twitter:label2\" content=\"Dur\u00e9e de lecture estim\u00e9e\" \/>\n\t<meta name=\"twitter:data2\" content=\"3 minutes\" \/>\n<script type=\"application\/ld+json\" class=\"yoast-schema-graph\">{\"@context\":\"https:\/\/schema.org\",\"@graph\":[{\"@type\":\"Article\",\"@id\":\"https:\/\/universnews224.com\/index.php\/parlement-de-la-cedeao-les-six-6conseillers-nationaux-qui-representeront-la-guinee-presentes-au-cnt\/#article\",\"isPartOf\":{\"@id\":\"https:\/\/universnews224.com\/index.php\/parlement-de-la-cedeao-les-six-6conseillers-nationaux-qui-representeront-la-guinee-presentes-au-cnt\/\"},\"author\":{\"name\":\"La R\u00e9daction\",\"@id\":\"https:\/\/universnews224.com\/#\/schema\/person\/a4b7d4f94a4716df60456a491260485e\"},\"headline\":\"Parlement de la C\u00c9D\u00c9AO: les six (6)conseillers nationaux qui repr\u00e9senteront la Guin\u00e9e pr\u00e9sent\u00e9s au CNT\",\"datePublished\":\"2024-03-18T22:00:19+00:00\",\"dateModified\":\"2024-03-18T22:00:19+00:00\",\"mainEntityOfPage\":{\"@id\":\"https:\/\/universnews224.com\/index.php\/parlement-de-la-cedeao-les-six-6conseillers-nationaux-qui-representeront-la-guinee-presentes-au-cnt\/\"},\"wordCount\":554,\"publisher\":{\"@id\":\"https:\/\/universnews224.com\/#organization\"},\"keywords\":[\"La une\"],\"articleSection\":[\"ACTU\",\"SOCI\u00c9T\u00c9\"],\"inLanguage\":\"fr-FR\"},{\"@type\":\"WebPage\",\"@id\":\"https:\/\/universnews224.com\/index.php\/parlement-de-la-cedeao-les-six-6conseillers-nationaux-qui-representeront-la-guinee-presentes-au-cnt\/\",\"url\":\"https:\/\/universnews224.com\/index.php\/parlement-de-la-cedeao-les-six-6conseillers-nationaux-qui-representeront-la-guinee-presentes-au-cnt\/\",\"name\":\"Parlement de la C\u00c9D\u00c9AO: les six (6)conseillers nationaux qui repr\u00e9senteront la Guin\u00e9e pr\u00e9sent\u00e9s au CNT - UNIVERSNEWS224\",\"isPartOf\":{\"@id\":\"https:\/\/universnews224.com\/#website\"},\"datePublished\":\"2024-03-18T22:00:19+00:00\",\"dateModified\":\"2024-03-18T22:00:19+00:00\",\"inLanguage\":\"fr-FR\",\"potentialAction\":[{\"@type\":\"ReadAction\",\"target\":[\"https:\/\/universnews224.com\/index.php\/parlement-de-la-cedeao-les-six-6conseillers-nationaux-qui-representeront-la-guinee-presentes-au-cnt\/\"]}]},{\"@type\":\"WebSite\",\"@id\":\"https:\/\/universnews224.com\/#website\",\"url\":\"https:\/\/universnews224.com\/\",\"name\":\"UNIVERSNEWS224\",\"description\":\"\",\"publisher\":{\"@id\":\"https:\/\/universnews224.com\/#organization\"},\"potentialAction\":[{\"@type\":\"SearchAction\",\"target\":{\"@type\":\"EntryPoint\",\"urlTemplate\":\"https:\/\/universnews224.com\/?s={search_term_string}\"},\"query-input\":\"required name=search_term_string\"}],\"inLanguage\":\"fr-FR\"},{\"@type\":\"Organization\",\"@id\":\"https:\/\/universnews224.com\/#organization\",\"name\":\"UNIVERSNEWS224\",\"url\":\"https:\/\/universnews224.com\/\",\"logo\":{\"@type\":\"ImageObject\",\"inLanguage\":\"fr-FR\",\"@id\":\"https:\/\/universnews224.com\/#\/schema\/logo\/image\/\",\"url\":\"https:\/\/universnews224.com\/wp-content\/uploads\/2022\/08\/cropped-cropped-logoban.jpg\",\"contentUrl\":\"https:\/\/universnews224.com\/wp-content\/uploads\/2022\/08\/cropped-cropped-logoban.jpg\",\"width\":1080,\"height\":138,\"caption\":\"UNIVERSNEWS224\"},\"image\":{\"@id\":\"https:\/\/universnews224.com\/#\/schema\/logo\/image\/\"}},{\"@type\":\"Person\",\"@id\":\"https:\/\/universnews224.com\/#\/schema\/person\/a4b7d4f94a4716df60456a491260485e\",\"name\":\"La R\u00e9daction\",\"image\":{\"@type\":\"ImageObject\",\"inLanguage\":\"fr-FR\",\"@id\":\"https:\/\/universnews224.com\/#\/schema\/person\/image\/\",\"url\":\"https:\/\/secure.gravatar.com\/avatar\/edb90acc7752b23e1b3307ad36c14f0d?s=96&d=mm&r=g\",\"contentUrl\":\"https:\/\/secure.gravatar.com\/avatar\/edb90acc7752b23e1b3307ad36c14f0d?s=96&d=mm&r=g\",\"caption\":\"La R\u00e9daction\"},\"sameAs\":[\"https:\/\/universnews224.com\"],\"url\":\"https:\/\/universnews224.com\/index.php\/author\/m-camara\/\"}]}<\/script>\n<!-- \/ Yoast SEO plugin. -->","yoast_head_json":{"title":"Parlement de la C\u00c9D\u00c9AO: les six (6)conseillers nationaux qui repr\u00e9senteront la Guin\u00e9e pr\u00e9sent\u00e9s au CNT - UNIVERSNEWS224","robots":{"index":"index","follow":"follow","max-snippet":"max-snippet:-1","max-image-preview":"max-image-preview:large","max-video-preview":"max-video-preview:-1"},"canonical":"https:\/\/universnews224.com\/index.php\/parlement-de-la-cedeao-les-six-6conseillers-nationaux-qui-representeront-la-guinee-presentes-au-cnt\/","og_locale":"fr_FR","og_type":"article","og_title":"Parlement de la C\u00c9D\u00c9AO: les six (6)conseillers nationaux qui repr\u00e9senteront la Guin\u00e9e pr\u00e9sent\u00e9s au CNT - UNIVERSNEWS224","og_description":"Sous l\u2019\u00e9gide de Dr Dansa Kourouma, pr\u00e9sident du CNT, les conseillers nationaux ont tenu ce","og_url":"https:\/\/universnews224.com\/index.php\/parlement-de-la-cedeao-les-six-6conseillers-nationaux-qui-representeront-la-guinee-presentes-au-cnt\/","og_site_name":"UNIVERSNEWS224","article_published_time":"2024-03-18T22:00:19+00:00","og_image":[{"width":1080,"height":720,"url":"https:\/\/universnews224.com\/wp-content\/uploads\/2024\/03\/B8E33989-08A9-4FC8-A86D-756A47F34EA7.jpeg","type":"image\/jpeg"}],"author":"La R\u00e9daction","twitter_misc":{"\u00c9crit par":"La R\u00e9daction","Dur\u00e9e de lecture estim\u00e9e":"3 minutes"},"schema":{"@context":"https:\/\/schema.org","@graph":[{"@type":"Article","@id":"https:\/\/universnews224.com\/index.php\/parlement-de-la-cedeao-les-six-6conseillers-nationaux-qui-representeront-la-guinee-presentes-au-cnt\/#article","isPartOf":{"@id":"https:\/\/universnews224.com\/index.php\/parlement-de-la-cedeao-les-six-6conseillers-nationaux-qui-representeront-la-guinee-presentes-au-cnt\/"},"author":{"name":"La R\u00e9daction","@id":"https:\/\/universnews224.com\/#\/schema\/person\/a4b7d4f94a4716df60456a491260485e"},"headline":"Parlement de la C\u00c9D\u00c9AO: les six (6)conseillers nationaux qui repr\u00e9senteront la Guin\u00e9e pr\u00e9sent\u00e9s au CNT","datePublished":"2024-03-18T22:00:19+00:00","dateModified":"2024-03-18T22:00:19+00:00","mainEntityOfPage":{"@id":"https:\/\/universnews224.com\/index.php\/parlement-de-la-cedeao-les-six-6conseillers-nationaux-qui-representeront-la-guinee-presentes-au-cnt\/"},"wordCount":554,"publisher":{"@id":"https:\/\/universnews224.com\/#organization"},"keywords":["La une"],"articleSection":["ACTU","SOCI\u00c9T\u00c9"],"inLanguage":"fr-FR"},{"@type":"WebPage","@id":"https:\/\/universnews224.com\/index.php\/parlement-de-la-cedeao-les-six-6conseillers-nationaux-qui-representeront-la-guinee-presentes-au-cnt\/","url":"https:\/\/universnews224.com\/index.php\/parlement-de-la-cedeao-les-six-6conseillers-nationaux-qui-representeront-la-guinee-presentes-au-cnt\/","name":"Parlement de la C\u00c9D\u00c9AO: les six (6)conseillers nationaux qui repr\u00e9senteront la Guin\u00e9e pr\u00e9sent\u00e9s au CNT - UNIVERSNEWS224","isPartOf":{"@id":"https:\/\/universnews224.com\/#website"},"datePublished":"2024-03-18T22:00:19+00:00","dateModified":"2024-03-18T22:00:19+00:00","inLanguage":"fr-FR","potentialAction":[{"@type":"ReadAction","target":["https:\/\/universnews224.com\/index.php\/parlement-de-la-cedeao-les-six-6conseillers-nationaux-qui-representeront-la-guinee-presentes-au-cnt\/"]}]},{"@type":"WebSite","@id":"https:\/\/universnews224.com\/#website","url":"https:\/\/universnews224.com\/","name":"UNIVERSNEWS224","description":"","publisher":{"@id":"https:\/\/universnews224.com\/#organization"},"potentialAction":[{"@type":"SearchAction","target":{"@type":"EntryPoint","urlTemplate":"https:\/\/universnews224.com\/?s={search_term_string}"},"query-input":"required name=search_term_string"}],"inLanguage":"fr-FR"},{"@type":"Organization","@id":"https:\/\/universnews224.com\/#organization","name":"UNIVERSNEWS224","url":"https:\/\/universnews224.com\/","logo":{"@type":"ImageObject","inLanguage":"fr-FR","@id":"https:\/\/universnews224.com\/#\/schema\/logo\/image\/","url":"https:\/\/universnews224.com\/wp-content\/uploads\/2022\/08\/cropped-cropped-logoban.jpg","contentUrl":"https:\/\/universnews224.com\/wp-content\/uploads\/2022\/08\/cropped-cropped-logoban.jpg","width":1080,"height":138,"caption":"UNIVERSNEWS224"},"image":{"@id":"https:\/\/universnews224.com\/#\/schema\/logo\/image\/"}},{"@type":"Person","@id":"https:\/\/universnews224.com\/#\/schema\/person\/a4b7d4f94a4716df60456a491260485e","name":"La R\u00e9daction","image":{"@type":"ImageObject","inLanguage":"fr-FR","@id":"https:\/\/universnews224.com\/#\/schema\/person\/image\/","url":"https:\/\/secure.gravatar.com\/avatar\/edb90acc7752b23e1b3307ad36c14f0d?s=96&d=mm&r=g","contentUrl":"https:\/\/secure.gravatar.com\/avatar\/edb90acc7752b23e1b3307ad36c14f0d?s=96&d=mm&r=g","caption":"La R\u00e9daction"},"sameAs":["https:\/\/universnews224.com"],"url":"https:\/\/universnews224.com\/index.php\/author\/m-camara\/"}]}},"_links":{"self":[{"href":"https:\/\/universnews224.com\/index.php\/wp-json\/wp\/v2\/posts\/5433"}],"collection":[{"href":"https:\/\/universnews224.com\/index.php\/wp-json\/wp\/v2\/posts"}],"about":[{"href":"https:\/\/universnews224.com\/index.php\/wp-json\/wp\/v2\/types\/post"}],"author":[{"embeddable":true,"href":"https:\/\/universnews224.com\/index.php\/wp-json\/wp\/v2\/users\/2"}],"replies":[{"embeddable":true,"href":"https:\/\/universnews224.com\/index.php\/wp-json\/wp\/v2\/comments?post=5433"}],"version-history":[{"count":1,"href":"https:\/\/universnews224.com\/index.php\/wp-json\/wp\/v2\/posts\/5433\/revisions"}],"predecessor-version":[{"id":5435,"href":"https:\/\/universnews224.com\/index.php\/wp-json\/wp\/v2\/posts\/5433\/revisions\/5435"}],"wp:featuredmedia":[{"embeddable":true,"href":"https:\/\/universnews224.com\/index.php\/wp-json\/wp\/v2\/media\/5434"}],"wp:attachment":[{"href":"https:\/\/universnews224.com\/index.php\/wp-json\/wp\/v2\/media?parent=5433"}],"wp:term":[{"taxonomy":"category","embeddable":true,"href":"https:\/\/universnews224.com\/index.php\/wp-json\/wp\/v2\/categories?post=5433"},{"taxonomy":"post_tag","embeddable":true,"href":"https:\/\/universnews224.com\/index.php\/wp-json\/wp\/v2\/tags?post=5433"}],"curies":[{"name":"wp","href":"https:\/\/api.w.org\/{rel}","templated":true}]}}