{"id":5440,"date":"2024-03-19T17:53:53","date_gmt":"2024-03-19T16:53:53","guid":{"rendered":"https:\/\/universnews224.com\/?p=5440"},"modified":"2024-03-19T17:53:53","modified_gmt":"2024-03-19T16:53:53","slug":"la-non-prise-en-compte-des-30-de-femmes-dans-le-gouvernement-bah-oury-cest-une-desolation-aissata-camara-vice-coordinatrice-de-maog","status":"publish","type":"post","link":"https:\/\/universnews224.com\/index.php\/la-non-prise-en-compte-des-30-de-femmes-dans-le-gouvernement-bah-oury-cest-une-desolation-aissata-camara-vice-coordinatrice-de-maog\/","title":{"rendered":"La non prise en compte des 30% de femmes dans le gouvernement Bah Oury: \u201cC\u2019est une d\u00e9solation\u201d, Aissata Camara Vice-coordinatrice de MAOG."},"content":{"rendered":"<p class=\"p1\">La non prise en compte des 30% de femmes dans le gouvernement Bah Oury continue de susciter des r\u00e9actions au sein de la gente f\u00e9minine.<\/p>\n<p class=\"p1\"><span class=\"s1\">Prenant part au point de presse de la Convergence des Acteurs socio-politique engag\u00e9s dans le cadre de dialogue ce mardi, 19 mars 2024, \u00e0 Yimbaya dans la commune de Matoto, A\u00efssata Camara, Vice-coordinatrice MAOG s\u2019est insurg\u00e9e contre le non respect des engagements pris par le premier ministre Oury qui a portant promis \u00e0 Kindia \u00e0<span class=\"Apple-converted-space\">\u00a0 <\/span>l\u2019occasion de la f\u00eate internationale des femmes que les 30% de son gouvernement seront des femmes. <\/span><\/p>\n<p class=\"p1\"><span class=\"s1\">\u201cJe pense qu\u2019il n y a pas eu de coh\u00e9rence entre ce qui a \u00e9t\u00e9 dit par le premier ministre et qui a \u00e9t\u00e9 fait. Si vous vous rappelez, le 8 mars dernier, le premier ministre a dit \u00e0 Kindia que le prochain gouvernement sera 30% de femmes. On a trouv\u00e9 que c\u2019est insignifiant parce que les femmes constituent aujourd\u2019hui plus de la moiti\u00e9 de la population. Il<span class=\"Apple-converted-space\">\u00a0 <\/span>y a beaucoup de femmes qui sont comp\u00e9tentes, il y a beaucoup de femmes qui ont fait des hautes \u00e9tudes et qui peuvent occuper les hautes fonctions. On a dit d\u2019accord puisqu\u2019il a dit 30%, on va essayer de voir, si qu\u2019il va r\u00e9ellement le faire. Mais, malheureusement, apr\u00e8s la nomination des membres du gouvernement, on a constat\u00e9 que cela n\u2019a pas \u00e9t\u00e9 fait. C\u2019est une d\u00e9solation pour nous. On aurait souhait\u00e9 que m\u00eame si on n\u2019aurait pas eu plus de 30%, mais au moins qu\u2019il respecte ce qu\u2019il a dit\u201d, a t-elle d\u00e9plor\u00e9. <\/span><\/p>\n<p class=\"p1\"><span class=\"s1\">Poursuivant, la vice-coordinatrice de la maison des associations et ONG de Guin\u00e9e, demande au nouveau locataire du palais de la colombe, de revenir sur sa d\u00e9cision. <\/span><\/p>\n<p class=\"p1\"><span class=\"s1\">\u201cLa Guin\u00e9e a ratifi\u00e9 beaucoup de conventions faisant la promotion de la femme. Avant le coup d\u2019\u00c9tat, les 30% \u00e9taient respect\u00e9s, on pensait que plus les ann\u00e9es passent, plus le nombre allait augmenter. Mais, malheureusement, on est entrain de constater, plus les ann\u00e9es passent, plus on est entrain de r\u00e9gresser. Donc, c\u2019est une d\u00e9solation et nous pensons que le premier ministre doit revenir sur sa d\u00e9cision, ne serait-ce que pour respecter ce qu\u2019il a dit \u00e0 Kindia\u201d, a t-elle indiqu\u00e9. <\/span><\/p>\n<p class=\"p1\">\n","protected":false},"excerpt":{"rendered":"<p>La non prise en compte des 30% de femmes dans le gouvernement Bah Oury continue<\/p>\n","protected":false},"author":2,"featured_media":5441,"comment_status":"closed","ping_status":"open","sticky":false,"template":"","format":"standard","meta":[],"categories":[3,5],"tags":[229],"yoast_head":"<!-- This site is optimized with the Yoast SEO plugin v19.13 - https:\/\/yoast.com\/wordpress\/plugins\/seo\/ -->\n<title>La non prise en compte des 30% de femmes dans le gouvernement Bah Oury: \u201cC\u2019est une d\u00e9solation\u201d, Aissata Camara Vice-coordinatrice de MAOG. - UNIVERSNEWS224<\/title>\n<meta name=\"robots\" content=\"index, follow, max-snippet:-1, max-image-preview:large, max-video-preview:-1\" \/>\n<link rel=\"canonical\" href=\"https:\/\/universnews224.com\/index.php\/la-non-prise-en-compte-des-30-de-femmes-dans-le-gouvernement-bah-oury-cest-une-desolation-aissata-camara-vice-coordinatrice-de-maog\/\" \/>\n<meta property=\"og:locale\" content=\"fr_FR\" \/>\n<meta property=\"og:type\" content=\"article\" \/>\n<meta property=\"og:title\" content=\"La non prise en compte des 30% de femmes dans le gouvernement Bah Oury: \u201cC\u2019est une d\u00e9solation\u201d, Aissata Camara Vice-coordinatrice de MAOG. - UNIVERSNEWS224\" \/>\n<meta property=\"og:description\" content=\"La non prise en compte des 30% de femmes dans le gouvernement Bah Oury continue\" \/>\n<meta property=\"og:url\" content=\"https:\/\/universnews224.com\/index.php\/la-non-prise-en-compte-des-30-de-femmes-dans-le-gouvernement-bah-oury-cest-une-desolation-aissata-camara-vice-coordinatrice-de-maog\/\" \/>\n<meta property=\"og:site_name\" content=\"UNIVERSNEWS224\" \/>\n<meta property=\"article:published_time\" content=\"2024-03-19T16:53:53+00:00\" \/>\n<meta property=\"og:image\" content=\"https:\/\/universnews224.com\/wp-content\/uploads\/2024\/03\/011DC17C-E8F1-4B66-AB68-FD984575A123.jpeg\" \/>\n\t<meta property=\"og:image:width\" content=\"1008\" \/>\n\t<meta property=\"og:image:height\" content=\"756\" \/>\n\t<meta property=\"og:image:type\" content=\"image\/jpeg\" \/>\n<meta name=\"author\" content=\"La R\u00e9daction\" \/>\n<meta name=\"twitter:label1\" content=\"\u00c9crit par\" \/>\n\t<meta name=\"twitter:data1\" content=\"La R\u00e9daction\" \/>\n\t<meta name=\"twitter:label2\" content=\"Dur\u00e9e de lecture estim\u00e9e\" \/>\n\t<meta name=\"twitter:data2\" content=\"2 minutes\" \/>\n<script type=\"application\/ld+json\" class=\"yoast-schema-graph\">{\"@context\":\"https:\/\/schema.org\",\"@graph\":[{\"@type\":\"Article\",\"@id\":\"https:\/\/universnews224.com\/index.php\/la-non-prise-en-compte-des-30-de-femmes-dans-le-gouvernement-bah-oury-cest-une-desolation-aissata-camara-vice-coordinatrice-de-maog\/#article\",\"isPartOf\":{\"@id\":\"https:\/\/universnews224.com\/index.php\/la-non-prise-en-compte-des-30-de-femmes-dans-le-gouvernement-bah-oury-cest-une-desolation-aissata-camara-vice-coordinatrice-de-maog\/\"},\"author\":{\"name\":\"La R\u00e9daction\",\"@id\":\"https:\/\/universnews224.com\/#\/schema\/person\/a4b7d4f94a4716df60456a491260485e\"},\"headline\":\"La non prise en compte des 30% de femmes dans le gouvernement Bah Oury: \u201cC\u2019est une d\u00e9solation\u201d, Aissata Camara Vice-coordinatrice de MAOG.\",\"datePublished\":\"2024-03-19T16:53:53+00:00\",\"dateModified\":\"2024-03-19T16:53:53+00:00\",\"mainEntityOfPage\":{\"@id\":\"https:\/\/universnews224.com\/index.php\/la-non-prise-en-compte-des-30-de-femmes-dans-le-gouvernement-bah-oury-cest-une-desolation-aissata-camara-vice-coordinatrice-de-maog\/\"},\"wordCount\":411,\"publisher\":{\"@id\":\"https:\/\/universnews224.com\/#organization\"},\"keywords\":[\"La une\"],\"articleSection\":[\"ACTU\",\"SOCI\u00c9T\u00c9\"],\"inLanguage\":\"fr-FR\"},{\"@type\":\"WebPage\",\"@id\":\"https:\/\/universnews224.com\/index.php\/la-non-prise-en-compte-des-30-de-femmes-dans-le-gouvernement-bah-oury-cest-une-desolation-aissata-camara-vice-coordinatrice-de-maog\/\",\"url\":\"https:\/\/universnews224.com\/index.php\/la-non-prise-en-compte-des-30-de-femmes-dans-le-gouvernement-bah-oury-cest-une-desolation-aissata-camara-vice-coordinatrice-de-maog\/\",\"name\":\"La non prise en compte des 30% de femmes dans le gouvernement Bah Oury: \u201cC\u2019est une d\u00e9solation\u201d, Aissata Camara Vice-coordinatrice de MAOG. - UNIVERSNEWS224\",\"isPartOf\":{\"@id\":\"https:\/\/universnews224.com\/#website\"},\"datePublished\":\"2024-03-19T16:53:53+00:00\",\"dateModified\":\"2024-03-19T16:53:53+00:00\",\"inLanguage\":\"fr-FR\",\"potentialAction\":[{\"@type\":\"ReadAction\",\"target\":[\"https:\/\/universnews224.com\/index.php\/la-non-prise-en-compte-des-30-de-femmes-dans-le-gouvernement-bah-oury-cest-une-desolation-aissata-camara-vice-coordinatrice-de-maog\/\"]}]},{\"@type\":\"WebSite\",\"@id\":\"https:\/\/universnews224.com\/#website\",\"url\":\"https:\/\/universnews224.com\/\",\"name\":\"UNIVERSNEWS224\",\"description\":\"\",\"publisher\":{\"@id\":\"https:\/\/universnews224.com\/#organization\"},\"potentialAction\":[{\"@type\":\"SearchAction\",\"target\":{\"@type\":\"EntryPoint\",\"urlTemplate\":\"https:\/\/universnews224.com\/?s={search_term_string}\"},\"query-input\":\"required name=search_term_string\"}],\"inLanguage\":\"fr-FR\"},{\"@type\":\"Organization\",\"@id\":\"https:\/\/universnews224.com\/#organization\",\"name\":\"UNIVERSNEWS224\",\"url\":\"https:\/\/universnews224.com\/\",\"logo\":{\"@type\":\"ImageObject\",\"inLanguage\":\"fr-FR\",\"@id\":\"https:\/\/universnews224.com\/#\/schema\/logo\/image\/\",\"url\":\"https:\/\/universnews224.com\/wp-content\/uploads\/2022\/08\/cropped-cropped-logoban.jpg\",\"contentUrl\":\"https:\/\/universnews224.com\/wp-content\/uploads\/2022\/08\/cropped-cropped-logoban.jpg\",\"width\":1080,\"height\":138,\"caption\":\"UNIVERSNEWS224\"},\"image\":{\"@id\":\"https:\/\/universnews224.com\/#\/schema\/logo\/image\/\"}},{\"@type\":\"Person\",\"@id\":\"https:\/\/universnews224.com\/#\/schema\/person\/a4b7d4f94a4716df60456a491260485e\",\"name\":\"La R\u00e9daction\",\"image\":{\"@type\":\"ImageObject\",\"inLanguage\":\"fr-FR\",\"@id\":\"https:\/\/universnews224.com\/#\/schema\/person\/image\/\",\"url\":\"https:\/\/secure.gravatar.com\/avatar\/edb90acc7752b23e1b3307ad36c14f0d?s=96&d=mm&r=g\",\"contentUrl\":\"https:\/\/secure.gravatar.com\/avatar\/edb90acc7752b23e1b3307ad36c14f0d?s=96&d=mm&r=g\",\"caption\":\"La R\u00e9daction\"},\"sameAs\":[\"https:\/\/universnews224.com\"],\"url\":\"https:\/\/universnews224.com\/index.php\/author\/m-camara\/\"}]}<\/script>\n<!-- \/ Yoast SEO plugin. -->","yoast_head_json":{"title":"La non prise en compte des 30% de femmes dans le gouvernement Bah Oury: \u201cC\u2019est une d\u00e9solation\u201d, Aissata Camara Vice-coordinatrice de MAOG. - UNIVERSNEWS224","robots":{"index":"index","follow":"follow","max-snippet":"max-snippet:-1","max-image-preview":"max-image-preview:large","max-video-preview":"max-video-preview:-1"},"canonical":"https:\/\/universnews224.com\/index.php\/la-non-prise-en-compte-des-30-de-femmes-dans-le-gouvernement-bah-oury-cest-une-desolation-aissata-camara-vice-coordinatrice-de-maog\/","og_locale":"fr_FR","og_type":"article","og_title":"La non prise en compte des 30% de femmes dans le gouvernement Bah Oury: \u201cC\u2019est une d\u00e9solation\u201d, Aissata Camara Vice-coordinatrice de MAOG. - UNIVERSNEWS224","og_description":"La non prise en compte des 30% de femmes dans le gouvernement Bah Oury continue","og_url":"https:\/\/universnews224.com\/index.php\/la-non-prise-en-compte-des-30-de-femmes-dans-le-gouvernement-bah-oury-cest-une-desolation-aissata-camara-vice-coordinatrice-de-maog\/","og_site_name":"UNIVERSNEWS224","article_published_time":"2024-03-19T16:53:53+00:00","og_image":[{"width":1008,"height":756,"url":"https:\/\/universnews224.com\/wp-content\/uploads\/2024\/03\/011DC17C-E8F1-4B66-AB68-FD984575A123.jpeg","type":"image\/jpeg"}],"author":"La R\u00e9daction","twitter_misc":{"\u00c9crit par":"La R\u00e9daction","Dur\u00e9e de lecture estim\u00e9e":"2 minutes"},"schema":{"@context":"https:\/\/schema.org","@graph":[{"@type":"Article","@id":"https:\/\/universnews224.com\/index.php\/la-non-prise-en-compte-des-30-de-femmes-dans-le-gouvernement-bah-oury-cest-une-desolation-aissata-camara-vice-coordinatrice-de-maog\/#article","isPartOf":{"@id":"https:\/\/universnews224.com\/index.php\/la-non-prise-en-compte-des-30-de-femmes-dans-le-gouvernement-bah-oury-cest-une-desolation-aissata-camara-vice-coordinatrice-de-maog\/"},"author":{"name":"La R\u00e9daction","@id":"https:\/\/universnews224.com\/#\/schema\/person\/a4b7d4f94a4716df60456a491260485e"},"headline":"La non prise en compte des 30% de femmes dans le gouvernement Bah Oury: \u201cC\u2019est une d\u00e9solation\u201d, Aissata Camara Vice-coordinatrice de MAOG.","datePublished":"2024-03-19T16:53:53+00:00","dateModified":"2024-03-19T16:53:53+00:00","mainEntityOfPage":{"@id":"https:\/\/universnews224.com\/index.php\/la-non-prise-en-compte-des-30-de-femmes-dans-le-gouvernement-bah-oury-cest-une-desolation-aissata-camara-vice-coordinatrice-de-maog\/"},"wordCount":411,"publisher":{"@id":"https:\/\/universnews224.com\/#organization"},"keywords":["La une"],"articleSection":["ACTU","SOCI\u00c9T\u00c9"],"inLanguage":"fr-FR"},{"@type":"WebPage","@id":"https:\/\/universnews224.com\/index.php\/la-non-prise-en-compte-des-30-de-femmes-dans-le-gouvernement-bah-oury-cest-une-desolation-aissata-camara-vice-coordinatrice-de-maog\/","url":"https:\/\/universnews224.com\/index.php\/la-non-prise-en-compte-des-30-de-femmes-dans-le-gouvernement-bah-oury-cest-une-desolation-aissata-camara-vice-coordinatrice-de-maog\/","name":"La non prise en compte des 30% de femmes dans le gouvernement Bah Oury: \u201cC\u2019est une d\u00e9solation\u201d, Aissata Camara Vice-coordinatrice de MAOG. - UNIVERSNEWS224","isPartOf":{"@id":"https:\/\/universnews224.com\/#website"},"datePublished":"2024-03-19T16:53:53+00:00","dateModified":"2024-03-19T16:53:53+00:00","inLanguage":"fr-FR","potentialAction":[{"@type":"ReadAction","target":["https:\/\/universnews224.com\/index.php\/la-non-prise-en-compte-des-30-de-femmes-dans-le-gouvernement-bah-oury-cest-une-desolation-aissata-camara-vice-coordinatrice-de-maog\/"]}]},{"@type":"WebSite","@id":"https:\/\/universnews224.com\/#website","url":"https:\/\/universnews224.com\/","name":"UNIVERSNEWS224","description":"","publisher":{"@id":"https:\/\/universnews224.com\/#organization"},"potentialAction":[{"@type":"SearchAction","target":{"@type":"EntryPoint","urlTemplate":"https:\/\/universnews224.com\/?s={search_term_string}"},"query-input":"required name=search_term_string"}],"inLanguage":"fr-FR"},{"@type":"Organization","@id":"https:\/\/universnews224.com\/#organization","name":"UNIVERSNEWS224","url":"https:\/\/universnews224.com\/","logo":{"@type":"ImageObject","inLanguage":"fr-FR","@id":"https:\/\/universnews224.com\/#\/schema\/logo\/image\/","url":"https:\/\/universnews224.com\/wp-content\/uploads\/2022\/08\/cropped-cropped-logoban.jpg","contentUrl":"https:\/\/universnews224.com\/wp-content\/uploads\/2022\/08\/cropped-cropped-logoban.jpg","width":1080,"height":138,"caption":"UNIVERSNEWS224"},"image":{"@id":"https:\/\/universnews224.com\/#\/schema\/logo\/image\/"}},{"@type":"Person","@id":"https:\/\/universnews224.com\/#\/schema\/person\/a4b7d4f94a4716df60456a491260485e","name":"La R\u00e9daction","image":{"@type":"ImageObject","inLanguage":"fr-FR","@id":"https:\/\/universnews224.com\/#\/schema\/person\/image\/","url":"https:\/\/secure.gravatar.com\/avatar\/edb90acc7752b23e1b3307ad36c14f0d?s=96&d=mm&r=g","contentUrl":"https:\/\/secure.gravatar.com\/avatar\/edb90acc7752b23e1b3307ad36c14f0d?s=96&d=mm&r=g","caption":"La R\u00e9daction"},"sameAs":["https:\/\/universnews224.com"],"url":"https:\/\/universnews224.com\/index.php\/author\/m-camara\/"}]}},"_links":{"self":[{"href":"https:\/\/universnews224.com\/index.php\/wp-json\/wp\/v2\/posts\/5440"}],"collection":[{"href":"https:\/\/universnews224.com\/index.php\/wp-json\/wp\/v2\/posts"}],"about":[{"href":"https:\/\/universnews224.com\/index.php\/wp-json\/wp\/v2\/types\/post"}],"author":[{"embeddable":true,"href":"https:\/\/universnews224.com\/index.php\/wp-json\/wp\/v2\/users\/2"}],"replies":[{"embeddable":true,"href":"https:\/\/universnews224.com\/index.php\/wp-json\/wp\/v2\/comments?post=5440"}],"version-history":[{"count":1,"href":"https:\/\/universnews224.com\/index.php\/wp-json\/wp\/v2\/posts\/5440\/revisions"}],"predecessor-version":[{"id":5442,"href":"https:\/\/universnews224.com\/index.php\/wp-json\/wp\/v2\/posts\/5440\/revisions\/5442"}],"wp:featuredmedia":[{"embeddable":true,"href":"https:\/\/universnews224.com\/index.php\/wp-json\/wp\/v2\/media\/5441"}],"wp:attachment":[{"href":"https:\/\/universnews224.com\/index.php\/wp-json\/wp\/v2\/media?parent=5440"}],"wp:term":[{"taxonomy":"category","embeddable":true,"href":"https:\/\/universnews224.com\/index.php\/wp-json\/wp\/v2\/categories?post=5440"},{"taxonomy":"post_tag","embeddable":true,"href":"https:\/\/universnews224.com\/index.php\/wp-json\/wp\/v2\/tags?post=5440"}],"curies":[{"name":"wp","href":"https:\/\/api.w.org\/{rel}","templated":true}]}}