{"id":5443,"date":"2024-03-21T14:05:38","date_gmt":"2024-03-21T13:05:38","guid":{"rendered":"https:\/\/universnews224.com\/?p=5443"},"modified":"2024-03-21T14:05:38","modified_gmt":"2024-03-21T13:05:38","slug":"decision-du-tribunal-sur-la-requalification-des-faits-cest-une-deception-soffusque-me-pepe-antoine-lama","status":"publish","type":"post","link":"https:\/\/universnews224.com\/index.php\/decision-du-tribunal-sur-la-requalification-des-faits-cest-une-deception-soffusque-me-pepe-antoine-lama\/","title":{"rendered":"D\u00e9cision du tribunal sur la requalification des faits: \u201c C\u2019est une d\u00e9ception\u201d s\u2019offusque Me. P\u00e9p\u00e9 Antoine Lama."},"content":{"rendered":"<p class=\"p1\"><span class=\"s1\">Apr\u00e8s 3 jours de d\u00e9bats intenses autour de la requalification des faits en \u00abcrimes contre l\u2019humanit\u00e9\u00bb relatif au proc\u00e8s des \u00e9v\u00e8nements du 28 septembre 2009, suite \u00e0 la demande du minist\u00e8re public, le tribunal criminel de Dixinn d\u00e9localis\u00e9 \u00e0 la cour d\u2019appel de Conakry a d\u00e9cid\u00e9 hier mercredi 20 mars que, la question sur la requalification des faits soit rendue dans la d\u00e9cision sur le fond. Une d\u00e9cision qui n\u2019est pas du go\u00fbt des avocats de la d\u00e9fense . <\/span><\/p>\n<p class=\"p1\"><span class=\"s1\">R\u00e9gissant sur cette actualit\u00e9 chez nos confr\u00e8res de la radio Tropical Fm dans l\u2019\u00e9mission les \u00abGrosses T\u00eates\u00bb de ce jeudi, 21 mars 2024, Me P\u00e9p\u00e9 Antoine Lama, l\u2019un des avocats de Capitaine Dadis Camara se dit d\u00e9\u00e7u et surpris par cette d\u00e9cision du tribunal criminel de Dixinn. <\/span><\/p>\n<p class=\"p1\"><span class=\"s1\">\u201cC\u2019est une d\u00e9ception. On a \u00e9t\u00e9 vraiment surpris de voir cette d\u00e9cision prononc\u00e9e par le tribunal. L\u2019article 407 du code proc\u00e9dure p\u00e9nale oblige le tribunal criminel \u00e0 statuer sur toutes les conclusions pos\u00e9es par devant lui. Dans ce dossier, le minist\u00e8re public a d\u00e9pos\u00e9 des r\u00e9quisitions \u00e9crites, les avocats de la d\u00e9fense ont r\u00e9pliqu\u00e9 \u00e0 travers des conclusions \u00e9crites. Le tribunal avait pour obligation soit de d\u00e9cider du rejet de la demande de r\u00e9qualification ou de l\u2019accueillir simplement, mais d\u00e9cider de joindre au fond n\u2019est fond\u00e9 sur aucune base l\u00e9gale. Nous nous ne sommes pas en mati\u00e8re correctionnelle. C\u2019est en mati\u00e8re correctionnelle et c\u2019est sur le fondement l\u2019article 529 du code de proc\u00e9dure p\u00e9nale que le tribunal peut joindre une exception ou une incident au fond. Ce n\u2019est pas le cas. En l\u2019esp\u00e8ce, nous sommes en mati\u00e8re criminelle, le tribunal doit trancher. Soit en faveur du minist\u00e8re public ou en faveur de la d\u00e9fense. Cette confusion l\u00e0, nous ne sommes pas pr\u00eats \u00e0 nous y pr\u00eater parce que \u00e7a ressemble \u00e0 un pi\u00e8ge qu\u2019on pourrait nous faire subir \u00e0 la derni\u00e8re minute. Si nous devons d\u00e9battre ce dossier sur l\u2019angle de la requalification, c\u2019est maintenant qu\u2019il faut faire savoir aux accus\u00e9s et \u00e0 l\u2019opinion. Si la demande de requalification tel que d\u00e9finitivement \u00e9cart\u00e9e par la cour supr\u00eame doit s\u2019imposer au tribunal, c\u2019est maintenant \u00e9galement qu\u2019il faut le savoir, mais nous ne pourrons pas accepter nous faire embarquer comme \u00e7a dans un bateau sans savoir dans telle direction, nous allons prendre\u201d, a t-il d\u00e9nonc\u00e9. <\/span><\/p>\n<p class=\"p1\">\n","protected":false},"excerpt":{"rendered":"<p>Apr\u00e8s 3 jours de d\u00e9bats intenses autour de la requalification des faits en \u00abcrimes contre<\/p>\n","protected":false},"author":2,"featured_media":5444,"comment_status":"closed","ping_status":"open","sticky":false,"template":"","format":"standard","meta":[],"categories":[3,4],"tags":[229],"yoast_head":"<!-- This site is optimized with the Yoast SEO plugin v19.13 - https:\/\/yoast.com\/wordpress\/plugins\/seo\/ -->\n<title>D\u00e9cision du tribunal sur la requalification des faits: \u201c C\u2019est une d\u00e9ception\u201d s\u2019offusque Me. P\u00e9p\u00e9 Antoine Lama. - UNIVERSNEWS224<\/title>\n<meta name=\"robots\" content=\"index, follow, max-snippet:-1, max-image-preview:large, max-video-preview:-1\" \/>\n<link rel=\"canonical\" href=\"https:\/\/universnews224.com\/index.php\/decision-du-tribunal-sur-la-requalification-des-faits-cest-une-deception-soffusque-me-pepe-antoine-lama\/\" \/>\n<meta property=\"og:locale\" content=\"fr_FR\" \/>\n<meta property=\"og:type\" content=\"article\" \/>\n<meta property=\"og:title\" content=\"D\u00e9cision du tribunal sur la requalification des faits: \u201c C\u2019est une d\u00e9ception\u201d s\u2019offusque Me. P\u00e9p\u00e9 Antoine Lama. - UNIVERSNEWS224\" \/>\n<meta property=\"og:description\" content=\"Apr\u00e8s 3 jours de d\u00e9bats intenses autour de la requalification des faits en \u00abcrimes contre\" \/>\n<meta property=\"og:url\" content=\"https:\/\/universnews224.com\/index.php\/decision-du-tribunal-sur-la-requalification-des-faits-cest-une-deception-soffusque-me-pepe-antoine-lama\/\" \/>\n<meta property=\"og:site_name\" content=\"UNIVERSNEWS224\" \/>\n<meta property=\"article:published_time\" content=\"2024-03-21T13:05:38+00:00\" \/>\n<meta property=\"og:image\" content=\"https:\/\/universnews224.com\/wp-content\/uploads\/2024\/03\/C9890862-AC79-43EC-843E-AD1CCAF70BBC.jpeg\" \/>\n\t<meta property=\"og:image:width\" content=\"550\" \/>\n\t<meta property=\"og:image:height\" content=\"400\" \/>\n\t<meta property=\"og:image:type\" content=\"image\/jpeg\" \/>\n<meta name=\"author\" content=\"La R\u00e9daction\" \/>\n<meta name=\"twitter:label1\" content=\"\u00c9crit par\" \/>\n\t<meta name=\"twitter:data1\" content=\"La R\u00e9daction\" \/>\n\t<meta name=\"twitter:label2\" content=\"Dur\u00e9e de lecture estim\u00e9e\" \/>\n\t<meta name=\"twitter:data2\" content=\"2 minutes\" \/>\n<script type=\"application\/ld+json\" class=\"yoast-schema-graph\">{\"@context\":\"https:\/\/schema.org\",\"@graph\":[{\"@type\":\"Article\",\"@id\":\"https:\/\/universnews224.com\/index.php\/decision-du-tribunal-sur-la-requalification-des-faits-cest-une-deception-soffusque-me-pepe-antoine-lama\/#article\",\"isPartOf\":{\"@id\":\"https:\/\/universnews224.com\/index.php\/decision-du-tribunal-sur-la-requalification-des-faits-cest-une-deception-soffusque-me-pepe-antoine-lama\/\"},\"author\":{\"name\":\"La R\u00e9daction\",\"@id\":\"https:\/\/universnews224.com\/#\/schema\/person\/a4b7d4f94a4716df60456a491260485e\"},\"headline\":\"D\u00e9cision du tribunal sur la requalification des faits: \u201c C\u2019est une d\u00e9ception\u201d s\u2019offusque Me. P\u00e9p\u00e9 Antoine Lama.\",\"datePublished\":\"2024-03-21T13:05:38+00:00\",\"dateModified\":\"2024-03-21T13:05:38+00:00\",\"mainEntityOfPage\":{\"@id\":\"https:\/\/universnews224.com\/index.php\/decision-du-tribunal-sur-la-requalification-des-faits-cest-une-deception-soffusque-me-pepe-antoine-lama\/\"},\"wordCount\":455,\"publisher\":{\"@id\":\"https:\/\/universnews224.com\/#organization\"},\"keywords\":[\"La une\"],\"articleSection\":[\"ACTU\",\"POLITIQUE\"],\"inLanguage\":\"fr-FR\"},{\"@type\":\"WebPage\",\"@id\":\"https:\/\/universnews224.com\/index.php\/decision-du-tribunal-sur-la-requalification-des-faits-cest-une-deception-soffusque-me-pepe-antoine-lama\/\",\"url\":\"https:\/\/universnews224.com\/index.php\/decision-du-tribunal-sur-la-requalification-des-faits-cest-une-deception-soffusque-me-pepe-antoine-lama\/\",\"name\":\"D\u00e9cision du tribunal sur la requalification des faits: \u201c C\u2019est une d\u00e9ception\u201d s\u2019offusque Me. P\u00e9p\u00e9 Antoine Lama. - UNIVERSNEWS224\",\"isPartOf\":{\"@id\":\"https:\/\/universnews224.com\/#website\"},\"datePublished\":\"2024-03-21T13:05:38+00:00\",\"dateModified\":\"2024-03-21T13:05:38+00:00\",\"inLanguage\":\"fr-FR\",\"potentialAction\":[{\"@type\":\"ReadAction\",\"target\":[\"https:\/\/universnews224.com\/index.php\/decision-du-tribunal-sur-la-requalification-des-faits-cest-une-deception-soffusque-me-pepe-antoine-lama\/\"]}]},{\"@type\":\"WebSite\",\"@id\":\"https:\/\/universnews224.com\/#website\",\"url\":\"https:\/\/universnews224.com\/\",\"name\":\"UNIVERSNEWS224\",\"description\":\"\",\"publisher\":{\"@id\":\"https:\/\/universnews224.com\/#organization\"},\"potentialAction\":[{\"@type\":\"SearchAction\",\"target\":{\"@type\":\"EntryPoint\",\"urlTemplate\":\"https:\/\/universnews224.com\/?s={search_term_string}\"},\"query-input\":\"required name=search_term_string\"}],\"inLanguage\":\"fr-FR\"},{\"@type\":\"Organization\",\"@id\":\"https:\/\/universnews224.com\/#organization\",\"name\":\"UNIVERSNEWS224\",\"url\":\"https:\/\/universnews224.com\/\",\"logo\":{\"@type\":\"ImageObject\",\"inLanguage\":\"fr-FR\",\"@id\":\"https:\/\/universnews224.com\/#\/schema\/logo\/image\/\",\"url\":\"https:\/\/universnews224.com\/wp-content\/uploads\/2022\/08\/cropped-cropped-logoban.jpg\",\"contentUrl\":\"https:\/\/universnews224.com\/wp-content\/uploads\/2022\/08\/cropped-cropped-logoban.jpg\",\"width\":1080,\"height\":138,\"caption\":\"UNIVERSNEWS224\"},\"image\":{\"@id\":\"https:\/\/universnews224.com\/#\/schema\/logo\/image\/\"}},{\"@type\":\"Person\",\"@id\":\"https:\/\/universnews224.com\/#\/schema\/person\/a4b7d4f94a4716df60456a491260485e\",\"name\":\"La R\u00e9daction\",\"image\":{\"@type\":\"ImageObject\",\"inLanguage\":\"fr-FR\",\"@id\":\"https:\/\/universnews224.com\/#\/schema\/person\/image\/\",\"url\":\"https:\/\/secure.gravatar.com\/avatar\/edb90acc7752b23e1b3307ad36c14f0d?s=96&d=mm&r=g\",\"contentUrl\":\"https:\/\/secure.gravatar.com\/avatar\/edb90acc7752b23e1b3307ad36c14f0d?s=96&d=mm&r=g\",\"caption\":\"La R\u00e9daction\"},\"sameAs\":[\"https:\/\/universnews224.com\"],\"url\":\"https:\/\/universnews224.com\/index.php\/author\/m-camara\/\"}]}<\/script>\n<!-- \/ Yoast SEO plugin. -->","yoast_head_json":{"title":"D\u00e9cision du tribunal sur la requalification des faits: \u201c C\u2019est une d\u00e9ception\u201d s\u2019offusque Me. P\u00e9p\u00e9 Antoine Lama. - UNIVERSNEWS224","robots":{"index":"index","follow":"follow","max-snippet":"max-snippet:-1","max-image-preview":"max-image-preview:large","max-video-preview":"max-video-preview:-1"},"canonical":"https:\/\/universnews224.com\/index.php\/decision-du-tribunal-sur-la-requalification-des-faits-cest-une-deception-soffusque-me-pepe-antoine-lama\/","og_locale":"fr_FR","og_type":"article","og_title":"D\u00e9cision du tribunal sur la requalification des faits: \u201c C\u2019est une d\u00e9ception\u201d s\u2019offusque Me. P\u00e9p\u00e9 Antoine Lama. - UNIVERSNEWS224","og_description":"Apr\u00e8s 3 jours de d\u00e9bats intenses autour de la requalification des faits en \u00abcrimes contre","og_url":"https:\/\/universnews224.com\/index.php\/decision-du-tribunal-sur-la-requalification-des-faits-cest-une-deception-soffusque-me-pepe-antoine-lama\/","og_site_name":"UNIVERSNEWS224","article_published_time":"2024-03-21T13:05:38+00:00","og_image":[{"width":550,"height":400,"url":"https:\/\/universnews224.com\/wp-content\/uploads\/2024\/03\/C9890862-AC79-43EC-843E-AD1CCAF70BBC.jpeg","type":"image\/jpeg"}],"author":"La R\u00e9daction","twitter_misc":{"\u00c9crit par":"La R\u00e9daction","Dur\u00e9e de lecture estim\u00e9e":"2 minutes"},"schema":{"@context":"https:\/\/schema.org","@graph":[{"@type":"Article","@id":"https:\/\/universnews224.com\/index.php\/decision-du-tribunal-sur-la-requalification-des-faits-cest-une-deception-soffusque-me-pepe-antoine-lama\/#article","isPartOf":{"@id":"https:\/\/universnews224.com\/index.php\/decision-du-tribunal-sur-la-requalification-des-faits-cest-une-deception-soffusque-me-pepe-antoine-lama\/"},"author":{"name":"La R\u00e9daction","@id":"https:\/\/universnews224.com\/#\/schema\/person\/a4b7d4f94a4716df60456a491260485e"},"headline":"D\u00e9cision du tribunal sur la requalification des faits: \u201c C\u2019est une d\u00e9ception\u201d s\u2019offusque Me. P\u00e9p\u00e9 Antoine Lama.","datePublished":"2024-03-21T13:05:38+00:00","dateModified":"2024-03-21T13:05:38+00:00","mainEntityOfPage":{"@id":"https:\/\/universnews224.com\/index.php\/decision-du-tribunal-sur-la-requalification-des-faits-cest-une-deception-soffusque-me-pepe-antoine-lama\/"},"wordCount":455,"publisher":{"@id":"https:\/\/universnews224.com\/#organization"},"keywords":["La une"],"articleSection":["ACTU","POLITIQUE"],"inLanguage":"fr-FR"},{"@type":"WebPage","@id":"https:\/\/universnews224.com\/index.php\/decision-du-tribunal-sur-la-requalification-des-faits-cest-une-deception-soffusque-me-pepe-antoine-lama\/","url":"https:\/\/universnews224.com\/index.php\/decision-du-tribunal-sur-la-requalification-des-faits-cest-une-deception-soffusque-me-pepe-antoine-lama\/","name":"D\u00e9cision du tribunal sur la requalification des faits: \u201c C\u2019est une d\u00e9ception\u201d s\u2019offusque Me. P\u00e9p\u00e9 Antoine Lama. - UNIVERSNEWS224","isPartOf":{"@id":"https:\/\/universnews224.com\/#website"},"datePublished":"2024-03-21T13:05:38+00:00","dateModified":"2024-03-21T13:05:38+00:00","inLanguage":"fr-FR","potentialAction":[{"@type":"ReadAction","target":["https:\/\/universnews224.com\/index.php\/decision-du-tribunal-sur-la-requalification-des-faits-cest-une-deception-soffusque-me-pepe-antoine-lama\/"]}]},{"@type":"WebSite","@id":"https:\/\/universnews224.com\/#website","url":"https:\/\/universnews224.com\/","name":"UNIVERSNEWS224","description":"","publisher":{"@id":"https:\/\/universnews224.com\/#organization"},"potentialAction":[{"@type":"SearchAction","target":{"@type":"EntryPoint","urlTemplate":"https:\/\/universnews224.com\/?s={search_term_string}"},"query-input":"required name=search_term_string"}],"inLanguage":"fr-FR"},{"@type":"Organization","@id":"https:\/\/universnews224.com\/#organization","name":"UNIVERSNEWS224","url":"https:\/\/universnews224.com\/","logo":{"@type":"ImageObject","inLanguage":"fr-FR","@id":"https:\/\/universnews224.com\/#\/schema\/logo\/image\/","url":"https:\/\/universnews224.com\/wp-content\/uploads\/2022\/08\/cropped-cropped-logoban.jpg","contentUrl":"https:\/\/universnews224.com\/wp-content\/uploads\/2022\/08\/cropped-cropped-logoban.jpg","width":1080,"height":138,"caption":"UNIVERSNEWS224"},"image":{"@id":"https:\/\/universnews224.com\/#\/schema\/logo\/image\/"}},{"@type":"Person","@id":"https:\/\/universnews224.com\/#\/schema\/person\/a4b7d4f94a4716df60456a491260485e","name":"La R\u00e9daction","image":{"@type":"ImageObject","inLanguage":"fr-FR","@id":"https:\/\/universnews224.com\/#\/schema\/person\/image\/","url":"https:\/\/secure.gravatar.com\/avatar\/edb90acc7752b23e1b3307ad36c14f0d?s=96&d=mm&r=g","contentUrl":"https:\/\/secure.gravatar.com\/avatar\/edb90acc7752b23e1b3307ad36c14f0d?s=96&d=mm&r=g","caption":"La R\u00e9daction"},"sameAs":["https:\/\/universnews224.com"],"url":"https:\/\/universnews224.com\/index.php\/author\/m-camara\/"}]}},"_links":{"self":[{"href":"https:\/\/universnews224.com\/index.php\/wp-json\/wp\/v2\/posts\/5443"}],"collection":[{"href":"https:\/\/universnews224.com\/index.php\/wp-json\/wp\/v2\/posts"}],"about":[{"href":"https:\/\/universnews224.com\/index.php\/wp-json\/wp\/v2\/types\/post"}],"author":[{"embeddable":true,"href":"https:\/\/universnews224.com\/index.php\/wp-json\/wp\/v2\/users\/2"}],"replies":[{"embeddable":true,"href":"https:\/\/universnews224.com\/index.php\/wp-json\/wp\/v2\/comments?post=5443"}],"version-history":[{"count":1,"href":"https:\/\/universnews224.com\/index.php\/wp-json\/wp\/v2\/posts\/5443\/revisions"}],"predecessor-version":[{"id":5445,"href":"https:\/\/universnews224.com\/index.php\/wp-json\/wp\/v2\/posts\/5443\/revisions\/5445"}],"wp:featuredmedia":[{"embeddable":true,"href":"https:\/\/universnews224.com\/index.php\/wp-json\/wp\/v2\/media\/5444"}],"wp:attachment":[{"href":"https:\/\/universnews224.com\/index.php\/wp-json\/wp\/v2\/media?parent=5443"}],"wp:term":[{"taxonomy":"category","embeddable":true,"href":"https:\/\/universnews224.com\/index.php\/wp-json\/wp\/v2\/categories?post=5443"},{"taxonomy":"post_tag","embeddable":true,"href":"https:\/\/universnews224.com\/index.php\/wp-json\/wp\/v2\/tags?post=5443"}],"curies":[{"name":"wp","href":"https:\/\/api.w.org\/{rel}","templated":true}]}}