{"id":5456,"date":"2024-03-26T00:50:56","date_gmt":"2024-03-25T23:50:56","guid":{"rendered":"https:\/\/universnews224.com\/?p=5456"},"modified":"2024-03-26T00:50:56","modified_gmt":"2024-03-25T23:50:56","slug":"alpha-bayoon-a-limpression-que-la-crief-nest-creee-que-pour-regler-des-comptes-aux-anciens-dignitaires-du-regime-dalpha-conde","status":"publish","type":"post","link":"https:\/\/universnews224.com\/index.php\/alpha-bayoon-a-limpression-que-la-crief-nest-creee-que-pour-regler-des-comptes-aux-anciens-dignitaires-du-regime-dalpha-conde\/","title":{"rendered":"Alpha Bayo:\u201cOn a l\u2019impression que la CRIEF n\u2019est cr\u00e9\u00e9e que pour r\u00e9gler des comptes aux anciens dignitaires du r\u00e9gime d\u2019Alpha Cond\u00e9\u201d."},"content":{"rendered":"<p class=\"p1\"><span class=\"s1\">Alors que cela fait deux (2) ans que les anciens dignitaires r\u00e9gime d\u2019Alpha Cond\u00e9 croupissent en prison pour des faits pr\u00e9sum\u00e9s de d\u00e9tournements de fonds publics, les membres de l\u2019ancien gouvernement dont les mesures conservatoires ont \u00e9t\u00e9 prises \u00e0 leur encontre dans la foul\u00e9e de la dissolution de leur gouvernement, viennent de voir leurs restrictions lev\u00e9es.<span class=\"Apple-converted-space\">\u00a0 <\/span>Pour \u00e9preuve, l\u2019ancien premier ministre, Dr. Bernard Goumou en dehors du pays depuis quelques jours. <\/span><\/p>\n<p class=\"p1\"><span class=\"s1\">Rencontr\u00e9 ce lundi, 25 mars 2024 aux cases Belle vue \u00e0 l\u2019occasion d\u2019une conf\u00e9rence-d\u00e9bat organis\u00e9e par la jeunesse du PDG-RDA pour comm\u00e9morer le 40\u00e8me anniversaire de la disparition de feu Ahmed Sekou Tour\u00e9, premier pr\u00e9sident de la R\u00e9publique de Guin\u00e9e, le coordinateur des Maisons des associations et ONG de Guin\u00e9e, a d\u00e9nonc\u00e9 cette d\u00e9marche du CNRD qu\u2019il qualifie de politique \u00abde deux poids deux mesures\u00bb. <\/span><\/p>\n<p class=\"p1\"><span class=\"s1\">\u201cC\u2019est du deux poids deux mesures. C\u2019est de l\u2019injustice. Puisque nous savons que les faits qui sont reproch\u00e9s aux dignitaires r\u00e9gime Alpha Cond\u00e9: c\u2019est la corruption, le d\u00e9tournement des fonds, les malversations financi\u00e8res, les contrats gr\u00e9 \u00e0 gr\u00e9, mais apr\u00e8s nous avons vu le gouvernement qui a \u00e9t\u00e9 dissous, ce sont les m\u00eames anciennes pratiques qui reviennent\u201d, a d\u00e9plor\u00e9 Alpha Bayo, ajoutant que, les anciens ministres du gouvernement d\u00e9chu devraient \u00eatre entendus ne ce serait que sur leur gestion avant de lever les restrictions. <\/span><\/p>\n<p class=\"p1\"><span class=\"s1\">\u201cJe pense que c\u2019est de l\u2019injustice. Il fallait faire en sorte que ces cadres l\u00e0 soient entendus par la justice en ce qui concerne leur gestion, mais \u00e7a n\u2019a pas \u00e9t\u00e9 le cas. On a l\u2019impression que la CRIEF n\u2019est cr\u00e9\u00e9e que pour r\u00e9gler des comptes aux anciens dignitaires du r\u00e9gime Alpha Cond\u00e9\u201d, a t-il indiqu\u00e9.<\/span><\/p>\n<p class=\"p1\">\n","protected":false},"excerpt":{"rendered":"<p>Alors que cela fait deux (2) ans que les anciens dignitaires r\u00e9gime d\u2019Alpha Cond\u00e9 croupissent<\/p>\n","protected":false},"author":2,"featured_media":5451,"comment_status":"closed","ping_status":"open","sticky":false,"template":"","format":"standard","meta":[],"categories":[3,4],"tags":[229],"yoast_head":"<!-- This site is optimized with the Yoast SEO plugin v19.13 - https:\/\/yoast.com\/wordpress\/plugins\/seo\/ -->\n<title>Alpha Bayo:\u201cOn a l\u2019impression que la CRIEF n\u2019est cr\u00e9\u00e9e que pour r\u00e9gler des comptes aux anciens dignitaires du r\u00e9gime d\u2019Alpha Cond\u00e9\u201d. - UNIVERSNEWS224<\/title>\n<meta name=\"robots\" content=\"index, follow, max-snippet:-1, max-image-preview:large, max-video-preview:-1\" \/>\n<link rel=\"canonical\" href=\"https:\/\/universnews224.com\/index.php\/alpha-bayoon-a-limpression-que-la-crief-nest-creee-que-pour-regler-des-comptes-aux-anciens-dignitaires-du-regime-dalpha-conde\/\" \/>\n<meta property=\"og:locale\" content=\"fr_FR\" \/>\n<meta property=\"og:type\" content=\"article\" \/>\n<meta property=\"og:title\" content=\"Alpha Bayo:\u201cOn a l\u2019impression que la CRIEF n\u2019est cr\u00e9\u00e9e que pour r\u00e9gler des comptes aux anciens dignitaires du r\u00e9gime d\u2019Alpha Cond\u00e9\u201d. - UNIVERSNEWS224\" \/>\n<meta property=\"og:description\" content=\"Alors que cela fait deux (2) ans que les anciens dignitaires r\u00e9gime d\u2019Alpha Cond\u00e9 croupissent\" \/>\n<meta property=\"og:url\" content=\"https:\/\/universnews224.com\/index.php\/alpha-bayoon-a-limpression-que-la-crief-nest-creee-que-pour-regler-des-comptes-aux-anciens-dignitaires-du-regime-dalpha-conde\/\" \/>\n<meta property=\"og:site_name\" content=\"UNIVERSNEWS224\" \/>\n<meta property=\"article:published_time\" content=\"2024-03-25T23:50:56+00:00\" \/>\n<meta property=\"og:image\" content=\"https:\/\/universnews224.com\/wp-content\/uploads\/2024\/03\/255BDE9E-7C23-4A2A-87CF-6C13B1C50D2F.jpeg\" \/>\n\t<meta property=\"og:image:width\" content=\"333\" \/>\n\t<meta property=\"og:image:height\" content=\"151\" \/>\n\t<meta property=\"og:image:type\" content=\"image\/jpeg\" \/>\n<meta name=\"author\" content=\"La R\u00e9daction\" \/>\n<meta name=\"twitter:label1\" content=\"\u00c9crit par\" \/>\n\t<meta name=\"twitter:data1\" content=\"La R\u00e9daction\" \/>\n\t<meta name=\"twitter:label2\" content=\"Dur\u00e9e de lecture estim\u00e9e\" \/>\n\t<meta name=\"twitter:data2\" content=\"2 minutes\" \/>\n<script type=\"application\/ld+json\" class=\"yoast-schema-graph\">{\"@context\":\"https:\/\/schema.org\",\"@graph\":[{\"@type\":\"Article\",\"@id\":\"https:\/\/universnews224.com\/index.php\/alpha-bayoon-a-limpression-que-la-crief-nest-creee-que-pour-regler-des-comptes-aux-anciens-dignitaires-du-regime-dalpha-conde\/#article\",\"isPartOf\":{\"@id\":\"https:\/\/universnews224.com\/index.php\/alpha-bayoon-a-limpression-que-la-crief-nest-creee-que-pour-regler-des-comptes-aux-anciens-dignitaires-du-regime-dalpha-conde\/\"},\"author\":{\"name\":\"La R\u00e9daction\",\"@id\":\"https:\/\/universnews224.com\/#\/schema\/person\/a4b7d4f94a4716df60456a491260485e\"},\"headline\":\"Alpha Bayo:\u201cOn a l\u2019impression que la CRIEF n\u2019est cr\u00e9\u00e9e que pour r\u00e9gler des comptes aux anciens dignitaires du r\u00e9gime d\u2019Alpha Cond\u00e9\u201d.\",\"datePublished\":\"2024-03-25T23:50:56+00:00\",\"dateModified\":\"2024-03-25T23:50:56+00:00\",\"mainEntityOfPage\":{\"@id\":\"https:\/\/universnews224.com\/index.php\/alpha-bayoon-a-limpression-que-la-crief-nest-creee-que-pour-regler-des-comptes-aux-anciens-dignitaires-du-regime-dalpha-conde\/\"},\"wordCount\":340,\"publisher\":{\"@id\":\"https:\/\/universnews224.com\/#organization\"},\"keywords\":[\"La une\"],\"articleSection\":[\"ACTU\",\"POLITIQUE\"],\"inLanguage\":\"fr-FR\"},{\"@type\":\"WebPage\",\"@id\":\"https:\/\/universnews224.com\/index.php\/alpha-bayoon-a-limpression-que-la-crief-nest-creee-que-pour-regler-des-comptes-aux-anciens-dignitaires-du-regime-dalpha-conde\/\",\"url\":\"https:\/\/universnews224.com\/index.php\/alpha-bayoon-a-limpression-que-la-crief-nest-creee-que-pour-regler-des-comptes-aux-anciens-dignitaires-du-regime-dalpha-conde\/\",\"name\":\"Alpha Bayo:\u201cOn a l\u2019impression que la CRIEF n\u2019est cr\u00e9\u00e9e que pour r\u00e9gler des comptes aux anciens dignitaires du r\u00e9gime d\u2019Alpha Cond\u00e9\u201d. - UNIVERSNEWS224\",\"isPartOf\":{\"@id\":\"https:\/\/universnews224.com\/#website\"},\"datePublished\":\"2024-03-25T23:50:56+00:00\",\"dateModified\":\"2024-03-25T23:50:56+00:00\",\"inLanguage\":\"fr-FR\",\"potentialAction\":[{\"@type\":\"ReadAction\",\"target\":[\"https:\/\/universnews224.com\/index.php\/alpha-bayoon-a-limpression-que-la-crief-nest-creee-que-pour-regler-des-comptes-aux-anciens-dignitaires-du-regime-dalpha-conde\/\"]}]},{\"@type\":\"WebSite\",\"@id\":\"https:\/\/universnews224.com\/#website\",\"url\":\"https:\/\/universnews224.com\/\",\"name\":\"UNIVERSNEWS224\",\"description\":\"\",\"publisher\":{\"@id\":\"https:\/\/universnews224.com\/#organization\"},\"potentialAction\":[{\"@type\":\"SearchAction\",\"target\":{\"@type\":\"EntryPoint\",\"urlTemplate\":\"https:\/\/universnews224.com\/?s={search_term_string}\"},\"query-input\":\"required name=search_term_string\"}],\"inLanguage\":\"fr-FR\"},{\"@type\":\"Organization\",\"@id\":\"https:\/\/universnews224.com\/#organization\",\"name\":\"UNIVERSNEWS224\",\"url\":\"https:\/\/universnews224.com\/\",\"logo\":{\"@type\":\"ImageObject\",\"inLanguage\":\"fr-FR\",\"@id\":\"https:\/\/universnews224.com\/#\/schema\/logo\/image\/\",\"url\":\"https:\/\/universnews224.com\/wp-content\/uploads\/2022\/08\/cropped-cropped-logoban.jpg\",\"contentUrl\":\"https:\/\/universnews224.com\/wp-content\/uploads\/2022\/08\/cropped-cropped-logoban.jpg\",\"width\":1080,\"height\":138,\"caption\":\"UNIVERSNEWS224\"},\"image\":{\"@id\":\"https:\/\/universnews224.com\/#\/schema\/logo\/image\/\"}},{\"@type\":\"Person\",\"@id\":\"https:\/\/universnews224.com\/#\/schema\/person\/a4b7d4f94a4716df60456a491260485e\",\"name\":\"La R\u00e9daction\",\"image\":{\"@type\":\"ImageObject\",\"inLanguage\":\"fr-FR\",\"@id\":\"https:\/\/universnews224.com\/#\/schema\/person\/image\/\",\"url\":\"https:\/\/secure.gravatar.com\/avatar\/edb90acc7752b23e1b3307ad36c14f0d?s=96&d=mm&r=g\",\"contentUrl\":\"https:\/\/secure.gravatar.com\/avatar\/edb90acc7752b23e1b3307ad36c14f0d?s=96&d=mm&r=g\",\"caption\":\"La R\u00e9daction\"},\"sameAs\":[\"https:\/\/universnews224.com\"],\"url\":\"https:\/\/universnews224.com\/index.php\/author\/m-camara\/\"}]}<\/script>\n<!-- \/ Yoast SEO plugin. -->","yoast_head_json":{"title":"Alpha Bayo:\u201cOn a l\u2019impression que la CRIEF n\u2019est cr\u00e9\u00e9e que pour r\u00e9gler des comptes aux anciens dignitaires du r\u00e9gime d\u2019Alpha Cond\u00e9\u201d. - UNIVERSNEWS224","robots":{"index":"index","follow":"follow","max-snippet":"max-snippet:-1","max-image-preview":"max-image-preview:large","max-video-preview":"max-video-preview:-1"},"canonical":"https:\/\/universnews224.com\/index.php\/alpha-bayoon-a-limpression-que-la-crief-nest-creee-que-pour-regler-des-comptes-aux-anciens-dignitaires-du-regime-dalpha-conde\/","og_locale":"fr_FR","og_type":"article","og_title":"Alpha Bayo:\u201cOn a l\u2019impression que la CRIEF n\u2019est cr\u00e9\u00e9e que pour r\u00e9gler des comptes aux anciens dignitaires du r\u00e9gime d\u2019Alpha Cond\u00e9\u201d. - UNIVERSNEWS224","og_description":"Alors que cela fait deux (2) ans que les anciens dignitaires r\u00e9gime d\u2019Alpha Cond\u00e9 croupissent","og_url":"https:\/\/universnews224.com\/index.php\/alpha-bayoon-a-limpression-que-la-crief-nest-creee-que-pour-regler-des-comptes-aux-anciens-dignitaires-du-regime-dalpha-conde\/","og_site_name":"UNIVERSNEWS224","article_published_time":"2024-03-25T23:50:56+00:00","og_image":[{"width":333,"height":151,"url":"https:\/\/universnews224.com\/wp-content\/uploads\/2024\/03\/255BDE9E-7C23-4A2A-87CF-6C13B1C50D2F.jpeg","type":"image\/jpeg"}],"author":"La R\u00e9daction","twitter_misc":{"\u00c9crit par":"La R\u00e9daction","Dur\u00e9e de lecture estim\u00e9e":"2 minutes"},"schema":{"@context":"https:\/\/schema.org","@graph":[{"@type":"Article","@id":"https:\/\/universnews224.com\/index.php\/alpha-bayoon-a-limpression-que-la-crief-nest-creee-que-pour-regler-des-comptes-aux-anciens-dignitaires-du-regime-dalpha-conde\/#article","isPartOf":{"@id":"https:\/\/universnews224.com\/index.php\/alpha-bayoon-a-limpression-que-la-crief-nest-creee-que-pour-regler-des-comptes-aux-anciens-dignitaires-du-regime-dalpha-conde\/"},"author":{"name":"La R\u00e9daction","@id":"https:\/\/universnews224.com\/#\/schema\/person\/a4b7d4f94a4716df60456a491260485e"},"headline":"Alpha Bayo:\u201cOn a l\u2019impression que la CRIEF n\u2019est cr\u00e9\u00e9e que pour r\u00e9gler des comptes aux anciens dignitaires du r\u00e9gime d\u2019Alpha Cond\u00e9\u201d.","datePublished":"2024-03-25T23:50:56+00:00","dateModified":"2024-03-25T23:50:56+00:00","mainEntityOfPage":{"@id":"https:\/\/universnews224.com\/index.php\/alpha-bayoon-a-limpression-que-la-crief-nest-creee-que-pour-regler-des-comptes-aux-anciens-dignitaires-du-regime-dalpha-conde\/"},"wordCount":340,"publisher":{"@id":"https:\/\/universnews224.com\/#organization"},"keywords":["La une"],"articleSection":["ACTU","POLITIQUE"],"inLanguage":"fr-FR"},{"@type":"WebPage","@id":"https:\/\/universnews224.com\/index.php\/alpha-bayoon-a-limpression-que-la-crief-nest-creee-que-pour-regler-des-comptes-aux-anciens-dignitaires-du-regime-dalpha-conde\/","url":"https:\/\/universnews224.com\/index.php\/alpha-bayoon-a-limpression-que-la-crief-nest-creee-que-pour-regler-des-comptes-aux-anciens-dignitaires-du-regime-dalpha-conde\/","name":"Alpha Bayo:\u201cOn a l\u2019impression que la CRIEF n\u2019est cr\u00e9\u00e9e que pour r\u00e9gler des comptes aux anciens dignitaires du r\u00e9gime d\u2019Alpha Cond\u00e9\u201d. - UNIVERSNEWS224","isPartOf":{"@id":"https:\/\/universnews224.com\/#website"},"datePublished":"2024-03-25T23:50:56+00:00","dateModified":"2024-03-25T23:50:56+00:00","inLanguage":"fr-FR","potentialAction":[{"@type":"ReadAction","target":["https:\/\/universnews224.com\/index.php\/alpha-bayoon-a-limpression-que-la-crief-nest-creee-que-pour-regler-des-comptes-aux-anciens-dignitaires-du-regime-dalpha-conde\/"]}]},{"@type":"WebSite","@id":"https:\/\/universnews224.com\/#website","url":"https:\/\/universnews224.com\/","name":"UNIVERSNEWS224","description":"","publisher":{"@id":"https:\/\/universnews224.com\/#organization"},"potentialAction":[{"@type":"SearchAction","target":{"@type":"EntryPoint","urlTemplate":"https:\/\/universnews224.com\/?s={search_term_string}"},"query-input":"required name=search_term_string"}],"inLanguage":"fr-FR"},{"@type":"Organization","@id":"https:\/\/universnews224.com\/#organization","name":"UNIVERSNEWS224","url":"https:\/\/universnews224.com\/","logo":{"@type":"ImageObject","inLanguage":"fr-FR","@id":"https:\/\/universnews224.com\/#\/schema\/logo\/image\/","url":"https:\/\/universnews224.com\/wp-content\/uploads\/2022\/08\/cropped-cropped-logoban.jpg","contentUrl":"https:\/\/universnews224.com\/wp-content\/uploads\/2022\/08\/cropped-cropped-logoban.jpg","width":1080,"height":138,"caption":"UNIVERSNEWS224"},"image":{"@id":"https:\/\/universnews224.com\/#\/schema\/logo\/image\/"}},{"@type":"Person","@id":"https:\/\/universnews224.com\/#\/schema\/person\/a4b7d4f94a4716df60456a491260485e","name":"La R\u00e9daction","image":{"@type":"ImageObject","inLanguage":"fr-FR","@id":"https:\/\/universnews224.com\/#\/schema\/person\/image\/","url":"https:\/\/secure.gravatar.com\/avatar\/edb90acc7752b23e1b3307ad36c14f0d?s=96&d=mm&r=g","contentUrl":"https:\/\/secure.gravatar.com\/avatar\/edb90acc7752b23e1b3307ad36c14f0d?s=96&d=mm&r=g","caption":"La R\u00e9daction"},"sameAs":["https:\/\/universnews224.com"],"url":"https:\/\/universnews224.com\/index.php\/author\/m-camara\/"}]}},"_links":{"self":[{"href":"https:\/\/universnews224.com\/index.php\/wp-json\/wp\/v2\/posts\/5456"}],"collection":[{"href":"https:\/\/universnews224.com\/index.php\/wp-json\/wp\/v2\/posts"}],"about":[{"href":"https:\/\/universnews224.com\/index.php\/wp-json\/wp\/v2\/types\/post"}],"author":[{"embeddable":true,"href":"https:\/\/universnews224.com\/index.php\/wp-json\/wp\/v2\/users\/2"}],"replies":[{"embeddable":true,"href":"https:\/\/universnews224.com\/index.php\/wp-json\/wp\/v2\/comments?post=5456"}],"version-history":[{"count":1,"href":"https:\/\/universnews224.com\/index.php\/wp-json\/wp\/v2\/posts\/5456\/revisions"}],"predecessor-version":[{"id":5457,"href":"https:\/\/universnews224.com\/index.php\/wp-json\/wp\/v2\/posts\/5456\/revisions\/5457"}],"wp:featuredmedia":[{"embeddable":true,"href":"https:\/\/universnews224.com\/index.php\/wp-json\/wp\/v2\/media\/5451"}],"wp:attachment":[{"href":"https:\/\/universnews224.com\/index.php\/wp-json\/wp\/v2\/media?parent=5456"}],"wp:term":[{"taxonomy":"category","embeddable":true,"href":"https:\/\/universnews224.com\/index.php\/wp-json\/wp\/v2\/categories?post=5456"},{"taxonomy":"post_tag","embeddable":true,"href":"https:\/\/universnews224.com\/index.php\/wp-json\/wp\/v2\/tags?post=5456"}],"curies":[{"name":"wp","href":"https:\/\/api.w.org\/{rel}","templated":true}]}}