{"id":5458,"date":"2024-03-26T01:06:26","date_gmt":"2024-03-26T00:06:26","guid":{"rendered":"https:\/\/universnews224.com\/?p=5458"},"modified":"2024-03-26T01:06:26","modified_gmt":"2024-03-26T00:06:26","slug":"presidentielle-au-senegal-amadou-ba-reconnait-sa-defaite-face-a-bassirou-diomaye-faye","status":"publish","type":"post","link":"https:\/\/universnews224.com\/index.php\/presidentielle-au-senegal-amadou-ba-reconnait-sa-defaite-face-a-bassirou-diomaye-faye\/","title":{"rendered":"Pr\u00e9sidentielle au S\u00e9n\u00e9gal : Amadou Ba reconna\u00eet sa d\u00e9faite face \u00e0 Bassirou Diomaye Faye."},"content":{"rendered":"<p class=\"p1\"><span class=\"s1\">L\u2019ancien Premier ministre a appel\u00e9 le candidat de l\u2019opposition qui, selon des r\u00e9sultats encore non officiels, a\u00a0remport\u00e9 la pr\u00e9sidentielle du 24 mars d\u00e8s le premier tour.<\/span><\/p>\n<p class=\"p1\"><span class=\"s1\">L\u2019ex-Premier ministre s\u00e9n\u00e9galais, Amadou Ba, candidat de la coalition Benno Bokk Yakaar 2024, lors du meeting de cl\u00f4ture de la campagne pr\u00e9sidentielle \u00e0 Dakar, le 22 mars 2024. <\/span><\/p>\n<p class=\"p1\"><span class=\"s1\">\u00a0<\/span><\/p>\n<p class=\"p1\"><span class=\"s1\">Il fallait se rendre \u00e0 l\u2019\u00e9vidence.\u00a0<a href=\"https:\/\/www.jeuneafrique.com\/personnalites\/amadou-ba\/\"><span class=\"s2\">Amadou Ba<\/span><\/a>, le candidat de la coalition au pouvoir Benno Bokk Yakaar (BBY), a finalement reconnu, le 25\u00a0mars, sa d\u00e9faite face \u00e0 l\u2019opposant\u00a0<a href=\"https:\/\/www.jeuneafrique.com\/personnalites\/bassirou-diomaye-faye\/\"><span class=\"s2\">Bassirou Diomaye Faye<\/span><\/a>. \u00ab\u00a0Amadou Ba vient d\u2019appeler au t\u00e9l\u00e9phone Bassirou Diomaye Faye afin de le f\u00e9liciter et de prier pour lui\u00a0\u00bb, a d\u00e9clar\u00e9 le ministre porte-parole\u00a0du\u00a0gouvernement Abdou Karim Fofana, proche de l\u2019ancien Premier ministre de\u00a0<a href=\"https:\/\/www.jeuneafrique.com\/personnalites\/macky-sall\/\"><span class=\"s2\">Macky Sall<\/span><\/a><\/span><\/p>\n<p class=\"p1\"><span class=\"s1\">Il devait s\u2019exprimer \u00e0 11 heures face \u00e0 la presse et \u00e0 ses militants au lendemain d\u2019une\u00a0<a href=\"https:\/\/www.jeuneafrique.com\/evenements\/presidentielle-senegal-2024\/\"><span class=\"s2\">pr\u00e9sidentielle in\u00e9dite au S\u00e9n\u00e9gal<\/span><\/a>\u00a0depuis le si\u00e8ge de l\u2019Alliance pour la R\u00e9publique (APR), le parti pr\u00e9sidentiel. Ses \u00e9quipes n\u2019ont pas pr\u00e9cis\u00e9 s\u2019il comptait finalement prendre\u00a0la\u00a0parole.<\/span><\/p>\n<p class=\"p1\"><span class=\"s1\">D\u00e8s le 24 mars au soir, alors que le d\u00e9pouillement des bulletins se poursuivait dans les bureaux de vote, des sc\u00e8nes de liesse ont \u00e9t\u00e9 observ\u00e9es dans Dakar. Les partisans de\u00a0<a href=\"https:\/\/www.jeuneafrique.com\/1550722\/politique\/au-senegal-bassirou-diomaye-faye-sera-t-il-le-pari-gagnant-dousmane-sonko\/\"><span class=\"s2\">la paire form\u00e9e par Bassirou Diomaye Faye et Ousmane Sonko<\/span><\/a>, principal leader de l\u2019opposition dont la candidature n\u2019a pas \u00e9t\u00e9 retenue par le Conseil\u00a0constitutionnel,\u00a0ont manifest\u00e9 leur joie dans les rues de la capitale s\u00e9n\u00e9galaise et de plusieurs grandes villes du pays au fur et \u00e0 mesure que des tendances non officielles donnaient grand gagnant, d\u00e8s le premier tour, le secr\u00e9taire g\u00e9n\u00e9ral du parti des Patriotes africains du S\u00e9n\u00e9gal pour le travail l\u2019\u00e9thique et la fraternit\u00e9 (Pastef), dissous par le\u00a0pouvoir\u00a0en juillet 2023.<\/span><\/p>\n<p class=\"p1\"><span class=\"s1\">Selon plusieurs m\u00e9dias s\u00e9n\u00e9galais, l\u2019inspecteur des Imp\u00f4ts arriverait en t\u00eate du scrutin avec plus de 57\u00a0% des voix, contre 31\u00a0% pour l\u2019ancien ministre des Finances, lui aussi inspecteur des Imp\u00f4ts \u00e0 la retraite.<\/span><\/p>\n<p class=\"p3\"><span class=\"s3\">Espoir du camp d\u2019Amadou Ba douch\u00e9. <\/span><\/p>\n<p class=\"p1\"><span class=\"s1\">Peu apr\u00e8s 1 heure du matin, Amadou Ba s\u2019\u00e9tait d\u00e9plac\u00e9 au si\u00e8ge de BBY, o\u00f9 l\u2019attendaient dans\u00a0une\u00a0ambiance plut\u00f4t festive des centaines de sympathisants. \u00ab\u00a0Je voudrais remercier le peuple s\u00e9n\u00e9galais pour cette grande mobilisation, et tous ceux qui ont voulu nous accorder leurs suffrages. Demain \u00e0 midi, je reviendrai ici pour vous donner une appr\u00e9ciation d\u00e9finitive. Je voudrais vous dire que je suis tr\u00e8s attach\u00e9 \u00e0 la R\u00e9publique et \u00e0 l\u2019\u00c9tat de droit,\u00a0ce\u00a0qui fait que je ne me prononce pas sans avoir tous les \u00e9l\u00e9ments\u00a0\u00bb, avait-il alors d\u00e9clar\u00e9.<\/span><\/p>\n<p class=\"p1\"><span class=\"s1\">\u00c0 cet instant, plusieurs militants refusaient de croire \u00e0 la d\u00e9faite de l\u2019ancien Premier ministre et esp\u00e9raient encore un second tour. \u00ab\u00a0Nous n\u2019avons pas essuy\u00e9 une d\u00e9faite. Les r\u00e9sultats ne sont pas encore totalement remont\u00e9s.\u00a0<a href=\"https:\/\/www.jeuneafrique.com\/1551280\/politique\/presidentielle-au-senegal-le-camp-de-bassirou-diomaye-faye-revendique-la-victoire\/\"><span class=\"s2\">Les partisans de l\u2019opposition sont\u00a0en\u00a0train de crier victoire<\/span><\/a>\u00a0en premier pour manipuler l\u2019opinion\u00a0\u00bb, regrettait Ibrahim, un sympathisant venu sur place pour soutenir le candidat.<\/span><\/p>\n<p class=\"p1\"><span class=\"s1\">L\u2019opposition a gagn\u00e9 \u00e0 Dakar et dans les grandes villes. Mais nous, nous pensons avoir remport\u00e9 dix r\u00e9gions \u00e0 l\u2019int\u00e9rieur du pays. Ce n\u2019est pas encore fini\u00a0\u00bb, insistait Moussa Diagne, un membre du parti\u00a0pr\u00e9sidentiel.\u00a0Un communiqu\u00e9 du directoire de campagne, publi\u00e9 quelques heures plus t\u00f4t pour annoncer la possibilit\u00e9 d\u2019un second tour \u00ab\u00a0dans le pire des cas\u00a0\u00bb, leur avait donn\u00e9 espoir. \u00ab\u00a0Nous continuerons de respecter les pr\u00e9rogatives des diff\u00e9rentes institutions charg\u00e9es du recensement et de la proclamation des r\u00e9sultats. Nous appelons tous les autres candidats \u00e0 faire de m\u00eame\u00a0\u00bb, y\u00a0indiquait\u00a0l\u2019\u00e9quipe du candidat.<\/span><\/p>\n<p class=\"p1\"><span class=\"s1\">Au m\u00eame moment, l\u2019heure \u00e9tait nettement plus \u00e0 la f\u00eate du c\u00f4t\u00e9 du QG du Pastef, o\u00f9 les militants ont entonn\u00e9 des chants toute la nuit \u00e0 la gloire de Bassirou Diomaye Faye, qui avait d\u00e9j\u00e0 re\u00e7u les f\u00e9licitations de plusieurs autres candidats, dont D\u00e9thi\u00e9 Fall,\u00a0<a href=\"https:\/\/www.jeuneafrique.com\/personnalites\/khalifa-sall\/\"><span class=\"s2\">Khalifa Sall<\/span><\/a>\u00a0ou encore Mamadou\u00a0Lamine\u00a0Diallo.<\/span><\/p>\n<p class=\"p1\"><span class=\"s1\">Source: Jeune Afrique\u00a0<\/span><\/p>\n","protected":false},"excerpt":{"rendered":"<p>L\u2019ancien Premier ministre a appel\u00e9 le candidat de l\u2019opposition qui, selon des r\u00e9sultats encore non<\/p>\n","protected":false},"author":2,"featured_media":0,"comment_status":"closed","ping_status":"open","sticky":false,"template":"","format":"standard","meta":[],"categories":[1],"tags":[],"yoast_head":"<!-- This site is optimized with the Yoast SEO plugin v19.13 - https:\/\/yoast.com\/wordpress\/plugins\/seo\/ -->\n<title>Pr\u00e9sidentielle au S\u00e9n\u00e9gal : Amadou Ba reconna\u00eet sa d\u00e9faite face \u00e0 Bassirou Diomaye Faye. - UNIVERSNEWS224<\/title>\n<meta name=\"robots\" content=\"index, follow, max-snippet:-1, max-image-preview:large, max-video-preview:-1\" \/>\n<link rel=\"canonical\" href=\"https:\/\/universnews224.com\/index.php\/presidentielle-au-senegal-amadou-ba-reconnait-sa-defaite-face-a-bassirou-diomaye-faye\/\" \/>\n<meta property=\"og:locale\" content=\"fr_FR\" \/>\n<meta property=\"og:type\" content=\"article\" \/>\n<meta property=\"og:title\" content=\"Pr\u00e9sidentielle au S\u00e9n\u00e9gal : Amadou Ba reconna\u00eet sa d\u00e9faite face \u00e0 Bassirou Diomaye Faye. - UNIVERSNEWS224\" \/>\n<meta property=\"og:description\" content=\"L\u2019ancien Premier ministre a appel\u00e9 le candidat de l\u2019opposition qui, selon des r\u00e9sultats encore non\" \/>\n<meta property=\"og:url\" content=\"https:\/\/universnews224.com\/index.php\/presidentielle-au-senegal-amadou-ba-reconnait-sa-defaite-face-a-bassirou-diomaye-faye\/\" \/>\n<meta property=\"og:site_name\" content=\"UNIVERSNEWS224\" \/>\n<meta property=\"article:published_time\" content=\"2024-03-26T00:06:26+00:00\" \/>\n<meta name=\"author\" content=\"La R\u00e9daction\" \/>\n<meta name=\"twitter:label1\" content=\"\u00c9crit par\" \/>\n\t<meta name=\"twitter:data1\" content=\"La R\u00e9daction\" \/>\n\t<meta name=\"twitter:label2\" content=\"Dur\u00e9e de lecture estim\u00e9e\" \/>\n\t<meta name=\"twitter:data2\" content=\"4 minutes\" \/>\n<script type=\"application\/ld+json\" class=\"yoast-schema-graph\">{\"@context\":\"https:\/\/schema.org\",\"@graph\":[{\"@type\":\"Article\",\"@id\":\"https:\/\/universnews224.com\/index.php\/presidentielle-au-senegal-amadou-ba-reconnait-sa-defaite-face-a-bassirou-diomaye-faye\/#article\",\"isPartOf\":{\"@id\":\"https:\/\/universnews224.com\/index.php\/presidentielle-au-senegal-amadou-ba-reconnait-sa-defaite-face-a-bassirou-diomaye-faye\/\"},\"author\":{\"name\":\"La R\u00e9daction\",\"@id\":\"https:\/\/universnews224.com\/#\/schema\/person\/a4b7d4f94a4716df60456a491260485e\"},\"headline\":\"Pr\u00e9sidentielle au S\u00e9n\u00e9gal : Amadou Ba reconna\u00eet sa d\u00e9faite face \u00e0 Bassirou Diomaye Faye.\",\"datePublished\":\"2024-03-26T00:06:26+00:00\",\"dateModified\":\"2024-03-26T00:06:26+00:00\",\"mainEntityOfPage\":{\"@id\":\"https:\/\/universnews224.com\/index.php\/presidentielle-au-senegal-amadou-ba-reconnait-sa-defaite-face-a-bassirou-diomaye-faye\/\"},\"wordCount\":717,\"publisher\":{\"@id\":\"https:\/\/universnews224.com\/#organization\"},\"inLanguage\":\"fr-FR\"},{\"@type\":\"WebPage\",\"@id\":\"https:\/\/universnews224.com\/index.php\/presidentielle-au-senegal-amadou-ba-reconnait-sa-defaite-face-a-bassirou-diomaye-faye\/\",\"url\":\"https:\/\/universnews224.com\/index.php\/presidentielle-au-senegal-amadou-ba-reconnait-sa-defaite-face-a-bassirou-diomaye-faye\/\",\"name\":\"Pr\u00e9sidentielle au S\u00e9n\u00e9gal : Amadou Ba reconna\u00eet sa d\u00e9faite face \u00e0 Bassirou Diomaye Faye. - UNIVERSNEWS224\",\"isPartOf\":{\"@id\":\"https:\/\/universnews224.com\/#website\"},\"datePublished\":\"2024-03-26T00:06:26+00:00\",\"dateModified\":\"2024-03-26T00:06:26+00:00\",\"inLanguage\":\"fr-FR\",\"potentialAction\":[{\"@type\":\"ReadAction\",\"target\":[\"https:\/\/universnews224.com\/index.php\/presidentielle-au-senegal-amadou-ba-reconnait-sa-defaite-face-a-bassirou-diomaye-faye\/\"]}]},{\"@type\":\"WebSite\",\"@id\":\"https:\/\/universnews224.com\/#website\",\"url\":\"https:\/\/universnews224.com\/\",\"name\":\"UNIVERSNEWS224\",\"description\":\"\",\"publisher\":{\"@id\":\"https:\/\/universnews224.com\/#organization\"},\"potentialAction\":[{\"@type\":\"SearchAction\",\"target\":{\"@type\":\"EntryPoint\",\"urlTemplate\":\"https:\/\/universnews224.com\/?s={search_term_string}\"},\"query-input\":\"required name=search_term_string\"}],\"inLanguage\":\"fr-FR\"},{\"@type\":\"Organization\",\"@id\":\"https:\/\/universnews224.com\/#organization\",\"name\":\"UNIVERSNEWS224\",\"url\":\"https:\/\/universnews224.com\/\",\"logo\":{\"@type\":\"ImageObject\",\"inLanguage\":\"fr-FR\",\"@id\":\"https:\/\/universnews224.com\/#\/schema\/logo\/image\/\",\"url\":\"https:\/\/universnews224.com\/wp-content\/uploads\/2022\/08\/cropped-cropped-logoban.jpg\",\"contentUrl\":\"https:\/\/universnews224.com\/wp-content\/uploads\/2022\/08\/cropped-cropped-logoban.jpg\",\"width\":1080,\"height\":138,\"caption\":\"UNIVERSNEWS224\"},\"image\":{\"@id\":\"https:\/\/universnews224.com\/#\/schema\/logo\/image\/\"}},{\"@type\":\"Person\",\"@id\":\"https:\/\/universnews224.com\/#\/schema\/person\/a4b7d4f94a4716df60456a491260485e\",\"name\":\"La R\u00e9daction\",\"image\":{\"@type\":\"ImageObject\",\"inLanguage\":\"fr-FR\",\"@id\":\"https:\/\/universnews224.com\/#\/schema\/person\/image\/\",\"url\":\"https:\/\/secure.gravatar.com\/avatar\/edb90acc7752b23e1b3307ad36c14f0d?s=96&d=mm&r=g\",\"contentUrl\":\"https:\/\/secure.gravatar.com\/avatar\/edb90acc7752b23e1b3307ad36c14f0d?s=96&d=mm&r=g\",\"caption\":\"La R\u00e9daction\"},\"sameAs\":[\"https:\/\/universnews224.com\"],\"url\":\"https:\/\/universnews224.com\/index.php\/author\/m-camara\/\"}]}<\/script>\n<!-- \/ Yoast SEO plugin. -->","yoast_head_json":{"title":"Pr\u00e9sidentielle au S\u00e9n\u00e9gal : Amadou Ba reconna\u00eet sa d\u00e9faite face \u00e0 Bassirou Diomaye Faye. - UNIVERSNEWS224","robots":{"index":"index","follow":"follow","max-snippet":"max-snippet:-1","max-image-preview":"max-image-preview:large","max-video-preview":"max-video-preview:-1"},"canonical":"https:\/\/universnews224.com\/index.php\/presidentielle-au-senegal-amadou-ba-reconnait-sa-defaite-face-a-bassirou-diomaye-faye\/","og_locale":"fr_FR","og_type":"article","og_title":"Pr\u00e9sidentielle au S\u00e9n\u00e9gal : Amadou Ba reconna\u00eet sa d\u00e9faite face \u00e0 Bassirou Diomaye Faye. - UNIVERSNEWS224","og_description":"L\u2019ancien Premier ministre a appel\u00e9 le candidat de l\u2019opposition qui, selon des r\u00e9sultats encore non","og_url":"https:\/\/universnews224.com\/index.php\/presidentielle-au-senegal-amadou-ba-reconnait-sa-defaite-face-a-bassirou-diomaye-faye\/","og_site_name":"UNIVERSNEWS224","article_published_time":"2024-03-26T00:06:26+00:00","author":"La R\u00e9daction","twitter_misc":{"\u00c9crit par":"La R\u00e9daction","Dur\u00e9e de lecture estim\u00e9e":"4 minutes"},"schema":{"@context":"https:\/\/schema.org","@graph":[{"@type":"Article","@id":"https:\/\/universnews224.com\/index.php\/presidentielle-au-senegal-amadou-ba-reconnait-sa-defaite-face-a-bassirou-diomaye-faye\/#article","isPartOf":{"@id":"https:\/\/universnews224.com\/index.php\/presidentielle-au-senegal-amadou-ba-reconnait-sa-defaite-face-a-bassirou-diomaye-faye\/"},"author":{"name":"La R\u00e9daction","@id":"https:\/\/universnews224.com\/#\/schema\/person\/a4b7d4f94a4716df60456a491260485e"},"headline":"Pr\u00e9sidentielle au S\u00e9n\u00e9gal : Amadou Ba reconna\u00eet sa d\u00e9faite face \u00e0 Bassirou Diomaye Faye.","datePublished":"2024-03-26T00:06:26+00:00","dateModified":"2024-03-26T00:06:26+00:00","mainEntityOfPage":{"@id":"https:\/\/universnews224.com\/index.php\/presidentielle-au-senegal-amadou-ba-reconnait-sa-defaite-face-a-bassirou-diomaye-faye\/"},"wordCount":717,"publisher":{"@id":"https:\/\/universnews224.com\/#organization"},"inLanguage":"fr-FR"},{"@type":"WebPage","@id":"https:\/\/universnews224.com\/index.php\/presidentielle-au-senegal-amadou-ba-reconnait-sa-defaite-face-a-bassirou-diomaye-faye\/","url":"https:\/\/universnews224.com\/index.php\/presidentielle-au-senegal-amadou-ba-reconnait-sa-defaite-face-a-bassirou-diomaye-faye\/","name":"Pr\u00e9sidentielle au S\u00e9n\u00e9gal : Amadou Ba reconna\u00eet sa d\u00e9faite face \u00e0 Bassirou Diomaye Faye. - UNIVERSNEWS224","isPartOf":{"@id":"https:\/\/universnews224.com\/#website"},"datePublished":"2024-03-26T00:06:26+00:00","dateModified":"2024-03-26T00:06:26+00:00","inLanguage":"fr-FR","potentialAction":[{"@type":"ReadAction","target":["https:\/\/universnews224.com\/index.php\/presidentielle-au-senegal-amadou-ba-reconnait-sa-defaite-face-a-bassirou-diomaye-faye\/"]}]},{"@type":"WebSite","@id":"https:\/\/universnews224.com\/#website","url":"https:\/\/universnews224.com\/","name":"UNIVERSNEWS224","description":"","publisher":{"@id":"https:\/\/universnews224.com\/#organization"},"potentialAction":[{"@type":"SearchAction","target":{"@type":"EntryPoint","urlTemplate":"https:\/\/universnews224.com\/?s={search_term_string}"},"query-input":"required name=search_term_string"}],"inLanguage":"fr-FR"},{"@type":"Organization","@id":"https:\/\/universnews224.com\/#organization","name":"UNIVERSNEWS224","url":"https:\/\/universnews224.com\/","logo":{"@type":"ImageObject","inLanguage":"fr-FR","@id":"https:\/\/universnews224.com\/#\/schema\/logo\/image\/","url":"https:\/\/universnews224.com\/wp-content\/uploads\/2022\/08\/cropped-cropped-logoban.jpg","contentUrl":"https:\/\/universnews224.com\/wp-content\/uploads\/2022\/08\/cropped-cropped-logoban.jpg","width":1080,"height":138,"caption":"UNIVERSNEWS224"},"image":{"@id":"https:\/\/universnews224.com\/#\/schema\/logo\/image\/"}},{"@type":"Person","@id":"https:\/\/universnews224.com\/#\/schema\/person\/a4b7d4f94a4716df60456a491260485e","name":"La R\u00e9daction","image":{"@type":"ImageObject","inLanguage":"fr-FR","@id":"https:\/\/universnews224.com\/#\/schema\/person\/image\/","url":"https:\/\/secure.gravatar.com\/avatar\/edb90acc7752b23e1b3307ad36c14f0d?s=96&d=mm&r=g","contentUrl":"https:\/\/secure.gravatar.com\/avatar\/edb90acc7752b23e1b3307ad36c14f0d?s=96&d=mm&r=g","caption":"La R\u00e9daction"},"sameAs":["https:\/\/universnews224.com"],"url":"https:\/\/universnews224.com\/index.php\/author\/m-camara\/"}]}},"_links":{"self":[{"href":"https:\/\/universnews224.com\/index.php\/wp-json\/wp\/v2\/posts\/5458"}],"collection":[{"href":"https:\/\/universnews224.com\/index.php\/wp-json\/wp\/v2\/posts"}],"about":[{"href":"https:\/\/universnews224.com\/index.php\/wp-json\/wp\/v2\/types\/post"}],"author":[{"embeddable":true,"href":"https:\/\/universnews224.com\/index.php\/wp-json\/wp\/v2\/users\/2"}],"replies":[{"embeddable":true,"href":"https:\/\/universnews224.com\/index.php\/wp-json\/wp\/v2\/comments?post=5458"}],"version-history":[{"count":1,"href":"https:\/\/universnews224.com\/index.php\/wp-json\/wp\/v2\/posts\/5458\/revisions"}],"predecessor-version":[{"id":5460,"href":"https:\/\/universnews224.com\/index.php\/wp-json\/wp\/v2\/posts\/5458\/revisions\/5460"}],"wp:attachment":[{"href":"https:\/\/universnews224.com\/index.php\/wp-json\/wp\/v2\/media?parent=5458"}],"wp:term":[{"taxonomy":"category","embeddable":true,"href":"https:\/\/universnews224.com\/index.php\/wp-json\/wp\/v2\/categories?post=5458"},{"taxonomy":"post_tag","embeddable":true,"href":"https:\/\/universnews224.com\/index.php\/wp-json\/wp\/v2\/tags?post=5458"}],"curies":[{"name":"wp","href":"https:\/\/api.w.org\/{rel}","templated":true}]}}