{"id":5461,"date":"2024-03-26T19:08:57","date_gmt":"2024-03-26T18:08:57","guid":{"rendered":"https:\/\/universnews224.com\/?p=5461"},"modified":"2024-03-26T19:08:57","modified_gmt":"2024-03-26T18:08:57","slug":"cnt-deux-importants-accords-de-prets-adoptes-par-les-conseillers-nationaux","status":"publish","type":"post","link":"https:\/\/universnews224.com\/index.php\/cnt-deux-importants-accords-de-prets-adoptes-par-les-conseillers-nationaux\/","title":{"rendered":"CNT: deux importants accords de pr\u00eats adopt\u00e9s par les conseillers nationaux."},"content":{"rendered":"<p class=\"p1\"><span class=\"s1\">Les conseillers nationaux de la transition, r\u00e9unis en pl\u00e9ni\u00e8re ce mardi, 26 mars 2024, \u00e0 l\u2019h\u00e9micycle du palais du peuple ont proc\u00e9d\u00e9 \u00e0 l\u2019examen et \u00e0 l\u2019adoption deux importants accords de pr\u00eats. <\/span><\/p>\n<p class=\"p1\"><span class=\"s1\">Il s\u2019agit de l\u2019Accord de Pr\u00eat relatif au financement de la mise en \u0153uvre du programme \u00ab West Africa Digital Int\u00e9gration Program \u00bb, sign\u00e9 le 14 d\u00e9cembre 2023 entre l\u2019Association Internationale de D\u00e9veloppement (IDA) et la R\u00e9publique de Guin\u00e9e, d\u2019un montant de soixante millions de dollars am\u00e9ricains (<a href=\"tel:60%20000%20000\">60 000 000<\/a> USD) et les Accords-cadres, pr\u00eat et mandat, relatifs au financement du Projet d\u2019Approvisionnement en Eau Potable et d\u2019Assainissement en Milieu Rural, dans les R\u00e9gions de la Moyenne et Haute Guin\u00e9e, sign\u00e9s le 9 novembre 2023. C\u2019\u00e9tait en pr\u00e9sence des membres du gouvernement, de la Gouverneure de la ville de Conakry, ministre conseiller charg\u00e9 des relations avec les institutions r\u00e9publicaines ainsi que les repr\u00e9sentants de la soci\u00e9t\u00e9 civile. <\/span><\/p>\n<p class=\"p1\"><span class=\"s1\">\u00c0 ce qui concerne le premier accord de pr\u00eat relatif au financement de la mise en \u0153uvre du programme \u00ab West Africa Digital Int\u00e9gration Program, l\u2019Honorable Gilbert Andega CAMARA, rapporteur de la Commissions du Plan, des Affaires Financieres et du Contr\u00f4le Budgetaire a indiqu\u00e9 que les Commissions du Plan, des Affaires Financieres et du Controle Budg\u00e9taire et celle des Affaires Economie et du Developpement Durable ont \u00e9t\u00e9 respectivement saisie au fond et pour avis par la Conference des Presidents du 20 fevrier 2024, a l\u2019effet d\u2019examiner l\u2019accord de pret d\u2019un montant de soixante millions (60 000 000 ) de dollars US, signe le 14 decembre 2023 entre l\u2019Association pour le Developpement International (IDA) et la Republique de Guinee dans le cadre de la mise en \u0153uvre du programme d\u2019integration numerique en Afrique de l\u2019Ouest en Guinee\/West Africa Regional Digital Integration Program (WARDIP).<\/span><\/p>\n<p class=\"p1\"><span class=\"s1\">\u201cLes travaux se sont d\u00e9roul\u00e9s en commission le 21 fevrier 2024 et en inter-commission le 19 mars 2024 avec la participation effective des cadres des departements ministeriels concernes. Ce Programme de financement soumis \u00e0 notre appreciation comporte cinq articles et quatre annexes definissant : les conditions generales et la definition ; le credit ; le projet ; l\u2019entree en vigueur et la realisation ; le representant et l\u2019adresses ; la description du projet ; l\u2019execution de la partie respective du projet de la Guinee ; le calendrier de remboursement et les definitions.<\/span><\/p>\n<p class=\"p1\"><span class=\"s1\">Les conditionnalites de la mise a disposition du pret se resument ainsi qu\u2019il suit :<\/span><\/p>\n<p class=\"p1\"><span class=\"s1\">\u2713 Le taux d\u2019interet est de 0% ;<\/span><\/p>\n<p class=\"p1\"><span class=\"s1\">\u2713 La duree du remboursement est de 49 ans y compris la periode de grace de 10 ans; \u2713 Le taux commission d\u2019engagement est de 0,5% ;<\/span><\/p>\n<p class=\"p1\"><span class=\"s1\">\u2713 La Modalite de paiement est semestrielle ;<\/span><\/p>\n<p class=\"p1\"><span class=\"s1\">\u2713 Les dates de paiement sont : les 15 fevriers et les 15 aout ;<\/span><\/p>\n<p class=\"p1\"><span class=\"s1\">\u2713 La date de cloture du pr\u00eat est le 29 decembre 2028\u201d, a t-il d\u00e9clar\u00e9. <\/span><\/p>\n<p class=\"p1\"><span class=\"s1\">Poursuivant<span class=\"Apple-converted-space\">\u00a0 <\/span>l\u2019honorable Gilbert Andega CAMARA a fait savoir que le programme WARDIP est un programme regional qui concerne dans sa phase pilote quatre (4) pays a savoir : la R\u00e9publique de Guinee, la Guinee Bissau, la Mauritanie, la Gambie. <\/span><\/p>\n<p class=\"p1\"><span class=\"s1\">\u201cSon objectif principal est d\u2019accroitre l\u2019acc\u00e8s et l\u2019utilisation du haut debit \u00e0 l\u2019\u00e9chelle r\u00e9gionale Ouest-Africaine, notamment dans les pays ou Etats beneficiaires du programme au sein de cette region ou sous-region, et in fine, de promouvoir l\u2019integration d\u2019un marche num\u00e9riques unique en Afrique de l\u2019Ouest\u201d, a t-il d\u00e9clar\u00e9. <\/span><\/p>\n<p class=\"p1\"><span class=\"s1\">Quant au second accord, relatif au financement du Projet d\u2019Approvisionnement en Eau Potable et d\u2019Assainissement en Milieu Rural, dans les R\u00e9gions de la Moyenne et Haute Guin\u00e9e, Mohamed Lamine Kaba, 2\u00e8me<span class=\"Apple-converted-space\">\u00a0 <\/span>rapporteur de la m\u00eame a soulign\u00e9 que le financement de ce projet vise \u00e0 fournir un acc\u00e8s durable \u00e0 l\u2019eau potable pour environ 915 000 personnes et un acc\u00e8s s\u00e9curis\u00e9 \u00e0 l\u2019assainissement pour environ 1000 m\u00e9nages vivant dans les zones rurales des r\u00e9gions de la Haute et Moyenne Guin\u00e9e d\u2019ici 2029.<\/span><\/p>\n<p class=\"p1\"><span class=\"s1\">\u201cCe projet se d\u00e9compose en cinq (5) composantes. \u00c0 ce qui concerne la Composante A relatif D\u00e9veloppement des infrastructures rurales d&rsquo;eau et d&rsquo;assainissement pour 35,11 millions de dollars. Cette composante sera financ\u00e9e \u00e0 89 % par la BID et \u00e0 11 % par le gouvernement guin\u00e9en. Elle comprend les activit\u00e9s suivantes :<\/span><\/p>\n<p class=\"p1\"><span class=\"s1\">\u2022 La construction de 90 syst\u00e8mes d&rsquo;Alimentation en Eau Potable (AEP) ; Ce syst\u00e8me d&rsquo;AEP comprend :<\/span><\/p>\n<p class=\"p1\"><span class=\"s1\">\u2713 un forage dont le d\u00e9bit exploitable est sup\u00e9rieur ou \u00e9gal \u00e0 5 m\u00e8tres cubes par<\/span><\/p>\n<p class=\"p1\"><span class=\"s1\">heure ;<\/span><\/p>\n<p class=\"p1\"><span class=\"s1\">\u2713 une station de pompage (solaire ou hybride) dont le d\u00e9bit correspond \u00e0 celui du<\/span><\/p>\n<p class=\"p1\"><span class=\"s1\">forage ;<\/span><\/p>\n<p class=\"p1\"><span class=\"s1\">\u2713 un ch\u00e2teau d\u2019eau d&rsquo;une capacit\u00e9 minimale de 50 m\u00e8tres cubes ;<\/span><\/p>\n<p class=\"p1\"><span class=\"s1\">\u2713 un r\u00e9seau de canalisations de 3 \u00e0 5 km desservant une population totale d\u2019au<\/span><\/p>\n<p class=\"p1\"><span class=\"s1\">moins 1 000 \u00e0 2 000 habitants. Des bornes-fontaines avec au moins 2 robinets doivent \u00eatre plac\u00e9es strat\u00e9giquement dans toute la zone, \u00e0 raison d&rsquo;une borne- fontaine pour 600 habitants.<\/span><\/p>\n<p class=\"p1\"><span class=\"s1\">\u2022 La r\u00e9alisation de 500 forages positifs \u00e9quip\u00e9s de pompe manuelle de marque Kardia ou Vergnet. Les forages auront une profondeur d&rsquo;environ 80 m\u00e8tres et seront consid\u00e9r\u00e9s comme positifs si le d\u00e9bit d\u2019eau est sup\u00e9rieur \u00e0 700 litres par heure et si la teneur en fer ne d\u00e9passe pas 0,3 mg\/l ;<\/span><\/p>\n<p class=\"p1\"><span class=\"s1\">\u2022 La r\u00e9habilitation de 750 forages \u00e9quip\u00e9s de pompes manuelles qui ont plus de 20 ans ;<\/span><\/p>\n<p class=\"p1\"><span class=\"s1\">\u2022 La construction de 1 000 latrines familiales et de 400 latrines publiques. Pour les latrines publiques, il s&rsquo;agira de blocs de latrines de 2 \u00e0 3 cabines en parpaings de 15 cm, avec des dalles San Plat reposant sur des fosses circulaires. Les cabines seront couvertes de t\u00f4le et \u00e9quip\u00e9es de portes d\u2019acc\u00e8s. Pour promouvoir l&rsquo;utilisation des latrines familiales et r\u00e9duire la d\u00e9f\u00e9cation \u00e0 l&rsquo;air libre, une approche d\u2019assainissement total pilot\u00e9e par la communaut\u00e9 (ATPC) sera mise en \u0153uvre. Il convient de noter que les 1 000 latrines familiales sont destin\u00e9es aux m\u00e9nages pauvres qui ont d\u00e9j\u00e0 creus\u00e9 les fosses, et le projet leur fournira gratuitement des dalles SAN PLAT pour couvrir les fosses\u201d, a t-il martel\u00e9. <\/span><\/p>\n<p class=\"p1\"><span class=\"s1\">Mohamed Camara. <\/span><\/p>\n<p class=\"p3\">\n","protected":false},"excerpt":{"rendered":"<p>Les conseillers nationaux de la transition, r\u00e9unis en pl\u00e9ni\u00e8re ce mardi, 26 mars 2024, \u00e0<\/p>\n","protected":false},"author":2,"featured_media":5462,"comment_status":"closed","ping_status":"open","sticky":false,"template":"","format":"standard","meta":[],"categories":[3,4],"tags":[229],"yoast_head":"<!-- This site is optimized with the Yoast SEO plugin v19.13 - https:\/\/yoast.com\/wordpress\/plugins\/seo\/ -->\n<title>CNT: deux importants accords de pr\u00eats adopt\u00e9s par les conseillers nationaux. - UNIVERSNEWS224<\/title>\n<meta name=\"robots\" content=\"index, follow, max-snippet:-1, max-image-preview:large, max-video-preview:-1\" \/>\n<link rel=\"canonical\" href=\"https:\/\/universnews224.com\/index.php\/cnt-deux-importants-accords-de-prets-adoptes-par-les-conseillers-nationaux\/\" \/>\n<meta property=\"og:locale\" content=\"fr_FR\" \/>\n<meta property=\"og:type\" content=\"article\" \/>\n<meta property=\"og:title\" content=\"CNT: deux importants accords de pr\u00eats adopt\u00e9s par les conseillers nationaux. - UNIVERSNEWS224\" \/>\n<meta property=\"og:description\" content=\"Les conseillers nationaux de la transition, r\u00e9unis en pl\u00e9ni\u00e8re ce mardi, 26 mars 2024, \u00e0\" \/>\n<meta property=\"og:url\" content=\"https:\/\/universnews224.com\/index.php\/cnt-deux-importants-accords-de-prets-adoptes-par-les-conseillers-nationaux\/\" \/>\n<meta property=\"og:site_name\" content=\"UNIVERSNEWS224\" \/>\n<meta property=\"article:published_time\" content=\"2024-03-26T18:08:57+00:00\" \/>\n<meta property=\"og:image\" content=\"https:\/\/universnews224.com\/wp-content\/uploads\/2024\/03\/6BE494A3-E341-40D6-8208-C08F0A185072.jpeg\" \/>\n\t<meta property=\"og:image:width\" content=\"1080\" \/>\n\t<meta property=\"og:image:height\" content=\"720\" \/>\n\t<meta property=\"og:image:type\" content=\"image\/jpeg\" \/>\n<meta name=\"author\" content=\"La R\u00e9daction\" \/>\n<meta name=\"twitter:label1\" content=\"\u00c9crit par\" \/>\n\t<meta name=\"twitter:data1\" content=\"La R\u00e9daction\" \/>\n\t<meta name=\"twitter:label2\" content=\"Dur\u00e9e de lecture estim\u00e9e\" \/>\n\t<meta name=\"twitter:data2\" content=\"5 minutes\" \/>\n<script type=\"application\/ld+json\" class=\"yoast-schema-graph\">{\"@context\":\"https:\/\/schema.org\",\"@graph\":[{\"@type\":\"Article\",\"@id\":\"https:\/\/universnews224.com\/index.php\/cnt-deux-importants-accords-de-prets-adoptes-par-les-conseillers-nationaux\/#article\",\"isPartOf\":{\"@id\":\"https:\/\/universnews224.com\/index.php\/cnt-deux-importants-accords-de-prets-adoptes-par-les-conseillers-nationaux\/\"},\"author\":{\"name\":\"La R\u00e9daction\",\"@id\":\"https:\/\/universnews224.com\/#\/schema\/person\/a4b7d4f94a4716df60456a491260485e\"},\"headline\":\"CNT: deux importants accords de pr\u00eats adopt\u00e9s par les conseillers nationaux.\",\"datePublished\":\"2024-03-26T18:08:57+00:00\",\"dateModified\":\"2024-03-26T18:08:57+00:00\",\"mainEntityOfPage\":{\"@id\":\"https:\/\/universnews224.com\/index.php\/cnt-deux-importants-accords-de-prets-adoptes-par-les-conseillers-nationaux\/\"},\"wordCount\":1001,\"publisher\":{\"@id\":\"https:\/\/universnews224.com\/#organization\"},\"keywords\":[\"La une\"],\"articleSection\":[\"ACTU\",\"POLITIQUE\"],\"inLanguage\":\"fr-FR\"},{\"@type\":\"WebPage\",\"@id\":\"https:\/\/universnews224.com\/index.php\/cnt-deux-importants-accords-de-prets-adoptes-par-les-conseillers-nationaux\/\",\"url\":\"https:\/\/universnews224.com\/index.php\/cnt-deux-importants-accords-de-prets-adoptes-par-les-conseillers-nationaux\/\",\"name\":\"CNT: deux importants accords de pr\u00eats adopt\u00e9s par les conseillers nationaux. - UNIVERSNEWS224\",\"isPartOf\":{\"@id\":\"https:\/\/universnews224.com\/#website\"},\"datePublished\":\"2024-03-26T18:08:57+00:00\",\"dateModified\":\"2024-03-26T18:08:57+00:00\",\"inLanguage\":\"fr-FR\",\"potentialAction\":[{\"@type\":\"ReadAction\",\"target\":[\"https:\/\/universnews224.com\/index.php\/cnt-deux-importants-accords-de-prets-adoptes-par-les-conseillers-nationaux\/\"]}]},{\"@type\":\"WebSite\",\"@id\":\"https:\/\/universnews224.com\/#website\",\"url\":\"https:\/\/universnews224.com\/\",\"name\":\"UNIVERSNEWS224\",\"description\":\"\",\"publisher\":{\"@id\":\"https:\/\/universnews224.com\/#organization\"},\"potentialAction\":[{\"@type\":\"SearchAction\",\"target\":{\"@type\":\"EntryPoint\",\"urlTemplate\":\"https:\/\/universnews224.com\/?s={search_term_string}\"},\"query-input\":\"required name=search_term_string\"}],\"inLanguage\":\"fr-FR\"},{\"@type\":\"Organization\",\"@id\":\"https:\/\/universnews224.com\/#organization\",\"name\":\"UNIVERSNEWS224\",\"url\":\"https:\/\/universnews224.com\/\",\"logo\":{\"@type\":\"ImageObject\",\"inLanguage\":\"fr-FR\",\"@id\":\"https:\/\/universnews224.com\/#\/schema\/logo\/image\/\",\"url\":\"https:\/\/universnews224.com\/wp-content\/uploads\/2022\/08\/cropped-cropped-logoban.jpg\",\"contentUrl\":\"https:\/\/universnews224.com\/wp-content\/uploads\/2022\/08\/cropped-cropped-logoban.jpg\",\"width\":1080,\"height\":138,\"caption\":\"UNIVERSNEWS224\"},\"image\":{\"@id\":\"https:\/\/universnews224.com\/#\/schema\/logo\/image\/\"}},{\"@type\":\"Person\",\"@id\":\"https:\/\/universnews224.com\/#\/schema\/person\/a4b7d4f94a4716df60456a491260485e\",\"name\":\"La R\u00e9daction\",\"image\":{\"@type\":\"ImageObject\",\"inLanguage\":\"fr-FR\",\"@id\":\"https:\/\/universnews224.com\/#\/schema\/person\/image\/\",\"url\":\"https:\/\/secure.gravatar.com\/avatar\/edb90acc7752b23e1b3307ad36c14f0d?s=96&d=mm&r=g\",\"contentUrl\":\"https:\/\/secure.gravatar.com\/avatar\/edb90acc7752b23e1b3307ad36c14f0d?s=96&d=mm&r=g\",\"caption\":\"La R\u00e9daction\"},\"sameAs\":[\"https:\/\/universnews224.com\"],\"url\":\"https:\/\/universnews224.com\/index.php\/author\/m-camara\/\"}]}<\/script>\n<!-- \/ Yoast SEO plugin. -->","yoast_head_json":{"title":"CNT: deux importants accords de pr\u00eats adopt\u00e9s par les conseillers nationaux. - UNIVERSNEWS224","robots":{"index":"index","follow":"follow","max-snippet":"max-snippet:-1","max-image-preview":"max-image-preview:large","max-video-preview":"max-video-preview:-1"},"canonical":"https:\/\/universnews224.com\/index.php\/cnt-deux-importants-accords-de-prets-adoptes-par-les-conseillers-nationaux\/","og_locale":"fr_FR","og_type":"article","og_title":"CNT: deux importants accords de pr\u00eats adopt\u00e9s par les conseillers nationaux. - UNIVERSNEWS224","og_description":"Les conseillers nationaux de la transition, r\u00e9unis en pl\u00e9ni\u00e8re ce mardi, 26 mars 2024, \u00e0","og_url":"https:\/\/universnews224.com\/index.php\/cnt-deux-importants-accords-de-prets-adoptes-par-les-conseillers-nationaux\/","og_site_name":"UNIVERSNEWS224","article_published_time":"2024-03-26T18:08:57+00:00","og_image":[{"width":1080,"height":720,"url":"https:\/\/universnews224.com\/wp-content\/uploads\/2024\/03\/6BE494A3-E341-40D6-8208-C08F0A185072.jpeg","type":"image\/jpeg"}],"author":"La R\u00e9daction","twitter_misc":{"\u00c9crit par":"La R\u00e9daction","Dur\u00e9e de lecture estim\u00e9e":"5 minutes"},"schema":{"@context":"https:\/\/schema.org","@graph":[{"@type":"Article","@id":"https:\/\/universnews224.com\/index.php\/cnt-deux-importants-accords-de-prets-adoptes-par-les-conseillers-nationaux\/#article","isPartOf":{"@id":"https:\/\/universnews224.com\/index.php\/cnt-deux-importants-accords-de-prets-adoptes-par-les-conseillers-nationaux\/"},"author":{"name":"La R\u00e9daction","@id":"https:\/\/universnews224.com\/#\/schema\/person\/a4b7d4f94a4716df60456a491260485e"},"headline":"CNT: deux importants accords de pr\u00eats adopt\u00e9s par les conseillers nationaux.","datePublished":"2024-03-26T18:08:57+00:00","dateModified":"2024-03-26T18:08:57+00:00","mainEntityOfPage":{"@id":"https:\/\/universnews224.com\/index.php\/cnt-deux-importants-accords-de-prets-adoptes-par-les-conseillers-nationaux\/"},"wordCount":1001,"publisher":{"@id":"https:\/\/universnews224.com\/#organization"},"keywords":["La une"],"articleSection":["ACTU","POLITIQUE"],"inLanguage":"fr-FR"},{"@type":"WebPage","@id":"https:\/\/universnews224.com\/index.php\/cnt-deux-importants-accords-de-prets-adoptes-par-les-conseillers-nationaux\/","url":"https:\/\/universnews224.com\/index.php\/cnt-deux-importants-accords-de-prets-adoptes-par-les-conseillers-nationaux\/","name":"CNT: deux importants accords de pr\u00eats adopt\u00e9s par les conseillers nationaux. - UNIVERSNEWS224","isPartOf":{"@id":"https:\/\/universnews224.com\/#website"},"datePublished":"2024-03-26T18:08:57+00:00","dateModified":"2024-03-26T18:08:57+00:00","inLanguage":"fr-FR","potentialAction":[{"@type":"ReadAction","target":["https:\/\/universnews224.com\/index.php\/cnt-deux-importants-accords-de-prets-adoptes-par-les-conseillers-nationaux\/"]}]},{"@type":"WebSite","@id":"https:\/\/universnews224.com\/#website","url":"https:\/\/universnews224.com\/","name":"UNIVERSNEWS224","description":"","publisher":{"@id":"https:\/\/universnews224.com\/#organization"},"potentialAction":[{"@type":"SearchAction","target":{"@type":"EntryPoint","urlTemplate":"https:\/\/universnews224.com\/?s={search_term_string}"},"query-input":"required name=search_term_string"}],"inLanguage":"fr-FR"},{"@type":"Organization","@id":"https:\/\/universnews224.com\/#organization","name":"UNIVERSNEWS224","url":"https:\/\/universnews224.com\/","logo":{"@type":"ImageObject","inLanguage":"fr-FR","@id":"https:\/\/universnews224.com\/#\/schema\/logo\/image\/","url":"https:\/\/universnews224.com\/wp-content\/uploads\/2022\/08\/cropped-cropped-logoban.jpg","contentUrl":"https:\/\/universnews224.com\/wp-content\/uploads\/2022\/08\/cropped-cropped-logoban.jpg","width":1080,"height":138,"caption":"UNIVERSNEWS224"},"image":{"@id":"https:\/\/universnews224.com\/#\/schema\/logo\/image\/"}},{"@type":"Person","@id":"https:\/\/universnews224.com\/#\/schema\/person\/a4b7d4f94a4716df60456a491260485e","name":"La R\u00e9daction","image":{"@type":"ImageObject","inLanguage":"fr-FR","@id":"https:\/\/universnews224.com\/#\/schema\/person\/image\/","url":"https:\/\/secure.gravatar.com\/avatar\/edb90acc7752b23e1b3307ad36c14f0d?s=96&d=mm&r=g","contentUrl":"https:\/\/secure.gravatar.com\/avatar\/edb90acc7752b23e1b3307ad36c14f0d?s=96&d=mm&r=g","caption":"La R\u00e9daction"},"sameAs":["https:\/\/universnews224.com"],"url":"https:\/\/universnews224.com\/index.php\/author\/m-camara\/"}]}},"_links":{"self":[{"href":"https:\/\/universnews224.com\/index.php\/wp-json\/wp\/v2\/posts\/5461"}],"collection":[{"href":"https:\/\/universnews224.com\/index.php\/wp-json\/wp\/v2\/posts"}],"about":[{"href":"https:\/\/universnews224.com\/index.php\/wp-json\/wp\/v2\/types\/post"}],"author":[{"embeddable":true,"href":"https:\/\/universnews224.com\/index.php\/wp-json\/wp\/v2\/users\/2"}],"replies":[{"embeddable":true,"href":"https:\/\/universnews224.com\/index.php\/wp-json\/wp\/v2\/comments?post=5461"}],"version-history":[{"count":1,"href":"https:\/\/universnews224.com\/index.php\/wp-json\/wp\/v2\/posts\/5461\/revisions"}],"predecessor-version":[{"id":5463,"href":"https:\/\/universnews224.com\/index.php\/wp-json\/wp\/v2\/posts\/5461\/revisions\/5463"}],"wp:featuredmedia":[{"embeddable":true,"href":"https:\/\/universnews224.com\/index.php\/wp-json\/wp\/v2\/media\/5462"}],"wp:attachment":[{"href":"https:\/\/universnews224.com\/index.php\/wp-json\/wp\/v2\/media?parent=5461"}],"wp:term":[{"taxonomy":"category","embeddable":true,"href":"https:\/\/universnews224.com\/index.php\/wp-json\/wp\/v2\/categories?post=5461"},{"taxonomy":"post_tag","embeddable":true,"href":"https:\/\/universnews224.com\/index.php\/wp-json\/wp\/v2\/tags?post=5461"}],"curies":[{"name":"wp","href":"https:\/\/api.w.org\/{rel}","templated":true}]}}