{"id":5692,"date":"2024-05-17T23:12:10","date_gmt":"2024-05-17T22:12:10","guid":{"rendered":"https:\/\/universnews224.com\/?p=5692"},"modified":"2024-05-17T23:12:10","modified_gmt":"2024-05-17T22:12:10","slug":"me-mory-doumbouya-sur-la-condamnation-mamoudou-cifoke-toure-le-sentiment-de-la-defense-est-un-sentiment-mitige","status":"publish","type":"post","link":"https:\/\/universnews224.com\/index.php\/me-mory-doumbouya-sur-la-condamnation-mamoudou-cifoke-toure-le-sentiment-de-la-defense-est-un-sentiment-mitige\/","title":{"rendered":"Me. Mory Doumbouya sur la condamnation Mamoudou Cifok\u00e8 Tour\u00e9: \u201cLe sentiment de la d\u00e9fense est un sentiment mitig\u00e9\u201d."},"content":{"rendered":"<p class=\"p1\">Le porte-parole des sinistr\u00e9s de l\u2019explosion du d\u00e9p\u00f4t central des hydrocarbures de Kaloum a \u00e9t\u00e9 condamn\u00e9 ce vendredi, 17 mai 2024, \u00e0 trois (3) mois assortis de sursis par le tribunal de premi\u00e8re instance de Kaloum.<\/p>\n<p class=\"p1\"><span class=\"s1\">R\u00e9gissant sur ce verdict rendu par le tribunal de premi\u00e8re instance de Kaloum chez nos confr\u00e8res de Djoma m\u00e9dia, de ce vendredi, 17 mai 2024, Me. Mory Doumbouya, l\u2019un des avocats de Mamoudou Cifok\u00e8 Tour\u00e9 se dit d\u00e9\u00e7u par cette d\u00e9cision. <\/span><\/p>\n<p class=\"p1\"><span class=\"s1\">\u201cLe sentiment de la d\u00e9fense est un sentiment mitig\u00e9 parce que les choses sont claires pour nous les avocats de Mamoudou Cifok\u00e8 Tour\u00e9. Le verdict n\u2019a pas pris en compte les moyens pertinents articul\u00e9s par nous au cours de nos plaidoiries. N\u00e9anmoins, le verdict est une condamnation de 3 mois assortis de sursis. Il a regagn\u00e9 son domicile. Nous avons une s\u00e9ance de travail avec lui pour discuter de la suite \u00e0 donner. Nous nous r\u00e9jouissons du fait seulement qu\u2019il soit remis en libert\u00e9. Mais pour la pertinence des \u00e9l\u00e9ments ayant provoqu\u00e9 cette condamnation, la d\u00e9fense reste r\u00e9server parce que pour nous, il n y avait aucune incrimination. En r\u00e9alit\u00e9, on a estim\u00e9 que les poursuites constituaient une sorte de man\u0153uvre d\u2019intimidation pour faire taire\u201d, a t-il ass\u00e9n\u00e9. <\/span><\/p>\n<p class=\"p1\"><span class=\"s1\">A rappeler que Cifo \u00e9tait poursuivi pour des faits\u00a0\u00ab\u00a0d\u2019outrage, d\u2019injures, de diffamation, d\u2019atteinte \u00e0 l\u2019ordre public,\u00a0 menace et incitation \u00e0 la violence\u00a0\u00bb. <\/span><\/p>\n<p class=\"p1\">\n","protected":false},"excerpt":{"rendered":"<p>Le porte-parole des sinistr\u00e9s de l\u2019explosion du d\u00e9p\u00f4t central des hydrocarbures de Kaloum a \u00e9t\u00e9<\/p>\n","protected":false},"author":2,"featured_media":5693,"comment_status":"closed","ping_status":"open","sticky":false,"template":"","format":"standard","meta":[],"categories":[3,5],"tags":[229],"yoast_head":"<!-- This site is optimized with the Yoast SEO plugin v19.13 - https:\/\/yoast.com\/wordpress\/plugins\/seo\/ -->\n<title>Me. Mory Doumbouya sur la condamnation Mamoudou Cifok\u00e8 Tour\u00e9: \u201cLe sentiment de la d\u00e9fense est un sentiment mitig\u00e9\u201d. - UNIVERSNEWS224<\/title>\n<meta name=\"robots\" content=\"index, follow, max-snippet:-1, max-image-preview:large, max-video-preview:-1\" \/>\n<link rel=\"canonical\" href=\"https:\/\/universnews224.com\/index.php\/me-mory-doumbouya-sur-la-condamnation-mamoudou-cifoke-toure-le-sentiment-de-la-defense-est-un-sentiment-mitige\/\" \/>\n<meta property=\"og:locale\" content=\"fr_FR\" \/>\n<meta property=\"og:type\" content=\"article\" \/>\n<meta property=\"og:title\" content=\"Me. Mory Doumbouya sur la condamnation Mamoudou Cifok\u00e8 Tour\u00e9: \u201cLe sentiment de la d\u00e9fense est un sentiment mitig\u00e9\u201d. - UNIVERSNEWS224\" \/>\n<meta property=\"og:description\" content=\"Le porte-parole des sinistr\u00e9s de l\u2019explosion du d\u00e9p\u00f4t central des hydrocarbures de Kaloum a \u00e9t\u00e9\" \/>\n<meta property=\"og:url\" content=\"https:\/\/universnews224.com\/index.php\/me-mory-doumbouya-sur-la-condamnation-mamoudou-cifoke-toure-le-sentiment-de-la-defense-est-un-sentiment-mitige\/\" \/>\n<meta property=\"og:site_name\" content=\"UNIVERSNEWS224\" \/>\n<meta property=\"article:published_time\" content=\"2024-05-17T22:12:10+00:00\" \/>\n<meta property=\"og:image\" content=\"https:\/\/universnews224.com\/wp-content\/uploads\/2024\/05\/D3875E45-4190-4F7F-AE38-DC5C33D65986.jpeg\" \/>\n\t<meta property=\"og:image:width\" content=\"620\" \/>\n\t<meta property=\"og:image:height\" content=\"413\" \/>\n\t<meta property=\"og:image:type\" content=\"image\/jpeg\" \/>\n<meta name=\"author\" content=\"La R\u00e9daction\" \/>\n<meta name=\"twitter:label1\" content=\"\u00c9crit par\" \/>\n\t<meta name=\"twitter:data1\" content=\"La R\u00e9daction\" \/>\n\t<meta name=\"twitter:label2\" content=\"Dur\u00e9e de lecture estim\u00e9e\" \/>\n\t<meta name=\"twitter:data2\" content=\"2 minutes\" \/>\n<script type=\"application\/ld+json\" class=\"yoast-schema-graph\">{\"@context\":\"https:\/\/schema.org\",\"@graph\":[{\"@type\":\"Article\",\"@id\":\"https:\/\/universnews224.com\/index.php\/me-mory-doumbouya-sur-la-condamnation-mamoudou-cifoke-toure-le-sentiment-de-la-defense-est-un-sentiment-mitige\/#article\",\"isPartOf\":{\"@id\":\"https:\/\/universnews224.com\/index.php\/me-mory-doumbouya-sur-la-condamnation-mamoudou-cifoke-toure-le-sentiment-de-la-defense-est-un-sentiment-mitige\/\"},\"author\":{\"name\":\"La R\u00e9daction\",\"@id\":\"https:\/\/universnews224.com\/#\/schema\/person\/a4b7d4f94a4716df60456a491260485e\"},\"headline\":\"Me. Mory Doumbouya sur la condamnation Mamoudou Cifok\u00e8 Tour\u00e9: \u201cLe sentiment de la d\u00e9fense est un sentiment mitig\u00e9\u201d.\",\"datePublished\":\"2024-05-17T22:12:10+00:00\",\"dateModified\":\"2024-05-17T22:12:10+00:00\",\"mainEntityOfPage\":{\"@id\":\"https:\/\/universnews224.com\/index.php\/me-mory-doumbouya-sur-la-condamnation-mamoudou-cifoke-toure-le-sentiment-de-la-defense-est-un-sentiment-mitige\/\"},\"wordCount\":267,\"publisher\":{\"@id\":\"https:\/\/universnews224.com\/#organization\"},\"keywords\":[\"La une\"],\"articleSection\":[\"ACTU\",\"SOCI\u00c9T\u00c9\"],\"inLanguage\":\"fr-FR\"},{\"@type\":\"WebPage\",\"@id\":\"https:\/\/universnews224.com\/index.php\/me-mory-doumbouya-sur-la-condamnation-mamoudou-cifoke-toure-le-sentiment-de-la-defense-est-un-sentiment-mitige\/\",\"url\":\"https:\/\/universnews224.com\/index.php\/me-mory-doumbouya-sur-la-condamnation-mamoudou-cifoke-toure-le-sentiment-de-la-defense-est-un-sentiment-mitige\/\",\"name\":\"Me. Mory Doumbouya sur la condamnation Mamoudou Cifok\u00e8 Tour\u00e9: \u201cLe sentiment de la d\u00e9fense est un sentiment mitig\u00e9\u201d. - UNIVERSNEWS224\",\"isPartOf\":{\"@id\":\"https:\/\/universnews224.com\/#website\"},\"datePublished\":\"2024-05-17T22:12:10+00:00\",\"dateModified\":\"2024-05-17T22:12:10+00:00\",\"inLanguage\":\"fr-FR\",\"potentialAction\":[{\"@type\":\"ReadAction\",\"target\":[\"https:\/\/universnews224.com\/index.php\/me-mory-doumbouya-sur-la-condamnation-mamoudou-cifoke-toure-le-sentiment-de-la-defense-est-un-sentiment-mitige\/\"]}]},{\"@type\":\"WebSite\",\"@id\":\"https:\/\/universnews224.com\/#website\",\"url\":\"https:\/\/universnews224.com\/\",\"name\":\"UNIVERSNEWS224\",\"description\":\"\",\"publisher\":{\"@id\":\"https:\/\/universnews224.com\/#organization\"},\"potentialAction\":[{\"@type\":\"SearchAction\",\"target\":{\"@type\":\"EntryPoint\",\"urlTemplate\":\"https:\/\/universnews224.com\/?s={search_term_string}\"},\"query-input\":\"required name=search_term_string\"}],\"inLanguage\":\"fr-FR\"},{\"@type\":\"Organization\",\"@id\":\"https:\/\/universnews224.com\/#organization\",\"name\":\"UNIVERSNEWS224\",\"url\":\"https:\/\/universnews224.com\/\",\"logo\":{\"@type\":\"ImageObject\",\"inLanguage\":\"fr-FR\",\"@id\":\"https:\/\/universnews224.com\/#\/schema\/logo\/image\/\",\"url\":\"https:\/\/universnews224.com\/wp-content\/uploads\/2022\/08\/cropped-cropped-logoban.jpg\",\"contentUrl\":\"https:\/\/universnews224.com\/wp-content\/uploads\/2022\/08\/cropped-cropped-logoban.jpg\",\"width\":1080,\"height\":138,\"caption\":\"UNIVERSNEWS224\"},\"image\":{\"@id\":\"https:\/\/universnews224.com\/#\/schema\/logo\/image\/\"}},{\"@type\":\"Person\",\"@id\":\"https:\/\/universnews224.com\/#\/schema\/person\/a4b7d4f94a4716df60456a491260485e\",\"name\":\"La R\u00e9daction\",\"image\":{\"@type\":\"ImageObject\",\"inLanguage\":\"fr-FR\",\"@id\":\"https:\/\/universnews224.com\/#\/schema\/person\/image\/\",\"url\":\"https:\/\/secure.gravatar.com\/avatar\/edb90acc7752b23e1b3307ad36c14f0d?s=96&d=mm&r=g\",\"contentUrl\":\"https:\/\/secure.gravatar.com\/avatar\/edb90acc7752b23e1b3307ad36c14f0d?s=96&d=mm&r=g\",\"caption\":\"La R\u00e9daction\"},\"sameAs\":[\"https:\/\/universnews224.com\"],\"url\":\"https:\/\/universnews224.com\/index.php\/author\/m-camara\/\"}]}<\/script>\n<!-- \/ Yoast SEO plugin. -->","yoast_head_json":{"title":"Me. Mory Doumbouya sur la condamnation Mamoudou Cifok\u00e8 Tour\u00e9: \u201cLe sentiment de la d\u00e9fense est un sentiment mitig\u00e9\u201d. - UNIVERSNEWS224","robots":{"index":"index","follow":"follow","max-snippet":"max-snippet:-1","max-image-preview":"max-image-preview:large","max-video-preview":"max-video-preview:-1"},"canonical":"https:\/\/universnews224.com\/index.php\/me-mory-doumbouya-sur-la-condamnation-mamoudou-cifoke-toure-le-sentiment-de-la-defense-est-un-sentiment-mitige\/","og_locale":"fr_FR","og_type":"article","og_title":"Me. Mory Doumbouya sur la condamnation Mamoudou Cifok\u00e8 Tour\u00e9: \u201cLe sentiment de la d\u00e9fense est un sentiment mitig\u00e9\u201d. - UNIVERSNEWS224","og_description":"Le porte-parole des sinistr\u00e9s de l\u2019explosion du d\u00e9p\u00f4t central des hydrocarbures de Kaloum a \u00e9t\u00e9","og_url":"https:\/\/universnews224.com\/index.php\/me-mory-doumbouya-sur-la-condamnation-mamoudou-cifoke-toure-le-sentiment-de-la-defense-est-un-sentiment-mitige\/","og_site_name":"UNIVERSNEWS224","article_published_time":"2024-05-17T22:12:10+00:00","og_image":[{"width":620,"height":413,"url":"https:\/\/universnews224.com\/wp-content\/uploads\/2024\/05\/D3875E45-4190-4F7F-AE38-DC5C33D65986.jpeg","type":"image\/jpeg"}],"author":"La R\u00e9daction","twitter_misc":{"\u00c9crit par":"La R\u00e9daction","Dur\u00e9e de lecture estim\u00e9e":"2 minutes"},"schema":{"@context":"https:\/\/schema.org","@graph":[{"@type":"Article","@id":"https:\/\/universnews224.com\/index.php\/me-mory-doumbouya-sur-la-condamnation-mamoudou-cifoke-toure-le-sentiment-de-la-defense-est-un-sentiment-mitige\/#article","isPartOf":{"@id":"https:\/\/universnews224.com\/index.php\/me-mory-doumbouya-sur-la-condamnation-mamoudou-cifoke-toure-le-sentiment-de-la-defense-est-un-sentiment-mitige\/"},"author":{"name":"La R\u00e9daction","@id":"https:\/\/universnews224.com\/#\/schema\/person\/a4b7d4f94a4716df60456a491260485e"},"headline":"Me. Mory Doumbouya sur la condamnation Mamoudou Cifok\u00e8 Tour\u00e9: \u201cLe sentiment de la d\u00e9fense est un sentiment mitig\u00e9\u201d.","datePublished":"2024-05-17T22:12:10+00:00","dateModified":"2024-05-17T22:12:10+00:00","mainEntityOfPage":{"@id":"https:\/\/universnews224.com\/index.php\/me-mory-doumbouya-sur-la-condamnation-mamoudou-cifoke-toure-le-sentiment-de-la-defense-est-un-sentiment-mitige\/"},"wordCount":267,"publisher":{"@id":"https:\/\/universnews224.com\/#organization"},"keywords":["La une"],"articleSection":["ACTU","SOCI\u00c9T\u00c9"],"inLanguage":"fr-FR"},{"@type":"WebPage","@id":"https:\/\/universnews224.com\/index.php\/me-mory-doumbouya-sur-la-condamnation-mamoudou-cifoke-toure-le-sentiment-de-la-defense-est-un-sentiment-mitige\/","url":"https:\/\/universnews224.com\/index.php\/me-mory-doumbouya-sur-la-condamnation-mamoudou-cifoke-toure-le-sentiment-de-la-defense-est-un-sentiment-mitige\/","name":"Me. Mory Doumbouya sur la condamnation Mamoudou Cifok\u00e8 Tour\u00e9: \u201cLe sentiment de la d\u00e9fense est un sentiment mitig\u00e9\u201d. - UNIVERSNEWS224","isPartOf":{"@id":"https:\/\/universnews224.com\/#website"},"datePublished":"2024-05-17T22:12:10+00:00","dateModified":"2024-05-17T22:12:10+00:00","inLanguage":"fr-FR","potentialAction":[{"@type":"ReadAction","target":["https:\/\/universnews224.com\/index.php\/me-mory-doumbouya-sur-la-condamnation-mamoudou-cifoke-toure-le-sentiment-de-la-defense-est-un-sentiment-mitige\/"]}]},{"@type":"WebSite","@id":"https:\/\/universnews224.com\/#website","url":"https:\/\/universnews224.com\/","name":"UNIVERSNEWS224","description":"","publisher":{"@id":"https:\/\/universnews224.com\/#organization"},"potentialAction":[{"@type":"SearchAction","target":{"@type":"EntryPoint","urlTemplate":"https:\/\/universnews224.com\/?s={search_term_string}"},"query-input":"required name=search_term_string"}],"inLanguage":"fr-FR"},{"@type":"Organization","@id":"https:\/\/universnews224.com\/#organization","name":"UNIVERSNEWS224","url":"https:\/\/universnews224.com\/","logo":{"@type":"ImageObject","inLanguage":"fr-FR","@id":"https:\/\/universnews224.com\/#\/schema\/logo\/image\/","url":"https:\/\/universnews224.com\/wp-content\/uploads\/2022\/08\/cropped-cropped-logoban.jpg","contentUrl":"https:\/\/universnews224.com\/wp-content\/uploads\/2022\/08\/cropped-cropped-logoban.jpg","width":1080,"height":138,"caption":"UNIVERSNEWS224"},"image":{"@id":"https:\/\/universnews224.com\/#\/schema\/logo\/image\/"}},{"@type":"Person","@id":"https:\/\/universnews224.com\/#\/schema\/person\/a4b7d4f94a4716df60456a491260485e","name":"La R\u00e9daction","image":{"@type":"ImageObject","inLanguage":"fr-FR","@id":"https:\/\/universnews224.com\/#\/schema\/person\/image\/","url":"https:\/\/secure.gravatar.com\/avatar\/edb90acc7752b23e1b3307ad36c14f0d?s=96&d=mm&r=g","contentUrl":"https:\/\/secure.gravatar.com\/avatar\/edb90acc7752b23e1b3307ad36c14f0d?s=96&d=mm&r=g","caption":"La R\u00e9daction"},"sameAs":["https:\/\/universnews224.com"],"url":"https:\/\/universnews224.com\/index.php\/author\/m-camara\/"}]}},"_links":{"self":[{"href":"https:\/\/universnews224.com\/index.php\/wp-json\/wp\/v2\/posts\/5692"}],"collection":[{"href":"https:\/\/universnews224.com\/index.php\/wp-json\/wp\/v2\/posts"}],"about":[{"href":"https:\/\/universnews224.com\/index.php\/wp-json\/wp\/v2\/types\/post"}],"author":[{"embeddable":true,"href":"https:\/\/universnews224.com\/index.php\/wp-json\/wp\/v2\/users\/2"}],"replies":[{"embeddable":true,"href":"https:\/\/universnews224.com\/index.php\/wp-json\/wp\/v2\/comments?post=5692"}],"version-history":[{"count":1,"href":"https:\/\/universnews224.com\/index.php\/wp-json\/wp\/v2\/posts\/5692\/revisions"}],"predecessor-version":[{"id":5694,"href":"https:\/\/universnews224.com\/index.php\/wp-json\/wp\/v2\/posts\/5692\/revisions\/5694"}],"wp:featuredmedia":[{"embeddable":true,"href":"https:\/\/universnews224.com\/index.php\/wp-json\/wp\/v2\/media\/5693"}],"wp:attachment":[{"href":"https:\/\/universnews224.com\/index.php\/wp-json\/wp\/v2\/media?parent=5692"}],"wp:term":[{"taxonomy":"category","embeddable":true,"href":"https:\/\/universnews224.com\/index.php\/wp-json\/wp\/v2\/categories?post=5692"},{"taxonomy":"post_tag","embeddable":true,"href":"https:\/\/universnews224.com\/index.php\/wp-json\/wp\/v2\/tags?post=5692"}],"curies":[{"name":"wp","href":"https:\/\/api.w.org\/{rel}","templated":true}]}}