{"id":5718,"date":"2024-05-22T21:22:28","date_gmt":"2024-05-22T20:22:28","guid":{"rendered":"https:\/\/universnews224.com\/?p=5718"},"modified":"2024-05-22T21:22:28","modified_gmt":"2024-05-22T20:22:28","slug":"aboubacar-camara-sur-le-retrait-des-licences-de-fim-espace-sweet-et-djoma-fm-on-na-pas-interet-a-se-bomber-le-torse-on-va-aller-negocier","status":"publish","type":"post","link":"https:\/\/universnews224.com\/index.php\/aboubacar-camara-sur-le-retrait-des-licences-de-fim-espace-sweet-et-djoma-fm-on-na-pas-interet-a-se-bomber-le-torse-on-va-aller-negocier\/","title":{"rendered":"Aboubacar Camara sur le retrait des licences de FIM, Espace, Sweet et Djoma FM : \u2018\u2019On n\u2019a pas int\u00e9r\u00eat \u00e0 se bomber le torse. On va aller n\u00e9gocier\u2019\u2019"},"content":{"rendered":"<p>Contre toute attente ce mercredi 22 mai 2024, les autorit\u00e9s de la transition, \u00e0 travers un arr\u00eat\u00e9 du ministre de l\u2019information et de la communication, Fana Soumah, ont d\u00e9cid\u00e9 du retrait des licences de FIM FM, Djoma m\u00e9dias, Espace et Sweet FM. Le pr\u00e9sident de l\u2019Union des Radios et T\u00e9l\u00e9visions Libres de Guin\u00e9e (URTELGUI) a appris la tristesse nouvelle, alors que les patrons de presse se r\u00e9unissaient \u00e0 la maison commune des journalistes, pour annoncer la mise en place d\u2019un organe d\u2019autor\u00e9gulation.<\/p>\n<p>Pour Aboubacar Camara, pr\u00e9sident du Conseil d\u2019administration de la maison de la presse de Guin\u00e9e, ce retrait d\u2019agr\u00e9ment n\u2019est pas du v\u0153u des associations professionnelles de m\u00e9dias.<\/p>\n<p>\u201c<\/p>\n<p>\u00c7a veut dire qu\u2019on pensait qu\u2019on avait fini une partie avec la mise en place de cet observatoire, mais il va falloir retrousser les manches pour repartir sur le terrain, pour comprendre d\u2019abord ce qui s\u2019est pass\u00e9 ou ce qui est en train de se passer. C\u2019est pourquoi, aujourd\u2019hui, il est important que les journalistes comprennent qu\u2019il ne saurait y avoir de journalistes sans m\u00e9dias, ni de travailleurs sans travail. Il faut donc sortir de ces consid\u00e9rations. Aujourd\u2019hui, nous voulons avoir une presse unie. Vous avez vu l\u2019\u00e9lan qui a \u00e9t\u00e9 donn\u00e9, m\u00eame la presse priv\u00e9e est repr\u00e9sent\u00e9e pour qu\u2019enfin, on parle d\u2019une presse nationale en Guin\u00e9e et non d\u2019une presse priv\u00e9e et publique\u2019\u2019, a fait savoir le patron de l\u2019URTELGUI.<\/p>\n<div class=\"jeg_ad jeg_ad_article jnews_content_inline_3_ads \">\n<div class=\"ads-wrapper align-center \"><\/div>\n<\/div>\n<p>Face \u00e0 cette situation, il annonc\u00e9 que les associations de presse sont en train de s\u2019organiser pour faire face \u00e0 cette nouvelle \u00e9preuve. Selon Aboubacar Camara, dans les situations de transition, partout dans le monde, ce sont des p\u00e9riodes o\u00f9 la presse est appel\u00e9e \u00e0 jouer un grand r\u00f4le.<\/p>\n<p>\u2018\u2019C\u2019est ce que nous essayons de faire. Nous allons entamer des n\u00e9gociations avec les autorit\u00e9s pour comprendre et avancer. Notre objectif est que tous les m\u00e9dias se sentent libres d\u2019exercer\u2019\u2019, dira-t-il, avant de mettre en \u00e9vidence, l\u2019importance d\u2019une r\u00e9ponse mesur\u00e9e et strat\u00e9gique face \u00e0 cette crise.<\/p>\n<p>\u2018\u2019Nous sommes en train de nous organiser. Dans les situations de transition partout dans le monde, ce sont des p\u00e9riodes o\u00f9 la presse est appel\u00e9e \u00e0 jouer un grand r\u00f4le. C\u2019est ce que nous essayons de faire. Comme nous l\u2019avons d\u00e9j\u00e0 dit et nous le dirons encore au besoin, nous nous retirons dans le sens des n\u00e9gociations avec les autorit\u00e9s pour comprendre et avancer. Notre objectif, c\u2019est que tous les m\u00e9dias se sentent libres en termes d\u2019exercice\u2019\u2019, a-t-il mentionn\u00e9.<\/p>\n<p>\u2018\u2019Si nous essayons de mettre un organe entre les journalistes et la HAC \u00e0 l\u2019effet de r\u00e9cup\u00e9rer la balle au rebond dans l\u2019exercice de notre profession, il ne faudrait pas que la faille vienne des m\u00e9dias, encore moins des journalistes ou d\u2019un syndicat. Et l\u00e0, il y a p\u00e9ril en la demeure, parce qu\u2019on nous annonce le retrait durement, ce qui rend caduque l\u2019exercice de l\u2019ensemble de ces m\u00e9dias. Vous pensez que c\u2019est en allant insulter ou jeter des cailloux qu\u2019on va r\u00e9soudre ce probl\u00e8me ? Ceux qui ont investi leur argent pour cr\u00e9er ces m\u00e9dias, vous pensez \u00eatre plus royalistes que ces gens ? Ce n\u2019est pas possible, il faut que les gens le comprennent. Si on ne recule pas, la situation va aller crescendo. On n\u2019a pas int\u00e9r\u00eat \u00e0 se bomber le torse. On va aller n\u00e9gocier et on fera en sorte que la presse vive et elle vivra\u2019\u2019, a d\u00e9clar\u00e9 Aboubacar Camara.<\/p>\n<p>Lerev<\/p>\n","protected":false},"excerpt":{"rendered":"<p>Contre toute attente ce mercredi 22 mai 2024, les autorit\u00e9s de la transition, \u00e0 travers<\/p>\n","protected":false},"author":2,"featured_media":5719,"comment_status":"closed","ping_status":"open","sticky":false,"template":"","format":"standard","meta":[],"categories":[3,5],"tags":[229],"yoast_head":"<!-- This site is optimized with the Yoast SEO plugin v19.13 - https:\/\/yoast.com\/wordpress\/plugins\/seo\/ -->\n<title>Aboubacar Camara sur le retrait des licences de FIM, Espace, Sweet et Djoma FM : \u2018\u2019On n\u2019a pas int\u00e9r\u00eat \u00e0 se bomber le torse. On va aller n\u00e9gocier\u2019\u2019 - UNIVERSNEWS224<\/title>\n<meta name=\"robots\" content=\"index, follow, max-snippet:-1, max-image-preview:large, max-video-preview:-1\" \/>\n<link rel=\"canonical\" href=\"https:\/\/universnews224.com\/index.php\/aboubacar-camara-sur-le-retrait-des-licences-de-fim-espace-sweet-et-djoma-fm-on-na-pas-interet-a-se-bomber-le-torse-on-va-aller-negocier\/\" \/>\n<meta property=\"og:locale\" content=\"fr_FR\" \/>\n<meta property=\"og:type\" content=\"article\" \/>\n<meta property=\"og:title\" content=\"Aboubacar Camara sur le retrait des licences de FIM, Espace, Sweet et Djoma FM : \u2018\u2019On n\u2019a pas int\u00e9r\u00eat \u00e0 se bomber le torse. On va aller n\u00e9gocier\u2019\u2019 - UNIVERSNEWS224\" \/>\n<meta property=\"og:description\" content=\"Contre toute attente ce mercredi 22 mai 2024, les autorit\u00e9s de la transition, \u00e0 travers\" \/>\n<meta property=\"og:url\" content=\"https:\/\/universnews224.com\/index.php\/aboubacar-camara-sur-le-retrait-des-licences-de-fim-espace-sweet-et-djoma-fm-on-na-pas-interet-a-se-bomber-le-torse-on-va-aller-negocier\/\" \/>\n<meta property=\"og:site_name\" content=\"UNIVERSNEWS224\" \/>\n<meta property=\"article:published_time\" content=\"2024-05-22T20:22:28+00:00\" \/>\n<meta property=\"og:image\" content=\"https:\/\/universnews224.com\/wp-content\/uploads\/2024\/05\/639278C5-D106-4B76-8653-6A1A4472F5DA.jpeg\" \/>\n\t<meta property=\"og:image:width\" content=\"800\" \/>\n\t<meta property=\"og:image:height\" content=\"491\" \/>\n\t<meta property=\"og:image:type\" content=\"image\/jpeg\" \/>\n<meta name=\"author\" content=\"La R\u00e9daction\" \/>\n<meta name=\"twitter:label1\" content=\"\u00c9crit par\" \/>\n\t<meta name=\"twitter:data1\" content=\"La R\u00e9daction\" \/>\n\t<meta name=\"twitter:label2\" content=\"Dur\u00e9e de lecture estim\u00e9e\" \/>\n\t<meta name=\"twitter:data2\" content=\"3 minutes\" \/>\n<script type=\"application\/ld+json\" class=\"yoast-schema-graph\">{\"@context\":\"https:\/\/schema.org\",\"@graph\":[{\"@type\":\"Article\",\"@id\":\"https:\/\/universnews224.com\/index.php\/aboubacar-camara-sur-le-retrait-des-licences-de-fim-espace-sweet-et-djoma-fm-on-na-pas-interet-a-se-bomber-le-torse-on-va-aller-negocier\/#article\",\"isPartOf\":{\"@id\":\"https:\/\/universnews224.com\/index.php\/aboubacar-camara-sur-le-retrait-des-licences-de-fim-espace-sweet-et-djoma-fm-on-na-pas-interet-a-se-bomber-le-torse-on-va-aller-negocier\/\"},\"author\":{\"name\":\"La R\u00e9daction\",\"@id\":\"https:\/\/universnews224.com\/#\/schema\/person\/a4b7d4f94a4716df60456a491260485e\"},\"headline\":\"Aboubacar Camara sur le retrait des licences de FIM, Espace, Sweet et Djoma FM : \u2018\u2019On n\u2019a pas int\u00e9r\u00eat \u00e0 se bomber le torse. On va aller n\u00e9gocier\u2019\u2019\",\"datePublished\":\"2024-05-22T20:22:28+00:00\",\"dateModified\":\"2024-05-22T20:22:28+00:00\",\"mainEntityOfPage\":{\"@id\":\"https:\/\/universnews224.com\/index.php\/aboubacar-camara-sur-le-retrait-des-licences-de-fim-espace-sweet-et-djoma-fm-on-na-pas-interet-a-se-bomber-le-torse-on-va-aller-negocier\/\"},\"wordCount\":668,\"publisher\":{\"@id\":\"https:\/\/universnews224.com\/#organization\"},\"keywords\":[\"La une\"],\"articleSection\":[\"ACTU\",\"SOCI\u00c9T\u00c9\"],\"inLanguage\":\"fr-FR\"},{\"@type\":\"WebPage\",\"@id\":\"https:\/\/universnews224.com\/index.php\/aboubacar-camara-sur-le-retrait-des-licences-de-fim-espace-sweet-et-djoma-fm-on-na-pas-interet-a-se-bomber-le-torse-on-va-aller-negocier\/\",\"url\":\"https:\/\/universnews224.com\/index.php\/aboubacar-camara-sur-le-retrait-des-licences-de-fim-espace-sweet-et-djoma-fm-on-na-pas-interet-a-se-bomber-le-torse-on-va-aller-negocier\/\",\"name\":\"Aboubacar Camara sur le retrait des licences de FIM, Espace, Sweet et Djoma FM : \u2018\u2019On n\u2019a pas int\u00e9r\u00eat \u00e0 se bomber le torse. On va aller n\u00e9gocier\u2019\u2019 - UNIVERSNEWS224\",\"isPartOf\":{\"@id\":\"https:\/\/universnews224.com\/#website\"},\"datePublished\":\"2024-05-22T20:22:28+00:00\",\"dateModified\":\"2024-05-22T20:22:28+00:00\",\"inLanguage\":\"fr-FR\",\"potentialAction\":[{\"@type\":\"ReadAction\",\"target\":[\"https:\/\/universnews224.com\/index.php\/aboubacar-camara-sur-le-retrait-des-licences-de-fim-espace-sweet-et-djoma-fm-on-na-pas-interet-a-se-bomber-le-torse-on-va-aller-negocier\/\"]}]},{\"@type\":\"WebSite\",\"@id\":\"https:\/\/universnews224.com\/#website\",\"url\":\"https:\/\/universnews224.com\/\",\"name\":\"UNIVERSNEWS224\",\"description\":\"\",\"publisher\":{\"@id\":\"https:\/\/universnews224.com\/#organization\"},\"potentialAction\":[{\"@type\":\"SearchAction\",\"target\":{\"@type\":\"EntryPoint\",\"urlTemplate\":\"https:\/\/universnews224.com\/?s={search_term_string}\"},\"query-input\":\"required name=search_term_string\"}],\"inLanguage\":\"fr-FR\"},{\"@type\":\"Organization\",\"@id\":\"https:\/\/universnews224.com\/#organization\",\"name\":\"UNIVERSNEWS224\",\"url\":\"https:\/\/universnews224.com\/\",\"logo\":{\"@type\":\"ImageObject\",\"inLanguage\":\"fr-FR\",\"@id\":\"https:\/\/universnews224.com\/#\/schema\/logo\/image\/\",\"url\":\"https:\/\/universnews224.com\/wp-content\/uploads\/2022\/08\/cropped-cropped-logoban.jpg\",\"contentUrl\":\"https:\/\/universnews224.com\/wp-content\/uploads\/2022\/08\/cropped-cropped-logoban.jpg\",\"width\":1080,\"height\":138,\"caption\":\"UNIVERSNEWS224\"},\"image\":{\"@id\":\"https:\/\/universnews224.com\/#\/schema\/logo\/image\/\"}},{\"@type\":\"Person\",\"@id\":\"https:\/\/universnews224.com\/#\/schema\/person\/a4b7d4f94a4716df60456a491260485e\",\"name\":\"La R\u00e9daction\",\"image\":{\"@type\":\"ImageObject\",\"inLanguage\":\"fr-FR\",\"@id\":\"https:\/\/universnews224.com\/#\/schema\/person\/image\/\",\"url\":\"https:\/\/secure.gravatar.com\/avatar\/edb90acc7752b23e1b3307ad36c14f0d?s=96&d=mm&r=g\",\"contentUrl\":\"https:\/\/secure.gravatar.com\/avatar\/edb90acc7752b23e1b3307ad36c14f0d?s=96&d=mm&r=g\",\"caption\":\"La R\u00e9daction\"},\"sameAs\":[\"https:\/\/universnews224.com\"],\"url\":\"https:\/\/universnews224.com\/index.php\/author\/m-camara\/\"}]}<\/script>\n<!-- \/ Yoast SEO plugin. -->","yoast_head_json":{"title":"Aboubacar Camara sur le retrait des licences de FIM, Espace, Sweet et Djoma FM : \u2018\u2019On n\u2019a pas int\u00e9r\u00eat \u00e0 se bomber le torse. On va aller n\u00e9gocier\u2019\u2019 - UNIVERSNEWS224","robots":{"index":"index","follow":"follow","max-snippet":"max-snippet:-1","max-image-preview":"max-image-preview:large","max-video-preview":"max-video-preview:-1"},"canonical":"https:\/\/universnews224.com\/index.php\/aboubacar-camara-sur-le-retrait-des-licences-de-fim-espace-sweet-et-djoma-fm-on-na-pas-interet-a-se-bomber-le-torse-on-va-aller-negocier\/","og_locale":"fr_FR","og_type":"article","og_title":"Aboubacar Camara sur le retrait des licences de FIM, Espace, Sweet et Djoma FM : \u2018\u2019On n\u2019a pas int\u00e9r\u00eat \u00e0 se bomber le torse. On va aller n\u00e9gocier\u2019\u2019 - UNIVERSNEWS224","og_description":"Contre toute attente ce mercredi 22 mai 2024, les autorit\u00e9s de la transition, \u00e0 travers","og_url":"https:\/\/universnews224.com\/index.php\/aboubacar-camara-sur-le-retrait-des-licences-de-fim-espace-sweet-et-djoma-fm-on-na-pas-interet-a-se-bomber-le-torse-on-va-aller-negocier\/","og_site_name":"UNIVERSNEWS224","article_published_time":"2024-05-22T20:22:28+00:00","og_image":[{"width":800,"height":491,"url":"https:\/\/universnews224.com\/wp-content\/uploads\/2024\/05\/639278C5-D106-4B76-8653-6A1A4472F5DA.jpeg","type":"image\/jpeg"}],"author":"La R\u00e9daction","twitter_misc":{"\u00c9crit par":"La R\u00e9daction","Dur\u00e9e de lecture estim\u00e9e":"3 minutes"},"schema":{"@context":"https:\/\/schema.org","@graph":[{"@type":"Article","@id":"https:\/\/universnews224.com\/index.php\/aboubacar-camara-sur-le-retrait-des-licences-de-fim-espace-sweet-et-djoma-fm-on-na-pas-interet-a-se-bomber-le-torse-on-va-aller-negocier\/#article","isPartOf":{"@id":"https:\/\/universnews224.com\/index.php\/aboubacar-camara-sur-le-retrait-des-licences-de-fim-espace-sweet-et-djoma-fm-on-na-pas-interet-a-se-bomber-le-torse-on-va-aller-negocier\/"},"author":{"name":"La R\u00e9daction","@id":"https:\/\/universnews224.com\/#\/schema\/person\/a4b7d4f94a4716df60456a491260485e"},"headline":"Aboubacar Camara sur le retrait des licences de FIM, Espace, Sweet et Djoma FM : \u2018\u2019On n\u2019a pas int\u00e9r\u00eat \u00e0 se bomber le torse. On va aller n\u00e9gocier\u2019\u2019","datePublished":"2024-05-22T20:22:28+00:00","dateModified":"2024-05-22T20:22:28+00:00","mainEntityOfPage":{"@id":"https:\/\/universnews224.com\/index.php\/aboubacar-camara-sur-le-retrait-des-licences-de-fim-espace-sweet-et-djoma-fm-on-na-pas-interet-a-se-bomber-le-torse-on-va-aller-negocier\/"},"wordCount":668,"publisher":{"@id":"https:\/\/universnews224.com\/#organization"},"keywords":["La une"],"articleSection":["ACTU","SOCI\u00c9T\u00c9"],"inLanguage":"fr-FR"},{"@type":"WebPage","@id":"https:\/\/universnews224.com\/index.php\/aboubacar-camara-sur-le-retrait-des-licences-de-fim-espace-sweet-et-djoma-fm-on-na-pas-interet-a-se-bomber-le-torse-on-va-aller-negocier\/","url":"https:\/\/universnews224.com\/index.php\/aboubacar-camara-sur-le-retrait-des-licences-de-fim-espace-sweet-et-djoma-fm-on-na-pas-interet-a-se-bomber-le-torse-on-va-aller-negocier\/","name":"Aboubacar Camara sur le retrait des licences de FIM, Espace, Sweet et Djoma FM : \u2018\u2019On n\u2019a pas int\u00e9r\u00eat \u00e0 se bomber le torse. On va aller n\u00e9gocier\u2019\u2019 - UNIVERSNEWS224","isPartOf":{"@id":"https:\/\/universnews224.com\/#website"},"datePublished":"2024-05-22T20:22:28+00:00","dateModified":"2024-05-22T20:22:28+00:00","inLanguage":"fr-FR","potentialAction":[{"@type":"ReadAction","target":["https:\/\/universnews224.com\/index.php\/aboubacar-camara-sur-le-retrait-des-licences-de-fim-espace-sweet-et-djoma-fm-on-na-pas-interet-a-se-bomber-le-torse-on-va-aller-negocier\/"]}]},{"@type":"WebSite","@id":"https:\/\/universnews224.com\/#website","url":"https:\/\/universnews224.com\/","name":"UNIVERSNEWS224","description":"","publisher":{"@id":"https:\/\/universnews224.com\/#organization"},"potentialAction":[{"@type":"SearchAction","target":{"@type":"EntryPoint","urlTemplate":"https:\/\/universnews224.com\/?s={search_term_string}"},"query-input":"required name=search_term_string"}],"inLanguage":"fr-FR"},{"@type":"Organization","@id":"https:\/\/universnews224.com\/#organization","name":"UNIVERSNEWS224","url":"https:\/\/universnews224.com\/","logo":{"@type":"ImageObject","inLanguage":"fr-FR","@id":"https:\/\/universnews224.com\/#\/schema\/logo\/image\/","url":"https:\/\/universnews224.com\/wp-content\/uploads\/2022\/08\/cropped-cropped-logoban.jpg","contentUrl":"https:\/\/universnews224.com\/wp-content\/uploads\/2022\/08\/cropped-cropped-logoban.jpg","width":1080,"height":138,"caption":"UNIVERSNEWS224"},"image":{"@id":"https:\/\/universnews224.com\/#\/schema\/logo\/image\/"}},{"@type":"Person","@id":"https:\/\/universnews224.com\/#\/schema\/person\/a4b7d4f94a4716df60456a491260485e","name":"La R\u00e9daction","image":{"@type":"ImageObject","inLanguage":"fr-FR","@id":"https:\/\/universnews224.com\/#\/schema\/person\/image\/","url":"https:\/\/secure.gravatar.com\/avatar\/edb90acc7752b23e1b3307ad36c14f0d?s=96&d=mm&r=g","contentUrl":"https:\/\/secure.gravatar.com\/avatar\/edb90acc7752b23e1b3307ad36c14f0d?s=96&d=mm&r=g","caption":"La R\u00e9daction"},"sameAs":["https:\/\/universnews224.com"],"url":"https:\/\/universnews224.com\/index.php\/author\/m-camara\/"}]}},"_links":{"self":[{"href":"https:\/\/universnews224.com\/index.php\/wp-json\/wp\/v2\/posts\/5718"}],"collection":[{"href":"https:\/\/universnews224.com\/index.php\/wp-json\/wp\/v2\/posts"}],"about":[{"href":"https:\/\/universnews224.com\/index.php\/wp-json\/wp\/v2\/types\/post"}],"author":[{"embeddable":true,"href":"https:\/\/universnews224.com\/index.php\/wp-json\/wp\/v2\/users\/2"}],"replies":[{"embeddable":true,"href":"https:\/\/universnews224.com\/index.php\/wp-json\/wp\/v2\/comments?post=5718"}],"version-history":[{"count":1,"href":"https:\/\/universnews224.com\/index.php\/wp-json\/wp\/v2\/posts\/5718\/revisions"}],"predecessor-version":[{"id":5720,"href":"https:\/\/universnews224.com\/index.php\/wp-json\/wp\/v2\/posts\/5718\/revisions\/5720"}],"wp:featuredmedia":[{"embeddable":true,"href":"https:\/\/universnews224.com\/index.php\/wp-json\/wp\/v2\/media\/5719"}],"wp:attachment":[{"href":"https:\/\/universnews224.com\/index.php\/wp-json\/wp\/v2\/media?parent=5718"}],"wp:term":[{"taxonomy":"category","embeddable":true,"href":"https:\/\/universnews224.com\/index.php\/wp-json\/wp\/v2\/categories?post=5718"},{"taxonomy":"post_tag","embeddable":true,"href":"https:\/\/universnews224.com\/index.php\/wp-json\/wp\/v2\/tags?post=5718"}],"curies":[{"name":"wp","href":"https:\/\/api.w.org\/{rel}","templated":true}]}}