{"id":5724,"date":"2024-05-22T23:37:15","date_gmt":"2024-05-22T22:37:15","guid":{"rendered":"https:\/\/universnews224.com\/?p=5724"},"modified":"2024-05-22T23:37:15","modified_gmt":"2024-05-22T22:37:15","slug":"3eme-edition-du-salon-de-lindustrie-de-guinee-le-premier-ministre-preside-la-ceremonie-douverture","status":"publish","type":"post","link":"https:\/\/universnews224.com\/index.php\/3eme-edition-du-salon-de-lindustrie-de-guinee-le-premier-ministre-preside-la-ceremonie-douverture\/","title":{"rendered":"3\u00e8me \u00e9dition du Salon de l&rsquo;industrie de Guin\u00e9e : Le premier ministre pr\u00e9side la c\u00e9r\u00e9monie d&rsquo;ouverture."},"content":{"rendered":"<p>Sous le haut patronage du pr\u00e9sident de la transition g\u00e9n\u00e9ral Mamadi Doumbouya, le Minist\u00e8re du Commerce de l&rsquo;Industrie et des Petites et Moyennes Entreprises en collaboration avec les entreprises priv\u00e9es \u00e0 organis\u00e9 ce mercredi 22 Mai \u00e0 Conakry, la 3\u00e8me \u00e9dition du salon de l&rsquo;industrie de Guin\u00e9e sous le th\u00e8me \u00a0\u00bb industrialisation, modernisation et innovation en Guin\u00e9e\u00a0\u00bb.<\/p>\n<p>Cette c\u00e9r\u00e9monie d&rsquo;ouverture a connu la pr\u00e9sence de plusieurs personnalit\u00e9s, des partenaires techniques et financiers, le pr\u00e9sident du CNT, le ministre du commerce, ministre des Mines, ministre de la fonction publique mais aussi des repr\u00e9sentants des institutions internationales.<\/p>\n<p>Dans son discours, de bienvenue Dr Mamady Balla Camara (DNI), dira que, l\u2019objectif g\u00e9n\u00e9ral du SIG est de Mobiliser les comp\u00e9tences guin\u00e9ennes, qui constituent aujourd&rsquo;hui un puissant moteur de l&rsquo;industrie, autour d&rsquo;un espace d&rsquo;\u00e9changes d&rsquo;exp\u00e9riences \u00e0 travers des expositions, des conf\u00e9rences hybrides et des panels, afin de relever les d\u00e9fis de la croissance inclusive de la Guin\u00e9e, membre de plusieurs organisations africaines et mondiales(&#8230;).<\/p>\n<p>&nbsp;<\/p>\n<p>De son c\u00f4t\u00e9, le ministre du commerce, de l&rsquo;industrie et des Petites et moyennes entreprises Dre Diaka Sidib\u00e9 a dans son discours indiqu\u00e9 que le SIG 2024 se veut une interface de consultations, de rencontres, de partage d&rsquo;exp\u00e9riences et de savoir-faire entre des comp\u00e9tences guin\u00e9ennes, africaines et mondiales, dans le domaine du d\u00e9veloppement industriel. \u00ab \u00ab Par ailleurs, le SIG permettra de mettre en place les outils n\u00e9cessaires \u00e0 l&rsquo;atteinte des objectifs de modernisation d&rsquo;un tissu industriel durable et inclusif \u00bb, a t-elle pr\u00e9cis\u00e9.<\/p>\n<p>Pour sa part, le premier ministre chef du gouvernement Amadou Oury Bah, a tout d&rsquo;abord f\u00e9licit\u00e9 les organisateurs et les partenaires financiers pour leur participation \u00e0 cette 3\u00e8me \u00e9dition du Salon des industries et r\u00e9it\u00e8re tout sont engagements et soutiens \u00e0 cette phase d&rsquo;\u00e9change et de partage d&rsquo;exp\u00e9riences. Apr\u00e8s le lancement officiel, le PM \u00e0 fini pour la visite des stands des exposants venusdediff\u00e9rentescoins.<\/p>\n<p>Sana Sylla.<\/p>\n","protected":false},"excerpt":{"rendered":"<p>Sous le haut patronage du pr\u00e9sident de la transition g\u00e9n\u00e9ral Mamadi Doumbouya, le Minist\u00e8re du<\/p>\n","protected":false},"author":2,"featured_media":5725,"comment_status":"closed","ping_status":"open","sticky":false,"template":"","format":"standard","meta":[],"categories":[3,5],"tags":[229],"yoast_head":"<!-- This site is optimized with the Yoast SEO plugin v19.13 - https:\/\/yoast.com\/wordpress\/plugins\/seo\/ -->\n<title>3\u00e8me \u00e9dition du Salon de l&#039;industrie de Guin\u00e9e : Le premier ministre pr\u00e9side la c\u00e9r\u00e9monie d&#039;ouverture. - UNIVERSNEWS224<\/title>\n<meta name=\"robots\" content=\"index, follow, max-snippet:-1, max-image-preview:large, max-video-preview:-1\" \/>\n<link rel=\"canonical\" href=\"https:\/\/universnews224.com\/index.php\/3eme-edition-du-salon-de-lindustrie-de-guinee-le-premier-ministre-preside-la-ceremonie-douverture\/\" \/>\n<meta property=\"og:locale\" content=\"fr_FR\" \/>\n<meta property=\"og:type\" content=\"article\" \/>\n<meta property=\"og:title\" content=\"3\u00e8me \u00e9dition du Salon de l&#039;industrie de Guin\u00e9e : Le premier ministre pr\u00e9side la c\u00e9r\u00e9monie d&#039;ouverture. - UNIVERSNEWS224\" \/>\n<meta property=\"og:description\" content=\"Sous le haut patronage du pr\u00e9sident de la transition g\u00e9n\u00e9ral Mamadi Doumbouya, le Minist\u00e8re du\" \/>\n<meta property=\"og:url\" content=\"https:\/\/universnews224.com\/index.php\/3eme-edition-du-salon-de-lindustrie-de-guinee-le-premier-ministre-preside-la-ceremonie-douverture\/\" \/>\n<meta property=\"og:site_name\" content=\"UNIVERSNEWS224\" \/>\n<meta property=\"article:published_time\" content=\"2024-05-22T22:37:15+00:00\" \/>\n<meta property=\"og:image\" content=\"https:\/\/universnews224.com\/wp-content\/uploads\/2024\/05\/C1925DFC-E731-42F4-9081-B02BAE531734.jpeg\" \/>\n\t<meta property=\"og:image:width\" content=\"1286\" \/>\n\t<meta property=\"og:image:height\" content=\"858\" \/>\n\t<meta property=\"og:image:type\" content=\"image\/jpeg\" \/>\n<meta name=\"author\" content=\"La R\u00e9daction\" \/>\n<meta name=\"twitter:label1\" content=\"\u00c9crit par\" \/>\n\t<meta name=\"twitter:data1\" content=\"La R\u00e9daction\" \/>\n\t<meta name=\"twitter:label2\" content=\"Dur\u00e9e de lecture estim\u00e9e\" \/>\n\t<meta name=\"twitter:data2\" content=\"2 minutes\" \/>\n<script type=\"application\/ld+json\" class=\"yoast-schema-graph\">{\"@context\":\"https:\/\/schema.org\",\"@graph\":[{\"@type\":\"Article\",\"@id\":\"https:\/\/universnews224.com\/index.php\/3eme-edition-du-salon-de-lindustrie-de-guinee-le-premier-ministre-preside-la-ceremonie-douverture\/#article\",\"isPartOf\":{\"@id\":\"https:\/\/universnews224.com\/index.php\/3eme-edition-du-salon-de-lindustrie-de-guinee-le-premier-ministre-preside-la-ceremonie-douverture\/\"},\"author\":{\"name\":\"La R\u00e9daction\",\"@id\":\"https:\/\/universnews224.com\/#\/schema\/person\/a4b7d4f94a4716df60456a491260485e\"},\"headline\":\"3\u00e8me \u00e9dition du Salon de l&rsquo;industrie de Guin\u00e9e : Le premier ministre pr\u00e9side la c\u00e9r\u00e9monie d&rsquo;ouverture.\",\"datePublished\":\"2024-05-22T22:37:15+00:00\",\"dateModified\":\"2024-05-22T22:37:15+00:00\",\"mainEntityOfPage\":{\"@id\":\"https:\/\/universnews224.com\/index.php\/3eme-edition-du-salon-de-lindustrie-de-guinee-le-premier-ministre-preside-la-ceremonie-douverture\/\"},\"wordCount\":355,\"publisher\":{\"@id\":\"https:\/\/universnews224.com\/#organization\"},\"keywords\":[\"La une\"],\"articleSection\":[\"ACTU\",\"SOCI\u00c9T\u00c9\"],\"inLanguage\":\"fr-FR\"},{\"@type\":\"WebPage\",\"@id\":\"https:\/\/universnews224.com\/index.php\/3eme-edition-du-salon-de-lindustrie-de-guinee-le-premier-ministre-preside-la-ceremonie-douverture\/\",\"url\":\"https:\/\/universnews224.com\/index.php\/3eme-edition-du-salon-de-lindustrie-de-guinee-le-premier-ministre-preside-la-ceremonie-douverture\/\",\"name\":\"3\u00e8me \u00e9dition du Salon de l'industrie de Guin\u00e9e : Le premier ministre pr\u00e9side la c\u00e9r\u00e9monie d'ouverture. - UNIVERSNEWS224\",\"isPartOf\":{\"@id\":\"https:\/\/universnews224.com\/#website\"},\"datePublished\":\"2024-05-22T22:37:15+00:00\",\"dateModified\":\"2024-05-22T22:37:15+00:00\",\"inLanguage\":\"fr-FR\",\"potentialAction\":[{\"@type\":\"ReadAction\",\"target\":[\"https:\/\/universnews224.com\/index.php\/3eme-edition-du-salon-de-lindustrie-de-guinee-le-premier-ministre-preside-la-ceremonie-douverture\/\"]}]},{\"@type\":\"WebSite\",\"@id\":\"https:\/\/universnews224.com\/#website\",\"url\":\"https:\/\/universnews224.com\/\",\"name\":\"UNIVERSNEWS224\",\"description\":\"\",\"publisher\":{\"@id\":\"https:\/\/universnews224.com\/#organization\"},\"potentialAction\":[{\"@type\":\"SearchAction\",\"target\":{\"@type\":\"EntryPoint\",\"urlTemplate\":\"https:\/\/universnews224.com\/?s={search_term_string}\"},\"query-input\":\"required name=search_term_string\"}],\"inLanguage\":\"fr-FR\"},{\"@type\":\"Organization\",\"@id\":\"https:\/\/universnews224.com\/#organization\",\"name\":\"UNIVERSNEWS224\",\"url\":\"https:\/\/universnews224.com\/\",\"logo\":{\"@type\":\"ImageObject\",\"inLanguage\":\"fr-FR\",\"@id\":\"https:\/\/universnews224.com\/#\/schema\/logo\/image\/\",\"url\":\"https:\/\/universnews224.com\/wp-content\/uploads\/2022\/08\/cropped-cropped-logoban.jpg\",\"contentUrl\":\"https:\/\/universnews224.com\/wp-content\/uploads\/2022\/08\/cropped-cropped-logoban.jpg\",\"width\":1080,\"height\":138,\"caption\":\"UNIVERSNEWS224\"},\"image\":{\"@id\":\"https:\/\/universnews224.com\/#\/schema\/logo\/image\/\"}},{\"@type\":\"Person\",\"@id\":\"https:\/\/universnews224.com\/#\/schema\/person\/a4b7d4f94a4716df60456a491260485e\",\"name\":\"La R\u00e9daction\",\"image\":{\"@type\":\"ImageObject\",\"inLanguage\":\"fr-FR\",\"@id\":\"https:\/\/universnews224.com\/#\/schema\/person\/image\/\",\"url\":\"https:\/\/secure.gravatar.com\/avatar\/edb90acc7752b23e1b3307ad36c14f0d?s=96&d=mm&r=g\",\"contentUrl\":\"https:\/\/secure.gravatar.com\/avatar\/edb90acc7752b23e1b3307ad36c14f0d?s=96&d=mm&r=g\",\"caption\":\"La R\u00e9daction\"},\"sameAs\":[\"https:\/\/universnews224.com\"],\"url\":\"https:\/\/universnews224.com\/index.php\/author\/m-camara\/\"}]}<\/script>\n<!-- \/ Yoast SEO plugin. -->","yoast_head_json":{"title":"3\u00e8me \u00e9dition du Salon de l'industrie de Guin\u00e9e : Le premier ministre pr\u00e9side la c\u00e9r\u00e9monie d'ouverture. - UNIVERSNEWS224","robots":{"index":"index","follow":"follow","max-snippet":"max-snippet:-1","max-image-preview":"max-image-preview:large","max-video-preview":"max-video-preview:-1"},"canonical":"https:\/\/universnews224.com\/index.php\/3eme-edition-du-salon-de-lindustrie-de-guinee-le-premier-ministre-preside-la-ceremonie-douverture\/","og_locale":"fr_FR","og_type":"article","og_title":"3\u00e8me \u00e9dition du Salon de l'industrie de Guin\u00e9e : Le premier ministre pr\u00e9side la c\u00e9r\u00e9monie d'ouverture. - UNIVERSNEWS224","og_description":"Sous le haut patronage du pr\u00e9sident de la transition g\u00e9n\u00e9ral Mamadi Doumbouya, le Minist\u00e8re du","og_url":"https:\/\/universnews224.com\/index.php\/3eme-edition-du-salon-de-lindustrie-de-guinee-le-premier-ministre-preside-la-ceremonie-douverture\/","og_site_name":"UNIVERSNEWS224","article_published_time":"2024-05-22T22:37:15+00:00","og_image":[{"width":1286,"height":858,"url":"https:\/\/universnews224.com\/wp-content\/uploads\/2024\/05\/C1925DFC-E731-42F4-9081-B02BAE531734.jpeg","type":"image\/jpeg"}],"author":"La R\u00e9daction","twitter_misc":{"\u00c9crit par":"La R\u00e9daction","Dur\u00e9e de lecture estim\u00e9e":"2 minutes"},"schema":{"@context":"https:\/\/schema.org","@graph":[{"@type":"Article","@id":"https:\/\/universnews224.com\/index.php\/3eme-edition-du-salon-de-lindustrie-de-guinee-le-premier-ministre-preside-la-ceremonie-douverture\/#article","isPartOf":{"@id":"https:\/\/universnews224.com\/index.php\/3eme-edition-du-salon-de-lindustrie-de-guinee-le-premier-ministre-preside-la-ceremonie-douverture\/"},"author":{"name":"La R\u00e9daction","@id":"https:\/\/universnews224.com\/#\/schema\/person\/a4b7d4f94a4716df60456a491260485e"},"headline":"3\u00e8me \u00e9dition du Salon de l&rsquo;industrie de Guin\u00e9e : Le premier ministre pr\u00e9side la c\u00e9r\u00e9monie d&rsquo;ouverture.","datePublished":"2024-05-22T22:37:15+00:00","dateModified":"2024-05-22T22:37:15+00:00","mainEntityOfPage":{"@id":"https:\/\/universnews224.com\/index.php\/3eme-edition-du-salon-de-lindustrie-de-guinee-le-premier-ministre-preside-la-ceremonie-douverture\/"},"wordCount":355,"publisher":{"@id":"https:\/\/universnews224.com\/#organization"},"keywords":["La une"],"articleSection":["ACTU","SOCI\u00c9T\u00c9"],"inLanguage":"fr-FR"},{"@type":"WebPage","@id":"https:\/\/universnews224.com\/index.php\/3eme-edition-du-salon-de-lindustrie-de-guinee-le-premier-ministre-preside-la-ceremonie-douverture\/","url":"https:\/\/universnews224.com\/index.php\/3eme-edition-du-salon-de-lindustrie-de-guinee-le-premier-ministre-preside-la-ceremonie-douverture\/","name":"3\u00e8me \u00e9dition du Salon de l'industrie de Guin\u00e9e : Le premier ministre pr\u00e9side la c\u00e9r\u00e9monie d'ouverture. - UNIVERSNEWS224","isPartOf":{"@id":"https:\/\/universnews224.com\/#website"},"datePublished":"2024-05-22T22:37:15+00:00","dateModified":"2024-05-22T22:37:15+00:00","inLanguage":"fr-FR","potentialAction":[{"@type":"ReadAction","target":["https:\/\/universnews224.com\/index.php\/3eme-edition-du-salon-de-lindustrie-de-guinee-le-premier-ministre-preside-la-ceremonie-douverture\/"]}]},{"@type":"WebSite","@id":"https:\/\/universnews224.com\/#website","url":"https:\/\/universnews224.com\/","name":"UNIVERSNEWS224","description":"","publisher":{"@id":"https:\/\/universnews224.com\/#organization"},"potentialAction":[{"@type":"SearchAction","target":{"@type":"EntryPoint","urlTemplate":"https:\/\/universnews224.com\/?s={search_term_string}"},"query-input":"required name=search_term_string"}],"inLanguage":"fr-FR"},{"@type":"Organization","@id":"https:\/\/universnews224.com\/#organization","name":"UNIVERSNEWS224","url":"https:\/\/universnews224.com\/","logo":{"@type":"ImageObject","inLanguage":"fr-FR","@id":"https:\/\/universnews224.com\/#\/schema\/logo\/image\/","url":"https:\/\/universnews224.com\/wp-content\/uploads\/2022\/08\/cropped-cropped-logoban.jpg","contentUrl":"https:\/\/universnews224.com\/wp-content\/uploads\/2022\/08\/cropped-cropped-logoban.jpg","width":1080,"height":138,"caption":"UNIVERSNEWS224"},"image":{"@id":"https:\/\/universnews224.com\/#\/schema\/logo\/image\/"}},{"@type":"Person","@id":"https:\/\/universnews224.com\/#\/schema\/person\/a4b7d4f94a4716df60456a491260485e","name":"La R\u00e9daction","image":{"@type":"ImageObject","inLanguage":"fr-FR","@id":"https:\/\/universnews224.com\/#\/schema\/person\/image\/","url":"https:\/\/secure.gravatar.com\/avatar\/edb90acc7752b23e1b3307ad36c14f0d?s=96&d=mm&r=g","contentUrl":"https:\/\/secure.gravatar.com\/avatar\/edb90acc7752b23e1b3307ad36c14f0d?s=96&d=mm&r=g","caption":"La R\u00e9daction"},"sameAs":["https:\/\/universnews224.com"],"url":"https:\/\/universnews224.com\/index.php\/author\/m-camara\/"}]}},"_links":{"self":[{"href":"https:\/\/universnews224.com\/index.php\/wp-json\/wp\/v2\/posts\/5724"}],"collection":[{"href":"https:\/\/universnews224.com\/index.php\/wp-json\/wp\/v2\/posts"}],"about":[{"href":"https:\/\/universnews224.com\/index.php\/wp-json\/wp\/v2\/types\/post"}],"author":[{"embeddable":true,"href":"https:\/\/universnews224.com\/index.php\/wp-json\/wp\/v2\/users\/2"}],"replies":[{"embeddable":true,"href":"https:\/\/universnews224.com\/index.php\/wp-json\/wp\/v2\/comments?post=5724"}],"version-history":[{"count":1,"href":"https:\/\/universnews224.com\/index.php\/wp-json\/wp\/v2\/posts\/5724\/revisions"}],"predecessor-version":[{"id":5726,"href":"https:\/\/universnews224.com\/index.php\/wp-json\/wp\/v2\/posts\/5724\/revisions\/5726"}],"wp:featuredmedia":[{"embeddable":true,"href":"https:\/\/universnews224.com\/index.php\/wp-json\/wp\/v2\/media\/5725"}],"wp:attachment":[{"href":"https:\/\/universnews224.com\/index.php\/wp-json\/wp\/v2\/media?parent=5724"}],"wp:term":[{"taxonomy":"category","embeddable":true,"href":"https:\/\/universnews224.com\/index.php\/wp-json\/wp\/v2\/categories?post=5724"},{"taxonomy":"post_tag","embeddable":true,"href":"https:\/\/universnews224.com\/index.php\/wp-json\/wp\/v2\/tags?post=5724"}],"curies":[{"name":"wp","href":"https:\/\/api.w.org\/{rel}","templated":true}]}}