{"id":5727,"date":"2024-05-23T21:23:19","date_gmt":"2024-05-23T20:23:19","guid":{"rendered":"https:\/\/universnews224.com\/?p=5727"},"modified":"2024-05-23T21:23:19","modified_gmt":"2024-05-23T20:23:19","slug":"humanitaire-un-concert-pour-la-levee-de-fonds-pour-la-rehabilitation-de-lecole-kawass-centre-a-kamsar","status":"publish","type":"post","link":"https:\/\/universnews224.com\/index.php\/humanitaire-un-concert-pour-la-levee-de-fonds-pour-la-rehabilitation-de-lecole-kawass-centre-a-kamsar\/","title":{"rendered":"Humanitaire : Un concert  pour la lev\u00e9e de fonds pour la r\u00e9habilitation de l&rsquo;\u00e9cole Kawass Centre \u00e0 Kamsar."},"content":{"rendered":"<p class=\"p3\">La fondation Kakand\u00e9 pour humanitaire a anim\u00e9 une conf\u00e9rence de presse\u00a0 ce jeudi 23 Mai 2024 \u00e0 Conakry, pour annoncer les couleurs d\u2019un concert pour la lev\u00e9e de fonds pour la r\u00e9habilitation d&rsquo;une \u00e9cole situant dans la pr\u00e9fecture de Bok\u00e9 plus pr\u00e9cis\u00e9ment \u00e0 Kawass Centre dans Kamsar.<\/p>\n<p class=\"p3\"><span class=\"s2\">\u00c0 cette occasion, la structure organisatrice s&rsquo;engage \u00e0 am\u00e9liorer les conditions de vie et \u00e0 soutenir les personnes dans le besoin \u00e0 travers un match de charit\u00e9 pr\u00e9vue le samedi 25 Mai au stade Petit Sory de Nongo et un concert humanitaire avec nos deux artistes Petit Kandja Kouyat\u00e9 et Kandja Kora dans un r\u00e9ceptif h\u00f4teli\u00e8re de la place \u00e0 Conakry. <\/span><\/p>\n<p class=\"p3\"><span class=\"s2\">L&rsquo;objectif de cette rencontre est de mobiliser<span class=\"Apple-converted-space\">\u00a0 <\/span>des fonds pour la r\u00e9habilitation d&rsquo;une \u00e9cole qui est actuellement dans un \u00e9tat de d\u00e9labrement tr\u00e8s pouss\u00e9 \u00e0 Kamsar dans Bok\u00e9 (Kawass Centre), aussi mettre en place un centre de formation et un centre de jeux<span class=\"Apple-converted-space\">\u00a0 <\/span>pour les jeunes pour qu&rsquo;ils puissent lutter contre l&rsquo;immigration clandestin.<\/span><\/p>\n<p class=\"p3\"><span class=\"s2\">Cet \u00e9v\u00e9nement \u00e0 connotation humanitaire suscite l&rsquo;attention et la participation de nombreux individus et organisations soucieuses d&rsquo;aider la fondation \u00e0 atteindre ses objectifs altruistes. La sensibilisation \u00e0 cette cause, combin\u00e9e \u00e0 la g\u00e9n\u00e9rosit\u00e9 des participants, permettra de venir en aide \u00e0 une couche sociale se trouvant dans le besoin.<a href=\"https:\/\/universnews224.com\/wp-content\/uploads\/2024\/05\/F28D949F-CD8E-4C03-9BEE-5A1C3DE4E66F.jpeg\"><img loading=\"lazy\" class=\"alignnone size-medium wp-image-5729\" src=\"https:\/\/universnews224.com\/wp-content\/uploads\/2024\/05\/F28D949F-CD8E-4C03-9BEE-5A1C3DE4E66F-300x169.jpeg\" alt=\"\" width=\"300\" height=\"169\" srcset=\"https:\/\/universnews224.com\/wp-content\/uploads\/2024\/05\/F28D949F-CD8E-4C03-9BEE-5A1C3DE4E66F-300x169.jpeg 300w, https:\/\/universnews224.com\/wp-content\/uploads\/2024\/05\/F28D949F-CD8E-4C03-9BEE-5A1C3DE4E66F-1024x576.jpeg 1024w, https:\/\/universnews224.com\/wp-content\/uploads\/2024\/05\/F28D949F-CD8E-4C03-9BEE-5A1C3DE4E66F-768x432.jpeg 768w, https:\/\/universnews224.com\/wp-content\/uploads\/2024\/05\/F28D949F-CD8E-4C03-9BEE-5A1C3DE4E66F-800x450.jpeg 800w, https:\/\/universnews224.com\/wp-content\/uploads\/2024\/05\/F28D949F-CD8E-4C03-9BEE-5A1C3DE4E66F.jpeg 1032w\" sizes=\"(max-width: 300px) 100vw, 300px\" \/><\/a><\/span><\/p>\n<p class=\"p3\"><span class=\"s2\">\u00ab C&rsquo;est une jeune association qui vient d\u2019\u00eatre n\u00e9e il y a huit mois et qui \u0153uvre dans le sens du d\u00e9veloppement de nos communaut\u00e9s. Id\u00e9es de notre association est de participer au d\u00e9veloppement de notre pays, c&rsquo;est pourquoi nous venons pour la premi\u00e8re fois au secours d&rsquo;une vieille \u00e9cole qui est actuellement en besoin. Et notre appel pressant est de dire aux personnes de bonne volont\u00e9 et aux autorit\u00e9s de<span class=\"Apple-converted-space\">\u00a0 <\/span>venir en aide \u00e0 ces nombreux enfants qui sont en difficult\u00e9, en besoin car c&rsquo;est l&rsquo;avenir de nos enfants qu&rsquo;il s&rsquo;agit car cet projet humanitaire qui me tient au c\u0153ur et \u00e0 la communaut\u00e9 est une n\u00e9cessit\u00e9 pour nous les jeunes et c&rsquo;est mon souhait pour que le projet puisse voir le jour \u00bb, a-t-il soulign\u00e9 M. Cheick Camara pr\u00e9sident de la fondation. <\/span><\/p>\n<p class=\"p3\"><span class=\"s2\">Sana Sylla.<\/span><\/p>\n","protected":false},"excerpt":{"rendered":"<p>La fondation Kakand\u00e9 pour humanitaire a anim\u00e9 une conf\u00e9rence de presse\u00a0 ce jeudi 23 Mai<\/p>\n","protected":false},"author":2,"featured_media":5728,"comment_status":"closed","ping_status":"open","sticky":false,"template":"","format":"standard","meta":[],"categories":[3,5],"tags":[229],"yoast_head":"<!-- This site is optimized with the Yoast SEO plugin v19.13 - https:\/\/yoast.com\/wordpress\/plugins\/seo\/ -->\n<title>Humanitaire : Un concert pour la lev\u00e9e de fonds pour la r\u00e9habilitation de l&#039;\u00e9cole Kawass Centre \u00e0 Kamsar. - UNIVERSNEWS224<\/title>\n<meta name=\"robots\" content=\"index, follow, max-snippet:-1, max-image-preview:large, max-video-preview:-1\" \/>\n<link rel=\"canonical\" href=\"https:\/\/universnews224.com\/index.php\/humanitaire-un-concert-pour-la-levee-de-fonds-pour-la-rehabilitation-de-lecole-kawass-centre-a-kamsar\/\" \/>\n<meta property=\"og:locale\" content=\"fr_FR\" \/>\n<meta property=\"og:type\" content=\"article\" \/>\n<meta property=\"og:title\" content=\"Humanitaire : Un concert pour la lev\u00e9e de fonds pour la r\u00e9habilitation de l&#039;\u00e9cole Kawass Centre \u00e0 Kamsar. - UNIVERSNEWS224\" \/>\n<meta property=\"og:description\" content=\"La fondation Kakand\u00e9 pour humanitaire a anim\u00e9 une conf\u00e9rence de presse\u00a0 ce jeudi 23 Mai\" \/>\n<meta property=\"og:url\" content=\"https:\/\/universnews224.com\/index.php\/humanitaire-un-concert-pour-la-levee-de-fonds-pour-la-rehabilitation-de-lecole-kawass-centre-a-kamsar\/\" \/>\n<meta property=\"og:site_name\" content=\"UNIVERSNEWS224\" \/>\n<meta property=\"article:published_time\" content=\"2024-05-23T20:23:19+00:00\" \/>\n<meta property=\"og:image\" content=\"https:\/\/universnews224.com\/wp-content\/uploads\/2024\/05\/8104E51E-0186-435F-B486-5D597AB38744.jpeg\" \/>\n\t<meta property=\"og:image:width\" content=\"904\" \/>\n\t<meta property=\"og:image:height\" content=\"581\" \/>\n\t<meta property=\"og:image:type\" content=\"image\/jpeg\" \/>\n<meta name=\"author\" content=\"La R\u00e9daction\" \/>\n<meta name=\"twitter:label1\" content=\"\u00c9crit par\" \/>\n\t<meta name=\"twitter:data1\" content=\"La R\u00e9daction\" \/>\n\t<meta name=\"twitter:label2\" content=\"Dur\u00e9e de lecture estim\u00e9e\" \/>\n\t<meta name=\"twitter:data2\" content=\"2 minutes\" \/>\n<script type=\"application\/ld+json\" class=\"yoast-schema-graph\">{\"@context\":\"https:\/\/schema.org\",\"@graph\":[{\"@type\":\"Article\",\"@id\":\"https:\/\/universnews224.com\/index.php\/humanitaire-un-concert-pour-la-levee-de-fonds-pour-la-rehabilitation-de-lecole-kawass-centre-a-kamsar\/#article\",\"isPartOf\":{\"@id\":\"https:\/\/universnews224.com\/index.php\/humanitaire-un-concert-pour-la-levee-de-fonds-pour-la-rehabilitation-de-lecole-kawass-centre-a-kamsar\/\"},\"author\":{\"name\":\"La R\u00e9daction\",\"@id\":\"https:\/\/universnews224.com\/#\/schema\/person\/a4b7d4f94a4716df60456a491260485e\"},\"headline\":\"Humanitaire : Un concert pour la lev\u00e9e de fonds pour la r\u00e9habilitation de l&rsquo;\u00e9cole Kawass Centre \u00e0 Kamsar.\",\"datePublished\":\"2024-05-23T20:23:19+00:00\",\"dateModified\":\"2024-05-23T20:23:19+00:00\",\"mainEntityOfPage\":{\"@id\":\"https:\/\/universnews224.com\/index.php\/humanitaire-un-concert-pour-la-levee-de-fonds-pour-la-rehabilitation-de-lecole-kawass-centre-a-kamsar\/\"},\"wordCount\":375,\"publisher\":{\"@id\":\"https:\/\/universnews224.com\/#organization\"},\"keywords\":[\"La une\"],\"articleSection\":[\"ACTU\",\"SOCI\u00c9T\u00c9\"],\"inLanguage\":\"fr-FR\"},{\"@type\":\"WebPage\",\"@id\":\"https:\/\/universnews224.com\/index.php\/humanitaire-un-concert-pour-la-levee-de-fonds-pour-la-rehabilitation-de-lecole-kawass-centre-a-kamsar\/\",\"url\":\"https:\/\/universnews224.com\/index.php\/humanitaire-un-concert-pour-la-levee-de-fonds-pour-la-rehabilitation-de-lecole-kawass-centre-a-kamsar\/\",\"name\":\"Humanitaire : Un concert pour la lev\u00e9e de fonds pour la r\u00e9habilitation de l'\u00e9cole Kawass Centre \u00e0 Kamsar. - UNIVERSNEWS224\",\"isPartOf\":{\"@id\":\"https:\/\/universnews224.com\/#website\"},\"datePublished\":\"2024-05-23T20:23:19+00:00\",\"dateModified\":\"2024-05-23T20:23:19+00:00\",\"inLanguage\":\"fr-FR\",\"potentialAction\":[{\"@type\":\"ReadAction\",\"target\":[\"https:\/\/universnews224.com\/index.php\/humanitaire-un-concert-pour-la-levee-de-fonds-pour-la-rehabilitation-de-lecole-kawass-centre-a-kamsar\/\"]}]},{\"@type\":\"WebSite\",\"@id\":\"https:\/\/universnews224.com\/#website\",\"url\":\"https:\/\/universnews224.com\/\",\"name\":\"UNIVERSNEWS224\",\"description\":\"\",\"publisher\":{\"@id\":\"https:\/\/universnews224.com\/#organization\"},\"potentialAction\":[{\"@type\":\"SearchAction\",\"target\":{\"@type\":\"EntryPoint\",\"urlTemplate\":\"https:\/\/universnews224.com\/?s={search_term_string}\"},\"query-input\":\"required name=search_term_string\"}],\"inLanguage\":\"fr-FR\"},{\"@type\":\"Organization\",\"@id\":\"https:\/\/universnews224.com\/#organization\",\"name\":\"UNIVERSNEWS224\",\"url\":\"https:\/\/universnews224.com\/\",\"logo\":{\"@type\":\"ImageObject\",\"inLanguage\":\"fr-FR\",\"@id\":\"https:\/\/universnews224.com\/#\/schema\/logo\/image\/\",\"url\":\"https:\/\/universnews224.com\/wp-content\/uploads\/2022\/08\/cropped-cropped-logoban.jpg\",\"contentUrl\":\"https:\/\/universnews224.com\/wp-content\/uploads\/2022\/08\/cropped-cropped-logoban.jpg\",\"width\":1080,\"height\":138,\"caption\":\"UNIVERSNEWS224\"},\"image\":{\"@id\":\"https:\/\/universnews224.com\/#\/schema\/logo\/image\/\"}},{\"@type\":\"Person\",\"@id\":\"https:\/\/universnews224.com\/#\/schema\/person\/a4b7d4f94a4716df60456a491260485e\",\"name\":\"La R\u00e9daction\",\"image\":{\"@type\":\"ImageObject\",\"inLanguage\":\"fr-FR\",\"@id\":\"https:\/\/universnews224.com\/#\/schema\/person\/image\/\",\"url\":\"https:\/\/secure.gravatar.com\/avatar\/edb90acc7752b23e1b3307ad36c14f0d?s=96&d=mm&r=g\",\"contentUrl\":\"https:\/\/secure.gravatar.com\/avatar\/edb90acc7752b23e1b3307ad36c14f0d?s=96&d=mm&r=g\",\"caption\":\"La R\u00e9daction\"},\"sameAs\":[\"https:\/\/universnews224.com\"],\"url\":\"https:\/\/universnews224.com\/index.php\/author\/m-camara\/\"}]}<\/script>\n<!-- \/ Yoast SEO plugin. -->","yoast_head_json":{"title":"Humanitaire : Un concert pour la lev\u00e9e de fonds pour la r\u00e9habilitation de l'\u00e9cole Kawass Centre \u00e0 Kamsar. - UNIVERSNEWS224","robots":{"index":"index","follow":"follow","max-snippet":"max-snippet:-1","max-image-preview":"max-image-preview:large","max-video-preview":"max-video-preview:-1"},"canonical":"https:\/\/universnews224.com\/index.php\/humanitaire-un-concert-pour-la-levee-de-fonds-pour-la-rehabilitation-de-lecole-kawass-centre-a-kamsar\/","og_locale":"fr_FR","og_type":"article","og_title":"Humanitaire : Un concert pour la lev\u00e9e de fonds pour la r\u00e9habilitation de l'\u00e9cole Kawass Centre \u00e0 Kamsar. - UNIVERSNEWS224","og_description":"La fondation Kakand\u00e9 pour humanitaire a anim\u00e9 une conf\u00e9rence de presse\u00a0 ce jeudi 23 Mai","og_url":"https:\/\/universnews224.com\/index.php\/humanitaire-un-concert-pour-la-levee-de-fonds-pour-la-rehabilitation-de-lecole-kawass-centre-a-kamsar\/","og_site_name":"UNIVERSNEWS224","article_published_time":"2024-05-23T20:23:19+00:00","og_image":[{"width":904,"height":581,"url":"https:\/\/universnews224.com\/wp-content\/uploads\/2024\/05\/8104E51E-0186-435F-B486-5D597AB38744.jpeg","type":"image\/jpeg"}],"author":"La R\u00e9daction","twitter_misc":{"\u00c9crit par":"La R\u00e9daction","Dur\u00e9e de lecture estim\u00e9e":"2 minutes"},"schema":{"@context":"https:\/\/schema.org","@graph":[{"@type":"Article","@id":"https:\/\/universnews224.com\/index.php\/humanitaire-un-concert-pour-la-levee-de-fonds-pour-la-rehabilitation-de-lecole-kawass-centre-a-kamsar\/#article","isPartOf":{"@id":"https:\/\/universnews224.com\/index.php\/humanitaire-un-concert-pour-la-levee-de-fonds-pour-la-rehabilitation-de-lecole-kawass-centre-a-kamsar\/"},"author":{"name":"La R\u00e9daction","@id":"https:\/\/universnews224.com\/#\/schema\/person\/a4b7d4f94a4716df60456a491260485e"},"headline":"Humanitaire : Un concert pour la lev\u00e9e de fonds pour la r\u00e9habilitation de l&rsquo;\u00e9cole Kawass Centre \u00e0 Kamsar.","datePublished":"2024-05-23T20:23:19+00:00","dateModified":"2024-05-23T20:23:19+00:00","mainEntityOfPage":{"@id":"https:\/\/universnews224.com\/index.php\/humanitaire-un-concert-pour-la-levee-de-fonds-pour-la-rehabilitation-de-lecole-kawass-centre-a-kamsar\/"},"wordCount":375,"publisher":{"@id":"https:\/\/universnews224.com\/#organization"},"keywords":["La une"],"articleSection":["ACTU","SOCI\u00c9T\u00c9"],"inLanguage":"fr-FR"},{"@type":"WebPage","@id":"https:\/\/universnews224.com\/index.php\/humanitaire-un-concert-pour-la-levee-de-fonds-pour-la-rehabilitation-de-lecole-kawass-centre-a-kamsar\/","url":"https:\/\/universnews224.com\/index.php\/humanitaire-un-concert-pour-la-levee-de-fonds-pour-la-rehabilitation-de-lecole-kawass-centre-a-kamsar\/","name":"Humanitaire : Un concert pour la lev\u00e9e de fonds pour la r\u00e9habilitation de l'\u00e9cole Kawass Centre \u00e0 Kamsar. - UNIVERSNEWS224","isPartOf":{"@id":"https:\/\/universnews224.com\/#website"},"datePublished":"2024-05-23T20:23:19+00:00","dateModified":"2024-05-23T20:23:19+00:00","inLanguage":"fr-FR","potentialAction":[{"@type":"ReadAction","target":["https:\/\/universnews224.com\/index.php\/humanitaire-un-concert-pour-la-levee-de-fonds-pour-la-rehabilitation-de-lecole-kawass-centre-a-kamsar\/"]}]},{"@type":"WebSite","@id":"https:\/\/universnews224.com\/#website","url":"https:\/\/universnews224.com\/","name":"UNIVERSNEWS224","description":"","publisher":{"@id":"https:\/\/universnews224.com\/#organization"},"potentialAction":[{"@type":"SearchAction","target":{"@type":"EntryPoint","urlTemplate":"https:\/\/universnews224.com\/?s={search_term_string}"},"query-input":"required name=search_term_string"}],"inLanguage":"fr-FR"},{"@type":"Organization","@id":"https:\/\/universnews224.com\/#organization","name":"UNIVERSNEWS224","url":"https:\/\/universnews224.com\/","logo":{"@type":"ImageObject","inLanguage":"fr-FR","@id":"https:\/\/universnews224.com\/#\/schema\/logo\/image\/","url":"https:\/\/universnews224.com\/wp-content\/uploads\/2022\/08\/cropped-cropped-logoban.jpg","contentUrl":"https:\/\/universnews224.com\/wp-content\/uploads\/2022\/08\/cropped-cropped-logoban.jpg","width":1080,"height":138,"caption":"UNIVERSNEWS224"},"image":{"@id":"https:\/\/universnews224.com\/#\/schema\/logo\/image\/"}},{"@type":"Person","@id":"https:\/\/universnews224.com\/#\/schema\/person\/a4b7d4f94a4716df60456a491260485e","name":"La R\u00e9daction","image":{"@type":"ImageObject","inLanguage":"fr-FR","@id":"https:\/\/universnews224.com\/#\/schema\/person\/image\/","url":"https:\/\/secure.gravatar.com\/avatar\/edb90acc7752b23e1b3307ad36c14f0d?s=96&d=mm&r=g","contentUrl":"https:\/\/secure.gravatar.com\/avatar\/edb90acc7752b23e1b3307ad36c14f0d?s=96&d=mm&r=g","caption":"La R\u00e9daction"},"sameAs":["https:\/\/universnews224.com"],"url":"https:\/\/universnews224.com\/index.php\/author\/m-camara\/"}]}},"_links":{"self":[{"href":"https:\/\/universnews224.com\/index.php\/wp-json\/wp\/v2\/posts\/5727"}],"collection":[{"href":"https:\/\/universnews224.com\/index.php\/wp-json\/wp\/v2\/posts"}],"about":[{"href":"https:\/\/universnews224.com\/index.php\/wp-json\/wp\/v2\/types\/post"}],"author":[{"embeddable":true,"href":"https:\/\/universnews224.com\/index.php\/wp-json\/wp\/v2\/users\/2"}],"replies":[{"embeddable":true,"href":"https:\/\/universnews224.com\/index.php\/wp-json\/wp\/v2\/comments?post=5727"}],"version-history":[{"count":1,"href":"https:\/\/universnews224.com\/index.php\/wp-json\/wp\/v2\/posts\/5727\/revisions"}],"predecessor-version":[{"id":5730,"href":"https:\/\/universnews224.com\/index.php\/wp-json\/wp\/v2\/posts\/5727\/revisions\/5730"}],"wp:featuredmedia":[{"embeddable":true,"href":"https:\/\/universnews224.com\/index.php\/wp-json\/wp\/v2\/media\/5728"}],"wp:attachment":[{"href":"https:\/\/universnews224.com\/index.php\/wp-json\/wp\/v2\/media?parent=5727"}],"wp:term":[{"taxonomy":"category","embeddable":true,"href":"https:\/\/universnews224.com\/index.php\/wp-json\/wp\/v2\/categories?post=5727"},{"taxonomy":"post_tag","embeddable":true,"href":"https:\/\/universnews224.com\/index.php\/wp-json\/wp\/v2\/tags?post=5727"}],"curies":[{"name":"wp","href":"https:\/\/api.w.org\/{rel}","templated":true}]}}