{"id":6142,"date":"2024-08-07T21:55:22","date_gmt":"2024-08-07T20:55:22","guid":{"rendered":"https:\/\/universnews224.com\/?p=6142"},"modified":"2024-08-07T21:55:22","modified_gmt":"2024-08-07T20:55:22","slug":"conakry-le-premier-ministre-lance-officiellement-la-couverture-maladie-pour-les-agents-de-letat","status":"publish","type":"post","link":"https:\/\/universnews224.com\/index.php\/conakry-le-premier-ministre-lance-officiellement-la-couverture-maladie-pour-les-agents-de-letat\/","title":{"rendered":"Conakry : le premier ministre lance officiellement la couverture maladie pour les agents de l\u2019Etat."},"content":{"rendered":"<p><img loading=\"lazy\" class=\"alignnone size-full wp-image-9161 b-loaded\" src=\"https:\/\/www.influencesnews.com\/wp-content\/uploads\/2024\/08\/RETRAITE.jpg\" alt=\"\" width=\"1140\" height=\"815\" \/><\/p>\n<p><em>\u00ab Je tiens \u00e0 vous rassurer que le minist\u00e8re de la sant\u00e9 et de l\u2019hygi\u00e8ne publique va vous accompagner dans la mise en \u0153uvre de cette bonne initiative et veillera \u00e0 ce que tous les accords conclus avec les structures sanitaires et les praticiens de sant\u00e9 soit respect\u00e9 pour l\u2019assurance d\u2019une couverture ad\u00e9quate en faveur des agents de l\u2019\u00c9tat en activit\u00e9 et \u00e0 la retraite. Je f\u00e9licite la direction g\u00e9n\u00e9rale de la caisse nationale de pr\u00e9voyance sociale pour cette initiative d\u2019\u00e9largissement de la couverture sanitaire universelle \u00bb<\/em>, a indiqu\u00e9 Oumar Diouh\u00e9 Bah.<\/p>\n<p>La c\u00e9r\u00e9monie de lancement officiel de la couverture maladie pour les agents de l\u2019\u00c9tat a \u00e9t\u00e9 pr\u00e9sid\u00e9e par le premier ministre chef du gouvernement.<\/p>\n<p>Pour Amadou Oury Bah, la question de la sant\u00e9 est une question centrale dans le cadre de la prise en compte du capital humain. Il a expliqu\u00e9 que notre pays a souffert pendant des ann\u00e9es et des d\u00e9cennies du fait d\u2019un faible indice du d\u00e9veloppement humain.<\/p>\n<p><em>\u00ab Il y a quelques d\u00e9cennies de cela, notre pays \u00e9tait parmi les derniers et aujourd\u2019hui, nous avons l\u2019ambition de faire en sorte que l\u2019indice du d\u00e9veloppement humain en Guin\u00e9e soit nettement valoris\u00e9. C\u2019est la raison pour laquelle l\u2019acte d\u2019aujourd\u2019hui est un premier pas. Dans ce sens, nous avons pris des engagements par rapport aux objectifs de d\u00e9veloppement durable. Nous avons pris des engagements par rapport au global contact du syst\u00e8me des Nations Unies. Nous avons pris \u00e9galement des engagements pour que, en ce qui concerne la CEDEAO, nous relevions de mani\u00e8re substantielle l\u2019indice du d\u00e9veloppement humain dans notre pays. Donc c\u2019est tr\u00e8s important que nous sachions que nous sommes dans une trajectoire qui r\u00e9concilie l\u2019indispensable n\u00e9cessit\u00e9 de faire du social un des piliers fondamentaux de la r\u00e9conciliation des citoyens avec l\u2019\u00c9tat, mais \u00e9galement d\u2019assurer le rassemblement et l\u2019\u00e9mergence d\u2019une v\u00e9ritable citoyennet\u00e9 \u00bb<\/em>, a-t-il dit.<\/p>\n<p>Le PM a ajout\u00e9 que la directrice g\u00e9n\u00e9rale de la CNPS a un chantier extr\u00eamement important, mais qui devra \u00eatre compl\u00e9t\u00e9 administrativement au fil du temps. Il a r\u00e9it\u00e9r\u00e9 l\u2019indispensable n\u00e9cessit\u00e9 d\u2019assurer une digitalisation totale de tout le processus en vue d\u2019aboutir \u00e0 une c\u00e9l\u00e9rit\u00e9 dans les op\u00e9rations.<\/p>\n<p><em>\u00ab Donc, la question de la digitalisation et d\u2019autres aspects, tout cela concourt \u00e0 avoir un \u00e9cosyst\u00e8me qui fera de la Guin\u00e9e, dans quelques temps, un pays o\u00f9 il fera bon vivre, o\u00f9 les citoyens se sentiront heureux \u00bb,<\/em>\u00a0a conclu Amadou Oury Bah.<\/p>\n<p>&nbsp;<\/p>\n<p>Mosaiqueguinee<\/p>\n","protected":false},"excerpt":{"rendered":"<p>\u00ab Je tiens \u00e0 vous rassurer que le minist\u00e8re de la sant\u00e9 et de l\u2019hygi\u00e8ne<\/p>\n","protected":false},"author":2,"featured_media":6143,"comment_status":"closed","ping_status":"open","sticky":false,"template":"","format":"standard","meta":[],"categories":[3,5],"tags":[229],"yoast_head":"<!-- This site is optimized with the Yoast SEO plugin v19.13 - https:\/\/yoast.com\/wordpress\/plugins\/seo\/ -->\n<title>Conakry : le premier ministre lance officiellement la couverture maladie pour les agents de l\u2019Etat. - UNIVERSNEWS224<\/title>\n<meta name=\"robots\" content=\"index, follow, max-snippet:-1, max-image-preview:large, max-video-preview:-1\" \/>\n<link rel=\"canonical\" href=\"https:\/\/universnews224.com\/index.php\/conakry-le-premier-ministre-lance-officiellement-la-couverture-maladie-pour-les-agents-de-letat\/\" \/>\n<meta property=\"og:locale\" content=\"fr_FR\" \/>\n<meta property=\"og:type\" content=\"article\" \/>\n<meta property=\"og:title\" content=\"Conakry : le premier ministre lance officiellement la couverture maladie pour les agents de l\u2019Etat. - UNIVERSNEWS224\" \/>\n<meta property=\"og:description\" content=\"\u00ab Je tiens \u00e0 vous rassurer que le minist\u00e8re de la sant\u00e9 et de l\u2019hygi\u00e8ne\" \/>\n<meta property=\"og:url\" content=\"https:\/\/universnews224.com\/index.php\/conakry-le-premier-ministre-lance-officiellement-la-couverture-maladie-pour-les-agents-de-letat\/\" \/>\n<meta property=\"og:site_name\" content=\"UNIVERSNEWS224\" \/>\n<meta property=\"article:published_time\" content=\"2024-08-07T20:55:22+00:00\" \/>\n<meta property=\"og:image\" content=\"https:\/\/universnews224.com\/wp-content\/uploads\/2024\/08\/LCM-PM.jpg\" \/>\n\t<meta property=\"og:image:width\" content=\"1500\" \/>\n\t<meta property=\"og:image:height\" content=\"750\" \/>\n\t<meta property=\"og:image:type\" content=\"image\/jpeg\" \/>\n<meta name=\"author\" content=\"La R\u00e9daction\" \/>\n<meta name=\"twitter:label1\" content=\"\u00c9crit par\" \/>\n\t<meta name=\"twitter:data1\" content=\"La R\u00e9daction\" \/>\n\t<meta name=\"twitter:label2\" content=\"Dur\u00e9e de lecture estim\u00e9e\" \/>\n\t<meta name=\"twitter:data2\" content=\"3 minutes\" \/>\n<script type=\"application\/ld+json\" class=\"yoast-schema-graph\">{\"@context\":\"https:\/\/schema.org\",\"@graph\":[{\"@type\":\"Article\",\"@id\":\"https:\/\/universnews224.com\/index.php\/conakry-le-premier-ministre-lance-officiellement-la-couverture-maladie-pour-les-agents-de-letat\/#article\",\"isPartOf\":{\"@id\":\"https:\/\/universnews224.com\/index.php\/conakry-le-premier-ministre-lance-officiellement-la-couverture-maladie-pour-les-agents-de-letat\/\"},\"author\":{\"name\":\"La R\u00e9daction\",\"@id\":\"https:\/\/universnews224.com\/#\/schema\/person\/a4b7d4f94a4716df60456a491260485e\"},\"headline\":\"Conakry : le premier ministre lance officiellement la couverture maladie pour les agents de l\u2019Etat.\",\"datePublished\":\"2024-08-07T20:55:22+00:00\",\"dateModified\":\"2024-08-07T20:55:22+00:00\",\"mainEntityOfPage\":{\"@id\":\"https:\/\/universnews224.com\/index.php\/conakry-le-premier-ministre-lance-officiellement-la-couverture-maladie-pour-les-agents-de-letat\/\"},\"wordCount\":468,\"publisher\":{\"@id\":\"https:\/\/universnews224.com\/#organization\"},\"keywords\":[\"La une\"],\"articleSection\":[\"ACTU\",\"SOCI\u00c9T\u00c9\"],\"inLanguage\":\"fr-FR\"},{\"@type\":\"WebPage\",\"@id\":\"https:\/\/universnews224.com\/index.php\/conakry-le-premier-ministre-lance-officiellement-la-couverture-maladie-pour-les-agents-de-letat\/\",\"url\":\"https:\/\/universnews224.com\/index.php\/conakry-le-premier-ministre-lance-officiellement-la-couverture-maladie-pour-les-agents-de-letat\/\",\"name\":\"Conakry : le premier ministre lance officiellement la couverture maladie pour les agents de l\u2019Etat. - UNIVERSNEWS224\",\"isPartOf\":{\"@id\":\"https:\/\/universnews224.com\/#website\"},\"datePublished\":\"2024-08-07T20:55:22+00:00\",\"dateModified\":\"2024-08-07T20:55:22+00:00\",\"inLanguage\":\"fr-FR\",\"potentialAction\":[{\"@type\":\"ReadAction\",\"target\":[\"https:\/\/universnews224.com\/index.php\/conakry-le-premier-ministre-lance-officiellement-la-couverture-maladie-pour-les-agents-de-letat\/\"]}]},{\"@type\":\"WebSite\",\"@id\":\"https:\/\/universnews224.com\/#website\",\"url\":\"https:\/\/universnews224.com\/\",\"name\":\"UNIVERSNEWS224\",\"description\":\"\",\"publisher\":{\"@id\":\"https:\/\/universnews224.com\/#organization\"},\"potentialAction\":[{\"@type\":\"SearchAction\",\"target\":{\"@type\":\"EntryPoint\",\"urlTemplate\":\"https:\/\/universnews224.com\/?s={search_term_string}\"},\"query-input\":\"required name=search_term_string\"}],\"inLanguage\":\"fr-FR\"},{\"@type\":\"Organization\",\"@id\":\"https:\/\/universnews224.com\/#organization\",\"name\":\"UNIVERSNEWS224\",\"url\":\"https:\/\/universnews224.com\/\",\"logo\":{\"@type\":\"ImageObject\",\"inLanguage\":\"fr-FR\",\"@id\":\"https:\/\/universnews224.com\/#\/schema\/logo\/image\/\",\"url\":\"https:\/\/universnews224.com\/wp-content\/uploads\/2022\/08\/cropped-cropped-logoban.jpg\",\"contentUrl\":\"https:\/\/universnews224.com\/wp-content\/uploads\/2022\/08\/cropped-cropped-logoban.jpg\",\"width\":1080,\"height\":138,\"caption\":\"UNIVERSNEWS224\"},\"image\":{\"@id\":\"https:\/\/universnews224.com\/#\/schema\/logo\/image\/\"}},{\"@type\":\"Person\",\"@id\":\"https:\/\/universnews224.com\/#\/schema\/person\/a4b7d4f94a4716df60456a491260485e\",\"name\":\"La R\u00e9daction\",\"image\":{\"@type\":\"ImageObject\",\"inLanguage\":\"fr-FR\",\"@id\":\"https:\/\/universnews224.com\/#\/schema\/person\/image\/\",\"url\":\"https:\/\/secure.gravatar.com\/avatar\/edb90acc7752b23e1b3307ad36c14f0d?s=96&d=mm&r=g\",\"contentUrl\":\"https:\/\/secure.gravatar.com\/avatar\/edb90acc7752b23e1b3307ad36c14f0d?s=96&d=mm&r=g\",\"caption\":\"La R\u00e9daction\"},\"sameAs\":[\"https:\/\/universnews224.com\"],\"url\":\"https:\/\/universnews224.com\/index.php\/author\/m-camara\/\"}]}<\/script>\n<!-- \/ Yoast SEO plugin. -->","yoast_head_json":{"title":"Conakry : le premier ministre lance officiellement la couverture maladie pour les agents de l\u2019Etat. - UNIVERSNEWS224","robots":{"index":"index","follow":"follow","max-snippet":"max-snippet:-1","max-image-preview":"max-image-preview:large","max-video-preview":"max-video-preview:-1"},"canonical":"https:\/\/universnews224.com\/index.php\/conakry-le-premier-ministre-lance-officiellement-la-couverture-maladie-pour-les-agents-de-letat\/","og_locale":"fr_FR","og_type":"article","og_title":"Conakry : le premier ministre lance officiellement la couverture maladie pour les agents de l\u2019Etat. - UNIVERSNEWS224","og_description":"\u00ab Je tiens \u00e0 vous rassurer que le minist\u00e8re de la sant\u00e9 et de l\u2019hygi\u00e8ne","og_url":"https:\/\/universnews224.com\/index.php\/conakry-le-premier-ministre-lance-officiellement-la-couverture-maladie-pour-les-agents-de-letat\/","og_site_name":"UNIVERSNEWS224","article_published_time":"2024-08-07T20:55:22+00:00","og_image":[{"width":1500,"height":750,"url":"https:\/\/universnews224.com\/wp-content\/uploads\/2024\/08\/LCM-PM.jpg","type":"image\/jpeg"}],"author":"La R\u00e9daction","twitter_misc":{"\u00c9crit par":"La R\u00e9daction","Dur\u00e9e de lecture estim\u00e9e":"3 minutes"},"schema":{"@context":"https:\/\/schema.org","@graph":[{"@type":"Article","@id":"https:\/\/universnews224.com\/index.php\/conakry-le-premier-ministre-lance-officiellement-la-couverture-maladie-pour-les-agents-de-letat\/#article","isPartOf":{"@id":"https:\/\/universnews224.com\/index.php\/conakry-le-premier-ministre-lance-officiellement-la-couverture-maladie-pour-les-agents-de-letat\/"},"author":{"name":"La R\u00e9daction","@id":"https:\/\/universnews224.com\/#\/schema\/person\/a4b7d4f94a4716df60456a491260485e"},"headline":"Conakry : le premier ministre lance officiellement la couverture maladie pour les agents de l\u2019Etat.","datePublished":"2024-08-07T20:55:22+00:00","dateModified":"2024-08-07T20:55:22+00:00","mainEntityOfPage":{"@id":"https:\/\/universnews224.com\/index.php\/conakry-le-premier-ministre-lance-officiellement-la-couverture-maladie-pour-les-agents-de-letat\/"},"wordCount":468,"publisher":{"@id":"https:\/\/universnews224.com\/#organization"},"keywords":["La une"],"articleSection":["ACTU","SOCI\u00c9T\u00c9"],"inLanguage":"fr-FR"},{"@type":"WebPage","@id":"https:\/\/universnews224.com\/index.php\/conakry-le-premier-ministre-lance-officiellement-la-couverture-maladie-pour-les-agents-de-letat\/","url":"https:\/\/universnews224.com\/index.php\/conakry-le-premier-ministre-lance-officiellement-la-couverture-maladie-pour-les-agents-de-letat\/","name":"Conakry : le premier ministre lance officiellement la couverture maladie pour les agents de l\u2019Etat. - UNIVERSNEWS224","isPartOf":{"@id":"https:\/\/universnews224.com\/#website"},"datePublished":"2024-08-07T20:55:22+00:00","dateModified":"2024-08-07T20:55:22+00:00","inLanguage":"fr-FR","potentialAction":[{"@type":"ReadAction","target":["https:\/\/universnews224.com\/index.php\/conakry-le-premier-ministre-lance-officiellement-la-couverture-maladie-pour-les-agents-de-letat\/"]}]},{"@type":"WebSite","@id":"https:\/\/universnews224.com\/#website","url":"https:\/\/universnews224.com\/","name":"UNIVERSNEWS224","description":"","publisher":{"@id":"https:\/\/universnews224.com\/#organization"},"potentialAction":[{"@type":"SearchAction","target":{"@type":"EntryPoint","urlTemplate":"https:\/\/universnews224.com\/?s={search_term_string}"},"query-input":"required name=search_term_string"}],"inLanguage":"fr-FR"},{"@type":"Organization","@id":"https:\/\/universnews224.com\/#organization","name":"UNIVERSNEWS224","url":"https:\/\/universnews224.com\/","logo":{"@type":"ImageObject","inLanguage":"fr-FR","@id":"https:\/\/universnews224.com\/#\/schema\/logo\/image\/","url":"https:\/\/universnews224.com\/wp-content\/uploads\/2022\/08\/cropped-cropped-logoban.jpg","contentUrl":"https:\/\/universnews224.com\/wp-content\/uploads\/2022\/08\/cropped-cropped-logoban.jpg","width":1080,"height":138,"caption":"UNIVERSNEWS224"},"image":{"@id":"https:\/\/universnews224.com\/#\/schema\/logo\/image\/"}},{"@type":"Person","@id":"https:\/\/universnews224.com\/#\/schema\/person\/a4b7d4f94a4716df60456a491260485e","name":"La R\u00e9daction","image":{"@type":"ImageObject","inLanguage":"fr-FR","@id":"https:\/\/universnews224.com\/#\/schema\/person\/image\/","url":"https:\/\/secure.gravatar.com\/avatar\/edb90acc7752b23e1b3307ad36c14f0d?s=96&d=mm&r=g","contentUrl":"https:\/\/secure.gravatar.com\/avatar\/edb90acc7752b23e1b3307ad36c14f0d?s=96&d=mm&r=g","caption":"La R\u00e9daction"},"sameAs":["https:\/\/universnews224.com"],"url":"https:\/\/universnews224.com\/index.php\/author\/m-camara\/"}]}},"_links":{"self":[{"href":"https:\/\/universnews224.com\/index.php\/wp-json\/wp\/v2\/posts\/6142"}],"collection":[{"href":"https:\/\/universnews224.com\/index.php\/wp-json\/wp\/v2\/posts"}],"about":[{"href":"https:\/\/universnews224.com\/index.php\/wp-json\/wp\/v2\/types\/post"}],"author":[{"embeddable":true,"href":"https:\/\/universnews224.com\/index.php\/wp-json\/wp\/v2\/users\/2"}],"replies":[{"embeddable":true,"href":"https:\/\/universnews224.com\/index.php\/wp-json\/wp\/v2\/comments?post=6142"}],"version-history":[{"count":1,"href":"https:\/\/universnews224.com\/index.php\/wp-json\/wp\/v2\/posts\/6142\/revisions"}],"predecessor-version":[{"id":6144,"href":"https:\/\/universnews224.com\/index.php\/wp-json\/wp\/v2\/posts\/6142\/revisions\/6144"}],"wp:featuredmedia":[{"embeddable":true,"href":"https:\/\/universnews224.com\/index.php\/wp-json\/wp\/v2\/media\/6143"}],"wp:attachment":[{"href":"https:\/\/universnews224.com\/index.php\/wp-json\/wp\/v2\/media?parent=6142"}],"wp:term":[{"taxonomy":"category","embeddable":true,"href":"https:\/\/universnews224.com\/index.php\/wp-json\/wp\/v2\/categories?post=6142"},{"taxonomy":"post_tag","embeddable":true,"href":"https:\/\/universnews224.com\/index.php\/wp-json\/wp\/v2\/tags?post=6142"}],"curies":[{"name":"wp","href":"https:\/\/api.w.org\/{rel}","templated":true}]}}