{"id":6145,"date":"2024-08-07T22:01:35","date_gmt":"2024-08-07T21:01:35","guid":{"rendered":"https:\/\/universnews224.com\/?p=6145"},"modified":"2024-08-07T22:01:35","modified_gmt":"2024-08-07T21:01:35","slug":"crief-ca-ne-metonne-pas-par-alseny-farinta-camara","status":"publish","type":"post","link":"https:\/\/universnews224.com\/index.php\/crief-ca-ne-metonne-pas-par-alseny-farinta-camara\/","title":{"rendered":"CRIEF, \u00e7a ne m\u2019\u00e9tonne pas ! (Par Alseny Farinta Camara)"},"content":{"rendered":"<p>\u00c7a ne m\u2019\u00e9tonne pas ! J\u2019ai appris la nouvelle \u00e0 travers un journaliste dans la soir\u00e9e de ce lundi 05 juillet 2024. Depuis mi-juillet, pendant les pr\u00e9paratifs du marathon Anti-corruption de 36 Km, j\u2019ai \u00e9t\u00e9 alert\u00e9 sur mes d\u00e9nonciations concernant cinq personnalit\u00e9s que la Cour de R\u00e9pression des Infractions \u00c9conomiques et Financi\u00e8res (CRIEF) ne donnera aucune suite favorable. Je suis conscient que ces dossiers soumis \u00e0 l\u2019appr\u00e9ciation du parquet n\u2019ont pas la m\u00eame complexit\u00e9 mais la sortie influenc\u00e9e du procureur sp\u00e9cial m\u00e9rite d\u2019\u00eatre questionn\u00e9e.<\/p>\n<p>La soci\u00e9t\u00e9 civile guin\u00e9enne a accueilli majestueusement la cr\u00e9ation de la CRIEF. Nous consid\u00e9rons cette Cour comme \u00e9tant le plus grand acquis de la transition du Comit\u00e9 National du Rassemblement pour le D\u00e9veloppement (CNRD). Mais, h\u00e9las ! Je comprends le dilemme dans lequel se trouve le parquet sp\u00e9cial lorsqu\u2019on appelle des magistrats \u00e0 la mi-journ\u00e9e pour leur imposer des \u00e9l\u00e9ments de langage. C\u2019est juste ahurissant pour le contribuable guin\u00e9en !<\/p>\n<p>Je continue de faire mon devoir citoyen conform\u00e9ment aux instruments juridiques nationaux et \u00e9trangers auxquels la Guin\u00e9e a souscrit pour promouvoir une gouvernance vertueuse, transparente et redevable dans la gestion de la chose publique. Il ne faut pas se leurrer puisque ces classements sans suite d\u00e9cid\u00e9s apr\u00e8s les enqu\u00eates pr\u00e9alables de l\u2019agence nationale de lutte contre la corruption et la promotion de la bonne gouvernance (ANLC-PBG) sont contraires \u00e0 la r\u00e9alit\u00e9.<\/p>\n<div class=\"jeg_ad jeg_ad_article jnews_content_inline_3_ads  \">\n<div class=\"ads-wrapper align-center \"><\/div>\n<\/div>\n<p>J\u2019estime qu\u2019il y a eu un blanchiment pr\u00e9matur\u00e9 de proc\u00e9dure dans laquelle Dr Bernard Goumou, Moussa Ciss\u00e9, Ousmane Gaoual Diallo et Alphonse Charles Wright devraient \u00eatre inculp\u00e9s pour la gravit\u00e9 des faits d\u00e9nonc\u00e9s, jug\u00e9s et mis en prison. Il y a de la mati\u00e8re \u00e0 poursuivre dans tous ces dossiers y compris Amadou Doumbouya qui a \u00e9t\u00e9 aussi \u00e9t\u00e9 blanchi en catimini.<\/p>\n<p>Je persiste sur le fait qu\u2019il y a en ce moment une course effr\u00e9n\u00e9e \u00e0 l\u2019enrichissement rapide des fonctionnaires, des agents de l\u2019\u00c9tat et des prestataires publics au sein de l\u2019administration guin\u00e9enne. Ils baignent quasiment tous dans la corruption devenue end\u00e9mique, la concussion, le blanchiment des capitaux, les d\u00e9tournements de fonds publics, etc.<\/p>\n<p>Je n\u2019abandonnerais pas ces dossiers de corruption auxquels je crois comme ma paume. Je vais continuer \u00e0 me battre pour r\u00e9clamer justice. Je ne d\u00e9sesp\u00e8re pas de la Cour de R\u00e9pression des Infractions \u00c9conomiques et Financi\u00e8res (CRIEF) qui n\u00e9cessite aujourd\u2019hui une refonte compl\u00e8te afin de favoriser la meilleure gouvernance des affaires publiques.<\/p>\n<p>&nbsp;<\/p>\n<p><strong>Alseny Farinta CAMARA,<\/strong><\/p>\n<p><strong>Acteur de la soci\u00e9t\u00e9 civile guin\u00e9enne.<\/strong><\/p>\n","protected":false},"excerpt":{"rendered":"<p>\u00c7a ne m\u2019\u00e9tonne pas ! J\u2019ai appris la nouvelle \u00e0 travers un journaliste dans la<\/p>\n","protected":false},"author":2,"featured_media":6146,"comment_status":"closed","ping_status":"open","sticky":false,"template":"","format":"standard","meta":[],"categories":[3,5],"tags":[229],"yoast_head":"<!-- This site is optimized with the Yoast SEO plugin v19.13 - https:\/\/yoast.com\/wordpress\/plugins\/seo\/ -->\n<title>CRIEF, \u00e7a ne m\u2019\u00e9tonne pas ! (Par Alseny Farinta Camara) - UNIVERSNEWS224<\/title>\n<meta name=\"robots\" content=\"index, follow, max-snippet:-1, max-image-preview:large, max-video-preview:-1\" \/>\n<link rel=\"canonical\" href=\"https:\/\/universnews224.com\/index.php\/crief-ca-ne-metonne-pas-par-alseny-farinta-camara\/\" \/>\n<meta property=\"og:locale\" content=\"fr_FR\" \/>\n<meta property=\"og:type\" content=\"article\" \/>\n<meta property=\"og:title\" content=\"CRIEF, \u00e7a ne m\u2019\u00e9tonne pas ! (Par Alseny Farinta Camara) - UNIVERSNEWS224\" \/>\n<meta property=\"og:description\" content=\"\u00c7a ne m\u2019\u00e9tonne pas ! J\u2019ai appris la nouvelle \u00e0 travers un journaliste dans la\" \/>\n<meta property=\"og:url\" content=\"https:\/\/universnews224.com\/index.php\/crief-ca-ne-metonne-pas-par-alseny-farinta-camara\/\" \/>\n<meta property=\"og:site_name\" content=\"UNIVERSNEWS224\" \/>\n<meta property=\"article:published_time\" content=\"2024-08-07T21:01:35+00:00\" \/>\n<meta property=\"og:image\" content=\"https:\/\/universnews224.com\/wp-content\/uploads\/2024\/08\/fareinta-camara-572x375-1.jpeg\" \/>\n\t<meta property=\"og:image:width\" content=\"572\" \/>\n\t<meta property=\"og:image:height\" content=\"375\" \/>\n\t<meta property=\"og:image:type\" content=\"image\/jpeg\" \/>\n<meta name=\"author\" content=\"La R\u00e9daction\" \/>\n<meta name=\"twitter:label1\" content=\"\u00c9crit par\" \/>\n\t<meta name=\"twitter:data1\" content=\"La R\u00e9daction\" \/>\n\t<meta name=\"twitter:label2\" content=\"Dur\u00e9e de lecture estim\u00e9e\" \/>\n\t<meta name=\"twitter:data2\" content=\"3 minutes\" \/>\n<script type=\"application\/ld+json\" class=\"yoast-schema-graph\">{\"@context\":\"https:\/\/schema.org\",\"@graph\":[{\"@type\":\"Article\",\"@id\":\"https:\/\/universnews224.com\/index.php\/crief-ca-ne-metonne-pas-par-alseny-farinta-camara\/#article\",\"isPartOf\":{\"@id\":\"https:\/\/universnews224.com\/index.php\/crief-ca-ne-metonne-pas-par-alseny-farinta-camara\/\"},\"author\":{\"name\":\"La R\u00e9daction\",\"@id\":\"https:\/\/universnews224.com\/#\/schema\/person\/a4b7d4f94a4716df60456a491260485e\"},\"headline\":\"CRIEF, \u00e7a ne m\u2019\u00e9tonne pas ! (Par Alseny Farinta Camara)\",\"datePublished\":\"2024-08-07T21:01:35+00:00\",\"dateModified\":\"2024-08-07T21:01:35+00:00\",\"mainEntityOfPage\":{\"@id\":\"https:\/\/universnews224.com\/index.php\/crief-ca-ne-metonne-pas-par-alseny-farinta-camara\/\"},\"wordCount\":467,\"publisher\":{\"@id\":\"https:\/\/universnews224.com\/#organization\"},\"keywords\":[\"La une\"],\"articleSection\":[\"ACTU\",\"SOCI\u00c9T\u00c9\"],\"inLanguage\":\"fr-FR\"},{\"@type\":\"WebPage\",\"@id\":\"https:\/\/universnews224.com\/index.php\/crief-ca-ne-metonne-pas-par-alseny-farinta-camara\/\",\"url\":\"https:\/\/universnews224.com\/index.php\/crief-ca-ne-metonne-pas-par-alseny-farinta-camara\/\",\"name\":\"CRIEF, \u00e7a ne m\u2019\u00e9tonne pas ! (Par Alseny Farinta Camara) - UNIVERSNEWS224\",\"isPartOf\":{\"@id\":\"https:\/\/universnews224.com\/#website\"},\"datePublished\":\"2024-08-07T21:01:35+00:00\",\"dateModified\":\"2024-08-07T21:01:35+00:00\",\"inLanguage\":\"fr-FR\",\"potentialAction\":[{\"@type\":\"ReadAction\",\"target\":[\"https:\/\/universnews224.com\/index.php\/crief-ca-ne-metonne-pas-par-alseny-farinta-camara\/\"]}]},{\"@type\":\"WebSite\",\"@id\":\"https:\/\/universnews224.com\/#website\",\"url\":\"https:\/\/universnews224.com\/\",\"name\":\"UNIVERSNEWS224\",\"description\":\"\",\"publisher\":{\"@id\":\"https:\/\/universnews224.com\/#organization\"},\"potentialAction\":[{\"@type\":\"SearchAction\",\"target\":{\"@type\":\"EntryPoint\",\"urlTemplate\":\"https:\/\/universnews224.com\/?s={search_term_string}\"},\"query-input\":\"required name=search_term_string\"}],\"inLanguage\":\"fr-FR\"},{\"@type\":\"Organization\",\"@id\":\"https:\/\/universnews224.com\/#organization\",\"name\":\"UNIVERSNEWS224\",\"url\":\"https:\/\/universnews224.com\/\",\"logo\":{\"@type\":\"ImageObject\",\"inLanguage\":\"fr-FR\",\"@id\":\"https:\/\/universnews224.com\/#\/schema\/logo\/image\/\",\"url\":\"https:\/\/universnews224.com\/wp-content\/uploads\/2022\/08\/cropped-cropped-logoban.jpg\",\"contentUrl\":\"https:\/\/universnews224.com\/wp-content\/uploads\/2022\/08\/cropped-cropped-logoban.jpg\",\"width\":1080,\"height\":138,\"caption\":\"UNIVERSNEWS224\"},\"image\":{\"@id\":\"https:\/\/universnews224.com\/#\/schema\/logo\/image\/\"}},{\"@type\":\"Person\",\"@id\":\"https:\/\/universnews224.com\/#\/schema\/person\/a4b7d4f94a4716df60456a491260485e\",\"name\":\"La R\u00e9daction\",\"image\":{\"@type\":\"ImageObject\",\"inLanguage\":\"fr-FR\",\"@id\":\"https:\/\/universnews224.com\/#\/schema\/person\/image\/\",\"url\":\"https:\/\/secure.gravatar.com\/avatar\/edb90acc7752b23e1b3307ad36c14f0d?s=96&d=mm&r=g\",\"contentUrl\":\"https:\/\/secure.gravatar.com\/avatar\/edb90acc7752b23e1b3307ad36c14f0d?s=96&d=mm&r=g\",\"caption\":\"La R\u00e9daction\"},\"sameAs\":[\"https:\/\/universnews224.com\"],\"url\":\"https:\/\/universnews224.com\/index.php\/author\/m-camara\/\"}]}<\/script>\n<!-- \/ Yoast SEO plugin. -->","yoast_head_json":{"title":"CRIEF, \u00e7a ne m\u2019\u00e9tonne pas ! (Par Alseny Farinta Camara) - UNIVERSNEWS224","robots":{"index":"index","follow":"follow","max-snippet":"max-snippet:-1","max-image-preview":"max-image-preview:large","max-video-preview":"max-video-preview:-1"},"canonical":"https:\/\/universnews224.com\/index.php\/crief-ca-ne-metonne-pas-par-alseny-farinta-camara\/","og_locale":"fr_FR","og_type":"article","og_title":"CRIEF, \u00e7a ne m\u2019\u00e9tonne pas ! (Par Alseny Farinta Camara) - UNIVERSNEWS224","og_description":"\u00c7a ne m\u2019\u00e9tonne pas ! J\u2019ai appris la nouvelle \u00e0 travers un journaliste dans la","og_url":"https:\/\/universnews224.com\/index.php\/crief-ca-ne-metonne-pas-par-alseny-farinta-camara\/","og_site_name":"UNIVERSNEWS224","article_published_time":"2024-08-07T21:01:35+00:00","og_image":[{"width":572,"height":375,"url":"https:\/\/universnews224.com\/wp-content\/uploads\/2024\/08\/fareinta-camara-572x375-1.jpeg","type":"image\/jpeg"}],"author":"La R\u00e9daction","twitter_misc":{"\u00c9crit par":"La R\u00e9daction","Dur\u00e9e de lecture estim\u00e9e":"3 minutes"},"schema":{"@context":"https:\/\/schema.org","@graph":[{"@type":"Article","@id":"https:\/\/universnews224.com\/index.php\/crief-ca-ne-metonne-pas-par-alseny-farinta-camara\/#article","isPartOf":{"@id":"https:\/\/universnews224.com\/index.php\/crief-ca-ne-metonne-pas-par-alseny-farinta-camara\/"},"author":{"name":"La R\u00e9daction","@id":"https:\/\/universnews224.com\/#\/schema\/person\/a4b7d4f94a4716df60456a491260485e"},"headline":"CRIEF, \u00e7a ne m\u2019\u00e9tonne pas ! (Par Alseny Farinta Camara)","datePublished":"2024-08-07T21:01:35+00:00","dateModified":"2024-08-07T21:01:35+00:00","mainEntityOfPage":{"@id":"https:\/\/universnews224.com\/index.php\/crief-ca-ne-metonne-pas-par-alseny-farinta-camara\/"},"wordCount":467,"publisher":{"@id":"https:\/\/universnews224.com\/#organization"},"keywords":["La une"],"articleSection":["ACTU","SOCI\u00c9T\u00c9"],"inLanguage":"fr-FR"},{"@type":"WebPage","@id":"https:\/\/universnews224.com\/index.php\/crief-ca-ne-metonne-pas-par-alseny-farinta-camara\/","url":"https:\/\/universnews224.com\/index.php\/crief-ca-ne-metonne-pas-par-alseny-farinta-camara\/","name":"CRIEF, \u00e7a ne m\u2019\u00e9tonne pas ! (Par Alseny Farinta Camara) - UNIVERSNEWS224","isPartOf":{"@id":"https:\/\/universnews224.com\/#website"},"datePublished":"2024-08-07T21:01:35+00:00","dateModified":"2024-08-07T21:01:35+00:00","inLanguage":"fr-FR","potentialAction":[{"@type":"ReadAction","target":["https:\/\/universnews224.com\/index.php\/crief-ca-ne-metonne-pas-par-alseny-farinta-camara\/"]}]},{"@type":"WebSite","@id":"https:\/\/universnews224.com\/#website","url":"https:\/\/universnews224.com\/","name":"UNIVERSNEWS224","description":"","publisher":{"@id":"https:\/\/universnews224.com\/#organization"},"potentialAction":[{"@type":"SearchAction","target":{"@type":"EntryPoint","urlTemplate":"https:\/\/universnews224.com\/?s={search_term_string}"},"query-input":"required name=search_term_string"}],"inLanguage":"fr-FR"},{"@type":"Organization","@id":"https:\/\/universnews224.com\/#organization","name":"UNIVERSNEWS224","url":"https:\/\/universnews224.com\/","logo":{"@type":"ImageObject","inLanguage":"fr-FR","@id":"https:\/\/universnews224.com\/#\/schema\/logo\/image\/","url":"https:\/\/universnews224.com\/wp-content\/uploads\/2022\/08\/cropped-cropped-logoban.jpg","contentUrl":"https:\/\/universnews224.com\/wp-content\/uploads\/2022\/08\/cropped-cropped-logoban.jpg","width":1080,"height":138,"caption":"UNIVERSNEWS224"},"image":{"@id":"https:\/\/universnews224.com\/#\/schema\/logo\/image\/"}},{"@type":"Person","@id":"https:\/\/universnews224.com\/#\/schema\/person\/a4b7d4f94a4716df60456a491260485e","name":"La R\u00e9daction","image":{"@type":"ImageObject","inLanguage":"fr-FR","@id":"https:\/\/universnews224.com\/#\/schema\/person\/image\/","url":"https:\/\/secure.gravatar.com\/avatar\/edb90acc7752b23e1b3307ad36c14f0d?s=96&d=mm&r=g","contentUrl":"https:\/\/secure.gravatar.com\/avatar\/edb90acc7752b23e1b3307ad36c14f0d?s=96&d=mm&r=g","caption":"La R\u00e9daction"},"sameAs":["https:\/\/universnews224.com"],"url":"https:\/\/universnews224.com\/index.php\/author\/m-camara\/"}]}},"_links":{"self":[{"href":"https:\/\/universnews224.com\/index.php\/wp-json\/wp\/v2\/posts\/6145"}],"collection":[{"href":"https:\/\/universnews224.com\/index.php\/wp-json\/wp\/v2\/posts"}],"about":[{"href":"https:\/\/universnews224.com\/index.php\/wp-json\/wp\/v2\/types\/post"}],"author":[{"embeddable":true,"href":"https:\/\/universnews224.com\/index.php\/wp-json\/wp\/v2\/users\/2"}],"replies":[{"embeddable":true,"href":"https:\/\/universnews224.com\/index.php\/wp-json\/wp\/v2\/comments?post=6145"}],"version-history":[{"count":1,"href":"https:\/\/universnews224.com\/index.php\/wp-json\/wp\/v2\/posts\/6145\/revisions"}],"predecessor-version":[{"id":6147,"href":"https:\/\/universnews224.com\/index.php\/wp-json\/wp\/v2\/posts\/6145\/revisions\/6147"}],"wp:featuredmedia":[{"embeddable":true,"href":"https:\/\/universnews224.com\/index.php\/wp-json\/wp\/v2\/media\/6146"}],"wp:attachment":[{"href":"https:\/\/universnews224.com\/index.php\/wp-json\/wp\/v2\/media?parent=6145"}],"wp:term":[{"taxonomy":"category","embeddable":true,"href":"https:\/\/universnews224.com\/index.php\/wp-json\/wp\/v2\/categories?post=6145"},{"taxonomy":"post_tag","embeddable":true,"href":"https:\/\/universnews224.com\/index.php\/wp-json\/wp\/v2\/tags?post=6145"}],"curies":[{"name":"wp","href":"https:\/\/api.w.org\/{rel}","templated":true}]}}