{"id":6172,"date":"2024-08-10T21:45:08","date_gmt":"2024-08-10T20:45:08","guid":{"rendered":"https:\/\/universnews224.com\/?p=6172"},"modified":"2024-08-10T21:45:08","modified_gmt":"2024-08-10T20:45:08","slug":"kalemodou-yansane-sur-une-eventuelle-candidature-du-general-mamadi-doumbouya-ca-ne-sera-pas-concevable","status":"publish","type":"post","link":"https:\/\/universnews224.com\/index.php\/kalemodou-yansane-sur-une-eventuelle-candidature-du-general-mamadi-doumbouya-ca-ne-sera-pas-concevable\/","title":{"rendered":"Kal\u00e9modou Yansan\u00e9 sur une eventuelle candidature du G\u00e9n\u00e9ral Mamadi Doumbouya: \u00ab\u00a0\u00c7a ne sera pas concevable\u00a0\u00bb"},"content":{"rendered":"<p><span style=\"font-weight: 400\">Depuis la pr\u00e9sentation de l&rsquo;avant-projet de nouvelle constitution, les sp\u00e9culations vont bons train dans tout le pays sur une \u00e9ventuelle candidature du president de la transition, G\u00e9n\u00e9ral Mamadi Doumbouya \u00e0 la prochaine \u00e9lection presidentielle. Ce doute s&rsquo;est renforc\u00e9 suite \u00e0 la sortie m\u00e9diatique du pr\u00e9sident du CNT qui a clairement indiqu\u00e9 que cet avant-projet de la nouvelle constitution n\u2019\u00e9carte la candidature d\u2019aucun guin\u00e9en.<\/span><\/p>\n<p>&nbsp;<\/p>\n<p><span style=\"font-weight: 400\">Pr\u00e9sidant l&rsquo;assembl\u00e9e g\u00e9n\u00e9rale de son parti ce samedi, 10 ao\u00fbt 2024, \u00e0 la Mini\u00e8re dans la commune de Dixinn, Kal\u00e9modou Yansan\u00e9, l&rsquo;un des vices-pr\u00e9sident de l&rsquo;UFDG, reste convaincu que malgr\u00e9 ces suspicions autour de la candidature ou non du colosse du 05 septembre, que le G\u00e9n\u00e9ral Mamadi Doumbouya honorera sa parole.\u00a0<\/span><\/p>\n<p>&nbsp;<\/p>\n<p><span style=\"font-weight: 400\">\u201c&#8230;Le serment est sacr\u00e9, le pr\u00e9sident Mamadi Doumbouya a jur\u00e9 sur une charte, dans laquelle, il est \u00e9crit noir sur blanc, qu&rsquo;aucun m\u00eame du CNT, aucun membre du gouvernement et lui-m\u00eame, seront candidats \u00e0 quoi que cela. Il a r\u00e9p\u00e9t\u00e9 plusieurs fois, il n&rsquo;\u00e9tait pas contraint, c&rsquo;est lui qui a \u00e9crit la charte, c&rsquo;est lui a jur\u00e9 dessus et il a fait plusieurs d\u00e9clarations en disant qu&rsquo;il n&rsquo;est candidat \u00e0 rien du tout. Donc, ce n&rsquo;est pas la peine de faire des sp\u00e9culations. La parole d&rsquo;officier, la parole d&rsquo;un homme est sacr\u00e9e. Je pense que la valeur de l&rsquo;homme se mesure d&rsquo;abord par le respect de ses engagements. On dit que Dieu, ce n\u2019est pas un \u00eatre, mais c&rsquo;est le Supr\u00eame. Mais qui est plus fort que Dieu, c&rsquo;est sa parole. La parole de Dieu, c&rsquo;est coran, c&rsquo;est la bible. Lorsqu\u2019on a jur\u00e9 sur le coran, on a jur\u00e9 sur la parole de Dieu, on est tenu de la respecter. C&rsquo;est pourquoi, pour nous, nous n&rsquo;avons pas doute jusqu&rsquo;au moment o\u00f9 je vous parle que le pr\u00e9sident Mamadi Doumbouya n&rsquo;a pas l&rsquo;intention de briquer un quelconque mandat \u00e0 l&rsquo;issue de la transition. C&rsquo;est lui qui l&rsquo;a dit, il n&rsquo;a pas dit, si on m&rsquo;autorise, je vais pr\u00e9senter. Il a dit, je ne suis candidat \u00e0 rien, il a \u00e9crit, sign\u00e9 et jur\u00e9 devant le peuple de Guin\u00e9e\u201d, a t-il indiqu\u00e9.\u00a0<\/span><\/p>\n<p><span style=\"font-weight: 400\">Poursuivant, l\u2019honorable Kal\u00e9modou previent qu\u2019il sera \u201cinadmissible\u201d que le pr\u00e9sident Mamadi Doumbouya soit candidat \u00e0 la prochaine \u00e9lection.\u00a0<\/span><\/p>\n<p><span style=\"font-weight: 400\">\u201c\u00c7a ne sera pas concevable, \u00e7a ne sera pas acceptable, qu&rsquo;on apprenne un jour, par ce que le c\u00e9l\u00e8bre magistrat de la Cour constitutionnelle appelait les animateurs des sir\u00e8nes r\u00e9visionnalistes. Il ne faut pas qu&rsquo;il les suive. Il faut que le peuple de Guin\u00e9e et ses cadres tirent des le\u00e7ons de notre pass\u00e9 (\u2026.) Dadis a voulu enlever la tenue, toute la Guin\u00e9e s&rsquo;est mise en branle, le pr\u00e9sident Alpha Cond\u00e9 a voulu un troisi\u00e8me mandat, nous sommes entrain de vivre ces cons\u00e9quences, les m\u00eames causes produisent les m\u00eames effets. Nous demandons aux dirigeants actuels, nous demandons au pr\u00e9sident Mamadi Doumbouya de ne pas se pr\u00eater \u00e0 ce que le CNT est entrain de faire pour le peuple de Guin\u00e9e. Il est un officiel sup\u00e9rieur, il est jeune qui eu l&rsquo;honneur de diriger ce pays depuis le 5 septembre 2021, je souhaite vivement que sa parole d&rsquo;officier soit respect\u00e9 et qu&rsquo;il sorte par la grande porte\u201d, a t-il soulign\u00e9.<\/span><\/p>\n","protected":false},"excerpt":{"rendered":"<p>Depuis la pr\u00e9sentation de l&rsquo;avant-projet de nouvelle constitution, les sp\u00e9culations vont bons train dans tout<\/p>\n","protected":false},"author":2,"featured_media":6173,"comment_status":"closed","ping_status":"open","sticky":false,"template":"","format":"standard","meta":[],"categories":[1],"tags":[229],"yoast_head":"<!-- This site is optimized with the Yoast SEO plugin v19.13 - https:\/\/yoast.com\/wordpress\/plugins\/seo\/ -->\n<title>Kal\u00e9modou Yansan\u00e9 sur une eventuelle candidature du G\u00e9n\u00e9ral Mamadi Doumbouya: &quot;\u00c7a ne sera pas concevable&quot; - UNIVERSNEWS224<\/title>\n<meta name=\"robots\" content=\"index, follow, max-snippet:-1, max-image-preview:large, max-video-preview:-1\" \/>\n<link rel=\"canonical\" href=\"https:\/\/universnews224.com\/index.php\/kalemodou-yansane-sur-une-eventuelle-candidature-du-general-mamadi-doumbouya-ca-ne-sera-pas-concevable\/\" \/>\n<meta property=\"og:locale\" content=\"fr_FR\" \/>\n<meta property=\"og:type\" content=\"article\" \/>\n<meta property=\"og:title\" content=\"Kal\u00e9modou Yansan\u00e9 sur une eventuelle candidature du G\u00e9n\u00e9ral Mamadi Doumbouya: &quot;\u00c7a ne sera pas concevable&quot; - UNIVERSNEWS224\" \/>\n<meta property=\"og:description\" content=\"Depuis la pr\u00e9sentation de l&rsquo;avant-projet de nouvelle constitution, les sp\u00e9culations vont bons train dans tout\" \/>\n<meta property=\"og:url\" content=\"https:\/\/universnews224.com\/index.php\/kalemodou-yansane-sur-une-eventuelle-candidature-du-general-mamadi-doumbouya-ca-ne-sera-pas-concevable\/\" \/>\n<meta property=\"og:site_name\" content=\"UNIVERSNEWS224\" \/>\n<meta property=\"article:published_time\" content=\"2024-08-10T20:45:08+00:00\" \/>\n<meta property=\"og:image\" content=\"https:\/\/universnews224.com\/wp-content\/uploads\/2024\/08\/20240810_131831-scaled.jpg\" \/>\n\t<meta property=\"og:image:width\" content=\"2560\" \/>\n\t<meta property=\"og:image:height\" content=\"1920\" \/>\n\t<meta property=\"og:image:type\" content=\"image\/jpeg\" \/>\n<meta name=\"author\" content=\"La R\u00e9daction\" \/>\n<meta name=\"twitter:label1\" content=\"\u00c9crit par\" \/>\n\t<meta name=\"twitter:data1\" content=\"La R\u00e9daction\" \/>\n\t<meta name=\"twitter:label2\" content=\"Dur\u00e9e de lecture estim\u00e9e\" \/>\n\t<meta name=\"twitter:data2\" content=\"3 minutes\" \/>\n<script type=\"application\/ld+json\" class=\"yoast-schema-graph\">{\"@context\":\"https:\/\/schema.org\",\"@graph\":[{\"@type\":\"Article\",\"@id\":\"https:\/\/universnews224.com\/index.php\/kalemodou-yansane-sur-une-eventuelle-candidature-du-general-mamadi-doumbouya-ca-ne-sera-pas-concevable\/#article\",\"isPartOf\":{\"@id\":\"https:\/\/universnews224.com\/index.php\/kalemodou-yansane-sur-une-eventuelle-candidature-du-general-mamadi-doumbouya-ca-ne-sera-pas-concevable\/\"},\"author\":{\"name\":\"La R\u00e9daction\",\"@id\":\"https:\/\/universnews224.com\/#\/schema\/person\/a4b7d4f94a4716df60456a491260485e\"},\"headline\":\"Kal\u00e9modou Yansan\u00e9 sur une eventuelle candidature du G\u00e9n\u00e9ral Mamadi Doumbouya: \u00ab\u00a0\u00c7a ne sera pas concevable\u00a0\u00bb\",\"datePublished\":\"2024-08-10T20:45:08+00:00\",\"dateModified\":\"2024-08-10T20:45:08+00:00\",\"mainEntityOfPage\":{\"@id\":\"https:\/\/universnews224.com\/index.php\/kalemodou-yansane-sur-une-eventuelle-candidature-du-general-mamadi-doumbouya-ca-ne-sera-pas-concevable\/\"},\"wordCount\":580,\"publisher\":{\"@id\":\"https:\/\/universnews224.com\/#organization\"},\"keywords\":[\"La une\"],\"inLanguage\":\"fr-FR\"},{\"@type\":\"WebPage\",\"@id\":\"https:\/\/universnews224.com\/index.php\/kalemodou-yansane-sur-une-eventuelle-candidature-du-general-mamadi-doumbouya-ca-ne-sera-pas-concevable\/\",\"url\":\"https:\/\/universnews224.com\/index.php\/kalemodou-yansane-sur-une-eventuelle-candidature-du-general-mamadi-doumbouya-ca-ne-sera-pas-concevable\/\",\"name\":\"Kal\u00e9modou Yansan\u00e9 sur une eventuelle candidature du G\u00e9n\u00e9ral Mamadi Doumbouya: \\\"\u00c7a ne sera pas concevable\\\" - UNIVERSNEWS224\",\"isPartOf\":{\"@id\":\"https:\/\/universnews224.com\/#website\"},\"datePublished\":\"2024-08-10T20:45:08+00:00\",\"dateModified\":\"2024-08-10T20:45:08+00:00\",\"inLanguage\":\"fr-FR\",\"potentialAction\":[{\"@type\":\"ReadAction\",\"target\":[\"https:\/\/universnews224.com\/index.php\/kalemodou-yansane-sur-une-eventuelle-candidature-du-general-mamadi-doumbouya-ca-ne-sera-pas-concevable\/\"]}]},{\"@type\":\"WebSite\",\"@id\":\"https:\/\/universnews224.com\/#website\",\"url\":\"https:\/\/universnews224.com\/\",\"name\":\"UNIVERSNEWS224\",\"description\":\"\",\"publisher\":{\"@id\":\"https:\/\/universnews224.com\/#organization\"},\"potentialAction\":[{\"@type\":\"SearchAction\",\"target\":{\"@type\":\"EntryPoint\",\"urlTemplate\":\"https:\/\/universnews224.com\/?s={search_term_string}\"},\"query-input\":\"required name=search_term_string\"}],\"inLanguage\":\"fr-FR\"},{\"@type\":\"Organization\",\"@id\":\"https:\/\/universnews224.com\/#organization\",\"name\":\"UNIVERSNEWS224\",\"url\":\"https:\/\/universnews224.com\/\",\"logo\":{\"@type\":\"ImageObject\",\"inLanguage\":\"fr-FR\",\"@id\":\"https:\/\/universnews224.com\/#\/schema\/logo\/image\/\",\"url\":\"https:\/\/universnews224.com\/wp-content\/uploads\/2022\/08\/cropped-cropped-logoban.jpg\",\"contentUrl\":\"https:\/\/universnews224.com\/wp-content\/uploads\/2022\/08\/cropped-cropped-logoban.jpg\",\"width\":1080,\"height\":138,\"caption\":\"UNIVERSNEWS224\"},\"image\":{\"@id\":\"https:\/\/universnews224.com\/#\/schema\/logo\/image\/\"}},{\"@type\":\"Person\",\"@id\":\"https:\/\/universnews224.com\/#\/schema\/person\/a4b7d4f94a4716df60456a491260485e\",\"name\":\"La R\u00e9daction\",\"image\":{\"@type\":\"ImageObject\",\"inLanguage\":\"fr-FR\",\"@id\":\"https:\/\/universnews224.com\/#\/schema\/person\/image\/\",\"url\":\"https:\/\/secure.gravatar.com\/avatar\/edb90acc7752b23e1b3307ad36c14f0d?s=96&d=mm&r=g\",\"contentUrl\":\"https:\/\/secure.gravatar.com\/avatar\/edb90acc7752b23e1b3307ad36c14f0d?s=96&d=mm&r=g\",\"caption\":\"La R\u00e9daction\"},\"sameAs\":[\"https:\/\/universnews224.com\"],\"url\":\"https:\/\/universnews224.com\/index.php\/author\/m-camara\/\"}]}<\/script>\n<!-- \/ Yoast SEO plugin. -->","yoast_head_json":{"title":"Kal\u00e9modou Yansan\u00e9 sur une eventuelle candidature du G\u00e9n\u00e9ral Mamadi Doumbouya: \"\u00c7a ne sera pas concevable\" - UNIVERSNEWS224","robots":{"index":"index","follow":"follow","max-snippet":"max-snippet:-1","max-image-preview":"max-image-preview:large","max-video-preview":"max-video-preview:-1"},"canonical":"https:\/\/universnews224.com\/index.php\/kalemodou-yansane-sur-une-eventuelle-candidature-du-general-mamadi-doumbouya-ca-ne-sera-pas-concevable\/","og_locale":"fr_FR","og_type":"article","og_title":"Kal\u00e9modou Yansan\u00e9 sur une eventuelle candidature du G\u00e9n\u00e9ral Mamadi Doumbouya: \"\u00c7a ne sera pas concevable\" - UNIVERSNEWS224","og_description":"Depuis la pr\u00e9sentation de l&rsquo;avant-projet de nouvelle constitution, les sp\u00e9culations vont bons train dans tout","og_url":"https:\/\/universnews224.com\/index.php\/kalemodou-yansane-sur-une-eventuelle-candidature-du-general-mamadi-doumbouya-ca-ne-sera-pas-concevable\/","og_site_name":"UNIVERSNEWS224","article_published_time":"2024-08-10T20:45:08+00:00","og_image":[{"width":2560,"height":1920,"url":"https:\/\/universnews224.com\/wp-content\/uploads\/2024\/08\/20240810_131831-scaled.jpg","type":"image\/jpeg"}],"author":"La R\u00e9daction","twitter_misc":{"\u00c9crit par":"La R\u00e9daction","Dur\u00e9e de lecture estim\u00e9e":"3 minutes"},"schema":{"@context":"https:\/\/schema.org","@graph":[{"@type":"Article","@id":"https:\/\/universnews224.com\/index.php\/kalemodou-yansane-sur-une-eventuelle-candidature-du-general-mamadi-doumbouya-ca-ne-sera-pas-concevable\/#article","isPartOf":{"@id":"https:\/\/universnews224.com\/index.php\/kalemodou-yansane-sur-une-eventuelle-candidature-du-general-mamadi-doumbouya-ca-ne-sera-pas-concevable\/"},"author":{"name":"La R\u00e9daction","@id":"https:\/\/universnews224.com\/#\/schema\/person\/a4b7d4f94a4716df60456a491260485e"},"headline":"Kal\u00e9modou Yansan\u00e9 sur une eventuelle candidature du G\u00e9n\u00e9ral Mamadi Doumbouya: \u00ab\u00a0\u00c7a ne sera pas concevable\u00a0\u00bb","datePublished":"2024-08-10T20:45:08+00:00","dateModified":"2024-08-10T20:45:08+00:00","mainEntityOfPage":{"@id":"https:\/\/universnews224.com\/index.php\/kalemodou-yansane-sur-une-eventuelle-candidature-du-general-mamadi-doumbouya-ca-ne-sera-pas-concevable\/"},"wordCount":580,"publisher":{"@id":"https:\/\/universnews224.com\/#organization"},"keywords":["La une"],"inLanguage":"fr-FR"},{"@type":"WebPage","@id":"https:\/\/universnews224.com\/index.php\/kalemodou-yansane-sur-une-eventuelle-candidature-du-general-mamadi-doumbouya-ca-ne-sera-pas-concevable\/","url":"https:\/\/universnews224.com\/index.php\/kalemodou-yansane-sur-une-eventuelle-candidature-du-general-mamadi-doumbouya-ca-ne-sera-pas-concevable\/","name":"Kal\u00e9modou Yansan\u00e9 sur une eventuelle candidature du G\u00e9n\u00e9ral Mamadi Doumbouya: \"\u00c7a ne sera pas concevable\" - UNIVERSNEWS224","isPartOf":{"@id":"https:\/\/universnews224.com\/#website"},"datePublished":"2024-08-10T20:45:08+00:00","dateModified":"2024-08-10T20:45:08+00:00","inLanguage":"fr-FR","potentialAction":[{"@type":"ReadAction","target":["https:\/\/universnews224.com\/index.php\/kalemodou-yansane-sur-une-eventuelle-candidature-du-general-mamadi-doumbouya-ca-ne-sera-pas-concevable\/"]}]},{"@type":"WebSite","@id":"https:\/\/universnews224.com\/#website","url":"https:\/\/universnews224.com\/","name":"UNIVERSNEWS224","description":"","publisher":{"@id":"https:\/\/universnews224.com\/#organization"},"potentialAction":[{"@type":"SearchAction","target":{"@type":"EntryPoint","urlTemplate":"https:\/\/universnews224.com\/?s={search_term_string}"},"query-input":"required name=search_term_string"}],"inLanguage":"fr-FR"},{"@type":"Organization","@id":"https:\/\/universnews224.com\/#organization","name":"UNIVERSNEWS224","url":"https:\/\/universnews224.com\/","logo":{"@type":"ImageObject","inLanguage":"fr-FR","@id":"https:\/\/universnews224.com\/#\/schema\/logo\/image\/","url":"https:\/\/universnews224.com\/wp-content\/uploads\/2022\/08\/cropped-cropped-logoban.jpg","contentUrl":"https:\/\/universnews224.com\/wp-content\/uploads\/2022\/08\/cropped-cropped-logoban.jpg","width":1080,"height":138,"caption":"UNIVERSNEWS224"},"image":{"@id":"https:\/\/universnews224.com\/#\/schema\/logo\/image\/"}},{"@type":"Person","@id":"https:\/\/universnews224.com\/#\/schema\/person\/a4b7d4f94a4716df60456a491260485e","name":"La R\u00e9daction","image":{"@type":"ImageObject","inLanguage":"fr-FR","@id":"https:\/\/universnews224.com\/#\/schema\/person\/image\/","url":"https:\/\/secure.gravatar.com\/avatar\/edb90acc7752b23e1b3307ad36c14f0d?s=96&d=mm&r=g","contentUrl":"https:\/\/secure.gravatar.com\/avatar\/edb90acc7752b23e1b3307ad36c14f0d?s=96&d=mm&r=g","caption":"La R\u00e9daction"},"sameAs":["https:\/\/universnews224.com"],"url":"https:\/\/universnews224.com\/index.php\/author\/m-camara\/"}]}},"_links":{"self":[{"href":"https:\/\/universnews224.com\/index.php\/wp-json\/wp\/v2\/posts\/6172"}],"collection":[{"href":"https:\/\/universnews224.com\/index.php\/wp-json\/wp\/v2\/posts"}],"about":[{"href":"https:\/\/universnews224.com\/index.php\/wp-json\/wp\/v2\/types\/post"}],"author":[{"embeddable":true,"href":"https:\/\/universnews224.com\/index.php\/wp-json\/wp\/v2\/users\/2"}],"replies":[{"embeddable":true,"href":"https:\/\/universnews224.com\/index.php\/wp-json\/wp\/v2\/comments?post=6172"}],"version-history":[{"count":1,"href":"https:\/\/universnews224.com\/index.php\/wp-json\/wp\/v2\/posts\/6172\/revisions"}],"predecessor-version":[{"id":6174,"href":"https:\/\/universnews224.com\/index.php\/wp-json\/wp\/v2\/posts\/6172\/revisions\/6174"}],"wp:featuredmedia":[{"embeddable":true,"href":"https:\/\/universnews224.com\/index.php\/wp-json\/wp\/v2\/media\/6173"}],"wp:attachment":[{"href":"https:\/\/universnews224.com\/index.php\/wp-json\/wp\/v2\/media?parent=6172"}],"wp:term":[{"taxonomy":"category","embeddable":true,"href":"https:\/\/universnews224.com\/index.php\/wp-json\/wp\/v2\/categories?post=6172"},{"taxonomy":"post_tag","embeddable":true,"href":"https:\/\/universnews224.com\/index.php\/wp-json\/wp\/v2\/tags?post=6172"}],"curies":[{"name":"wp","href":"https:\/\/api.w.org\/{rel}","templated":true}]}}