{"id":6175,"date":"2024-08-10T21:47:41","date_gmt":"2024-08-10T20:47:41","guid":{"rendered":"https:\/\/universnews224.com\/?p=6175"},"modified":"2024-08-10T21:47:41","modified_gmt":"2024-08-10T20:47:41","slug":"kalemodou-sur-le-cas-de-fonike-mangue-et-bilonous-demandons-au-president-de-faire-en-sorte-que-ces-deux-jeunes-soient-rapidement-retrouves-et-remis-a-la-disposition-leurs-differentes-f","status":"publish","type":"post","link":"https:\/\/universnews224.com\/index.php\/kalemodou-sur-le-cas-de-fonike-mangue-et-bilonous-demandons-au-president-de-faire-en-sorte-que-ces-deux-jeunes-soient-rapidement-retrouves-et-remis-a-la-disposition-leurs-differentes-f\/","title":{"rendered":"Kal\u00e9modou sur le cas de Fonik\u00e9 Mangu\u00e9 et Bilo:\u201dNous demandons au pr\u00e9sident de faire en sorte que ces deux jeunes soient rapidement retrouv\u00e9s et r\u00e9mis \u00e0 la disposition\u00a0 leurs diff\u00e9rentes famille\u201d"},"content":{"rendered":"<p><span style=\"font-weight: 400\">Cela fait un mois jour pour jour qu\u2019Oumar Sylla alias Fonik\u00e9 Mengu\u00e8 et Mamadou Balo Bah, tous leaders du FNDC,\u00a0 ont \u00e9t\u00e9 enlev\u00e9s par un groupe de gendarmes et conduits \u00e0 une destination jusque-l\u00e0 inconnue.\u00a0\u00a0<\/span><\/p>\n<p><span style=\"font-weight: 400\">R\u00e9unis en assembl\u00e9e g\u00e9n\u00e9rale du parti ce samedi, 10 ao\u00fbt 2024, \u00e0 la Mini\u00e8re dans la commune de Dixinn, Kal\u00e9modou Yansan\u00e9, vice-pr\u00e9sident de l&rsquo;UFDG, pointe un doigt accusateur au CNRD d&rsquo;\u00eatre responsable du kidnapping et s\u00e9questration de ces deux jeunes leaders du Front national pour la d\u00e9fense de la constitution.<\/span><\/p>\n<p>&nbsp;<\/p>\n<p><span style=\"font-weight: 400\">\u201cIl n y pas un seul p\u00e9rim\u00e8tre carr\u00e9 de ce territoire aujourd&rsquo;hui qui n&rsquo;est pas contr\u00f4l\u00e9, qui n&rsquo;est pas suivi par le CNRD. Il n y pas de raisons qu&rsquo;un citoyen qu&rsquo;il soit la carrure de Fonik\u00e9 Mengu\u00e8 ou qu&rsquo;il soit un citoyen landa disparaisse sur les 245 kilom\u00e8tres carr\u00e9s de la Guin\u00e9e et qu&rsquo;on dise qu&rsquo;on ne sait pas, est-ce qu&rsquo;ils sont devenus durant plus d&rsquo;un mois. Nous sommes d\u00e9sol\u00e9, mais nous devons rendre responsable le CNRD. C&rsquo;est le CNRD qui a pris la responsabilit\u00e9 des destin\u00e9es de la Guin\u00e9e, tous qui arrivent \u00e0 la Guin\u00e9e, tous qui arrivent aux guin\u00e9ens, c&rsquo;est le CNRD qui est responsable\u201d.\u00a0<\/span><\/p>\n<p><span style=\"font-weight: 400\">Poursuivant, le vice-pr\u00e9sident de l&rsquo;UFDG invite le CNRD et le pr\u00e9sident de la transition d&rsquo;apporter toute la lumi\u00e8re la disparition de Fonik\u00e9 Mangue et Mamadou Billo Bah.\u00a0<\/span><\/p>\n<p><span style=\"font-weight: 400\">\u201cNous demandons au CNRD et au pr\u00e9sident Mamadi Doumbouya de faire en sorte que la lumi\u00e8re soit faite tr\u00e8s rapidement sur la situation de Billo et de Fonik\u00e9 Mangu\u00e9. Leur situation ne peut pas passer sous silence. On ne peut pas les oublier banalement comme \u00e7a. Ils sont tellement importants, tellement connus, ce n\u2019est pas possible qu&rsquo;ils disparaissent comme \u00e7a. Mes messieurs sont devenus aujourd\u2019hui, une r\u00e9f\u00e9rence de courage, loyaut\u00e9 pour le pays, ils ne peuvent pas dispara\u00eetre et qu&rsquo;on se taise l\u00e0-dessus. Nous demandons au pr\u00e9sident Mamadi Doumbouya de faire en sorte que ces deux jeunes soient rapidement retrouv\u00e9s et r\u00e9mis \u00e0 la disposition\u00a0 leurs diff\u00e9rentes famille\u201d, a t-il exhort\u00e9 d&rsquo;ajouter que si cela n&rsquo;est pas fait, les frustrations vont continuer.\u00a0<\/span><\/p>\n<p><span style=\"font-weight: 400\">\u201cIl y a beaucoup de jeunes qui se reconnaissent en ces jeunes, en leur courage, en leur fid\u00e9lit\u00e9 aux id\u00e9aux de droiture. Je pense que pour l&rsquo;int\u00e9r\u00eat du pays, pour l&rsquo;int\u00e9r\u00eat de la paix et de qui\u00e9tude sociale, le sort de ces jeunes doit \u00eatre connus\u201d, a t-il indiqu\u00e9<\/span><\/p>\n","protected":false},"excerpt":{"rendered":"<p>Cela fait un mois jour pour jour qu\u2019Oumar Sylla alias Fonik\u00e9 Mengu\u00e8 et Mamadou Balo<\/p>\n","protected":false},"author":2,"featured_media":6173,"comment_status":"closed","ping_status":"open","sticky":false,"template":"","format":"standard","meta":[],"categories":[1],"tags":[229],"yoast_head":"<!-- This site is optimized with the Yoast SEO plugin v19.13 - https:\/\/yoast.com\/wordpress\/plugins\/seo\/ -->\n<title>Kal\u00e9modou sur le cas de Fonik\u00e9 Mangu\u00e9 et Bilo:\u201dNous demandons au pr\u00e9sident de faire en sorte que ces deux jeunes soient rapidement retrouv\u00e9s et r\u00e9mis \u00e0 la disposition\u00a0 leurs diff\u00e9rentes famille\u201d - UNIVERSNEWS224<\/title>\n<meta name=\"robots\" content=\"index, follow, max-snippet:-1, max-image-preview:large, max-video-preview:-1\" \/>\n<link rel=\"canonical\" href=\"https:\/\/universnews224.com\/index.php\/kalemodou-sur-le-cas-de-fonike-mangue-et-bilonous-demandons-au-president-de-faire-en-sorte-que-ces-deux-jeunes-soient-rapidement-retrouves-et-remis-a-la-disposition-leurs-differentes-f\/\" \/>\n<meta property=\"og:locale\" content=\"fr_FR\" \/>\n<meta property=\"og:type\" content=\"article\" \/>\n<meta property=\"og:title\" content=\"Kal\u00e9modou sur le cas de Fonik\u00e9 Mangu\u00e9 et Bilo:\u201dNous demandons au pr\u00e9sident de faire en sorte que ces deux jeunes soient rapidement retrouv\u00e9s et r\u00e9mis \u00e0 la disposition\u00a0 leurs diff\u00e9rentes famille\u201d - UNIVERSNEWS224\" \/>\n<meta property=\"og:description\" content=\"Cela fait un mois jour pour jour qu\u2019Oumar Sylla alias Fonik\u00e9 Mengu\u00e8 et Mamadou Balo\" \/>\n<meta property=\"og:url\" content=\"https:\/\/universnews224.com\/index.php\/kalemodou-sur-le-cas-de-fonike-mangue-et-bilonous-demandons-au-president-de-faire-en-sorte-que-ces-deux-jeunes-soient-rapidement-retrouves-et-remis-a-la-disposition-leurs-differentes-f\/\" \/>\n<meta property=\"og:site_name\" content=\"UNIVERSNEWS224\" \/>\n<meta property=\"article:published_time\" content=\"2024-08-10T20:47:41+00:00\" \/>\n<meta property=\"og:image\" content=\"https:\/\/universnews224.com\/wp-content\/uploads\/2024\/08\/20240810_131831-scaled.jpg\" \/>\n\t<meta property=\"og:image:width\" content=\"2560\" \/>\n\t<meta property=\"og:image:height\" content=\"1920\" \/>\n\t<meta property=\"og:image:type\" content=\"image\/jpeg\" \/>\n<meta name=\"author\" content=\"La R\u00e9daction\" \/>\n<meta name=\"twitter:label1\" content=\"\u00c9crit par\" \/>\n\t<meta name=\"twitter:data1\" content=\"La R\u00e9daction\" \/>\n\t<meta name=\"twitter:label2\" content=\"Dur\u00e9e de lecture estim\u00e9e\" \/>\n\t<meta name=\"twitter:data2\" content=\"3 minutes\" \/>\n<script type=\"application\/ld+json\" class=\"yoast-schema-graph\">{\"@context\":\"https:\/\/schema.org\",\"@graph\":[{\"@type\":\"Article\",\"@id\":\"https:\/\/universnews224.com\/index.php\/kalemodou-sur-le-cas-de-fonike-mangue-et-bilonous-demandons-au-president-de-faire-en-sorte-que-ces-deux-jeunes-soient-rapidement-retrouves-et-remis-a-la-disposition-leurs-differentes-f\/#article\",\"isPartOf\":{\"@id\":\"https:\/\/universnews224.com\/index.php\/kalemodou-sur-le-cas-de-fonike-mangue-et-bilonous-demandons-au-president-de-faire-en-sorte-que-ces-deux-jeunes-soient-rapidement-retrouves-et-remis-a-la-disposition-leurs-differentes-f\/\"},\"author\":{\"name\":\"La R\u00e9daction\",\"@id\":\"https:\/\/universnews224.com\/#\/schema\/person\/a4b7d4f94a4716df60456a491260485e\"},\"headline\":\"Kal\u00e9modou sur le cas de Fonik\u00e9 Mangu\u00e9 et Bilo:\u201dNous demandons au pr\u00e9sident de faire en sorte que ces deux jeunes soient rapidement retrouv\u00e9s et r\u00e9mis \u00e0 la disposition\u00a0 leurs diff\u00e9rentes famille\u201d\",\"datePublished\":\"2024-08-10T20:47:41+00:00\",\"dateModified\":\"2024-08-10T20:47:41+00:00\",\"mainEntityOfPage\":{\"@id\":\"https:\/\/universnews224.com\/index.php\/kalemodou-sur-le-cas-de-fonike-mangue-et-bilonous-demandons-au-president-de-faire-en-sorte-que-ces-deux-jeunes-soient-rapidement-retrouves-et-remis-a-la-disposition-leurs-differentes-f\/\"},\"wordCount\":468,\"publisher\":{\"@id\":\"https:\/\/universnews224.com\/#organization\"},\"keywords\":[\"La une\"],\"inLanguage\":\"fr-FR\"},{\"@type\":\"WebPage\",\"@id\":\"https:\/\/universnews224.com\/index.php\/kalemodou-sur-le-cas-de-fonike-mangue-et-bilonous-demandons-au-president-de-faire-en-sorte-que-ces-deux-jeunes-soient-rapidement-retrouves-et-remis-a-la-disposition-leurs-differentes-f\/\",\"url\":\"https:\/\/universnews224.com\/index.php\/kalemodou-sur-le-cas-de-fonike-mangue-et-bilonous-demandons-au-president-de-faire-en-sorte-que-ces-deux-jeunes-soient-rapidement-retrouves-et-remis-a-la-disposition-leurs-differentes-f\/\",\"name\":\"Kal\u00e9modou sur le cas de Fonik\u00e9 Mangu\u00e9 et Bilo:\u201dNous demandons au pr\u00e9sident de faire en sorte que ces deux jeunes soient rapidement retrouv\u00e9s et r\u00e9mis \u00e0 la disposition\u00a0 leurs diff\u00e9rentes famille\u201d - UNIVERSNEWS224\",\"isPartOf\":{\"@id\":\"https:\/\/universnews224.com\/#website\"},\"datePublished\":\"2024-08-10T20:47:41+00:00\",\"dateModified\":\"2024-08-10T20:47:41+00:00\",\"inLanguage\":\"fr-FR\",\"potentialAction\":[{\"@type\":\"ReadAction\",\"target\":[\"https:\/\/universnews224.com\/index.php\/kalemodou-sur-le-cas-de-fonike-mangue-et-bilonous-demandons-au-president-de-faire-en-sorte-que-ces-deux-jeunes-soient-rapidement-retrouves-et-remis-a-la-disposition-leurs-differentes-f\/\"]}]},{\"@type\":\"WebSite\",\"@id\":\"https:\/\/universnews224.com\/#website\",\"url\":\"https:\/\/universnews224.com\/\",\"name\":\"UNIVERSNEWS224\",\"description\":\"\",\"publisher\":{\"@id\":\"https:\/\/universnews224.com\/#organization\"},\"potentialAction\":[{\"@type\":\"SearchAction\",\"target\":{\"@type\":\"EntryPoint\",\"urlTemplate\":\"https:\/\/universnews224.com\/?s={search_term_string}\"},\"query-input\":\"required name=search_term_string\"}],\"inLanguage\":\"fr-FR\"},{\"@type\":\"Organization\",\"@id\":\"https:\/\/universnews224.com\/#organization\",\"name\":\"UNIVERSNEWS224\",\"url\":\"https:\/\/universnews224.com\/\",\"logo\":{\"@type\":\"ImageObject\",\"inLanguage\":\"fr-FR\",\"@id\":\"https:\/\/universnews224.com\/#\/schema\/logo\/image\/\",\"url\":\"https:\/\/universnews224.com\/wp-content\/uploads\/2022\/08\/cropped-cropped-logoban.jpg\",\"contentUrl\":\"https:\/\/universnews224.com\/wp-content\/uploads\/2022\/08\/cropped-cropped-logoban.jpg\",\"width\":1080,\"height\":138,\"caption\":\"UNIVERSNEWS224\"},\"image\":{\"@id\":\"https:\/\/universnews224.com\/#\/schema\/logo\/image\/\"}},{\"@type\":\"Person\",\"@id\":\"https:\/\/universnews224.com\/#\/schema\/person\/a4b7d4f94a4716df60456a491260485e\",\"name\":\"La R\u00e9daction\",\"image\":{\"@type\":\"ImageObject\",\"inLanguage\":\"fr-FR\",\"@id\":\"https:\/\/universnews224.com\/#\/schema\/person\/image\/\",\"url\":\"https:\/\/secure.gravatar.com\/avatar\/edb90acc7752b23e1b3307ad36c14f0d?s=96&d=mm&r=g\",\"contentUrl\":\"https:\/\/secure.gravatar.com\/avatar\/edb90acc7752b23e1b3307ad36c14f0d?s=96&d=mm&r=g\",\"caption\":\"La R\u00e9daction\"},\"sameAs\":[\"https:\/\/universnews224.com\"],\"url\":\"https:\/\/universnews224.com\/index.php\/author\/m-camara\/\"}]}<\/script>\n<!-- \/ Yoast SEO plugin. -->","yoast_head_json":{"title":"Kal\u00e9modou sur le cas de Fonik\u00e9 Mangu\u00e9 et Bilo:\u201dNous demandons au pr\u00e9sident de faire en sorte que ces deux jeunes soient rapidement retrouv\u00e9s et r\u00e9mis \u00e0 la disposition\u00a0 leurs diff\u00e9rentes famille\u201d - UNIVERSNEWS224","robots":{"index":"index","follow":"follow","max-snippet":"max-snippet:-1","max-image-preview":"max-image-preview:large","max-video-preview":"max-video-preview:-1"},"canonical":"https:\/\/universnews224.com\/index.php\/kalemodou-sur-le-cas-de-fonike-mangue-et-bilonous-demandons-au-president-de-faire-en-sorte-que-ces-deux-jeunes-soient-rapidement-retrouves-et-remis-a-la-disposition-leurs-differentes-f\/","og_locale":"fr_FR","og_type":"article","og_title":"Kal\u00e9modou sur le cas de Fonik\u00e9 Mangu\u00e9 et Bilo:\u201dNous demandons au pr\u00e9sident de faire en sorte que ces deux jeunes soient rapidement retrouv\u00e9s et r\u00e9mis \u00e0 la disposition\u00a0 leurs diff\u00e9rentes famille\u201d - UNIVERSNEWS224","og_description":"Cela fait un mois jour pour jour qu\u2019Oumar Sylla alias Fonik\u00e9 Mengu\u00e8 et Mamadou Balo","og_url":"https:\/\/universnews224.com\/index.php\/kalemodou-sur-le-cas-de-fonike-mangue-et-bilonous-demandons-au-president-de-faire-en-sorte-que-ces-deux-jeunes-soient-rapidement-retrouves-et-remis-a-la-disposition-leurs-differentes-f\/","og_site_name":"UNIVERSNEWS224","article_published_time":"2024-08-10T20:47:41+00:00","og_image":[{"width":2560,"height":1920,"url":"https:\/\/universnews224.com\/wp-content\/uploads\/2024\/08\/20240810_131831-scaled.jpg","type":"image\/jpeg"}],"author":"La R\u00e9daction","twitter_misc":{"\u00c9crit par":"La R\u00e9daction","Dur\u00e9e de lecture estim\u00e9e":"3 minutes"},"schema":{"@context":"https:\/\/schema.org","@graph":[{"@type":"Article","@id":"https:\/\/universnews224.com\/index.php\/kalemodou-sur-le-cas-de-fonike-mangue-et-bilonous-demandons-au-president-de-faire-en-sorte-que-ces-deux-jeunes-soient-rapidement-retrouves-et-remis-a-la-disposition-leurs-differentes-f\/#article","isPartOf":{"@id":"https:\/\/universnews224.com\/index.php\/kalemodou-sur-le-cas-de-fonike-mangue-et-bilonous-demandons-au-president-de-faire-en-sorte-que-ces-deux-jeunes-soient-rapidement-retrouves-et-remis-a-la-disposition-leurs-differentes-f\/"},"author":{"name":"La R\u00e9daction","@id":"https:\/\/universnews224.com\/#\/schema\/person\/a4b7d4f94a4716df60456a491260485e"},"headline":"Kal\u00e9modou sur le cas de Fonik\u00e9 Mangu\u00e9 et Bilo:\u201dNous demandons au pr\u00e9sident de faire en sorte que ces deux jeunes soient rapidement retrouv\u00e9s et r\u00e9mis \u00e0 la disposition\u00a0 leurs diff\u00e9rentes famille\u201d","datePublished":"2024-08-10T20:47:41+00:00","dateModified":"2024-08-10T20:47:41+00:00","mainEntityOfPage":{"@id":"https:\/\/universnews224.com\/index.php\/kalemodou-sur-le-cas-de-fonike-mangue-et-bilonous-demandons-au-president-de-faire-en-sorte-que-ces-deux-jeunes-soient-rapidement-retrouves-et-remis-a-la-disposition-leurs-differentes-f\/"},"wordCount":468,"publisher":{"@id":"https:\/\/universnews224.com\/#organization"},"keywords":["La une"],"inLanguage":"fr-FR"},{"@type":"WebPage","@id":"https:\/\/universnews224.com\/index.php\/kalemodou-sur-le-cas-de-fonike-mangue-et-bilonous-demandons-au-president-de-faire-en-sorte-que-ces-deux-jeunes-soient-rapidement-retrouves-et-remis-a-la-disposition-leurs-differentes-f\/","url":"https:\/\/universnews224.com\/index.php\/kalemodou-sur-le-cas-de-fonike-mangue-et-bilonous-demandons-au-president-de-faire-en-sorte-que-ces-deux-jeunes-soient-rapidement-retrouves-et-remis-a-la-disposition-leurs-differentes-f\/","name":"Kal\u00e9modou sur le cas de Fonik\u00e9 Mangu\u00e9 et Bilo:\u201dNous demandons au pr\u00e9sident de faire en sorte que ces deux jeunes soient rapidement retrouv\u00e9s et r\u00e9mis \u00e0 la disposition\u00a0 leurs diff\u00e9rentes famille\u201d - UNIVERSNEWS224","isPartOf":{"@id":"https:\/\/universnews224.com\/#website"},"datePublished":"2024-08-10T20:47:41+00:00","dateModified":"2024-08-10T20:47:41+00:00","inLanguage":"fr-FR","potentialAction":[{"@type":"ReadAction","target":["https:\/\/universnews224.com\/index.php\/kalemodou-sur-le-cas-de-fonike-mangue-et-bilonous-demandons-au-president-de-faire-en-sorte-que-ces-deux-jeunes-soient-rapidement-retrouves-et-remis-a-la-disposition-leurs-differentes-f\/"]}]},{"@type":"WebSite","@id":"https:\/\/universnews224.com\/#website","url":"https:\/\/universnews224.com\/","name":"UNIVERSNEWS224","description":"","publisher":{"@id":"https:\/\/universnews224.com\/#organization"},"potentialAction":[{"@type":"SearchAction","target":{"@type":"EntryPoint","urlTemplate":"https:\/\/universnews224.com\/?s={search_term_string}"},"query-input":"required name=search_term_string"}],"inLanguage":"fr-FR"},{"@type":"Organization","@id":"https:\/\/universnews224.com\/#organization","name":"UNIVERSNEWS224","url":"https:\/\/universnews224.com\/","logo":{"@type":"ImageObject","inLanguage":"fr-FR","@id":"https:\/\/universnews224.com\/#\/schema\/logo\/image\/","url":"https:\/\/universnews224.com\/wp-content\/uploads\/2022\/08\/cropped-cropped-logoban.jpg","contentUrl":"https:\/\/universnews224.com\/wp-content\/uploads\/2022\/08\/cropped-cropped-logoban.jpg","width":1080,"height":138,"caption":"UNIVERSNEWS224"},"image":{"@id":"https:\/\/universnews224.com\/#\/schema\/logo\/image\/"}},{"@type":"Person","@id":"https:\/\/universnews224.com\/#\/schema\/person\/a4b7d4f94a4716df60456a491260485e","name":"La R\u00e9daction","image":{"@type":"ImageObject","inLanguage":"fr-FR","@id":"https:\/\/universnews224.com\/#\/schema\/person\/image\/","url":"https:\/\/secure.gravatar.com\/avatar\/edb90acc7752b23e1b3307ad36c14f0d?s=96&d=mm&r=g","contentUrl":"https:\/\/secure.gravatar.com\/avatar\/edb90acc7752b23e1b3307ad36c14f0d?s=96&d=mm&r=g","caption":"La R\u00e9daction"},"sameAs":["https:\/\/universnews224.com"],"url":"https:\/\/universnews224.com\/index.php\/author\/m-camara\/"}]}},"_links":{"self":[{"href":"https:\/\/universnews224.com\/index.php\/wp-json\/wp\/v2\/posts\/6175"}],"collection":[{"href":"https:\/\/universnews224.com\/index.php\/wp-json\/wp\/v2\/posts"}],"about":[{"href":"https:\/\/universnews224.com\/index.php\/wp-json\/wp\/v2\/types\/post"}],"author":[{"embeddable":true,"href":"https:\/\/universnews224.com\/index.php\/wp-json\/wp\/v2\/users\/2"}],"replies":[{"embeddable":true,"href":"https:\/\/universnews224.com\/index.php\/wp-json\/wp\/v2\/comments?post=6175"}],"version-history":[{"count":1,"href":"https:\/\/universnews224.com\/index.php\/wp-json\/wp\/v2\/posts\/6175\/revisions"}],"predecessor-version":[{"id":6176,"href":"https:\/\/universnews224.com\/index.php\/wp-json\/wp\/v2\/posts\/6175\/revisions\/6176"}],"wp:featuredmedia":[{"embeddable":true,"href":"https:\/\/universnews224.com\/index.php\/wp-json\/wp\/v2\/media\/6173"}],"wp:attachment":[{"href":"https:\/\/universnews224.com\/index.php\/wp-json\/wp\/v2\/media?parent=6175"}],"wp:term":[{"taxonomy":"category","embeddable":true,"href":"https:\/\/universnews224.com\/index.php\/wp-json\/wp\/v2\/categories?post=6175"},{"taxonomy":"post_tag","embeddable":true,"href":"https:\/\/universnews224.com\/index.php\/wp-json\/wp\/v2\/tags?post=6175"}],"curies":[{"name":"wp","href":"https:\/\/api.w.org\/{rel}","templated":true}]}}