{"id":6201,"date":"2024-08-13T22:21:08","date_gmt":"2024-08-13T21:21:08","guid":{"rendered":"https:\/\/universnews224.com\/?p=6201"},"modified":"2024-08-13T22:21:08","modified_gmt":"2024-08-13T21:21:08","slug":"cnt-le-gouvernement-presentation-du-document-de-programmation-budgetaire-pluriannuelle-cadre-budgetaire-a-moyen-terme-cadre-depenses-a-moyen-terme-pour-2025-2027","status":"publish","type":"post","link":"https:\/\/universnews224.com\/index.php\/cnt-le-gouvernement-presentation-du-document-de-programmation-budgetaire-pluriannuelle-cadre-budgetaire-a-moyen-terme-cadre-depenses-a-moyen-terme-pour-2025-2027\/","title":{"rendered":"CNT: le Gouvernement pr\u00e9sentation du document de programmation budg\u00e9taire pluriannuelle (cadre budg\u00e9taire \u00e0 moyen terme\/ cadre d\u00e9penses \u00e0 moyen terme pour 2025-2027)."},"content":{"rendered":"<p style=\"text-align: right\"><span style=\"font-weight: 400\">C&rsquo;est \u00e0 l&rsquo;occasion d&rsquo;une pl\u00e9ni\u00e8re tenue ce mardi, 13 ao\u00fbt 2024 \u00e0 l&rsquo;h\u00e9micycle du palais du peuple que le\u00a0 gouvernement guin\u00e9en \u00e0 travers son pool \u00e9conomique a proc\u00e9d\u00e9 \u00e0 la pr\u00e9sentation du document de programmation budg\u00e9taire pluriannuelle (<\/span><span style=\"font-weight: 400\">cadre budg\u00e9taire \u00e0 moyen terme\/ cadre d\u00e9penses \u00e0 moyen terme pour 2025-2027).<\/span><\/p>\n<p>&nbsp;<\/p>\n<p><span style=\"font-weight: 400\">Ce document de plus de 5 pages repr\u00e9sent\u00e9 par le Ministre du Budget, vise principalement 3 secteurs \u00e0 savoir: la sant\u00e9, de l\u2019\u00e9ducation et des infrastructures.\u00a0<\/span><\/p>\n<p>&nbsp;<\/p>\n<p><b>Dans son intervention, le ministre du Budget, Facinet Sylla a indiqu\u00e9 que sur la p\u00e9riode 2025-2027<\/b><span style=\"font-weight: 400\">, <\/span><b>les recettes du budget de l\u2019Etat<\/b><span style=\"font-weight: 400\"> sont estim\u00e9es \u00e0 une moyenne annuelle de <\/span><b>41\u00a0779,4 Mds<\/b><span style=\"font-weight: 400\">, dont 96,3% proviendront des recettes int\u00e9rieures et 3,7% de recettes ext\u00e9rieures.<\/span><\/p>\n<p><span style=\"font-weight: 400\">\u201cLes recettes int\u00e9rieures pour la p\u00e9riode sont \u00e9valu\u00e9es \u00e0 une moyenne annuelle de <\/span><b>40\u00a0297,1 Mds<\/b><span style=\"font-weight: 400\">, soit un accroissement de 38% par rapport au niveau pr\u00e9visionnel de 2024. Leur mobilisation se pr\u00e9sente ainsi qu\u2019il suit :\u00a0<\/span><\/p>\n<ul>\n<li style=\"font-weight: 400\"><span style=\"font-weight: 400\">53,8% par la Direction G\u00e9n\u00e9rale des Imp\u00f4ts\u00a0;\u00a0<\/span><\/li>\n<li style=\"font-weight: 400\"><span style=\"font-weight: 400\">38,2% par la Direction G\u00e9n\u00e9rale des Douanes\u00a0;<\/span><\/li>\n<li style=\"font-weight: 400\"><span style=\"font-weight: 400\">8,0% par la Direction G\u00e9n\u00e9rale du Tr\u00e9sor et de la Comptabilit\u00e9 Publique.\u00a0<\/span><\/li>\n<\/ul>\n<p><span style=\"font-weight: 400\">La pression fiscale moyenne sera de <\/span><b>11,4%<\/b><span style=\"font-weight: 400\"> par an, passant de <\/span><b>10,6%<\/b><span style=\"font-weight: 400\"> en 2025 \u00e0 <\/span><b>12,1%<\/b><span style=\"font-weight: 400\"> en 2027, principalement du aux revenus fiscaux attendus de l\u2019exploitation du minerai de fer de Simandou\u201d, a t-il soulign\u00e9.\u00a0<\/span><\/p>\n<p><b>En ce qui concerne les d\u00e9penses de l\u2019Etat, <\/b><span style=\"font-weight: 400\">elles sont projet\u00e9es \u00e0 <\/span><b>46\u00a0046,7 Mds<\/b><span style=\"font-weight: 400\"> en moyenne par an, avec une progression de 36,5% entre 2024 et 2027, et une augmentation annuelle moyenne de 11,1% sur la p\u00e9riode.\u00a0<\/span><\/p>\n<p>&nbsp;<\/p>\n<p><span style=\"font-weight: 400\">\u201cCes d\u00e9penses se d\u00e9composent en d\u00e9penses courantes pour environ 56% et en d\u00e9penses d\u2019investissement pour 44%, en moyenne annuelle. L\u2019enveloppe d\u00e9di\u00e9e au financement du Programme d\u2019Investissement Public (PIP) se chiffre \u00e0 18\u00a0426,0 Mds en moyenne sur la p\u00e9riode, avec une progression de 76,9% entre 2024 et 2027. Cette enveloppe financera les projets dans les secteurs suivants\u00a0: 30,8% pour les infrastructures et \u00e9quipements, 17,3% pour le secteur social, 25,2% pour l\u2019administration g\u00e9n\u00e9rale, 13,9% pour l\u2019eau, l\u2019\u00e9nergie, les mines, les industries et les services, et environ 10% pour le d\u00e9veloppement rural\u201d, a t-il indiqu\u00e9\u00a0<\/span><\/p>\n<p><b>Quant aux soldes budg\u00e9taires<\/b><span style=\"font-weight: 400\"> qui en d\u00e9coulent, ils se situent \u00e0 -1,4% du PIB en moyenne annuelle sur la p\u00e9riode. Ces niveaux de d\u00e9ficit int\u00e9gralement financ\u00e9s permettront \u00e0 notre pays de maitriser son niveau d\u2019endettement, en visant \u00e0 maintenir l\u2019encours de la dette bien en de\u00e7\u00e0 de 40% du PIB.\u00a0<\/span><\/p>\n<p>&nbsp;<\/p>\n","protected":false},"excerpt":{"rendered":"<p>C&rsquo;est \u00e0 l&rsquo;occasion d&rsquo;une pl\u00e9ni\u00e8re tenue ce mardi, 13 ao\u00fbt 2024 \u00e0 l&rsquo;h\u00e9micycle du palais<\/p>\n","protected":false},"author":2,"featured_media":6202,"comment_status":"closed","ping_status":"open","sticky":false,"template":"","format":"standard","meta":[],"categories":[1],"tags":[],"yoast_head":"<!-- This site is optimized with the Yoast SEO plugin v19.13 - https:\/\/yoast.com\/wordpress\/plugins\/seo\/ -->\n<title>CNT: le Gouvernement pr\u00e9sentation du document de programmation budg\u00e9taire pluriannuelle (cadre budg\u00e9taire \u00e0 moyen terme\/ cadre d\u00e9penses \u00e0 moyen terme pour 2025-2027). - UNIVERSNEWS224<\/title>\n<meta name=\"robots\" content=\"index, follow, max-snippet:-1, max-image-preview:large, max-video-preview:-1\" \/>\n<link rel=\"canonical\" href=\"https:\/\/universnews224.com\/index.php\/cnt-le-gouvernement-presentation-du-document-de-programmation-budgetaire-pluriannuelle-cadre-budgetaire-a-moyen-terme-cadre-depenses-a-moyen-terme-pour-2025-2027\/\" \/>\n<meta property=\"og:locale\" content=\"fr_FR\" \/>\n<meta property=\"og:type\" content=\"article\" \/>\n<meta property=\"og:title\" content=\"CNT: le Gouvernement pr\u00e9sentation du document de programmation budg\u00e9taire pluriannuelle (cadre budg\u00e9taire \u00e0 moyen terme\/ cadre d\u00e9penses \u00e0 moyen terme pour 2025-2027). - UNIVERSNEWS224\" \/>\n<meta property=\"og:description\" content=\"C&rsquo;est \u00e0 l&rsquo;occasion d&rsquo;une pl\u00e9ni\u00e8re tenue ce mardi, 13 ao\u00fbt 2024 \u00e0 l&rsquo;h\u00e9micycle du palais\" \/>\n<meta property=\"og:url\" content=\"https:\/\/universnews224.com\/index.php\/cnt-le-gouvernement-presentation-du-document-de-programmation-budgetaire-pluriannuelle-cadre-budgetaire-a-moyen-terme-cadre-depenses-a-moyen-terme-pour-2025-2027\/\" \/>\n<meta property=\"og:site_name\" content=\"UNIVERSNEWS224\" \/>\n<meta property=\"article:published_time\" content=\"2024-08-13T21:21:08+00:00\" \/>\n<meta property=\"og:image\" content=\"https:\/\/universnews224.com\/wp-content\/uploads\/2024\/08\/IMG-20240813-WA0055.jpg\" \/>\n\t<meta property=\"og:image:width\" content=\"662\" \/>\n\t<meta property=\"og:image:height\" content=\"712\" \/>\n\t<meta property=\"og:image:type\" content=\"image\/jpeg\" \/>\n<meta name=\"author\" content=\"La R\u00e9daction\" \/>\n<meta name=\"twitter:label1\" content=\"\u00c9crit par\" \/>\n\t<meta name=\"twitter:data1\" content=\"La R\u00e9daction\" \/>\n\t<meta name=\"twitter:label2\" content=\"Dur\u00e9e de lecture estim\u00e9e\" \/>\n\t<meta name=\"twitter:data2\" content=\"3 minutes\" \/>\n<script type=\"application\/ld+json\" class=\"yoast-schema-graph\">{\"@context\":\"https:\/\/schema.org\",\"@graph\":[{\"@type\":\"Article\",\"@id\":\"https:\/\/universnews224.com\/index.php\/cnt-le-gouvernement-presentation-du-document-de-programmation-budgetaire-pluriannuelle-cadre-budgetaire-a-moyen-terme-cadre-depenses-a-moyen-terme-pour-2025-2027\/#article\",\"isPartOf\":{\"@id\":\"https:\/\/universnews224.com\/index.php\/cnt-le-gouvernement-presentation-du-document-de-programmation-budgetaire-pluriannuelle-cadre-budgetaire-a-moyen-terme-cadre-depenses-a-moyen-terme-pour-2025-2027\/\"},\"author\":{\"name\":\"La R\u00e9daction\",\"@id\":\"https:\/\/universnews224.com\/#\/schema\/person\/a4b7d4f94a4716df60456a491260485e\"},\"headline\":\"CNT: le Gouvernement pr\u00e9sentation du document de programmation budg\u00e9taire pluriannuelle (cadre budg\u00e9taire \u00e0 moyen terme\/ cadre d\u00e9penses \u00e0 moyen terme pour 2025-2027).\",\"datePublished\":\"2024-08-13T21:21:08+00:00\",\"dateModified\":\"2024-08-13T21:21:08+00:00\",\"mainEntityOfPage\":{\"@id\":\"https:\/\/universnews224.com\/index.php\/cnt-le-gouvernement-presentation-du-document-de-programmation-budgetaire-pluriannuelle-cadre-budgetaire-a-moyen-terme-cadre-depenses-a-moyen-terme-pour-2025-2027\/\"},\"wordCount\":429,\"publisher\":{\"@id\":\"https:\/\/universnews224.com\/#organization\"},\"inLanguage\":\"fr-FR\"},{\"@type\":\"WebPage\",\"@id\":\"https:\/\/universnews224.com\/index.php\/cnt-le-gouvernement-presentation-du-document-de-programmation-budgetaire-pluriannuelle-cadre-budgetaire-a-moyen-terme-cadre-depenses-a-moyen-terme-pour-2025-2027\/\",\"url\":\"https:\/\/universnews224.com\/index.php\/cnt-le-gouvernement-presentation-du-document-de-programmation-budgetaire-pluriannuelle-cadre-budgetaire-a-moyen-terme-cadre-depenses-a-moyen-terme-pour-2025-2027\/\",\"name\":\"CNT: le Gouvernement pr\u00e9sentation du document de programmation budg\u00e9taire pluriannuelle (cadre budg\u00e9taire \u00e0 moyen terme\/ cadre d\u00e9penses \u00e0 moyen terme pour 2025-2027). - UNIVERSNEWS224\",\"isPartOf\":{\"@id\":\"https:\/\/universnews224.com\/#website\"},\"datePublished\":\"2024-08-13T21:21:08+00:00\",\"dateModified\":\"2024-08-13T21:21:08+00:00\",\"inLanguage\":\"fr-FR\",\"potentialAction\":[{\"@type\":\"ReadAction\",\"target\":[\"https:\/\/universnews224.com\/index.php\/cnt-le-gouvernement-presentation-du-document-de-programmation-budgetaire-pluriannuelle-cadre-budgetaire-a-moyen-terme-cadre-depenses-a-moyen-terme-pour-2025-2027\/\"]}]},{\"@type\":\"WebSite\",\"@id\":\"https:\/\/universnews224.com\/#website\",\"url\":\"https:\/\/universnews224.com\/\",\"name\":\"UNIVERSNEWS224\",\"description\":\"\",\"publisher\":{\"@id\":\"https:\/\/universnews224.com\/#organization\"},\"potentialAction\":[{\"@type\":\"SearchAction\",\"target\":{\"@type\":\"EntryPoint\",\"urlTemplate\":\"https:\/\/universnews224.com\/?s={search_term_string}\"},\"query-input\":\"required name=search_term_string\"}],\"inLanguage\":\"fr-FR\"},{\"@type\":\"Organization\",\"@id\":\"https:\/\/universnews224.com\/#organization\",\"name\":\"UNIVERSNEWS224\",\"url\":\"https:\/\/universnews224.com\/\",\"logo\":{\"@type\":\"ImageObject\",\"inLanguage\":\"fr-FR\",\"@id\":\"https:\/\/universnews224.com\/#\/schema\/logo\/image\/\",\"url\":\"https:\/\/universnews224.com\/wp-content\/uploads\/2022\/08\/cropped-cropped-logoban.jpg\",\"contentUrl\":\"https:\/\/universnews224.com\/wp-content\/uploads\/2022\/08\/cropped-cropped-logoban.jpg\",\"width\":1080,\"height\":138,\"caption\":\"UNIVERSNEWS224\"},\"image\":{\"@id\":\"https:\/\/universnews224.com\/#\/schema\/logo\/image\/\"}},{\"@type\":\"Person\",\"@id\":\"https:\/\/universnews224.com\/#\/schema\/person\/a4b7d4f94a4716df60456a491260485e\",\"name\":\"La R\u00e9daction\",\"image\":{\"@type\":\"ImageObject\",\"inLanguage\":\"fr-FR\",\"@id\":\"https:\/\/universnews224.com\/#\/schema\/person\/image\/\",\"url\":\"https:\/\/secure.gravatar.com\/avatar\/edb90acc7752b23e1b3307ad36c14f0d?s=96&d=mm&r=g\",\"contentUrl\":\"https:\/\/secure.gravatar.com\/avatar\/edb90acc7752b23e1b3307ad36c14f0d?s=96&d=mm&r=g\",\"caption\":\"La R\u00e9daction\"},\"sameAs\":[\"https:\/\/universnews224.com\"],\"url\":\"https:\/\/universnews224.com\/index.php\/author\/m-camara\/\"}]}<\/script>\n<!-- \/ Yoast SEO plugin. -->","yoast_head_json":{"title":"CNT: le Gouvernement pr\u00e9sentation du document de programmation budg\u00e9taire pluriannuelle (cadre budg\u00e9taire \u00e0 moyen terme\/ cadre d\u00e9penses \u00e0 moyen terme pour 2025-2027). - UNIVERSNEWS224","robots":{"index":"index","follow":"follow","max-snippet":"max-snippet:-1","max-image-preview":"max-image-preview:large","max-video-preview":"max-video-preview:-1"},"canonical":"https:\/\/universnews224.com\/index.php\/cnt-le-gouvernement-presentation-du-document-de-programmation-budgetaire-pluriannuelle-cadre-budgetaire-a-moyen-terme-cadre-depenses-a-moyen-terme-pour-2025-2027\/","og_locale":"fr_FR","og_type":"article","og_title":"CNT: le Gouvernement pr\u00e9sentation du document de programmation budg\u00e9taire pluriannuelle (cadre budg\u00e9taire \u00e0 moyen terme\/ cadre d\u00e9penses \u00e0 moyen terme pour 2025-2027). - UNIVERSNEWS224","og_description":"C&rsquo;est \u00e0 l&rsquo;occasion d&rsquo;une pl\u00e9ni\u00e8re tenue ce mardi, 13 ao\u00fbt 2024 \u00e0 l&rsquo;h\u00e9micycle du palais","og_url":"https:\/\/universnews224.com\/index.php\/cnt-le-gouvernement-presentation-du-document-de-programmation-budgetaire-pluriannuelle-cadre-budgetaire-a-moyen-terme-cadre-depenses-a-moyen-terme-pour-2025-2027\/","og_site_name":"UNIVERSNEWS224","article_published_time":"2024-08-13T21:21:08+00:00","og_image":[{"width":662,"height":712,"url":"https:\/\/universnews224.com\/wp-content\/uploads\/2024\/08\/IMG-20240813-WA0055.jpg","type":"image\/jpeg"}],"author":"La R\u00e9daction","twitter_misc":{"\u00c9crit par":"La R\u00e9daction","Dur\u00e9e de lecture estim\u00e9e":"3 minutes"},"schema":{"@context":"https:\/\/schema.org","@graph":[{"@type":"Article","@id":"https:\/\/universnews224.com\/index.php\/cnt-le-gouvernement-presentation-du-document-de-programmation-budgetaire-pluriannuelle-cadre-budgetaire-a-moyen-terme-cadre-depenses-a-moyen-terme-pour-2025-2027\/#article","isPartOf":{"@id":"https:\/\/universnews224.com\/index.php\/cnt-le-gouvernement-presentation-du-document-de-programmation-budgetaire-pluriannuelle-cadre-budgetaire-a-moyen-terme-cadre-depenses-a-moyen-terme-pour-2025-2027\/"},"author":{"name":"La R\u00e9daction","@id":"https:\/\/universnews224.com\/#\/schema\/person\/a4b7d4f94a4716df60456a491260485e"},"headline":"CNT: le Gouvernement pr\u00e9sentation du document de programmation budg\u00e9taire pluriannuelle (cadre budg\u00e9taire \u00e0 moyen terme\/ cadre d\u00e9penses \u00e0 moyen terme pour 2025-2027).","datePublished":"2024-08-13T21:21:08+00:00","dateModified":"2024-08-13T21:21:08+00:00","mainEntityOfPage":{"@id":"https:\/\/universnews224.com\/index.php\/cnt-le-gouvernement-presentation-du-document-de-programmation-budgetaire-pluriannuelle-cadre-budgetaire-a-moyen-terme-cadre-depenses-a-moyen-terme-pour-2025-2027\/"},"wordCount":429,"publisher":{"@id":"https:\/\/universnews224.com\/#organization"},"inLanguage":"fr-FR"},{"@type":"WebPage","@id":"https:\/\/universnews224.com\/index.php\/cnt-le-gouvernement-presentation-du-document-de-programmation-budgetaire-pluriannuelle-cadre-budgetaire-a-moyen-terme-cadre-depenses-a-moyen-terme-pour-2025-2027\/","url":"https:\/\/universnews224.com\/index.php\/cnt-le-gouvernement-presentation-du-document-de-programmation-budgetaire-pluriannuelle-cadre-budgetaire-a-moyen-terme-cadre-depenses-a-moyen-terme-pour-2025-2027\/","name":"CNT: le Gouvernement pr\u00e9sentation du document de programmation budg\u00e9taire pluriannuelle (cadre budg\u00e9taire \u00e0 moyen terme\/ cadre d\u00e9penses \u00e0 moyen terme pour 2025-2027). - UNIVERSNEWS224","isPartOf":{"@id":"https:\/\/universnews224.com\/#website"},"datePublished":"2024-08-13T21:21:08+00:00","dateModified":"2024-08-13T21:21:08+00:00","inLanguage":"fr-FR","potentialAction":[{"@type":"ReadAction","target":["https:\/\/universnews224.com\/index.php\/cnt-le-gouvernement-presentation-du-document-de-programmation-budgetaire-pluriannuelle-cadre-budgetaire-a-moyen-terme-cadre-depenses-a-moyen-terme-pour-2025-2027\/"]}]},{"@type":"WebSite","@id":"https:\/\/universnews224.com\/#website","url":"https:\/\/universnews224.com\/","name":"UNIVERSNEWS224","description":"","publisher":{"@id":"https:\/\/universnews224.com\/#organization"},"potentialAction":[{"@type":"SearchAction","target":{"@type":"EntryPoint","urlTemplate":"https:\/\/universnews224.com\/?s={search_term_string}"},"query-input":"required name=search_term_string"}],"inLanguage":"fr-FR"},{"@type":"Organization","@id":"https:\/\/universnews224.com\/#organization","name":"UNIVERSNEWS224","url":"https:\/\/universnews224.com\/","logo":{"@type":"ImageObject","inLanguage":"fr-FR","@id":"https:\/\/universnews224.com\/#\/schema\/logo\/image\/","url":"https:\/\/universnews224.com\/wp-content\/uploads\/2022\/08\/cropped-cropped-logoban.jpg","contentUrl":"https:\/\/universnews224.com\/wp-content\/uploads\/2022\/08\/cropped-cropped-logoban.jpg","width":1080,"height":138,"caption":"UNIVERSNEWS224"},"image":{"@id":"https:\/\/universnews224.com\/#\/schema\/logo\/image\/"}},{"@type":"Person","@id":"https:\/\/universnews224.com\/#\/schema\/person\/a4b7d4f94a4716df60456a491260485e","name":"La R\u00e9daction","image":{"@type":"ImageObject","inLanguage":"fr-FR","@id":"https:\/\/universnews224.com\/#\/schema\/person\/image\/","url":"https:\/\/secure.gravatar.com\/avatar\/edb90acc7752b23e1b3307ad36c14f0d?s=96&d=mm&r=g","contentUrl":"https:\/\/secure.gravatar.com\/avatar\/edb90acc7752b23e1b3307ad36c14f0d?s=96&d=mm&r=g","caption":"La R\u00e9daction"},"sameAs":["https:\/\/universnews224.com"],"url":"https:\/\/universnews224.com\/index.php\/author\/m-camara\/"}]}},"_links":{"self":[{"href":"https:\/\/universnews224.com\/index.php\/wp-json\/wp\/v2\/posts\/6201"}],"collection":[{"href":"https:\/\/universnews224.com\/index.php\/wp-json\/wp\/v2\/posts"}],"about":[{"href":"https:\/\/universnews224.com\/index.php\/wp-json\/wp\/v2\/types\/post"}],"author":[{"embeddable":true,"href":"https:\/\/universnews224.com\/index.php\/wp-json\/wp\/v2\/users\/2"}],"replies":[{"embeddable":true,"href":"https:\/\/universnews224.com\/index.php\/wp-json\/wp\/v2\/comments?post=6201"}],"version-history":[{"count":1,"href":"https:\/\/universnews224.com\/index.php\/wp-json\/wp\/v2\/posts\/6201\/revisions"}],"predecessor-version":[{"id":6203,"href":"https:\/\/universnews224.com\/index.php\/wp-json\/wp\/v2\/posts\/6201\/revisions\/6203"}],"wp:featuredmedia":[{"embeddable":true,"href":"https:\/\/universnews224.com\/index.php\/wp-json\/wp\/v2\/media\/6202"}],"wp:attachment":[{"href":"https:\/\/universnews224.com\/index.php\/wp-json\/wp\/v2\/media?parent=6201"}],"wp:term":[{"taxonomy":"category","embeddable":true,"href":"https:\/\/universnews224.com\/index.php\/wp-json\/wp\/v2\/categories?post=6201"},{"taxonomy":"post_tag","embeddable":true,"href":"https:\/\/universnews224.com\/index.php\/wp-json\/wp\/v2\/tags?post=6201"}],"curies":[{"name":"wp","href":"https:\/\/api.w.org\/{rel}","templated":true}]}}