{"id":6217,"date":"2024-08-15T23:29:44","date_gmt":"2024-08-15T22:29:44","guid":{"rendered":"https:\/\/universnews224.com\/?p=6217"},"modified":"2024-08-15T23:29:44","modified_gmt":"2024-08-15T22:29:44","slug":"les-verites-de-dre-makale-traore-au-gouvernement-la-croissance-ne-se-consomme-pas-au-quotidien","status":"publish","type":"post","link":"https:\/\/universnews224.com\/index.php\/les-verites-de-dre-makale-traore-au-gouvernement-la-croissance-ne-se-consomme-pas-au-quotidien\/","title":{"rendered":"Les v\u00e9rit\u00e9s de Dre. Makal\u00e9 Traor\u00e9 au gouvernement: \u201cLa croissance ne se consomme pas au quotidien\u201d"},"content":{"rendered":"<p><span style=\"font-weight: 400\">Le Gouvernement guin\u00e9en \u00e0 travers son pool \u00e9conomique a proc\u00e9d\u00e9 le 13 ao\u00fbt dernier \u00e0 l&rsquo;h\u00e9micycle du palais du peuple, \u00e0 la pr\u00e9sentation du Programmation Budg\u00e9taire Pluriannuelle (Cadre Budg\u00e9taire \u00e0 Moyen Terme\/Cadre D\u00e9penses \u00e0 Moyen Terme pour 2025-2027).\u00a0<\/span><\/p>\n<p>&nbsp;<\/p>\n<p><span style=\"font-weight: 400\">Ce document de plus de cinq (5) pages touchera principalement trois (3) secteurs \u00e0 savoir la sant\u00e9, l\u2019\u00e9ducation et les infrastructures. Quant aux pr\u00e9visions macro\u00e9conomiques, le gouvernement table sur une <\/span><span style=\"font-weight: 400\">croissance \u00e9conomique annuelle moyenne \u00e0 deux chiffres, atteignant 10,4% sur la p\u00e9riode (2025-2027).\u00a0<\/span><\/p>\n<p>&nbsp;<\/p>\n<p><span style=\"font-weight: 400\">Prenant la parole devant les conseillers nationaux, Dre. Makal\u00e9 Traor\u00e9, porte-parole des falicitatrices du cadre de dialogue interguin\u00e9en a fait remarquer que malgr\u00e9 ces pr\u00e9visions macro\u00e9conomiques tr\u00e8s prometteuses pour le pays, \u00abla macro\u00e9conomie n&rsquo;a pas suffisamment d&rsquo;impact sur la vie des citoyens\u00bb.\u00a0<\/span><\/p>\n<p>&nbsp;<\/p>\n<p><span style=\"font-weight: 400\">\u201cJe suis un peu r\u00e9fractaire \u00e0 la macro\u00e9conomie parce que j&rsquo;estime qu\u2019en tant que\u00a0 juriste et \u00e9conomiste que la macro\u00e9conomie n&rsquo;a pas suffisamment de d\u00e9clinaison vers les pr\u00e9occupations des populations. C&rsquo;est vrai qu&rsquo;on parle de croissance, mais bien avant moi,\u00a0 les sommit\u00e9s aujourd&rsquo;hui dans le monde reconnaissent que la croissance ne se consomme pas au quotidien. Ce n&rsquo;est pas parce qu&rsquo;un pays r\u00e9alise une croissance \u00e0 deux chiffres qu&rsquo;il y a moins de pauvret\u00e9 dans le\u00a0 pays. Or, la finalit\u00e9 de toute action, de toute strat\u00e9gie, de toute mesure macro\u00e9conomique a pour objectif, la satisfaction des besoins des populations, a pour objectif la r\u00e9duction de la pauvret\u00e9, a t-elle indiqu\u00e9.\u00a0<\/span><\/p>\n<p>&nbsp;<\/p>\n<p><span style=\"font-weight: 400\">Poursuivant, Dre.Makal\u00e9 Traor\u00e9 regrette que ce document ne prenne pas parmi ces priorit\u00e9s strat\u00e9giques, les questions relatives \u00e0 la pauvret\u00e9 des femmes, le ch\u00f4mage end\u00e9mique des jeunes et la migration irr\u00e9guli\u00e8re.\u00a0<\/span><\/p>\n<p>&nbsp;<\/p>\n<p><span style=\"font-weight: 400\">\u201c<\/span><span style=\"font-weight: 400\">Je vais citer 2 domaines qui me sont chers, peut-\u00eatre m\u00eame 3. Aujourd&rsquo;hui, quand je regarde et je \u00e9coute les priorit\u00e9s strat\u00e9giques, je ne vois pas de lien avec la pauvret\u00e9 des femmes. Je dis \u00e7a parce que je connais les femmes, j&rsquo;ai pr\u00e9sid\u00e9 la COFIGUI qui a regroup\u00e9 1 079 organisations et groupements de femmes en Guin\u00e9e. Donc, je connais ici \u00e0 Pansiajou ce que les femmes subissent en terme de pauvret\u00e9 et de pauvret\u00e9 violente.\u00a0<\/span><\/p>\n<p><span style=\"font-weight: 400\">L&rsquo;autre chose que j&rsquo;ai mal comprendre en terme de d\u00e9clinaison \u00e0 ces \u00e9l\u00e9ments strat\u00e9giques, c\u2019est le ch\u00f4mage des jeunes. Je conviens que l\u2019\u00e9ducation est fondamentale, mais combien de promotions aujourd&rsquo;hui ch\u00f4ment dans notre pays? Puisque ces questions l\u00e0 ne sont plus des questions de d\u00e9tails, ce sont questions strat\u00e9giques. Troisi\u00e8me, c&rsquo;est la question de migration de nos enfants. Pour moi, une politique macro\u00e9conomique doit se d\u00e9cliner fortement vers ces pr\u00e9occupations l\u00e0 pour r\u00e9duire la pauvret\u00e9\u201d, a t-elle soulign\u00e9.<\/span><\/p>\n<p>&nbsp;<\/p>\n<p>&nbsp;<\/p>\n","protected":false},"excerpt":{"rendered":"<p>Le Gouvernement guin\u00e9en \u00e0 travers son pool \u00e9conomique a proc\u00e9d\u00e9 le 13 ao\u00fbt dernier \u00e0<\/p>\n","protected":false},"author":2,"featured_media":6218,"comment_status":"closed","ping_status":"open","sticky":false,"template":"","format":"standard","meta":[],"categories":[1],"tags":[],"yoast_head":"<!-- This site is optimized with the Yoast SEO plugin v19.13 - https:\/\/yoast.com\/wordpress\/plugins\/seo\/ -->\n<title>Les v\u00e9rit\u00e9s de Dre. Makal\u00e9 Traor\u00e9 au gouvernement: \u201cLa croissance ne se consomme pas au quotidien\u201d - UNIVERSNEWS224<\/title>\n<meta name=\"robots\" content=\"index, follow, max-snippet:-1, max-image-preview:large, max-video-preview:-1\" \/>\n<link rel=\"canonical\" href=\"https:\/\/universnews224.com\/index.php\/les-verites-de-dre-makale-traore-au-gouvernement-la-croissance-ne-se-consomme-pas-au-quotidien\/\" \/>\n<meta property=\"og:locale\" content=\"fr_FR\" \/>\n<meta property=\"og:type\" content=\"article\" \/>\n<meta property=\"og:title\" content=\"Les v\u00e9rit\u00e9s de Dre. Makal\u00e9 Traor\u00e9 au gouvernement: \u201cLa croissance ne se consomme pas au quotidien\u201d - UNIVERSNEWS224\" \/>\n<meta property=\"og:description\" content=\"Le Gouvernement guin\u00e9en \u00e0 travers son pool \u00e9conomique a proc\u00e9d\u00e9 le 13 ao\u00fbt dernier \u00e0\" \/>\n<meta property=\"og:url\" content=\"https:\/\/universnews224.com\/index.php\/les-verites-de-dre-makale-traore-au-gouvernement-la-croissance-ne-se-consomme-pas-au-quotidien\/\" \/>\n<meta property=\"og:site_name\" content=\"UNIVERSNEWS224\" \/>\n<meta property=\"article:published_time\" content=\"2024-08-15T22:29:44+00:00\" \/>\n<meta property=\"og:image\" content=\"https:\/\/universnews224.com\/wp-content\/uploads\/2024\/08\/IMG-20240813-WA0051.jpg\" \/>\n\t<meta property=\"og:image:width\" content=\"779\" \/>\n\t<meta property=\"og:image:height\" content=\"712\" \/>\n\t<meta property=\"og:image:type\" content=\"image\/jpeg\" \/>\n<meta name=\"author\" content=\"La R\u00e9daction\" \/>\n<meta name=\"twitter:label1\" content=\"\u00c9crit par\" \/>\n\t<meta name=\"twitter:data1\" content=\"La R\u00e9daction\" \/>\n\t<meta name=\"twitter:label2\" content=\"Dur\u00e9e de lecture estim\u00e9e\" \/>\n\t<meta name=\"twitter:data2\" content=\"3 minutes\" \/>\n<script type=\"application\/ld+json\" class=\"yoast-schema-graph\">{\"@context\":\"https:\/\/schema.org\",\"@graph\":[{\"@type\":\"Article\",\"@id\":\"https:\/\/universnews224.com\/index.php\/les-verites-de-dre-makale-traore-au-gouvernement-la-croissance-ne-se-consomme-pas-au-quotidien\/#article\",\"isPartOf\":{\"@id\":\"https:\/\/universnews224.com\/index.php\/les-verites-de-dre-makale-traore-au-gouvernement-la-croissance-ne-se-consomme-pas-au-quotidien\/\"},\"author\":{\"name\":\"La R\u00e9daction\",\"@id\":\"https:\/\/universnews224.com\/#\/schema\/person\/a4b7d4f94a4716df60456a491260485e\"},\"headline\":\"Les v\u00e9rit\u00e9s de Dre. Makal\u00e9 Traor\u00e9 au gouvernement: \u201cLa croissance ne se consomme pas au quotidien\u201d\",\"datePublished\":\"2024-08-15T22:29:44+00:00\",\"dateModified\":\"2024-08-15T22:29:44+00:00\",\"mainEntityOfPage\":{\"@id\":\"https:\/\/universnews224.com\/index.php\/les-verites-de-dre-makale-traore-au-gouvernement-la-croissance-ne-se-consomme-pas-au-quotidien\/\"},\"wordCount\":480,\"publisher\":{\"@id\":\"https:\/\/universnews224.com\/#organization\"},\"inLanguage\":\"fr-FR\"},{\"@type\":\"WebPage\",\"@id\":\"https:\/\/universnews224.com\/index.php\/les-verites-de-dre-makale-traore-au-gouvernement-la-croissance-ne-se-consomme-pas-au-quotidien\/\",\"url\":\"https:\/\/universnews224.com\/index.php\/les-verites-de-dre-makale-traore-au-gouvernement-la-croissance-ne-se-consomme-pas-au-quotidien\/\",\"name\":\"Les v\u00e9rit\u00e9s de Dre. Makal\u00e9 Traor\u00e9 au gouvernement: \u201cLa croissance ne se consomme pas au quotidien\u201d - UNIVERSNEWS224\",\"isPartOf\":{\"@id\":\"https:\/\/universnews224.com\/#website\"},\"datePublished\":\"2024-08-15T22:29:44+00:00\",\"dateModified\":\"2024-08-15T22:29:44+00:00\",\"inLanguage\":\"fr-FR\",\"potentialAction\":[{\"@type\":\"ReadAction\",\"target\":[\"https:\/\/universnews224.com\/index.php\/les-verites-de-dre-makale-traore-au-gouvernement-la-croissance-ne-se-consomme-pas-au-quotidien\/\"]}]},{\"@type\":\"WebSite\",\"@id\":\"https:\/\/universnews224.com\/#website\",\"url\":\"https:\/\/universnews224.com\/\",\"name\":\"UNIVERSNEWS224\",\"description\":\"\",\"publisher\":{\"@id\":\"https:\/\/universnews224.com\/#organization\"},\"potentialAction\":[{\"@type\":\"SearchAction\",\"target\":{\"@type\":\"EntryPoint\",\"urlTemplate\":\"https:\/\/universnews224.com\/?s={search_term_string}\"},\"query-input\":\"required name=search_term_string\"}],\"inLanguage\":\"fr-FR\"},{\"@type\":\"Organization\",\"@id\":\"https:\/\/universnews224.com\/#organization\",\"name\":\"UNIVERSNEWS224\",\"url\":\"https:\/\/universnews224.com\/\",\"logo\":{\"@type\":\"ImageObject\",\"inLanguage\":\"fr-FR\",\"@id\":\"https:\/\/universnews224.com\/#\/schema\/logo\/image\/\",\"url\":\"https:\/\/universnews224.com\/wp-content\/uploads\/2022\/08\/cropped-cropped-logoban.jpg\",\"contentUrl\":\"https:\/\/universnews224.com\/wp-content\/uploads\/2022\/08\/cropped-cropped-logoban.jpg\",\"width\":1080,\"height\":138,\"caption\":\"UNIVERSNEWS224\"},\"image\":{\"@id\":\"https:\/\/universnews224.com\/#\/schema\/logo\/image\/\"}},{\"@type\":\"Person\",\"@id\":\"https:\/\/universnews224.com\/#\/schema\/person\/a4b7d4f94a4716df60456a491260485e\",\"name\":\"La R\u00e9daction\",\"image\":{\"@type\":\"ImageObject\",\"inLanguage\":\"fr-FR\",\"@id\":\"https:\/\/universnews224.com\/#\/schema\/person\/image\/\",\"url\":\"https:\/\/secure.gravatar.com\/avatar\/edb90acc7752b23e1b3307ad36c14f0d?s=96&d=mm&r=g\",\"contentUrl\":\"https:\/\/secure.gravatar.com\/avatar\/edb90acc7752b23e1b3307ad36c14f0d?s=96&d=mm&r=g\",\"caption\":\"La R\u00e9daction\"},\"sameAs\":[\"https:\/\/universnews224.com\"],\"url\":\"https:\/\/universnews224.com\/index.php\/author\/m-camara\/\"}]}<\/script>\n<!-- \/ Yoast SEO plugin. -->","yoast_head_json":{"title":"Les v\u00e9rit\u00e9s de Dre. Makal\u00e9 Traor\u00e9 au gouvernement: \u201cLa croissance ne se consomme pas au quotidien\u201d - UNIVERSNEWS224","robots":{"index":"index","follow":"follow","max-snippet":"max-snippet:-1","max-image-preview":"max-image-preview:large","max-video-preview":"max-video-preview:-1"},"canonical":"https:\/\/universnews224.com\/index.php\/les-verites-de-dre-makale-traore-au-gouvernement-la-croissance-ne-se-consomme-pas-au-quotidien\/","og_locale":"fr_FR","og_type":"article","og_title":"Les v\u00e9rit\u00e9s de Dre. Makal\u00e9 Traor\u00e9 au gouvernement: \u201cLa croissance ne se consomme pas au quotidien\u201d - UNIVERSNEWS224","og_description":"Le Gouvernement guin\u00e9en \u00e0 travers son pool \u00e9conomique a proc\u00e9d\u00e9 le 13 ao\u00fbt dernier \u00e0","og_url":"https:\/\/universnews224.com\/index.php\/les-verites-de-dre-makale-traore-au-gouvernement-la-croissance-ne-se-consomme-pas-au-quotidien\/","og_site_name":"UNIVERSNEWS224","article_published_time":"2024-08-15T22:29:44+00:00","og_image":[{"width":779,"height":712,"url":"https:\/\/universnews224.com\/wp-content\/uploads\/2024\/08\/IMG-20240813-WA0051.jpg","type":"image\/jpeg"}],"author":"La R\u00e9daction","twitter_misc":{"\u00c9crit par":"La R\u00e9daction","Dur\u00e9e de lecture estim\u00e9e":"3 minutes"},"schema":{"@context":"https:\/\/schema.org","@graph":[{"@type":"Article","@id":"https:\/\/universnews224.com\/index.php\/les-verites-de-dre-makale-traore-au-gouvernement-la-croissance-ne-se-consomme-pas-au-quotidien\/#article","isPartOf":{"@id":"https:\/\/universnews224.com\/index.php\/les-verites-de-dre-makale-traore-au-gouvernement-la-croissance-ne-se-consomme-pas-au-quotidien\/"},"author":{"name":"La R\u00e9daction","@id":"https:\/\/universnews224.com\/#\/schema\/person\/a4b7d4f94a4716df60456a491260485e"},"headline":"Les v\u00e9rit\u00e9s de Dre. Makal\u00e9 Traor\u00e9 au gouvernement: \u201cLa croissance ne se consomme pas au quotidien\u201d","datePublished":"2024-08-15T22:29:44+00:00","dateModified":"2024-08-15T22:29:44+00:00","mainEntityOfPage":{"@id":"https:\/\/universnews224.com\/index.php\/les-verites-de-dre-makale-traore-au-gouvernement-la-croissance-ne-se-consomme-pas-au-quotidien\/"},"wordCount":480,"publisher":{"@id":"https:\/\/universnews224.com\/#organization"},"inLanguage":"fr-FR"},{"@type":"WebPage","@id":"https:\/\/universnews224.com\/index.php\/les-verites-de-dre-makale-traore-au-gouvernement-la-croissance-ne-se-consomme-pas-au-quotidien\/","url":"https:\/\/universnews224.com\/index.php\/les-verites-de-dre-makale-traore-au-gouvernement-la-croissance-ne-se-consomme-pas-au-quotidien\/","name":"Les v\u00e9rit\u00e9s de Dre. Makal\u00e9 Traor\u00e9 au gouvernement: \u201cLa croissance ne se consomme pas au quotidien\u201d - UNIVERSNEWS224","isPartOf":{"@id":"https:\/\/universnews224.com\/#website"},"datePublished":"2024-08-15T22:29:44+00:00","dateModified":"2024-08-15T22:29:44+00:00","inLanguage":"fr-FR","potentialAction":[{"@type":"ReadAction","target":["https:\/\/universnews224.com\/index.php\/les-verites-de-dre-makale-traore-au-gouvernement-la-croissance-ne-se-consomme-pas-au-quotidien\/"]}]},{"@type":"WebSite","@id":"https:\/\/universnews224.com\/#website","url":"https:\/\/universnews224.com\/","name":"UNIVERSNEWS224","description":"","publisher":{"@id":"https:\/\/universnews224.com\/#organization"},"potentialAction":[{"@type":"SearchAction","target":{"@type":"EntryPoint","urlTemplate":"https:\/\/universnews224.com\/?s={search_term_string}"},"query-input":"required name=search_term_string"}],"inLanguage":"fr-FR"},{"@type":"Organization","@id":"https:\/\/universnews224.com\/#organization","name":"UNIVERSNEWS224","url":"https:\/\/universnews224.com\/","logo":{"@type":"ImageObject","inLanguage":"fr-FR","@id":"https:\/\/universnews224.com\/#\/schema\/logo\/image\/","url":"https:\/\/universnews224.com\/wp-content\/uploads\/2022\/08\/cropped-cropped-logoban.jpg","contentUrl":"https:\/\/universnews224.com\/wp-content\/uploads\/2022\/08\/cropped-cropped-logoban.jpg","width":1080,"height":138,"caption":"UNIVERSNEWS224"},"image":{"@id":"https:\/\/universnews224.com\/#\/schema\/logo\/image\/"}},{"@type":"Person","@id":"https:\/\/universnews224.com\/#\/schema\/person\/a4b7d4f94a4716df60456a491260485e","name":"La R\u00e9daction","image":{"@type":"ImageObject","inLanguage":"fr-FR","@id":"https:\/\/universnews224.com\/#\/schema\/person\/image\/","url":"https:\/\/secure.gravatar.com\/avatar\/edb90acc7752b23e1b3307ad36c14f0d?s=96&d=mm&r=g","contentUrl":"https:\/\/secure.gravatar.com\/avatar\/edb90acc7752b23e1b3307ad36c14f0d?s=96&d=mm&r=g","caption":"La R\u00e9daction"},"sameAs":["https:\/\/universnews224.com"],"url":"https:\/\/universnews224.com\/index.php\/author\/m-camara\/"}]}},"_links":{"self":[{"href":"https:\/\/universnews224.com\/index.php\/wp-json\/wp\/v2\/posts\/6217"}],"collection":[{"href":"https:\/\/universnews224.com\/index.php\/wp-json\/wp\/v2\/posts"}],"about":[{"href":"https:\/\/universnews224.com\/index.php\/wp-json\/wp\/v2\/types\/post"}],"author":[{"embeddable":true,"href":"https:\/\/universnews224.com\/index.php\/wp-json\/wp\/v2\/users\/2"}],"replies":[{"embeddable":true,"href":"https:\/\/universnews224.com\/index.php\/wp-json\/wp\/v2\/comments?post=6217"}],"version-history":[{"count":1,"href":"https:\/\/universnews224.com\/index.php\/wp-json\/wp\/v2\/posts\/6217\/revisions"}],"predecessor-version":[{"id":6219,"href":"https:\/\/universnews224.com\/index.php\/wp-json\/wp\/v2\/posts\/6217\/revisions\/6219"}],"wp:featuredmedia":[{"embeddable":true,"href":"https:\/\/universnews224.com\/index.php\/wp-json\/wp\/v2\/media\/6218"}],"wp:attachment":[{"href":"https:\/\/universnews224.com\/index.php\/wp-json\/wp\/v2\/media?parent=6217"}],"wp:term":[{"taxonomy":"category","embeddable":true,"href":"https:\/\/universnews224.com\/index.php\/wp-json\/wp\/v2\/categories?post=6217"},{"taxonomy":"post_tag","embeddable":true,"href":"https:\/\/universnews224.com\/index.php\/wp-json\/wp\/v2\/tags?post=6217"}],"curies":[{"name":"wp","href":"https:\/\/api.w.org\/{rel}","templated":true}]}}