{"id":6221,"date":"2024-08-17T21:44:23","date_gmt":"2024-08-17T20:44:23","guid":{"rendered":"https:\/\/universnews224.com\/?p=6221"},"modified":"2024-08-17T21:44:23","modified_gmt":"2024-08-17T20:44:23","slug":"dr-fode-oussou-fofana-ce-que-je-souhaite-au-fond-de-moi-meme-que-le-general-doumbouya-accepte-dorganiser-des-elections","status":"publish","type":"post","link":"https:\/\/universnews224.com\/index.php\/dr-fode-oussou-fofana-ce-que-je-souhaite-au-fond-de-moi-meme-que-le-general-doumbouya-accepte-dorganiser-des-elections\/","title":{"rendered":"Dr. Fod\u00e9 Oussou Fofana: \u201cCe que je souhaite au fond de moi-m\u00eame que le G\u00e9n\u00e9ral Doumbouya accepte d&rsquo;organiser des\u00a0 \u00e9lections\u201d"},"content":{"rendered":"<p dir=\"ltr\" style=\"line-height: 1.38;margin-top: 0.0pt;margin-bottom: 0.0pt\"><span style=\"font-size: 11pt;font-family: Arial, sans-serif;color: #000000;background-color: transparent;vertical-align: baseline\">L&rsquo;Union des Forces D\u00e9mocratiques de Guin\u00e9e (l&rsquo;UFDG) a tenu ce samedi, 17 ao\u00fbt 2024, \u00e0 la Mini\u00e8re dans la commune de Dixinn, son assembl\u00e9e g\u00e9n\u00e9rale. Au cours de ce rendez-vous hebdomadaire entre les militants et les responsables du parti pilot\u00e9 par Elhadj Cellou Dalein Diallo, plusieurs questions en lien avec l&rsquo;actualit\u00e9 ont \u00e9t\u00e9 d\u00e9battues. Il s\u2019agit notamment, d&rsquo;une possible candidature du pr\u00e9sident G\u00e9n\u00e9ral Mamadi Doumbouya aux prochaines \u00e9ch\u00e9ances \u00e9lectorales.\u00a0<\/span><\/p>\n<p>&nbsp;<\/p>\n<p dir=\"ltr\" style=\"line-height: 1.38;margin-top: 0.0pt;margin-bottom: 0.0pt\"><span style=\"font-size: 11pt;font-family: Arial, sans-serif;color: #000000;background-color: transparent;vertical-align: baseline\">Alors que le d\u00e9bat fait rage dans la cit\u00e9, surtout avec la pr\u00e9sentation de l&rsquo;avant-projet de la nouvelle constitution qui n\u2019interdit pas\u00a0 aux actuels dirigeants d\u2019\u00eatre candidat aux prochaines \u00e9lections, Dr. Fod\u00e9 Oussou Fofana croit comme fer que le colosse du 5 septembre tiendra sa promesse de ne pas se pr\u00e9senter.\u00a0<\/span><\/p>\n<p>&nbsp;<\/p>\n<p dir=\"ltr\" style=\"line-height: 1.38;margin-top: 0.0pt;margin-bottom: 0.0pt\"><span style=\"font-size: 11pt;font-family: Arial, sans-serif;color: #000000;background-color: transparent;vertical-align: baseline\">\u201c&#8230;Personne n&rsquo;a dit ici que les membres du CNRD, les membres du gouvernement, les membres du CNT sont concern\u00e9s par l&rsquo;avant-projet de la\u00a0 nouvelle constitution. Quelque chose de fondamental par un homme qui, j&rsquo;esp\u00e8re bien respectera sa parole d&rsquo;honneur, qui est une parole sacr\u00e9e. Le fr\u00e8re Kal\u00e9modou l&rsquo;a dit ici l&rsquo;autre fois, il n&rsquo;a jamais dit \u00e0 qui que \u00e7a soit qu&rsquo;il est candidat. Il n&rsquo;a pas dit que les articles de la Charte de la transition sont annul\u00e9s, a-t-il indiqu\u00e9.<\/span><\/p>\n<p>&nbsp;<\/p>\n<p dir=\"ltr\" style=\"line-height: 1.38;margin-top: 0.0pt;margin-bottom: 0.0pt\"><span style=\"font-size: 11pt;font-family: Arial, sans-serif;color: #000000;background-color: transparent;vertical-align: baseline\">Poursuivant, le vice-pr\u00e9sident de l&rsquo;UFDG, invite le G\u00e9n\u00e9ral Mamadi Doumbouya ne pas \u00e9couter les gens qui ont induit, le pr\u00e9sident Moussa Dadis Camara et le pr\u00e9sident Alpha Cond\u00e9 en erreur et qui r\u00f4dent aujourd&rsquo;hui derni\u00e8re lui.\u00a0<\/span><\/p>\n<p>&nbsp;<\/p>\n<p dir=\"ltr\" style=\"line-height: 1.38;margin-top: 0.0pt;margin-bottom: 0.0pt\"><span style=\"font-size: 11pt;font-family: Arial, sans-serif;color: #000000;background-color: transparent;vertical-align: baseline\">\u201cNous connaissons les guin\u00e9ens, les guin\u00e9ens sont particuliers. Il y a beaucoup parmi les guin\u00e9ens qui sont d\u00e9magogues. Vous connaissez des guin\u00e9ens. Monsieur Alpha Cond\u00e9 a eu deux mandats ici, il \u00e9tait pr\u00eat \u00e0 partir, il est en train de r\u00e9fl\u00e9chir \u00e0 comment faire pour partir. Les gens se sont arrang\u00e9s \u00e0 aller le voir pour lui dire, attention, tu es le Fama (chef), tu es le tout puissant, tu es le guide, tu es devenu un petit dieu, pr\u00e9sente toi, ce peuple t&rsquo;appartient, ce peuple ne conna\u00eet que toi. Mais, si tu quittes ici, tu as commenc\u00e9 Souapiti, tu as commenc\u00e9 les routes, il y a le projet Simandou, comment tu vas laisser tout \u00e7a, Mengu\u00e8 (chef) nous te soutenons, il faut te pr\u00e9senter pour un 3\u00e8me mandat. \u00c9videmment, un \u00eatre humain n&rsquo;est pas Dieu. Dieu est Koufayakoun, un \u00eatre humain est faible. Quand vous avez la malchance d&rsquo;\u00eatre entour\u00e9 par des gens qui ne veulent que leurs propres int\u00e9r\u00eats, qui ne t&rsquo;aiment pas du tout, qui veulent te pousser \u00e0 la faute, qui viennent te dire ce qui n&rsquo;est pas r\u00e9el pour que tu renonces \u00e0 ta parole sacr\u00e9e, cette parole qui va te suivre pendant toute ta vie. Aujourd&rsquo;hui, Monsieur Alpha Cond\u00e9 est o\u00f9? Monsieur Alpha Cond\u00e9 avait la possibilit\u00e9 de rentrer dans l&rsquo;histoire de ce pays par la grande porte. Il y a fait 40 ans de combat avant d&rsquo;\u00eatre candidat, il a eu deux mandats. S&rsquo;il n&rsquo;avait pas fait ce 3\u00e8me mandat interdit, aujourd&rsquo;hui je suis convaincu qu&rsquo;il serait le m\u00e9diateur au niveau africain, il serait partout entrain de r\u00e9gler des probl\u00e8mes et des conflits. Mais par la faute de certains guin\u00e9ens, malheureusement il a fait ce qu&rsquo;il ne devrait pas faire, il a fait le 3\u00e8me mandat et ce 3\u00e8me mandat n&rsquo;\u00e9tait pas bien. On a vu le capitaine Dadis que j&rsquo;ai connu qui est venu et qui a dit clairement, je ne suis pas assoiff\u00e9 de pouvoir, je suis venu pour organiser les \u00e9lections, je n&rsquo;aime pas le pouvoir. Cet homme l\u00e0, on est venu avec beaucoup d&rsquo;argents, il a dit, je ne veux pas, il dit j&rsquo;aime ce pays, je veux rentrer dans l&rsquo;histoire de ce pays par la grande porte, mais le pr\u00e9sident Dadis n&rsquo;est pas Dieu, c&rsquo;est un \u00eatre humain. Les gens\u00a0 sont venus le voir pour lui dire de se pr\u00e9senter, malheureusement, il a dit ce qu&rsquo;il ne devrait pas dire, \u00ab je vais enlever ma tenue pour me pr\u00e9senter\u00bb. Quand il a dit \u00e7a, cette phrase-l\u00e0 n&rsquo;\u00e9tait pas bien. Tous ceux qui ont \u00e9t\u00e9 \u00e0 l&rsquo;origine de \u00e7a, qui ont pouss\u00e9 le capitaine Moussa Dadis \u00e0 la faute, qui ont cr\u00e9\u00e9 des mouvements de soutien pour le 3\u00e8me mandat, tous ces guin\u00e9ens l\u00e0, ils sont encore dans ce pays, ils sont capables de sortir dans les v\u00e9hicules, ce sont les m\u00eames personnes qui sont entrain de pousser le G\u00e9n\u00e9ral Doumbouya \u00e0 faire la chose que le capitaine Moussa Dadis, \u00e0\u00a0 la m\u00eame chose qu&rsquo;\u00e0 Alpha Cond\u00e9. Est-ce qu&rsquo;on n&rsquo;a pas cr\u00e9\u00e9 ici comme mouvements de soutien? Dans quelques jours les m\u00eames guin\u00e9ens, ils vont encore cr\u00e9er des mouvements de soutien, ils ont commenc\u00e9 \u00e0 pr\u00e9parer les esprits pour dire ce que l&rsquo;homme n&rsquo;a pas dit. En attendant qu&rsquo;il ne faut pas accuser le G\u00e9n\u00e9ral Doumbouya, en attendant, il ne faut pas lui pr\u00eater des intentions parce qu&rsquo;il n&rsquo;a pas dit qu&rsquo;il va renoncer \u00e0 sa parole d&rsquo;honneur. Je suis convaincu et \u00e7a m&rsquo;\u00e9tonnerais en tant que militaire, il sait que la parole donn\u00e9e est sacr\u00e9e, je ne pense qu&rsquo;il accepte de renoncer \u00e0 cette parole. Nous avons vu des militaires sur le plan africain, Amadou Toumani Tour\u00e9 du Mali. ATT est arriv\u00e9, il a fait coup d&rsquo;Etat, il a quitt\u00e9. Ce que je souhaite au fond de moi-m\u00eame que le G\u00e9n\u00e9ral Doumbouya accepte d&rsquo;organiser des\u00a0 \u00e9lections pour mettre \u00e0 la t\u00eate de ce pays l\u00e0, ce que les guin\u00e9ens vont choisir, quelque soit la personne, pour qu&rsquo;il puisse rester dans l&rsquo;esprit des guin\u00e9ens de g\u00e9n\u00e9ration en g\u00e9n\u00e9ration, a martel\u00e9 Dr. Fod\u00e9 Oussou Fofana.\u00a0<\/span><\/p>\n<p>&nbsp;<\/p>\n","protected":false},"excerpt":{"rendered":"<p>L&rsquo;Union des Forces D\u00e9mocratiques de Guin\u00e9e (l&rsquo;UFDG) a tenu ce samedi, 17 ao\u00fbt 2024, \u00e0<\/p>\n","protected":false},"author":2,"featured_media":6222,"comment_status":"closed","ping_status":"open","sticky":false,"template":"","format":"standard","meta":[],"categories":[1],"tags":[229],"yoast_head":"<!-- This site is optimized with the Yoast SEO plugin v19.13 - https:\/\/yoast.com\/wordpress\/plugins\/seo\/ -->\n<title>Dr. Fod\u00e9 Oussou Fofana: \u201cCe que je souhaite au fond de moi-m\u00eame que le G\u00e9n\u00e9ral Doumbouya accepte d&#039;organiser des\u00a0 \u00e9lections\u201d - UNIVERSNEWS224<\/title>\n<meta name=\"robots\" content=\"index, follow, max-snippet:-1, max-image-preview:large, max-video-preview:-1\" \/>\n<link rel=\"canonical\" href=\"https:\/\/universnews224.com\/index.php\/dr-fode-oussou-fofana-ce-que-je-souhaite-au-fond-de-moi-meme-que-le-general-doumbouya-accepte-dorganiser-des-elections\/\" \/>\n<meta property=\"og:locale\" content=\"fr_FR\" \/>\n<meta property=\"og:type\" content=\"article\" \/>\n<meta property=\"og:title\" content=\"Dr. Fod\u00e9 Oussou Fofana: \u201cCe que je souhaite au fond de moi-m\u00eame que le G\u00e9n\u00e9ral Doumbouya accepte d&#039;organiser des\u00a0 \u00e9lections\u201d - UNIVERSNEWS224\" \/>\n<meta property=\"og:description\" content=\"L&rsquo;Union des Forces D\u00e9mocratiques de Guin\u00e9e (l&rsquo;UFDG) a tenu ce samedi, 17 ao\u00fbt 2024, \u00e0\" \/>\n<meta property=\"og:url\" content=\"https:\/\/universnews224.com\/index.php\/dr-fode-oussou-fofana-ce-que-je-souhaite-au-fond-de-moi-meme-que-le-general-doumbouya-accepte-dorganiser-des-elections\/\" \/>\n<meta property=\"og:site_name\" content=\"UNIVERSNEWS224\" \/>\n<meta property=\"article:published_time\" content=\"2024-08-17T20:44:23+00:00\" \/>\n<meta property=\"og:image\" content=\"https:\/\/universnews224.com\/wp-content\/uploads\/2024\/08\/IMG-20240817-WA0004.jpg\" \/>\n\t<meta property=\"og:image:width\" content=\"1080\" \/>\n\t<meta property=\"og:image:height\" content=\"608\" \/>\n\t<meta property=\"og:image:type\" content=\"image\/jpeg\" \/>\n<meta name=\"author\" content=\"La R\u00e9daction\" \/>\n<meta name=\"twitter:label1\" content=\"\u00c9crit par\" \/>\n\t<meta name=\"twitter:data1\" content=\"La R\u00e9daction\" \/>\n\t<meta name=\"twitter:label2\" content=\"Dur\u00e9e de lecture estim\u00e9e\" \/>\n\t<meta name=\"twitter:data2\" content=\"5 minutes\" \/>\n<script type=\"application\/ld+json\" class=\"yoast-schema-graph\">{\"@context\":\"https:\/\/schema.org\",\"@graph\":[{\"@type\":\"Article\",\"@id\":\"https:\/\/universnews224.com\/index.php\/dr-fode-oussou-fofana-ce-que-je-souhaite-au-fond-de-moi-meme-que-le-general-doumbouya-accepte-dorganiser-des-elections\/#article\",\"isPartOf\":{\"@id\":\"https:\/\/universnews224.com\/index.php\/dr-fode-oussou-fofana-ce-que-je-souhaite-au-fond-de-moi-meme-que-le-general-doumbouya-accepte-dorganiser-des-elections\/\"},\"author\":{\"name\":\"La R\u00e9daction\",\"@id\":\"https:\/\/universnews224.com\/#\/schema\/person\/a4b7d4f94a4716df60456a491260485e\"},\"headline\":\"Dr. Fod\u00e9 Oussou Fofana: \u201cCe que je souhaite au fond de moi-m\u00eame que le G\u00e9n\u00e9ral Doumbouya accepte d&rsquo;organiser des\u00a0 \u00e9lections\u201d\",\"datePublished\":\"2024-08-17T20:44:23+00:00\",\"dateModified\":\"2024-08-17T20:44:23+00:00\",\"mainEntityOfPage\":{\"@id\":\"https:\/\/universnews224.com\/index.php\/dr-fode-oussou-fofana-ce-que-je-souhaite-au-fond-de-moi-meme-que-le-general-doumbouya-accepte-dorganiser-des-elections\/\"},\"wordCount\":1004,\"publisher\":{\"@id\":\"https:\/\/universnews224.com\/#organization\"},\"keywords\":[\"La une\"],\"inLanguage\":\"fr-FR\"},{\"@type\":\"WebPage\",\"@id\":\"https:\/\/universnews224.com\/index.php\/dr-fode-oussou-fofana-ce-que-je-souhaite-au-fond-de-moi-meme-que-le-general-doumbouya-accepte-dorganiser-des-elections\/\",\"url\":\"https:\/\/universnews224.com\/index.php\/dr-fode-oussou-fofana-ce-que-je-souhaite-au-fond-de-moi-meme-que-le-general-doumbouya-accepte-dorganiser-des-elections\/\",\"name\":\"Dr. Fod\u00e9 Oussou Fofana: \u201cCe que je souhaite au fond de moi-m\u00eame que le G\u00e9n\u00e9ral Doumbouya accepte d'organiser des\u00a0 \u00e9lections\u201d - UNIVERSNEWS224\",\"isPartOf\":{\"@id\":\"https:\/\/universnews224.com\/#website\"},\"datePublished\":\"2024-08-17T20:44:23+00:00\",\"dateModified\":\"2024-08-17T20:44:23+00:00\",\"inLanguage\":\"fr-FR\",\"potentialAction\":[{\"@type\":\"ReadAction\",\"target\":[\"https:\/\/universnews224.com\/index.php\/dr-fode-oussou-fofana-ce-que-je-souhaite-au-fond-de-moi-meme-que-le-general-doumbouya-accepte-dorganiser-des-elections\/\"]}]},{\"@type\":\"WebSite\",\"@id\":\"https:\/\/universnews224.com\/#website\",\"url\":\"https:\/\/universnews224.com\/\",\"name\":\"UNIVERSNEWS224\",\"description\":\"\",\"publisher\":{\"@id\":\"https:\/\/universnews224.com\/#organization\"},\"potentialAction\":[{\"@type\":\"SearchAction\",\"target\":{\"@type\":\"EntryPoint\",\"urlTemplate\":\"https:\/\/universnews224.com\/?s={search_term_string}\"},\"query-input\":\"required name=search_term_string\"}],\"inLanguage\":\"fr-FR\"},{\"@type\":\"Organization\",\"@id\":\"https:\/\/universnews224.com\/#organization\",\"name\":\"UNIVERSNEWS224\",\"url\":\"https:\/\/universnews224.com\/\",\"logo\":{\"@type\":\"ImageObject\",\"inLanguage\":\"fr-FR\",\"@id\":\"https:\/\/universnews224.com\/#\/schema\/logo\/image\/\",\"url\":\"https:\/\/universnews224.com\/wp-content\/uploads\/2022\/08\/cropped-cropped-logoban.jpg\",\"contentUrl\":\"https:\/\/universnews224.com\/wp-content\/uploads\/2022\/08\/cropped-cropped-logoban.jpg\",\"width\":1080,\"height\":138,\"caption\":\"UNIVERSNEWS224\"},\"image\":{\"@id\":\"https:\/\/universnews224.com\/#\/schema\/logo\/image\/\"}},{\"@type\":\"Person\",\"@id\":\"https:\/\/universnews224.com\/#\/schema\/person\/a4b7d4f94a4716df60456a491260485e\",\"name\":\"La R\u00e9daction\",\"image\":{\"@type\":\"ImageObject\",\"inLanguage\":\"fr-FR\",\"@id\":\"https:\/\/universnews224.com\/#\/schema\/person\/image\/\",\"url\":\"https:\/\/secure.gravatar.com\/avatar\/edb90acc7752b23e1b3307ad36c14f0d?s=96&d=mm&r=g\",\"contentUrl\":\"https:\/\/secure.gravatar.com\/avatar\/edb90acc7752b23e1b3307ad36c14f0d?s=96&d=mm&r=g\",\"caption\":\"La R\u00e9daction\"},\"sameAs\":[\"https:\/\/universnews224.com\"],\"url\":\"https:\/\/universnews224.com\/index.php\/author\/m-camara\/\"}]}<\/script>\n<!-- \/ Yoast SEO plugin. -->","yoast_head_json":{"title":"Dr. Fod\u00e9 Oussou Fofana: \u201cCe que je souhaite au fond de moi-m\u00eame que le G\u00e9n\u00e9ral Doumbouya accepte d'organiser des\u00a0 \u00e9lections\u201d - UNIVERSNEWS224","robots":{"index":"index","follow":"follow","max-snippet":"max-snippet:-1","max-image-preview":"max-image-preview:large","max-video-preview":"max-video-preview:-1"},"canonical":"https:\/\/universnews224.com\/index.php\/dr-fode-oussou-fofana-ce-que-je-souhaite-au-fond-de-moi-meme-que-le-general-doumbouya-accepte-dorganiser-des-elections\/","og_locale":"fr_FR","og_type":"article","og_title":"Dr. Fod\u00e9 Oussou Fofana: \u201cCe que je souhaite au fond de moi-m\u00eame que le G\u00e9n\u00e9ral Doumbouya accepte d'organiser des\u00a0 \u00e9lections\u201d - UNIVERSNEWS224","og_description":"L&rsquo;Union des Forces D\u00e9mocratiques de Guin\u00e9e (l&rsquo;UFDG) a tenu ce samedi, 17 ao\u00fbt 2024, \u00e0","og_url":"https:\/\/universnews224.com\/index.php\/dr-fode-oussou-fofana-ce-que-je-souhaite-au-fond-de-moi-meme-que-le-general-doumbouya-accepte-dorganiser-des-elections\/","og_site_name":"UNIVERSNEWS224","article_published_time":"2024-08-17T20:44:23+00:00","og_image":[{"width":1080,"height":608,"url":"https:\/\/universnews224.com\/wp-content\/uploads\/2024\/08\/IMG-20240817-WA0004.jpg","type":"image\/jpeg"}],"author":"La R\u00e9daction","twitter_misc":{"\u00c9crit par":"La R\u00e9daction","Dur\u00e9e de lecture estim\u00e9e":"5 minutes"},"schema":{"@context":"https:\/\/schema.org","@graph":[{"@type":"Article","@id":"https:\/\/universnews224.com\/index.php\/dr-fode-oussou-fofana-ce-que-je-souhaite-au-fond-de-moi-meme-que-le-general-doumbouya-accepte-dorganiser-des-elections\/#article","isPartOf":{"@id":"https:\/\/universnews224.com\/index.php\/dr-fode-oussou-fofana-ce-que-je-souhaite-au-fond-de-moi-meme-que-le-general-doumbouya-accepte-dorganiser-des-elections\/"},"author":{"name":"La R\u00e9daction","@id":"https:\/\/universnews224.com\/#\/schema\/person\/a4b7d4f94a4716df60456a491260485e"},"headline":"Dr. Fod\u00e9 Oussou Fofana: \u201cCe que je souhaite au fond de moi-m\u00eame que le G\u00e9n\u00e9ral Doumbouya accepte d&rsquo;organiser des\u00a0 \u00e9lections\u201d","datePublished":"2024-08-17T20:44:23+00:00","dateModified":"2024-08-17T20:44:23+00:00","mainEntityOfPage":{"@id":"https:\/\/universnews224.com\/index.php\/dr-fode-oussou-fofana-ce-que-je-souhaite-au-fond-de-moi-meme-que-le-general-doumbouya-accepte-dorganiser-des-elections\/"},"wordCount":1004,"publisher":{"@id":"https:\/\/universnews224.com\/#organization"},"keywords":["La une"],"inLanguage":"fr-FR"},{"@type":"WebPage","@id":"https:\/\/universnews224.com\/index.php\/dr-fode-oussou-fofana-ce-que-je-souhaite-au-fond-de-moi-meme-que-le-general-doumbouya-accepte-dorganiser-des-elections\/","url":"https:\/\/universnews224.com\/index.php\/dr-fode-oussou-fofana-ce-que-je-souhaite-au-fond-de-moi-meme-que-le-general-doumbouya-accepte-dorganiser-des-elections\/","name":"Dr. Fod\u00e9 Oussou Fofana: \u201cCe que je souhaite au fond de moi-m\u00eame que le G\u00e9n\u00e9ral Doumbouya accepte d'organiser des\u00a0 \u00e9lections\u201d - UNIVERSNEWS224","isPartOf":{"@id":"https:\/\/universnews224.com\/#website"},"datePublished":"2024-08-17T20:44:23+00:00","dateModified":"2024-08-17T20:44:23+00:00","inLanguage":"fr-FR","potentialAction":[{"@type":"ReadAction","target":["https:\/\/universnews224.com\/index.php\/dr-fode-oussou-fofana-ce-que-je-souhaite-au-fond-de-moi-meme-que-le-general-doumbouya-accepte-dorganiser-des-elections\/"]}]},{"@type":"WebSite","@id":"https:\/\/universnews224.com\/#website","url":"https:\/\/universnews224.com\/","name":"UNIVERSNEWS224","description":"","publisher":{"@id":"https:\/\/universnews224.com\/#organization"},"potentialAction":[{"@type":"SearchAction","target":{"@type":"EntryPoint","urlTemplate":"https:\/\/universnews224.com\/?s={search_term_string}"},"query-input":"required name=search_term_string"}],"inLanguage":"fr-FR"},{"@type":"Organization","@id":"https:\/\/universnews224.com\/#organization","name":"UNIVERSNEWS224","url":"https:\/\/universnews224.com\/","logo":{"@type":"ImageObject","inLanguage":"fr-FR","@id":"https:\/\/universnews224.com\/#\/schema\/logo\/image\/","url":"https:\/\/universnews224.com\/wp-content\/uploads\/2022\/08\/cropped-cropped-logoban.jpg","contentUrl":"https:\/\/universnews224.com\/wp-content\/uploads\/2022\/08\/cropped-cropped-logoban.jpg","width":1080,"height":138,"caption":"UNIVERSNEWS224"},"image":{"@id":"https:\/\/universnews224.com\/#\/schema\/logo\/image\/"}},{"@type":"Person","@id":"https:\/\/universnews224.com\/#\/schema\/person\/a4b7d4f94a4716df60456a491260485e","name":"La R\u00e9daction","image":{"@type":"ImageObject","inLanguage":"fr-FR","@id":"https:\/\/universnews224.com\/#\/schema\/person\/image\/","url":"https:\/\/secure.gravatar.com\/avatar\/edb90acc7752b23e1b3307ad36c14f0d?s=96&d=mm&r=g","contentUrl":"https:\/\/secure.gravatar.com\/avatar\/edb90acc7752b23e1b3307ad36c14f0d?s=96&d=mm&r=g","caption":"La R\u00e9daction"},"sameAs":["https:\/\/universnews224.com"],"url":"https:\/\/universnews224.com\/index.php\/author\/m-camara\/"}]}},"_links":{"self":[{"href":"https:\/\/universnews224.com\/index.php\/wp-json\/wp\/v2\/posts\/6221"}],"collection":[{"href":"https:\/\/universnews224.com\/index.php\/wp-json\/wp\/v2\/posts"}],"about":[{"href":"https:\/\/universnews224.com\/index.php\/wp-json\/wp\/v2\/types\/post"}],"author":[{"embeddable":true,"href":"https:\/\/universnews224.com\/index.php\/wp-json\/wp\/v2\/users\/2"}],"replies":[{"embeddable":true,"href":"https:\/\/universnews224.com\/index.php\/wp-json\/wp\/v2\/comments?post=6221"}],"version-history":[{"count":1,"href":"https:\/\/universnews224.com\/index.php\/wp-json\/wp\/v2\/posts\/6221\/revisions"}],"predecessor-version":[{"id":6223,"href":"https:\/\/universnews224.com\/index.php\/wp-json\/wp\/v2\/posts\/6221\/revisions\/6223"}],"wp:featuredmedia":[{"embeddable":true,"href":"https:\/\/universnews224.com\/index.php\/wp-json\/wp\/v2\/media\/6222"}],"wp:attachment":[{"href":"https:\/\/universnews224.com\/index.php\/wp-json\/wp\/v2\/media?parent=6221"}],"wp:term":[{"taxonomy":"category","embeddable":true,"href":"https:\/\/universnews224.com\/index.php\/wp-json\/wp\/v2\/categories?post=6221"},{"taxonomy":"post_tag","embeddable":true,"href":"https:\/\/universnews224.com\/index.php\/wp-json\/wp\/v2\/tags?post=6221"}],"curies":[{"name":"wp","href":"https:\/\/api.w.org\/{rel}","templated":true}]}}