{"id":6281,"date":"2024-08-22T21:35:35","date_gmt":"2024-08-22T20:35:35","guid":{"rendered":"https:\/\/universnews224.com\/?p=6281"},"modified":"2024-08-22T21:35:35","modified_gmt":"2024-08-22T20:35:35","slug":"8e-forum-national-des-acteurs-publics-fonap-2024-lancine-keita-un-reformateur-a-la-tete-du-conseil-guineen-des-chargeurs","status":"publish","type":"post","link":"https:\/\/universnews224.com\/index.php\/8e-forum-national-des-acteurs-publics-fonap-2024-lancine-keita-un-reformateur-a-la-tete-du-conseil-guineen-des-chargeurs\/","title":{"rendered":"8\u00e8 Forum National des Acteurs Publics-FONAP 2024 : Lancin\u00e8 KEITA, un r\u00e9formateur \u00e0 la t\u00eate du Conseil Guin\u00e9en des Chargeurs.\u00a0"},"content":{"rendered":"<p dir=\"ltr\" style=\"line-height: 1.38;margin-top: 0pt;margin-bottom: 0pt;text-align: center\"><span style=\"font-size: 11pt;font-family: Arial, sans-serif;color: #000000;background-color: transparent;vertical-align: baseline\">Dans la dynamique pr\u00e9paratoire du 8\u00e8 Forum National des Acteurs Publics-FONAP 2024, pr\u00e9vu le 07 Septembre 2024 \u00e0 l\u2019h\u00f4tel Palm Camayenne de Conakry; la commission communication et M\u00e9dias du FONAP 2024 et les m\u00e9dias en ligne partenaires, d\u00e9cryptent et analysent pour vous les raisons du choix de chaque personnalit\u00e9 pour cette \u00e9dition 2024.<\/span><\/p>\n<p>&nbsp;<\/p>\n<p dir=\"ltr\" style=\"line-height: 1.38;margin-top: 0.0pt;margin-bottom: 0.0pt\"><span style=\"font-size: 11pt;font-family: Arial, sans-serif;color: #000000;background-color: transparent;vertical-align: baseline\">Dire que Lancin\u00e8 KEITA, Directeur G\u00e9n\u00e9ral du Conseil Guin\u00e9en des Chargeurs (CGC-SAU), est un leader dans l\u2019\u00e2me est un doux euph\u00e9misme. Depuis sa nomination par le G\u00e9n\u00e9ral de corps d\u2019arm\u00e9e MAMADI DOUMBOUYA, celui-l\u00e0 m\u00eame qu\u2019il a toujours consid\u00e9r\u00e9 comme son mod\u00e8le inspirant. Lancin\u00e8 KEITA dans l\u2019esprit de refondation a entrepris la voie du perfectionnement et de modernisation du Conseil Guin\u00e9en des Chargeurs, qui promet de r\u00e9volutionner le secteur en d\u00e9fendant r\u00e9solument les int\u00e9r\u00eats des op\u00e9rateurs \u00e9conomiques tout au long de la cha\u00eene logistique de transport dans l\u2019optique de promouvoir activement le commerce international en R\u00e9publique de Guin\u00e9e. Pour ce jeune cadre audacieux et patriote en provenance du d\u00e9partement de la d\u00e9fense nationale, il sait plus que quiconque que diriger ne signifie pas seulement donner des ordres, mais \u00eatre un leader, un meneur qui motive et conduit les \u00e9quipes en allant lui-m\u00eame sur le terrain. Visionnaire, patriote et travailleur acharn\u00e9. Il a en un temps record impuls\u00e9 une dynamique et une m\u00e9thode de gestion bas\u00e9e sur la transparence, l\u2019efficacit\u00e9, le rendement etc\u2026Le volume des r\u00e9sultats engrang\u00e9s par le Conseil Guin\u00e9en des Chargeurs sous son magist\u00e8re, est aujourd\u2019hui brandit avec fiert\u00e9 par les plus hautes autorit\u00e9s pour d\u00e9fendre le bilan du CNRD.<\/span><\/p>\n<p>&nbsp;<\/p>\n<p dir=\"ltr\" style=\"line-height: 1.38;margin-top: 0.0pt;margin-bottom: 0.0pt\"><span style=\"font-size: 11pt;font-family: Arial, sans-serif;color: #000000;background-color: transparent;vertical-align: baseline\">Trois axes majeurs, ci-dessous, nous ont pouss\u00e9s \u00e0 choisir ce bosseur dans le classement de cette \u00e9dition 2024.<\/span><\/p>\n<p>&nbsp;<\/p>\n<p dir=\"ltr\" style=\"line-height: 1.38;margin-top: 0.0pt;margin-bottom: 0.0pt\"><span style=\"font-size: 11pt;font-family: Arial, sans-serif;color: #000000;background-color: transparent;vertical-align: baseline\">1- Le volume des r\u00e9formes engag\u00e9es et les r\u00e9sultats engrang\u00e9s en un temps record.<\/span><\/p>\n<p>&nbsp;<\/p>\n<p dir=\"ltr\" style=\"line-height: 1.38;margin-top: 0.0pt;margin-bottom: 0.0pt\"><span style=\"font-size: 11pt;font-family: Arial, sans-serif;color: #000000;background-color: transparent;vertical-align: baseline\">Comme son mod\u00e8le inspirant le G\u00e9n\u00e9ral Mamadi DOUMBOUYA, Lancin\u00e8 KEITA est plus \u00e9loquents dans les actes et actions que dans les discours. Pour le comprendre, d\u00e8s sa prise de fonction, il s\u2019est attel\u00e9 \u00e0 la gestion efficace des ressources humaines et \u00e0 cr\u00e9er des conditions de travail ad\u00e9quates pour pousser chacun \u00e0 lib\u00e9rer son plein potentiel et \u00e0 s\u2019impliquer ardemment pour le rayonnement de l\u2019entreprise (CGC-SAU). Il a non seulement cr\u00e9\u00e9 une atmosph\u00e8re, propice \u00e0 la valorisation des cadres mais aussi \u00e0 s\u00e9curiser leurs avenirs en affiliant le Conseil Guin\u00e9en des Chargeurs, pour la premi\u00e8re fois depuis sa cr\u00e9ation \u00e0 la Caisse Nationale de la S\u00e9curit\u00e9 Sociale- CNSS pour en tirer les avantages au m\u00eame titre que toutes les institutions du pays. L\u2019autre pan et non les moindres de la gouvernance orthodoxe et exemplaire des ressources humaines, c\u2019est des s\u00e9ries de formations, des ateliers et autres voyages d\u2019\u00e9tudes de perfectionnement, de mise \u00e0 niveau\u2026octroy\u00e9s aux cadres de son institution pour leurs permettre d\u2019\u00eatre plus qualifi\u00e9s, plus op\u00e9rationnels et comp\u00e9titifs comme en t\u00e9moigne la prise en charge de dix-huit (18) cadres pour une formation portuaire et maritime au Centre Trainmars de Dakar (CTD). La transparence dans la gestion publique, \u00e9tant sa ligne de mire, il a voulu que le Conseil Guin\u00e9en des Chargeurs, soit une entreprise responsable, c\u2019est ainsi, il a r\u00e9gularis\u00e9 les colossales dettes fiscales de l\u2019entreprise aupr\u00e8s des imp\u00f4ts, une d\u00e9monstration d\u00e9sormais de la maturit\u00e9-RSE (Responsabilit\u00e9 Soci\u00e9tale de l\u2019entreprise) et du statut d\u2019entreprise citoyenne. Il s\u2019est aussi pench\u00e9 sur le paiement \u00e0 temps des primes des travailleurs ainsi que leurs salaires.\u00a0<\/span><\/p>\n<p>&nbsp;<\/p>\n<p dir=\"ltr\" style=\"line-height: 1.38;margin-top: 0.0pt;margin-bottom: 0.0pt\"><span style=\"font-size: 11pt;font-family: Arial, sans-serif;color: #000000;background-color: transparent;vertical-align: baseline\">L\u2019autre acte pos\u00e9 par Lancin\u00e8 KEITA qui pousse les jeunes \u00e0 applaudir le pr\u00e9sident de la Transition \u00e0 chaque instant, c\u2019est l\u2019engagement et la r\u00e9gularisation de tous les jeunes stagiaires du CGC en qualit\u00e9 d\u2019employ\u00e9-titulaire. Pourquoi conna\u00eet le combat quotidien que m\u00e8ne le pr\u00e9sident, le CNRD et le Gouvernement pour diminuer la courbe du ch\u00f4mage dans notre pays. Il faut s\u2019en f\u00e9liciter.<\/span><\/p>\n<p>&nbsp;<\/p>\n<p dir=\"ltr\" style=\"line-height: 1.38;margin-top: 0.0pt;margin-bottom: 0.0pt\"><span style=\"font-size: 11pt;font-family: Arial, sans-serif;color: #000000;background-color: transparent;vertical-align: baseline\">2- Le d\u00e9veloppement, la construction des infrastructures et la modernisation du CGC.<\/span><\/p>\n<p>&nbsp;<\/p>\n<p dir=\"ltr\" style=\"line-height: 1.38;margin-top: 0.0pt;margin-bottom: 0.0pt\"><span style=\"font-size: 11pt;font-family: Arial, sans-serif;color: #000000;background-color: transparent;vertical-align: baseline\">Sur ce point le ton est donn\u00e9, quand il dit, je cite : \u00ab Notre Conseil des Chargeurs s\u2019efforce chaque jour de faciliter les \u00e9changes commerciaux, de soutenir les entreprises locales et d\u2019optimiser les cha\u00eenes d\u2019approvisionnement pour le b\u00e9n\u00e9fice de tous (\u2026.) La r\u00e9ussite des activit\u00e9s des Chargeurs est intimement li\u00e9 \u00e0 la qualit\u00e9 des services. Ainsi, nous redoublons d\u2019efforts pour d\u00e9velopper des solutions adapt\u00e9es aux besoins \u00e9volutifs de notre industrie \u00bb. Sur cette \u00e9vidence, il faut souligner la construction des aires de stationnement et des entrep\u00f4ts comme en t\u00e9moigne, l\u2019imposant air de stationnement de camions et de repos des conducteurs \u00e0 kour\u00e9mal\u00e9. En tant que jeune, tr\u00e8s \u00e0 l\u2019aise avec les nouvelles technologies de la communication, il a entrepris la d\u00e9mat\u00e9rialisation et la digitalisation du conseil Guin\u00e9en des Chargeurs, avec pour point phare, le bordereau \u00e9lectronique de suivi des cargaisons (Electronic System Issuance CGC).<\/span><\/p>\n<p>&nbsp;<\/p>\n<p dir=\"ltr\" style=\"line-height: 1.38;margin-top: 0.0pt;margin-bottom: 0.0pt\"><span style=\"font-size: 11pt;font-family: Arial, sans-serif;color: #000000;background-color: transparent;vertical-align: baseline\">3- Une vision d\u2019un Conseil Guin\u00e9en des Chargeurs \u00e0 la pointe de la technologie.<\/span><\/p>\n<p>&nbsp;<\/p>\n<p dir=\"ltr\" style=\"line-height: 1.38;margin-top: 0.0pt;margin-bottom: 0.0pt\"><span style=\"font-size: 11pt;font-family: Arial, sans-serif;color: #000000;background-color: transparent;vertical-align: baseline\">\u00c0 l\u2019image de son mod\u00e8le inspirant, l\u2019envie de marqu\u00e9 son passage est tr\u00e8s fort et dans la t\u00eate de Lancin\u00e8 KEITA se bouscule des id\u00e9es ing\u00e9nieuses. Sa vision est claire et futuriste. Ce qui le pousse \u00e0 motiver sa troupe pour aboutir aux r\u00e9sultats escompt\u00e9s. Parmi les perspectives d\u2019avenir que se fixe, ce bosseur, il y\u2019a : l\u2019\u00e9mission du Bordereau de suivi du Fret A\u00e9rien (BSFA), la r\u00e9alisation de la maison des chargeurs, la mise en place d\u2019une plate-forme d\u2019\u00e9mission du document Unique de Transport (DUT) et de la Bourse Virtuelle de Fret (BVF), la mise en place d\u2019un portail hub sur le commerce international de la R\u00e9publique de Guin\u00e9e, l\u2019\u00e9dition des cartes du Chargeur, la r\u00e9alisation des aires de stationnement et des entrep\u00f4ts \u00e0 Conakry, dans le grand-Conakry et les autres r\u00e9gions administratives du pays.<\/span><\/p>\n<p>&nbsp;<\/p>\n<p dir=\"ltr\" style=\"line-height: 1.38;margin-top: 0.0pt;margin-bottom: 0.0pt\"><span style=\"font-size: 11pt;font-family: Arial, sans-serif;color: #000000;background-color: transparent;vertical-align: baseline\">Retrouvez M. Lancin\u00e8 KEITA et la team du Conseil Guin\u00e9en des Chargeurs (CGC-SAU) lors du 7\u00e8me Forum National des Acteurs Publics-FONAP 2024, le 07 Septembre 2024 \u00e0 l\u2019h\u00f4tel Palm Camayenne de Conakry, lors du 8\u00e8 Forum National des Acteurs Publics-FONAP 2024 pour \u00e9changer directement avec lui, sur le bilan, les d\u00e9fis et perspectives du CGC.<\/span><\/p>\n<p>&nbsp;<\/p>\n<p dir=\"ltr\" style=\"line-height: 1.38;margin-top: 0.0pt;margin-bottom: 0.0pt\"><span style=\"font-size: 11pt;font-family: Arial, sans-serif;color: #000000;background-color: transparent;vertical-align: baseline\">A PROPOS DU FORUM NATIONAL DES ACTEURS PUBLICS-FONAP 2024 suivi du diner-gala de distinction des 100 personnalit\u00e9s qui font bouger la Guin\u00e9e 2024.<\/span><\/p>\n<p>&nbsp;<\/p>\n<p dir=\"ltr\" style=\"line-height: 1.38;margin-top: 0.0pt;margin-bottom: 0.0pt\"><span style=\"font-size: 11pt;font-family: Arial, sans-serif;color: #000000;background-color: transparent;vertical-align: baseline\">Le Forum National des Acteurs Publics-FONAP 2024 est un espace d\u2019\u00e9change, de partage d\u2019exp\u00e9rience et de pr\u00e9sentation de bilans qui r\u00e9unit pendant toute une journ\u00e9e, dans un esprit de redevabilit\u00e9, de reddition des comptes et de transparence dans la gestion de la chose publique; gouvernants et gouvern\u00e9s, administrateurs et administr\u00e9s, d\u00e9cideurs et citoyens pour d\u00e9battre, partager et \u00e9changer sur les bilans, r\u00e9sultats, d\u00e9fis et perspectives des secteurs concern\u00e9s. Ledit Forum National des Acteurs Publics-FONAP 2024 est chaque ann\u00e9e cl\u00f4tur\u00e9 par le tr\u00e8s m\u00e9diatis\u00e9 diner-gala de distinction des 100 personnalit\u00e9s qui font bouger la Guin\u00e9e, une c\u00e9r\u00e9monie de reconnaissance, de cons\u00e9cration et de m\u00e9diatisation des efforts des acteurs publics guin\u00e9ens et \u00e9trangers qui se sont illustr\u00e9s durant l\u2019ann\u00e9e ou qui \u0153uvrent inlassablement dans le d\u00e9veloppement de la Guin\u00e9e.<a href=\"https:\/\/universnews224.com\/wp-content\/uploads\/2024\/08\/les-100-1068x534-1.jpeg\"><img loading=\"lazy\" class=\"alignnone size-medium wp-image-6155\" src=\"https:\/\/universnews224.com\/wp-content\/uploads\/2024\/08\/les-100-1068x534-1-300x150.jpeg\" alt=\"\" width=\"300\" height=\"150\" srcset=\"https:\/\/universnews224.com\/wp-content\/uploads\/2024\/08\/les-100-1068x534-1-300x150.jpeg 300w, https:\/\/universnews224.com\/wp-content\/uploads\/2024\/08\/les-100-1068x534-1-1024x512.jpeg 1024w, https:\/\/universnews224.com\/wp-content\/uploads\/2024\/08\/les-100-1068x534-1-768x384.jpeg 768w, https:\/\/universnews224.com\/wp-content\/uploads\/2024\/08\/les-100-1068x534-1.jpeg 1068w\" sizes=\"(max-width: 300px) 100vw, 300px\" \/><\/a><\/span><\/p>\n<p>&nbsp;<\/p>\n<p dir=\"ltr\" style=\"line-height: 1.38;margin-top: 0.0pt;margin-bottom: 0.0pt\"><span style=\"font-size: 11pt;font-family: Arial, sans-serif;color: #000000;background-color: transparent;vertical-align: baseline\">La commission communication et m\u00e9dia du FONAP 2024. Site internet : www.copefinance224.com E-mail : copeguinee@gmail.com Tel : 00224 620 91 77 25<\/span><\/p>\n","protected":false},"excerpt":{"rendered":"<p>Dans la dynamique pr\u00e9paratoire du 8\u00e8 Forum National des Acteurs Publics-FONAP 2024, pr\u00e9vu le 07<\/p>\n","protected":false},"author":2,"featured_media":6282,"comment_status":"closed","ping_status":"open","sticky":false,"template":"","format":"standard","meta":[],"categories":[3,5],"tags":[237],"yoast_head":"<!-- This site is optimized with the Yoast SEO plugin v19.13 - https:\/\/yoast.com\/wordpress\/plugins\/seo\/ -->\n<title>8\u00e8 Forum National des Acteurs Publics-FONAP 2024 : Lancin\u00e8 KEITA, un r\u00e9formateur \u00e0 la t\u00eate du Conseil Guin\u00e9en des Chargeurs.\u00a0 - UNIVERSNEWS224<\/title>\n<meta name=\"robots\" content=\"index, follow, max-snippet:-1, max-image-preview:large, max-video-preview:-1\" \/>\n<link rel=\"canonical\" href=\"https:\/\/universnews224.com\/index.php\/8e-forum-national-des-acteurs-publics-fonap-2024-lancine-keita-un-reformateur-a-la-tete-du-conseil-guineen-des-chargeurs\/\" \/>\n<meta property=\"og:locale\" content=\"fr_FR\" \/>\n<meta property=\"og:type\" content=\"article\" \/>\n<meta property=\"og:title\" content=\"8\u00e8 Forum National des Acteurs Publics-FONAP 2024 : Lancin\u00e8 KEITA, un r\u00e9formateur \u00e0 la t\u00eate du Conseil Guin\u00e9en des Chargeurs.\u00a0 - UNIVERSNEWS224\" \/>\n<meta property=\"og:description\" content=\"Dans la dynamique pr\u00e9paratoire du 8\u00e8 Forum National des Acteurs Publics-FONAP 2024, pr\u00e9vu le 07\" \/>\n<meta property=\"og:url\" content=\"https:\/\/universnews224.com\/index.php\/8e-forum-national-des-acteurs-publics-fonap-2024-lancine-keita-un-reformateur-a-la-tete-du-conseil-guineen-des-chargeurs\/\" \/>\n<meta property=\"og:site_name\" content=\"UNIVERSNEWS224\" \/>\n<meta property=\"article:published_time\" content=\"2024-08-22T20:35:35+00:00\" \/>\n<meta property=\"og:image\" content=\"https:\/\/universnews224.com\/wp-content\/uploads\/2024\/08\/lancine-1068x534-1.jpeg\" \/>\n\t<meta property=\"og:image:width\" content=\"1068\" \/>\n\t<meta property=\"og:image:height\" content=\"534\" \/>\n\t<meta property=\"og:image:type\" content=\"image\/jpeg\" \/>\n<meta name=\"author\" content=\"La R\u00e9daction\" \/>\n<meta name=\"twitter:label1\" content=\"\u00c9crit par\" \/>\n\t<meta name=\"twitter:data1\" content=\"La R\u00e9daction\" \/>\n\t<meta name=\"twitter:label2\" content=\"Dur\u00e9e de lecture estim\u00e9e\" \/>\n\t<meta name=\"twitter:data2\" content=\"7 minutes\" \/>\n<script type=\"application\/ld+json\" class=\"yoast-schema-graph\">{\"@context\":\"https:\/\/schema.org\",\"@graph\":[{\"@type\":\"Article\",\"@id\":\"https:\/\/universnews224.com\/index.php\/8e-forum-national-des-acteurs-publics-fonap-2024-lancine-keita-un-reformateur-a-la-tete-du-conseil-guineen-des-chargeurs\/#article\",\"isPartOf\":{\"@id\":\"https:\/\/universnews224.com\/index.php\/8e-forum-national-des-acteurs-publics-fonap-2024-lancine-keita-un-reformateur-a-la-tete-du-conseil-guineen-des-chargeurs\/\"},\"author\":{\"name\":\"La R\u00e9daction\",\"@id\":\"https:\/\/universnews224.com\/#\/schema\/person\/a4b7d4f94a4716df60456a491260485e\"},\"headline\":\"8\u00e8 Forum National des Acteurs Publics-FONAP 2024 : Lancin\u00e8 KEITA, un r\u00e9formateur \u00e0 la t\u00eate du Conseil Guin\u00e9en des Chargeurs.\u00a0\",\"datePublished\":\"2024-08-22T20:35:35+00:00\",\"dateModified\":\"2024-08-22T20:35:35+00:00\",\"mainEntityOfPage\":{\"@id\":\"https:\/\/universnews224.com\/index.php\/8e-forum-national-des-acteurs-publics-fonap-2024-lancine-keita-un-reformateur-a-la-tete-du-conseil-guineen-des-chargeurs\/\"},\"wordCount\":1312,\"publisher\":{\"@id\":\"https:\/\/universnews224.com\/#organization\"},\"keywords\":[\"A la une\"],\"articleSection\":[\"ACTU\",\"SOCI\u00c9T\u00c9\"],\"inLanguage\":\"fr-FR\"},{\"@type\":\"WebPage\",\"@id\":\"https:\/\/universnews224.com\/index.php\/8e-forum-national-des-acteurs-publics-fonap-2024-lancine-keita-un-reformateur-a-la-tete-du-conseil-guineen-des-chargeurs\/\",\"url\":\"https:\/\/universnews224.com\/index.php\/8e-forum-national-des-acteurs-publics-fonap-2024-lancine-keita-un-reformateur-a-la-tete-du-conseil-guineen-des-chargeurs\/\",\"name\":\"8\u00e8 Forum National des Acteurs Publics-FONAP 2024 : Lancin\u00e8 KEITA, un r\u00e9formateur \u00e0 la t\u00eate du Conseil Guin\u00e9en des Chargeurs.\u00a0 - UNIVERSNEWS224\",\"isPartOf\":{\"@id\":\"https:\/\/universnews224.com\/#website\"},\"datePublished\":\"2024-08-22T20:35:35+00:00\",\"dateModified\":\"2024-08-22T20:35:35+00:00\",\"inLanguage\":\"fr-FR\",\"potentialAction\":[{\"@type\":\"ReadAction\",\"target\":[\"https:\/\/universnews224.com\/index.php\/8e-forum-national-des-acteurs-publics-fonap-2024-lancine-keita-un-reformateur-a-la-tete-du-conseil-guineen-des-chargeurs\/\"]}]},{\"@type\":\"WebSite\",\"@id\":\"https:\/\/universnews224.com\/#website\",\"url\":\"https:\/\/universnews224.com\/\",\"name\":\"UNIVERSNEWS224\",\"description\":\"\",\"publisher\":{\"@id\":\"https:\/\/universnews224.com\/#organization\"},\"potentialAction\":[{\"@type\":\"SearchAction\",\"target\":{\"@type\":\"EntryPoint\",\"urlTemplate\":\"https:\/\/universnews224.com\/?s={search_term_string}\"},\"query-input\":\"required name=search_term_string\"}],\"inLanguage\":\"fr-FR\"},{\"@type\":\"Organization\",\"@id\":\"https:\/\/universnews224.com\/#organization\",\"name\":\"UNIVERSNEWS224\",\"url\":\"https:\/\/universnews224.com\/\",\"logo\":{\"@type\":\"ImageObject\",\"inLanguage\":\"fr-FR\",\"@id\":\"https:\/\/universnews224.com\/#\/schema\/logo\/image\/\",\"url\":\"https:\/\/universnews224.com\/wp-content\/uploads\/2022\/08\/cropped-cropped-logoban.jpg\",\"contentUrl\":\"https:\/\/universnews224.com\/wp-content\/uploads\/2022\/08\/cropped-cropped-logoban.jpg\",\"width\":1080,\"height\":138,\"caption\":\"UNIVERSNEWS224\"},\"image\":{\"@id\":\"https:\/\/universnews224.com\/#\/schema\/logo\/image\/\"}},{\"@type\":\"Person\",\"@id\":\"https:\/\/universnews224.com\/#\/schema\/person\/a4b7d4f94a4716df60456a491260485e\",\"name\":\"La R\u00e9daction\",\"image\":{\"@type\":\"ImageObject\",\"inLanguage\":\"fr-FR\",\"@id\":\"https:\/\/universnews224.com\/#\/schema\/person\/image\/\",\"url\":\"https:\/\/secure.gravatar.com\/avatar\/edb90acc7752b23e1b3307ad36c14f0d?s=96&d=mm&r=g\",\"contentUrl\":\"https:\/\/secure.gravatar.com\/avatar\/edb90acc7752b23e1b3307ad36c14f0d?s=96&d=mm&r=g\",\"caption\":\"La R\u00e9daction\"},\"sameAs\":[\"https:\/\/universnews224.com\"],\"url\":\"https:\/\/universnews224.com\/index.php\/author\/m-camara\/\"}]}<\/script>\n<!-- \/ Yoast SEO plugin. -->","yoast_head_json":{"title":"8\u00e8 Forum National des Acteurs Publics-FONAP 2024 : Lancin\u00e8 KEITA, un r\u00e9formateur \u00e0 la t\u00eate du Conseil Guin\u00e9en des Chargeurs.\u00a0 - UNIVERSNEWS224","robots":{"index":"index","follow":"follow","max-snippet":"max-snippet:-1","max-image-preview":"max-image-preview:large","max-video-preview":"max-video-preview:-1"},"canonical":"https:\/\/universnews224.com\/index.php\/8e-forum-national-des-acteurs-publics-fonap-2024-lancine-keita-un-reformateur-a-la-tete-du-conseil-guineen-des-chargeurs\/","og_locale":"fr_FR","og_type":"article","og_title":"8\u00e8 Forum National des Acteurs Publics-FONAP 2024 : Lancin\u00e8 KEITA, un r\u00e9formateur \u00e0 la t\u00eate du Conseil Guin\u00e9en des Chargeurs.\u00a0 - UNIVERSNEWS224","og_description":"Dans la dynamique pr\u00e9paratoire du 8\u00e8 Forum National des Acteurs Publics-FONAP 2024, pr\u00e9vu le 07","og_url":"https:\/\/universnews224.com\/index.php\/8e-forum-national-des-acteurs-publics-fonap-2024-lancine-keita-un-reformateur-a-la-tete-du-conseil-guineen-des-chargeurs\/","og_site_name":"UNIVERSNEWS224","article_published_time":"2024-08-22T20:35:35+00:00","og_image":[{"width":1068,"height":534,"url":"https:\/\/universnews224.com\/wp-content\/uploads\/2024\/08\/lancine-1068x534-1.jpeg","type":"image\/jpeg"}],"author":"La R\u00e9daction","twitter_misc":{"\u00c9crit par":"La R\u00e9daction","Dur\u00e9e de lecture estim\u00e9e":"7 minutes"},"schema":{"@context":"https:\/\/schema.org","@graph":[{"@type":"Article","@id":"https:\/\/universnews224.com\/index.php\/8e-forum-national-des-acteurs-publics-fonap-2024-lancine-keita-un-reformateur-a-la-tete-du-conseil-guineen-des-chargeurs\/#article","isPartOf":{"@id":"https:\/\/universnews224.com\/index.php\/8e-forum-national-des-acteurs-publics-fonap-2024-lancine-keita-un-reformateur-a-la-tete-du-conseil-guineen-des-chargeurs\/"},"author":{"name":"La R\u00e9daction","@id":"https:\/\/universnews224.com\/#\/schema\/person\/a4b7d4f94a4716df60456a491260485e"},"headline":"8\u00e8 Forum National des Acteurs Publics-FONAP 2024 : Lancin\u00e8 KEITA, un r\u00e9formateur \u00e0 la t\u00eate du Conseil Guin\u00e9en des Chargeurs.\u00a0","datePublished":"2024-08-22T20:35:35+00:00","dateModified":"2024-08-22T20:35:35+00:00","mainEntityOfPage":{"@id":"https:\/\/universnews224.com\/index.php\/8e-forum-national-des-acteurs-publics-fonap-2024-lancine-keita-un-reformateur-a-la-tete-du-conseil-guineen-des-chargeurs\/"},"wordCount":1312,"publisher":{"@id":"https:\/\/universnews224.com\/#organization"},"keywords":["A la une"],"articleSection":["ACTU","SOCI\u00c9T\u00c9"],"inLanguage":"fr-FR"},{"@type":"WebPage","@id":"https:\/\/universnews224.com\/index.php\/8e-forum-national-des-acteurs-publics-fonap-2024-lancine-keita-un-reformateur-a-la-tete-du-conseil-guineen-des-chargeurs\/","url":"https:\/\/universnews224.com\/index.php\/8e-forum-national-des-acteurs-publics-fonap-2024-lancine-keita-un-reformateur-a-la-tete-du-conseil-guineen-des-chargeurs\/","name":"8\u00e8 Forum National des Acteurs Publics-FONAP 2024 : Lancin\u00e8 KEITA, un r\u00e9formateur \u00e0 la t\u00eate du Conseil Guin\u00e9en des Chargeurs.\u00a0 - UNIVERSNEWS224","isPartOf":{"@id":"https:\/\/universnews224.com\/#website"},"datePublished":"2024-08-22T20:35:35+00:00","dateModified":"2024-08-22T20:35:35+00:00","inLanguage":"fr-FR","potentialAction":[{"@type":"ReadAction","target":["https:\/\/universnews224.com\/index.php\/8e-forum-national-des-acteurs-publics-fonap-2024-lancine-keita-un-reformateur-a-la-tete-du-conseil-guineen-des-chargeurs\/"]}]},{"@type":"WebSite","@id":"https:\/\/universnews224.com\/#website","url":"https:\/\/universnews224.com\/","name":"UNIVERSNEWS224","description":"","publisher":{"@id":"https:\/\/universnews224.com\/#organization"},"potentialAction":[{"@type":"SearchAction","target":{"@type":"EntryPoint","urlTemplate":"https:\/\/universnews224.com\/?s={search_term_string}"},"query-input":"required name=search_term_string"}],"inLanguage":"fr-FR"},{"@type":"Organization","@id":"https:\/\/universnews224.com\/#organization","name":"UNIVERSNEWS224","url":"https:\/\/universnews224.com\/","logo":{"@type":"ImageObject","inLanguage":"fr-FR","@id":"https:\/\/universnews224.com\/#\/schema\/logo\/image\/","url":"https:\/\/universnews224.com\/wp-content\/uploads\/2022\/08\/cropped-cropped-logoban.jpg","contentUrl":"https:\/\/universnews224.com\/wp-content\/uploads\/2022\/08\/cropped-cropped-logoban.jpg","width":1080,"height":138,"caption":"UNIVERSNEWS224"},"image":{"@id":"https:\/\/universnews224.com\/#\/schema\/logo\/image\/"}},{"@type":"Person","@id":"https:\/\/universnews224.com\/#\/schema\/person\/a4b7d4f94a4716df60456a491260485e","name":"La R\u00e9daction","image":{"@type":"ImageObject","inLanguage":"fr-FR","@id":"https:\/\/universnews224.com\/#\/schema\/person\/image\/","url":"https:\/\/secure.gravatar.com\/avatar\/edb90acc7752b23e1b3307ad36c14f0d?s=96&d=mm&r=g","contentUrl":"https:\/\/secure.gravatar.com\/avatar\/edb90acc7752b23e1b3307ad36c14f0d?s=96&d=mm&r=g","caption":"La R\u00e9daction"},"sameAs":["https:\/\/universnews224.com"],"url":"https:\/\/universnews224.com\/index.php\/author\/m-camara\/"}]}},"_links":{"self":[{"href":"https:\/\/universnews224.com\/index.php\/wp-json\/wp\/v2\/posts\/6281"}],"collection":[{"href":"https:\/\/universnews224.com\/index.php\/wp-json\/wp\/v2\/posts"}],"about":[{"href":"https:\/\/universnews224.com\/index.php\/wp-json\/wp\/v2\/types\/post"}],"author":[{"embeddable":true,"href":"https:\/\/universnews224.com\/index.php\/wp-json\/wp\/v2\/users\/2"}],"replies":[{"embeddable":true,"href":"https:\/\/universnews224.com\/index.php\/wp-json\/wp\/v2\/comments?post=6281"}],"version-history":[{"count":1,"href":"https:\/\/universnews224.com\/index.php\/wp-json\/wp\/v2\/posts\/6281\/revisions"}],"predecessor-version":[{"id":6283,"href":"https:\/\/universnews224.com\/index.php\/wp-json\/wp\/v2\/posts\/6281\/revisions\/6283"}],"wp:featuredmedia":[{"embeddable":true,"href":"https:\/\/universnews224.com\/index.php\/wp-json\/wp\/v2\/media\/6282"}],"wp:attachment":[{"href":"https:\/\/universnews224.com\/index.php\/wp-json\/wp\/v2\/media?parent=6281"}],"wp:term":[{"taxonomy":"category","embeddable":true,"href":"https:\/\/universnews224.com\/index.php\/wp-json\/wp\/v2\/categories?post=6281"},{"taxonomy":"post_tag","embeddable":true,"href":"https:\/\/universnews224.com\/index.php\/wp-json\/wp\/v2\/tags?post=6281"}],"curies":[{"name":"wp","href":"https:\/\/api.w.org\/{rel}","templated":true}]}}