{"id":6288,"date":"2024-08-23T23:31:54","date_gmt":"2024-08-23T22:31:54","guid":{"rendered":"https:\/\/universnews224.com\/?p=6288"},"modified":"2024-08-23T23:31:54","modified_gmt":"2024-08-23T22:31:54","slug":"celebration-de-lan-31-de-la-rks-le-dg-du-quotidien-national-horoya-ibrahima-kone-satisfait-de-la-commemoration","status":"publish","type":"post","link":"https:\/\/universnews224.com\/index.php\/celebration-de-lan-31-de-la-rks-le-dg-du-quotidien-national-horoya-ibrahima-kone-satisfait-de-la-commemoration\/","title":{"rendered":"C\u00e9l\u00e9bration de l&rsquo;an 31 de la RKS: le DG du quotidien national Horoya Ibrahima Kon\u00e9 satisfait de la comm\u00e9moration."},"content":{"rendered":"<p id=\"docs-internal-guid-8810ba40-7fff-5632-d653-4a457bc1bc1a\" dir=\"ltr\" style=\"line-height: 1.38;margin-top: 0.0pt;margin-bottom: 0.0pt\"><span style=\"font-size: 11pt;font-family: Arial, sans-serif;color: #000000;background-color: transparent;vertical-align: baseline\">C\u00e9l\u00e9bration de l&rsquo;an 31 de la RKS: le DG du quotidien national Horoya Ibrahima Kon\u00e9 satisfait de la comm\u00e9moration<\/span><\/p>\n<p>&nbsp;<\/p>\n<p dir=\"ltr\" style=\"line-height: 1.38;margin-top: 0.0pt;margin-bottom: 0.0pt\"><span style=\"font-size: 11pt;font-family: Arial, sans-serif;color: #000000;background-color: transparent;vertical-align: baseline\">C&rsquo;est \u00e0 l&rsquo;occasion de la c\u00e9l\u00e9bration de l\u2019an 31 de la Radio Kaloum St\u00e9r\u00e9o (RKS) ce vendredi 23 ao\u00fbt 2024, que le Directeur g\u00e9n\u00e9ral du quotidien national Horoya M. Ibrahima Kon\u00e9 a accord\u00e9 une interview \u00e0 notre r\u00e9daction tout en f\u00e9licitant et encourageant vivement les initiateurs de cette rencontre historique qui est une premi\u00e8re depuis la mise en place de cette radio.\u00a0<\/span><\/p>\n<p>&nbsp;<\/p>\n<p dir=\"ltr\" style=\"line-height: 1.38;margin-top: 0.0pt;margin-bottom: 0.0pt\"><span style=\"font-size: 11pt;font-family: Arial, sans-serif;color: #000000;background-color: transparent;vertical-align: baseline\">\u00ab la RKS, la radio Kaloum St\u00e9r\u00e9o, il faut comprendre dans quel contexte cette radio a \u00e9t\u00e9 nomm\u00e9e. C&rsquo;\u00e9tait la seconde radio de la r\u00e9union nationale qui est bas\u00e9e en st\u00e9r\u00e9o et \u00e0 calme \u00e0 la partition, c&rsquo;est un moment o\u00f9 aller faire une radio de proximit\u00e9, montrer aux gens qu&rsquo;il y avait votre radio, \u00e9couter de la musique, tenez de l&rsquo;ambiance, faites des petits appuiements, convoquez les gens, montrer aux jeunes animateurs, promoteurs de musiques, de cultures, de la vie \u00e0 l&rsquo;\u00e9poque, qu&rsquo;ils avaient leur radio. Donc c&rsquo;\u00e9tait pas une radio 100% politique, mais c&rsquo;\u00e9tait une radio qui parlaient des associations, qui parlaient des d\u00e9veloppements, qui parlaient de qu&rsquo;est-ce que je veux faire, 31 ans depuis une activit\u00e9, que ce soit un homme, que ce soit une machine, que ce soit une activit\u00e9, cela est important. Et aujourd&rsquo;hui, on est en train d&rsquo;aller vers un moment de paix, un moment radieux pour les travailleurs et pour les directeurs qui vivons, aujourd&rsquo;hui, qui se m\u00e9nagent de leurs maisons, pour qu&rsquo;ils s&rsquo;int\u00e9ressent \u00e0 la radio \u00bb, a-t-il soulign\u00e9.\u00a0<\/span><\/p>\n<p dir=\"ltr\" style=\"line-height: 1.38;margin-top: 0.0pt;margin-bottom: 0.0pt\"><span style=\"font-size: 11pt;font-family: Arial, sans-serif;color: #000000;background-color: transparent;vertical-align: baseline\">Parlant des pr\u00e9paratifs de la c\u00e9l\u00e9bration du journal Horoya au mois d&rsquo;avril 2025, le patron de\u00a0 cette entreprise pr\u00e9cise que les pr\u00e9paratifs vont bon train avec la commission.\u00a0<\/span><\/p>\n<p dir=\"ltr\" style=\"line-height: 1.38;margin-top: 0.0pt;margin-bottom: 0.0pt\"><span style=\"font-size: 11pt;font-family: Arial, sans-serif;color: #000000;background-color: transparent;vertical-align: baseline\">\u00ab \u00c9coutez, les pr\u00e9paratifs ont commenc\u00e9, on a mis d\u00e9j\u00e0 une commission, c&rsquo;est en avril 2025, d\u00e9j\u00e0 on a commenc\u00e9 \u00e0 mettre une commission pour conclure les soixante-trois ans du quotidien national. Donc on parle du quotidien national Horoya, qui a connu beaucoup de noms, Avant 69, on l&rsquo;appelait le journal Libert\u00e9, et c&rsquo;est le journal de l&rsquo;Univers du Sud et le coup du bambou, apr\u00e8s Libert\u00e9 en 58 et en 61, on a r\u00e9baptis\u00e9 Horoya, 63 ans c&rsquo;est n&rsquo;est petit. Je pense que la commission est entrain de travailler pour que cette f\u00eate soit pour tout le peuple, l&rsquo;administration\u00a0 et les m\u00e9dias d&rsquo;\u00e9tat \u00bb, a d\u00e9clar\u00e9 le DG.<\/span><\/p>\n<p dir=\"ltr\" style=\"line-height: 1.38;margin-top: 0.0pt;margin-bottom: 0.0pt\"><span style=\"font-size: 11pt;font-family: Arial, sans-serif;color: #000000;background-color: transparent;vertical-align: baseline\">Sana Sylla.<\/span><\/p>\n<p>&nbsp;<\/p>\n","protected":false},"excerpt":{"rendered":"<p>C\u00e9l\u00e9bration de l&rsquo;an 31 de la RKS: le DG du quotidien national Horoya Ibrahima Kon\u00e9<\/p>\n","protected":false},"author":2,"featured_media":6289,"comment_status":"closed","ping_status":"open","sticky":false,"template":"","format":"standard","meta":[],"categories":[1],"tags":[237],"yoast_head":"<!-- This site is optimized with the Yoast SEO plugin v19.13 - https:\/\/yoast.com\/wordpress\/plugins\/seo\/ -->\n<title>C\u00e9l\u00e9bration de l&#039;an 31 de la RKS: le DG du quotidien national Horoya Ibrahima Kon\u00e9 satisfait de la comm\u00e9moration. - UNIVERSNEWS224<\/title>\n<meta name=\"robots\" content=\"index, follow, max-snippet:-1, max-image-preview:large, max-video-preview:-1\" \/>\n<link rel=\"canonical\" href=\"https:\/\/universnews224.com\/index.php\/celebration-de-lan-31-de-la-rks-le-dg-du-quotidien-national-horoya-ibrahima-kone-satisfait-de-la-commemoration\/\" \/>\n<meta property=\"og:locale\" content=\"fr_FR\" \/>\n<meta property=\"og:type\" content=\"article\" \/>\n<meta property=\"og:title\" content=\"C\u00e9l\u00e9bration de l&#039;an 31 de la RKS: le DG du quotidien national Horoya Ibrahima Kon\u00e9 satisfait de la comm\u00e9moration. - UNIVERSNEWS224\" \/>\n<meta property=\"og:description\" content=\"C\u00e9l\u00e9bration de l&rsquo;an 31 de la RKS: le DG du quotidien national Horoya Ibrahima Kon\u00e9\" \/>\n<meta property=\"og:url\" content=\"https:\/\/universnews224.com\/index.php\/celebration-de-lan-31-de-la-rks-le-dg-du-quotidien-national-horoya-ibrahima-kone-satisfait-de-la-commemoration\/\" \/>\n<meta property=\"og:site_name\" content=\"UNIVERSNEWS224\" \/>\n<meta property=\"article:published_time\" content=\"2024-08-23T22:31:54+00:00\" \/>\n<meta property=\"og:image\" content=\"https:\/\/universnews224.com\/wp-content\/uploads\/2024\/08\/IMG-20240823-WA0007.jpg\" \/>\n\t<meta property=\"og:image:width\" content=\"1032\" \/>\n\t<meta property=\"og:image:height\" content=\"581\" \/>\n\t<meta property=\"og:image:type\" content=\"image\/jpeg\" \/>\n<meta name=\"author\" content=\"La R\u00e9daction\" \/>\n<meta name=\"twitter:label1\" content=\"\u00c9crit par\" \/>\n\t<meta name=\"twitter:data1\" content=\"La R\u00e9daction\" \/>\n\t<meta name=\"twitter:label2\" content=\"Dur\u00e9e de lecture estim\u00e9e\" \/>\n\t<meta name=\"twitter:data2\" content=\"3 minutes\" \/>\n<script type=\"application\/ld+json\" class=\"yoast-schema-graph\">{\"@context\":\"https:\/\/schema.org\",\"@graph\":[{\"@type\":\"Article\",\"@id\":\"https:\/\/universnews224.com\/index.php\/celebration-de-lan-31-de-la-rks-le-dg-du-quotidien-national-horoya-ibrahima-kone-satisfait-de-la-commemoration\/#article\",\"isPartOf\":{\"@id\":\"https:\/\/universnews224.com\/index.php\/celebration-de-lan-31-de-la-rks-le-dg-du-quotidien-national-horoya-ibrahima-kone-satisfait-de-la-commemoration\/\"},\"author\":{\"name\":\"La R\u00e9daction\",\"@id\":\"https:\/\/universnews224.com\/#\/schema\/person\/a4b7d4f94a4716df60456a491260485e\"},\"headline\":\"C\u00e9l\u00e9bration de l&rsquo;an 31 de la RKS: le DG du quotidien national Horoya Ibrahima Kon\u00e9 satisfait de la comm\u00e9moration.\",\"datePublished\":\"2024-08-23T22:31:54+00:00\",\"dateModified\":\"2024-08-23T22:31:54+00:00\",\"mainEntityOfPage\":{\"@id\":\"https:\/\/universnews224.com\/index.php\/celebration-de-lan-31-de-la-rks-le-dg-du-quotidien-national-horoya-ibrahima-kone-satisfait-de-la-commemoration\/\"},\"wordCount\":440,\"publisher\":{\"@id\":\"https:\/\/universnews224.com\/#organization\"},\"keywords\":[\"A la une\"],\"inLanguage\":\"fr-FR\"},{\"@type\":\"WebPage\",\"@id\":\"https:\/\/universnews224.com\/index.php\/celebration-de-lan-31-de-la-rks-le-dg-du-quotidien-national-horoya-ibrahima-kone-satisfait-de-la-commemoration\/\",\"url\":\"https:\/\/universnews224.com\/index.php\/celebration-de-lan-31-de-la-rks-le-dg-du-quotidien-national-horoya-ibrahima-kone-satisfait-de-la-commemoration\/\",\"name\":\"C\u00e9l\u00e9bration de l'an 31 de la RKS: le DG du quotidien national Horoya Ibrahima Kon\u00e9 satisfait de la comm\u00e9moration. - UNIVERSNEWS224\",\"isPartOf\":{\"@id\":\"https:\/\/universnews224.com\/#website\"},\"datePublished\":\"2024-08-23T22:31:54+00:00\",\"dateModified\":\"2024-08-23T22:31:54+00:00\",\"inLanguage\":\"fr-FR\",\"potentialAction\":[{\"@type\":\"ReadAction\",\"target\":[\"https:\/\/universnews224.com\/index.php\/celebration-de-lan-31-de-la-rks-le-dg-du-quotidien-national-horoya-ibrahima-kone-satisfait-de-la-commemoration\/\"]}]},{\"@type\":\"WebSite\",\"@id\":\"https:\/\/universnews224.com\/#website\",\"url\":\"https:\/\/universnews224.com\/\",\"name\":\"UNIVERSNEWS224\",\"description\":\"\",\"publisher\":{\"@id\":\"https:\/\/universnews224.com\/#organization\"},\"potentialAction\":[{\"@type\":\"SearchAction\",\"target\":{\"@type\":\"EntryPoint\",\"urlTemplate\":\"https:\/\/universnews224.com\/?s={search_term_string}\"},\"query-input\":\"required name=search_term_string\"}],\"inLanguage\":\"fr-FR\"},{\"@type\":\"Organization\",\"@id\":\"https:\/\/universnews224.com\/#organization\",\"name\":\"UNIVERSNEWS224\",\"url\":\"https:\/\/universnews224.com\/\",\"logo\":{\"@type\":\"ImageObject\",\"inLanguage\":\"fr-FR\",\"@id\":\"https:\/\/universnews224.com\/#\/schema\/logo\/image\/\",\"url\":\"https:\/\/universnews224.com\/wp-content\/uploads\/2022\/08\/cropped-cropped-logoban.jpg\",\"contentUrl\":\"https:\/\/universnews224.com\/wp-content\/uploads\/2022\/08\/cropped-cropped-logoban.jpg\",\"width\":1080,\"height\":138,\"caption\":\"UNIVERSNEWS224\"},\"image\":{\"@id\":\"https:\/\/universnews224.com\/#\/schema\/logo\/image\/\"}},{\"@type\":\"Person\",\"@id\":\"https:\/\/universnews224.com\/#\/schema\/person\/a4b7d4f94a4716df60456a491260485e\",\"name\":\"La R\u00e9daction\",\"image\":{\"@type\":\"ImageObject\",\"inLanguage\":\"fr-FR\",\"@id\":\"https:\/\/universnews224.com\/#\/schema\/person\/image\/\",\"url\":\"https:\/\/secure.gravatar.com\/avatar\/edb90acc7752b23e1b3307ad36c14f0d?s=96&d=mm&r=g\",\"contentUrl\":\"https:\/\/secure.gravatar.com\/avatar\/edb90acc7752b23e1b3307ad36c14f0d?s=96&d=mm&r=g\",\"caption\":\"La R\u00e9daction\"},\"sameAs\":[\"https:\/\/universnews224.com\"],\"url\":\"https:\/\/universnews224.com\/index.php\/author\/m-camara\/\"}]}<\/script>\n<!-- \/ Yoast SEO plugin. -->","yoast_head_json":{"title":"C\u00e9l\u00e9bration de l'an 31 de la RKS: le DG du quotidien national Horoya Ibrahima Kon\u00e9 satisfait de la comm\u00e9moration. - UNIVERSNEWS224","robots":{"index":"index","follow":"follow","max-snippet":"max-snippet:-1","max-image-preview":"max-image-preview:large","max-video-preview":"max-video-preview:-1"},"canonical":"https:\/\/universnews224.com\/index.php\/celebration-de-lan-31-de-la-rks-le-dg-du-quotidien-national-horoya-ibrahima-kone-satisfait-de-la-commemoration\/","og_locale":"fr_FR","og_type":"article","og_title":"C\u00e9l\u00e9bration de l'an 31 de la RKS: le DG du quotidien national Horoya Ibrahima Kon\u00e9 satisfait de la comm\u00e9moration. - UNIVERSNEWS224","og_description":"C\u00e9l\u00e9bration de l&rsquo;an 31 de la RKS: le DG du quotidien national Horoya Ibrahima Kon\u00e9","og_url":"https:\/\/universnews224.com\/index.php\/celebration-de-lan-31-de-la-rks-le-dg-du-quotidien-national-horoya-ibrahima-kone-satisfait-de-la-commemoration\/","og_site_name":"UNIVERSNEWS224","article_published_time":"2024-08-23T22:31:54+00:00","og_image":[{"width":1032,"height":581,"url":"https:\/\/universnews224.com\/wp-content\/uploads\/2024\/08\/IMG-20240823-WA0007.jpg","type":"image\/jpeg"}],"author":"La R\u00e9daction","twitter_misc":{"\u00c9crit par":"La R\u00e9daction","Dur\u00e9e de lecture estim\u00e9e":"3 minutes"},"schema":{"@context":"https:\/\/schema.org","@graph":[{"@type":"Article","@id":"https:\/\/universnews224.com\/index.php\/celebration-de-lan-31-de-la-rks-le-dg-du-quotidien-national-horoya-ibrahima-kone-satisfait-de-la-commemoration\/#article","isPartOf":{"@id":"https:\/\/universnews224.com\/index.php\/celebration-de-lan-31-de-la-rks-le-dg-du-quotidien-national-horoya-ibrahima-kone-satisfait-de-la-commemoration\/"},"author":{"name":"La R\u00e9daction","@id":"https:\/\/universnews224.com\/#\/schema\/person\/a4b7d4f94a4716df60456a491260485e"},"headline":"C\u00e9l\u00e9bration de l&rsquo;an 31 de la RKS: le DG du quotidien national Horoya Ibrahima Kon\u00e9 satisfait de la comm\u00e9moration.","datePublished":"2024-08-23T22:31:54+00:00","dateModified":"2024-08-23T22:31:54+00:00","mainEntityOfPage":{"@id":"https:\/\/universnews224.com\/index.php\/celebration-de-lan-31-de-la-rks-le-dg-du-quotidien-national-horoya-ibrahima-kone-satisfait-de-la-commemoration\/"},"wordCount":440,"publisher":{"@id":"https:\/\/universnews224.com\/#organization"},"keywords":["A la une"],"inLanguage":"fr-FR"},{"@type":"WebPage","@id":"https:\/\/universnews224.com\/index.php\/celebration-de-lan-31-de-la-rks-le-dg-du-quotidien-national-horoya-ibrahima-kone-satisfait-de-la-commemoration\/","url":"https:\/\/universnews224.com\/index.php\/celebration-de-lan-31-de-la-rks-le-dg-du-quotidien-national-horoya-ibrahima-kone-satisfait-de-la-commemoration\/","name":"C\u00e9l\u00e9bration de l'an 31 de la RKS: le DG du quotidien national Horoya Ibrahima Kon\u00e9 satisfait de la comm\u00e9moration. - UNIVERSNEWS224","isPartOf":{"@id":"https:\/\/universnews224.com\/#website"},"datePublished":"2024-08-23T22:31:54+00:00","dateModified":"2024-08-23T22:31:54+00:00","inLanguage":"fr-FR","potentialAction":[{"@type":"ReadAction","target":["https:\/\/universnews224.com\/index.php\/celebration-de-lan-31-de-la-rks-le-dg-du-quotidien-national-horoya-ibrahima-kone-satisfait-de-la-commemoration\/"]}]},{"@type":"WebSite","@id":"https:\/\/universnews224.com\/#website","url":"https:\/\/universnews224.com\/","name":"UNIVERSNEWS224","description":"","publisher":{"@id":"https:\/\/universnews224.com\/#organization"},"potentialAction":[{"@type":"SearchAction","target":{"@type":"EntryPoint","urlTemplate":"https:\/\/universnews224.com\/?s={search_term_string}"},"query-input":"required name=search_term_string"}],"inLanguage":"fr-FR"},{"@type":"Organization","@id":"https:\/\/universnews224.com\/#organization","name":"UNIVERSNEWS224","url":"https:\/\/universnews224.com\/","logo":{"@type":"ImageObject","inLanguage":"fr-FR","@id":"https:\/\/universnews224.com\/#\/schema\/logo\/image\/","url":"https:\/\/universnews224.com\/wp-content\/uploads\/2022\/08\/cropped-cropped-logoban.jpg","contentUrl":"https:\/\/universnews224.com\/wp-content\/uploads\/2022\/08\/cropped-cropped-logoban.jpg","width":1080,"height":138,"caption":"UNIVERSNEWS224"},"image":{"@id":"https:\/\/universnews224.com\/#\/schema\/logo\/image\/"}},{"@type":"Person","@id":"https:\/\/universnews224.com\/#\/schema\/person\/a4b7d4f94a4716df60456a491260485e","name":"La R\u00e9daction","image":{"@type":"ImageObject","inLanguage":"fr-FR","@id":"https:\/\/universnews224.com\/#\/schema\/person\/image\/","url":"https:\/\/secure.gravatar.com\/avatar\/edb90acc7752b23e1b3307ad36c14f0d?s=96&d=mm&r=g","contentUrl":"https:\/\/secure.gravatar.com\/avatar\/edb90acc7752b23e1b3307ad36c14f0d?s=96&d=mm&r=g","caption":"La R\u00e9daction"},"sameAs":["https:\/\/universnews224.com"],"url":"https:\/\/universnews224.com\/index.php\/author\/m-camara\/"}]}},"_links":{"self":[{"href":"https:\/\/universnews224.com\/index.php\/wp-json\/wp\/v2\/posts\/6288"}],"collection":[{"href":"https:\/\/universnews224.com\/index.php\/wp-json\/wp\/v2\/posts"}],"about":[{"href":"https:\/\/universnews224.com\/index.php\/wp-json\/wp\/v2\/types\/post"}],"author":[{"embeddable":true,"href":"https:\/\/universnews224.com\/index.php\/wp-json\/wp\/v2\/users\/2"}],"replies":[{"embeddable":true,"href":"https:\/\/universnews224.com\/index.php\/wp-json\/wp\/v2\/comments?post=6288"}],"version-history":[{"count":1,"href":"https:\/\/universnews224.com\/index.php\/wp-json\/wp\/v2\/posts\/6288\/revisions"}],"predecessor-version":[{"id":6290,"href":"https:\/\/universnews224.com\/index.php\/wp-json\/wp\/v2\/posts\/6288\/revisions\/6290"}],"wp:featuredmedia":[{"embeddable":true,"href":"https:\/\/universnews224.com\/index.php\/wp-json\/wp\/v2\/media\/6289"}],"wp:attachment":[{"href":"https:\/\/universnews224.com\/index.php\/wp-json\/wp\/v2\/media?parent=6288"}],"wp:term":[{"taxonomy":"category","embeddable":true,"href":"https:\/\/universnews224.com\/index.php\/wp-json\/wp\/v2\/categories?post=6288"},{"taxonomy":"post_tag","embeddable":true,"href":"https:\/\/universnews224.com\/index.php\/wp-json\/wp\/v2\/tags?post=6288"}],"curies":[{"name":"wp","href":"https:\/\/api.w.org\/{rel}","templated":true}]}}