{"id":6296,"date":"2024-08-24T21:54:55","date_gmt":"2024-08-24T20:54:55","guid":{"rendered":"https:\/\/universnews224.com\/?p=6296"},"modified":"2024-08-24T21:54:55","modified_gmt":"2024-08-24T20:54:55","slug":"fortes-pluies-sur-conakry-des-zones-de-matoto-bas-fond-inondees","status":"publish","type":"post","link":"https:\/\/universnews224.com\/index.php\/fortes-pluies-sur-conakry-des-zones-de-matoto-bas-fond-inondees\/","title":{"rendered":"Fortes pluies sur Conakry: des zones de Matoto-bas-fond inond\u00e9es"},"content":{"rendered":"<p style=\"color: #222222;font-family: Arial, 'Helvetica Neue', Helvetica, sans-serif\">Dans la nuit du vendredi 23 au samedi 24 ao\u00fbt 2024, une forte pluie s\u2019est abattue sur la capitale Conakry.<\/p>\n<p style=\"color: #222222;font-family: Arial, 'Helvetica Neue', Helvetica, sans-serif\"><span data-originalfontsize=\"20pt\" data-originalcomputedfontsize=\"26.666666\">Les quartiers Matoto-Bas-fond, Matoto Fassa et Sangoyah \u00e9taient litt\u00e9ralement sous les eaux.<\/span><\/p>\n<p style=\"color: #222222;font-family: Arial, 'Helvetica Neue', Helvetica, sans-serif\">A Matoto Fassa, la famille Camara a vu une dizaine de maisons inond\u00e9es. Il a fallu casser un mur mitoyen pour \u00e9vacuer l\u2019eau.<\/p>\n<div class=\"opfecnw opfecnw-post-inline opfecnw-float-center opfecnw-align-center opfecnw-column-1 opfecnw-hide-on-tablet-portrait opfecnw-hide-on-tablet-landscape opfecnw-hide-on-desktop opfecnw-clearfix no-bg-box-model\" style=\"text-align: center;margin-bottom: 12px;color: #222222;font-family: Arial, 'Helvetica Neue', Helvetica, sans-serif\">\n<div id=\"opfecnw-231298-792537121\" class=\"opfecnw-container opfecnw-type-custom_code opfecnw-hide-on-desktop opfecnw-hide-on-tablet-portrait opfecnw-hide-on-tablet-landscape\" style=\"margin-bottom: 0px\" data-adid=\"231298\" data-type=\"custom_code\">\n<p>&nbsp;<\/p>\n<div id=\"aswift_1_host\" style=\"border: none;height: 0px;width: 384px;margin: 0px;padding: 0px;background-color: transparent;overflow: hidden\">\u00ab Notre maison est inond\u00e9e depuis 2h du matin. Nos armoires, lits, t\u00e9l\u00e9visions sont tous endommag\u00e9s. Pis, il y avait le courant. Donc on craignait d\u2019\u00eatre \u00e9lectrocut\u00e9 mais heureusemen<\/div>\n<p><span style=\"color: #333333;font-family: Georgia, 'Times New Roman', 'Bitstream Charter', Times, serif\">A quelques pas de ces lieux,\u00a0 un caniveau bourr\u00e9 qui m\u00e8ne \u00e0 la mer a craqu\u00e9. Ici une vingtaine de m\u00e9nages ont \u00e9t\u00e9 touch\u00e9s. Dans la famille Traor\u00e9,\u00a0 une fontaine naturelle s\u2019est m\u00eame cr\u00e9\u00e9e dans le salon.<\/span><\/div>\n<\/div>\n<p style=\"color: #222222;font-family: Arial, 'Helvetica Neue', Helvetica, sans-serif\"><span data-originalfontsize=\"20pt\" data-originalcomputedfontsize=\"26.666666\">\u00ab\u00a0Chez moi ici, ce n\u2019est pas loin de la mer. Donc c\u2019est une source d\u2019eau qui s\u2019est cr\u00e9\u00e9e dans mon salon. \u00c7a, je ne l\u2019ai jamais vu auparavant.\u00a0 Mais d\u2019habitude, quand il y a la mar\u00e9e montante, l\u2019eau s\u2019introduit dans les maisons mais de l\u00e0 \u00e0 faire une source naturelle, c\u2019est une premi\u00e8re\u00a0\u00bb, a-t-il confi\u00e9. Et pour sortir les enfants des diff\u00e9rentes maisons,\u00a0 il a fallu l\u2019intervention des voisins.\u00a0<\/span><\/p>\n<p style=\"margin-bottom: 17px;color: #222222;font-family: Arial, 'Helvetica Neue', Helvetica, sans-serif\"><span data-originalfontsize=\"20pt\" data-originalcomputedfontsize=\"26.666666\">\u00ab\u00a0<\/span><span style=\"text-transform: initial\">C\u2019est la m\u00eame r\u00e9alit\u00e9 que tous nos voisins. Il a fallu qu\u2019on casse le mur pour que ma famille et celle voisine puissent faire \u00e9vacuer l\u2019eau. On est tremp\u00e9 jusqu\u2019aux os\u00a0\u00bb, ajoute-t-il.<\/span><\/p>\n<p style=\"margin-bottom: 17px;color: #222222;font-family: Arial, 'Helvetica Neue', Helvetica, sans-serif\"><span data-originalfontsize=\"20pt\" data-originalcomputedfontsize=\"26.666666\">Sur ces diff\u00e9rents lieux, de nombreux enfants sont touch\u00e9s et des cas de bless\u00e9s enregistr\u00e9s.<\/span><\/p>\n<p>&nbsp;<\/p>\n<p>Mediaguinee<\/p>\n","protected":false},"excerpt":{"rendered":"<p>Dans la nuit du vendredi 23 au samedi 24 ao\u00fbt 2024, une forte pluie s\u2019est<\/p>\n","protected":false},"author":2,"featured_media":6297,"comment_status":"closed","ping_status":"open","sticky":false,"template":"","format":"standard","meta":[],"categories":[3,5],"tags":[237],"yoast_head":"<!-- This site is optimized with the Yoast SEO plugin v19.13 - https:\/\/yoast.com\/wordpress\/plugins\/seo\/ -->\n<title>Fortes pluies sur Conakry: des zones de Matoto-bas-fond inond\u00e9es - UNIVERSNEWS224<\/title>\n<meta name=\"robots\" content=\"index, follow, max-snippet:-1, max-image-preview:large, max-video-preview:-1\" \/>\n<link rel=\"canonical\" href=\"https:\/\/universnews224.com\/index.php\/fortes-pluies-sur-conakry-des-zones-de-matoto-bas-fond-inondees\/\" \/>\n<meta property=\"og:locale\" content=\"fr_FR\" \/>\n<meta property=\"og:type\" content=\"article\" \/>\n<meta property=\"og:title\" content=\"Fortes pluies sur Conakry: des zones de Matoto-bas-fond inond\u00e9es - UNIVERSNEWS224\" \/>\n<meta property=\"og:description\" content=\"Dans la nuit du vendredi 23 au samedi 24 ao\u00fbt 2024, une forte pluie s\u2019est\" \/>\n<meta property=\"og:url\" content=\"https:\/\/universnews224.com\/index.php\/fortes-pluies-sur-conakry-des-zones-de-matoto-bas-fond-inondees\/\" \/>\n<meta property=\"og:site_name\" content=\"UNIVERSNEWS224\" \/>\n<meta property=\"article:published_time\" content=\"2024-08-24T20:54:55+00:00\" \/>\n<meta property=\"og:image\" content=\"https:\/\/universnews224.com\/wp-content\/uploads\/2024\/08\/IMG_3212-1.jpeg\" \/>\n\t<meta property=\"og:image:width\" content=\"1920\" \/>\n\t<meta property=\"og:image:height\" content=\"933\" \/>\n\t<meta property=\"og:image:type\" content=\"image\/jpeg\" \/>\n<meta name=\"author\" content=\"La R\u00e9daction\" \/>\n<meta name=\"twitter:label1\" content=\"\u00c9crit par\" \/>\n\t<meta name=\"twitter:data1\" content=\"La R\u00e9daction\" \/>\n\t<meta name=\"twitter:label2\" content=\"Dur\u00e9e de lecture estim\u00e9e\" \/>\n\t<meta name=\"twitter:data2\" content=\"2 minutes\" \/>\n<script type=\"application\/ld+json\" class=\"yoast-schema-graph\">{\"@context\":\"https:\/\/schema.org\",\"@graph\":[{\"@type\":\"Article\",\"@id\":\"https:\/\/universnews224.com\/index.php\/fortes-pluies-sur-conakry-des-zones-de-matoto-bas-fond-inondees\/#article\",\"isPartOf\":{\"@id\":\"https:\/\/universnews224.com\/index.php\/fortes-pluies-sur-conakry-des-zones-de-matoto-bas-fond-inondees\/\"},\"author\":{\"name\":\"La R\u00e9daction\",\"@id\":\"https:\/\/universnews224.com\/#\/schema\/person\/a4b7d4f94a4716df60456a491260485e\"},\"headline\":\"Fortes pluies sur Conakry: des zones de Matoto-bas-fond inond\u00e9es\",\"datePublished\":\"2024-08-24T20:54:55+00:00\",\"dateModified\":\"2024-08-24T20:54:55+00:00\",\"mainEntityOfPage\":{\"@id\":\"https:\/\/universnews224.com\/index.php\/fortes-pluies-sur-conakry-des-zones-de-matoto-bas-fond-inondees\/\"},\"wordCount\":284,\"publisher\":{\"@id\":\"https:\/\/universnews224.com\/#organization\"},\"keywords\":[\"A la une\"],\"articleSection\":[\"ACTU\",\"SOCI\u00c9T\u00c9\"],\"inLanguage\":\"fr-FR\"},{\"@type\":\"WebPage\",\"@id\":\"https:\/\/universnews224.com\/index.php\/fortes-pluies-sur-conakry-des-zones-de-matoto-bas-fond-inondees\/\",\"url\":\"https:\/\/universnews224.com\/index.php\/fortes-pluies-sur-conakry-des-zones-de-matoto-bas-fond-inondees\/\",\"name\":\"Fortes pluies sur Conakry: des zones de Matoto-bas-fond inond\u00e9es - UNIVERSNEWS224\",\"isPartOf\":{\"@id\":\"https:\/\/universnews224.com\/#website\"},\"datePublished\":\"2024-08-24T20:54:55+00:00\",\"dateModified\":\"2024-08-24T20:54:55+00:00\",\"inLanguage\":\"fr-FR\",\"potentialAction\":[{\"@type\":\"ReadAction\",\"target\":[\"https:\/\/universnews224.com\/index.php\/fortes-pluies-sur-conakry-des-zones-de-matoto-bas-fond-inondees\/\"]}]},{\"@type\":\"WebSite\",\"@id\":\"https:\/\/universnews224.com\/#website\",\"url\":\"https:\/\/universnews224.com\/\",\"name\":\"UNIVERSNEWS224\",\"description\":\"\",\"publisher\":{\"@id\":\"https:\/\/universnews224.com\/#organization\"},\"potentialAction\":[{\"@type\":\"SearchAction\",\"target\":{\"@type\":\"EntryPoint\",\"urlTemplate\":\"https:\/\/universnews224.com\/?s={search_term_string}\"},\"query-input\":\"required name=search_term_string\"}],\"inLanguage\":\"fr-FR\"},{\"@type\":\"Organization\",\"@id\":\"https:\/\/universnews224.com\/#organization\",\"name\":\"UNIVERSNEWS224\",\"url\":\"https:\/\/universnews224.com\/\",\"logo\":{\"@type\":\"ImageObject\",\"inLanguage\":\"fr-FR\",\"@id\":\"https:\/\/universnews224.com\/#\/schema\/logo\/image\/\",\"url\":\"https:\/\/universnews224.com\/wp-content\/uploads\/2022\/08\/cropped-cropped-logoban.jpg\",\"contentUrl\":\"https:\/\/universnews224.com\/wp-content\/uploads\/2022\/08\/cropped-cropped-logoban.jpg\",\"width\":1080,\"height\":138,\"caption\":\"UNIVERSNEWS224\"},\"image\":{\"@id\":\"https:\/\/universnews224.com\/#\/schema\/logo\/image\/\"}},{\"@type\":\"Person\",\"@id\":\"https:\/\/universnews224.com\/#\/schema\/person\/a4b7d4f94a4716df60456a491260485e\",\"name\":\"La R\u00e9daction\",\"image\":{\"@type\":\"ImageObject\",\"inLanguage\":\"fr-FR\",\"@id\":\"https:\/\/universnews224.com\/#\/schema\/person\/image\/\",\"url\":\"https:\/\/secure.gravatar.com\/avatar\/edb90acc7752b23e1b3307ad36c14f0d?s=96&d=mm&r=g\",\"contentUrl\":\"https:\/\/secure.gravatar.com\/avatar\/edb90acc7752b23e1b3307ad36c14f0d?s=96&d=mm&r=g\",\"caption\":\"La R\u00e9daction\"},\"sameAs\":[\"https:\/\/universnews224.com\"],\"url\":\"https:\/\/universnews224.com\/index.php\/author\/m-camara\/\"}]}<\/script>\n<!-- \/ Yoast SEO plugin. -->","yoast_head_json":{"title":"Fortes pluies sur Conakry: des zones de Matoto-bas-fond inond\u00e9es - UNIVERSNEWS224","robots":{"index":"index","follow":"follow","max-snippet":"max-snippet:-1","max-image-preview":"max-image-preview:large","max-video-preview":"max-video-preview:-1"},"canonical":"https:\/\/universnews224.com\/index.php\/fortes-pluies-sur-conakry-des-zones-de-matoto-bas-fond-inondees\/","og_locale":"fr_FR","og_type":"article","og_title":"Fortes pluies sur Conakry: des zones de Matoto-bas-fond inond\u00e9es - UNIVERSNEWS224","og_description":"Dans la nuit du vendredi 23 au samedi 24 ao\u00fbt 2024, une forte pluie s\u2019est","og_url":"https:\/\/universnews224.com\/index.php\/fortes-pluies-sur-conakry-des-zones-de-matoto-bas-fond-inondees\/","og_site_name":"UNIVERSNEWS224","article_published_time":"2024-08-24T20:54:55+00:00","og_image":[{"width":1920,"height":933,"url":"https:\/\/universnews224.com\/wp-content\/uploads\/2024\/08\/IMG_3212-1.jpeg","type":"image\/jpeg"}],"author":"La R\u00e9daction","twitter_misc":{"\u00c9crit par":"La R\u00e9daction","Dur\u00e9e de lecture estim\u00e9e":"2 minutes"},"schema":{"@context":"https:\/\/schema.org","@graph":[{"@type":"Article","@id":"https:\/\/universnews224.com\/index.php\/fortes-pluies-sur-conakry-des-zones-de-matoto-bas-fond-inondees\/#article","isPartOf":{"@id":"https:\/\/universnews224.com\/index.php\/fortes-pluies-sur-conakry-des-zones-de-matoto-bas-fond-inondees\/"},"author":{"name":"La R\u00e9daction","@id":"https:\/\/universnews224.com\/#\/schema\/person\/a4b7d4f94a4716df60456a491260485e"},"headline":"Fortes pluies sur Conakry: des zones de Matoto-bas-fond inond\u00e9es","datePublished":"2024-08-24T20:54:55+00:00","dateModified":"2024-08-24T20:54:55+00:00","mainEntityOfPage":{"@id":"https:\/\/universnews224.com\/index.php\/fortes-pluies-sur-conakry-des-zones-de-matoto-bas-fond-inondees\/"},"wordCount":284,"publisher":{"@id":"https:\/\/universnews224.com\/#organization"},"keywords":["A la une"],"articleSection":["ACTU","SOCI\u00c9T\u00c9"],"inLanguage":"fr-FR"},{"@type":"WebPage","@id":"https:\/\/universnews224.com\/index.php\/fortes-pluies-sur-conakry-des-zones-de-matoto-bas-fond-inondees\/","url":"https:\/\/universnews224.com\/index.php\/fortes-pluies-sur-conakry-des-zones-de-matoto-bas-fond-inondees\/","name":"Fortes pluies sur Conakry: des zones de Matoto-bas-fond inond\u00e9es - UNIVERSNEWS224","isPartOf":{"@id":"https:\/\/universnews224.com\/#website"},"datePublished":"2024-08-24T20:54:55+00:00","dateModified":"2024-08-24T20:54:55+00:00","inLanguage":"fr-FR","potentialAction":[{"@type":"ReadAction","target":["https:\/\/universnews224.com\/index.php\/fortes-pluies-sur-conakry-des-zones-de-matoto-bas-fond-inondees\/"]}]},{"@type":"WebSite","@id":"https:\/\/universnews224.com\/#website","url":"https:\/\/universnews224.com\/","name":"UNIVERSNEWS224","description":"","publisher":{"@id":"https:\/\/universnews224.com\/#organization"},"potentialAction":[{"@type":"SearchAction","target":{"@type":"EntryPoint","urlTemplate":"https:\/\/universnews224.com\/?s={search_term_string}"},"query-input":"required name=search_term_string"}],"inLanguage":"fr-FR"},{"@type":"Organization","@id":"https:\/\/universnews224.com\/#organization","name":"UNIVERSNEWS224","url":"https:\/\/universnews224.com\/","logo":{"@type":"ImageObject","inLanguage":"fr-FR","@id":"https:\/\/universnews224.com\/#\/schema\/logo\/image\/","url":"https:\/\/universnews224.com\/wp-content\/uploads\/2022\/08\/cropped-cropped-logoban.jpg","contentUrl":"https:\/\/universnews224.com\/wp-content\/uploads\/2022\/08\/cropped-cropped-logoban.jpg","width":1080,"height":138,"caption":"UNIVERSNEWS224"},"image":{"@id":"https:\/\/universnews224.com\/#\/schema\/logo\/image\/"}},{"@type":"Person","@id":"https:\/\/universnews224.com\/#\/schema\/person\/a4b7d4f94a4716df60456a491260485e","name":"La R\u00e9daction","image":{"@type":"ImageObject","inLanguage":"fr-FR","@id":"https:\/\/universnews224.com\/#\/schema\/person\/image\/","url":"https:\/\/secure.gravatar.com\/avatar\/edb90acc7752b23e1b3307ad36c14f0d?s=96&d=mm&r=g","contentUrl":"https:\/\/secure.gravatar.com\/avatar\/edb90acc7752b23e1b3307ad36c14f0d?s=96&d=mm&r=g","caption":"La R\u00e9daction"},"sameAs":["https:\/\/universnews224.com"],"url":"https:\/\/universnews224.com\/index.php\/author\/m-camara\/"}]}},"_links":{"self":[{"href":"https:\/\/universnews224.com\/index.php\/wp-json\/wp\/v2\/posts\/6296"}],"collection":[{"href":"https:\/\/universnews224.com\/index.php\/wp-json\/wp\/v2\/posts"}],"about":[{"href":"https:\/\/universnews224.com\/index.php\/wp-json\/wp\/v2\/types\/post"}],"author":[{"embeddable":true,"href":"https:\/\/universnews224.com\/index.php\/wp-json\/wp\/v2\/users\/2"}],"replies":[{"embeddable":true,"href":"https:\/\/universnews224.com\/index.php\/wp-json\/wp\/v2\/comments?post=6296"}],"version-history":[{"count":1,"href":"https:\/\/universnews224.com\/index.php\/wp-json\/wp\/v2\/posts\/6296\/revisions"}],"predecessor-version":[{"id":6298,"href":"https:\/\/universnews224.com\/index.php\/wp-json\/wp\/v2\/posts\/6296\/revisions\/6298"}],"wp:featuredmedia":[{"embeddable":true,"href":"https:\/\/universnews224.com\/index.php\/wp-json\/wp\/v2\/media\/6297"}],"wp:attachment":[{"href":"https:\/\/universnews224.com\/index.php\/wp-json\/wp\/v2\/media?parent=6296"}],"wp:term":[{"taxonomy":"category","embeddable":true,"href":"https:\/\/universnews224.com\/index.php\/wp-json\/wp\/v2\/categories?post=6296"},{"taxonomy":"post_tag","embeddable":true,"href":"https:\/\/universnews224.com\/index.php\/wp-json\/wp\/v2\/tags?post=6296"}],"curies":[{"name":"wp","href":"https:\/\/api.w.org\/{rel}","templated":true}]}}