{"id":6395,"date":"2024-09-07T14:54:03","date_gmt":"2024-09-07T13:54:03","guid":{"rendered":"https:\/\/universnews224.com\/?p=6395"},"modified":"2024-09-07T14:54:03","modified_gmt":"2024-09-07T13:54:03","slug":"economie-tenue-a-conakry-de-la-8eme-edition-du-forum-national-des-acteurs-publics","status":"publish","type":"post","link":"https:\/\/universnews224.com\/index.php\/economie-tenue-a-conakry-de-la-8eme-edition-du-forum-national-des-acteurs-publics\/","title":{"rendered":"Economie: Tenue \u00e0 Conakry de la 8\u00e8me \u00e9dition du Forum National des Acteurs Publics.\u00a0  \u00a0"},"content":{"rendered":"<p dir=\"ltr\" style=\"line-height: 1.38;margin-top: 0.0pt;margin-bottom: 0.0pt\"><span style=\"font-size: 11pt;font-family: Arial, sans-serif;color: #000000;background-color: transparent;vertical-align: baseline\">La 8\u00e8me \u00e9dition du Forum National des Acteurs Publics (FONAP) s\u2019est tenue ce samedi, 7 septembre 2024 \u00e0 Conakry. Initi\u00e9e par la structure Think Tank COPE-GUIN\u00c9E, ce Forum se veut\u00a0 une plate-forme d\u2019\u00e9changes et de partage entre les acteurs \u00e9conomiques, les pouvoirs publics et le secteur priv\u00e9\u00a0 autour des enjeux d\u00e9veloppement socio-\u00e9conomique de la Guin\u00e9e.\u00a0\u00a0 <\/span><\/p>\n<p dir=\"ltr\" style=\"line-height: 1.38;margin-top: 0.0pt;margin-bottom: 0.0pt\"><span style=\"font-size: 11pt;font-family: Arial, sans-serif;color: #000000;background-color: transparent;vertical-align: baseline\"><a href=\"https:\/\/universnews224.com\/wp-content\/uploads\/2024\/09\/20240907_105243-scaled.jpg\"><img loading=\"lazy\" class=\"alignnone size-medium wp-image-6397\" src=\"https:\/\/universnews224.com\/wp-content\/uploads\/2024\/09\/20240907_105243-300x225.jpg\" alt=\"\" width=\"300\" height=\"225\" srcset=\"https:\/\/universnews224.com\/wp-content\/uploads\/2024\/09\/20240907_105243-300x225.jpg 300w, https:\/\/universnews224.com\/wp-content\/uploads\/2024\/09\/20240907_105243-1024x768.jpg 1024w, https:\/\/universnews224.com\/wp-content\/uploads\/2024\/09\/20240907_105243-768x576.jpg 768w, https:\/\/universnews224.com\/wp-content\/uploads\/2024\/09\/20240907_105243-1536x1152.jpg 1536w, https:\/\/universnews224.com\/wp-content\/uploads\/2024\/09\/20240907_105243-2048x1536.jpg 2048w, https:\/\/universnews224.com\/wp-content\/uploads\/2024\/09\/20240907_105243-720x540.jpg 720w\" sizes=\"(max-width: 300px) 100vw, 300px\" \/><\/a>\u00abLa 8\u00e8me FONAP est un espace d&rsquo;\u00e9changes, ceci est une pr\u00e9sentation de bilans des gouvernants et gouvern\u00e9s, administrateurs et administr\u00e9s, entrepreneurs \u00e0 succ\u00e8s et jeunes pupitres,\u00a0 pour \u00e9changer, d\u00e9battre sur les diff\u00e9rents secteurs. Mais \u00e9galement,cette activit\u00e9 nous permet de construire notre pays et avoir aussi,\u00a0 des rep\u00e8res pour susciter des vocations.\u00a0 Ce forum permet \u00e9galement, des acteurs \u00c9tatiques de pr\u00e9senter leurs bilans aux citoyens, qui prennent part \u00e0 cet \u00e9v\u00e9nement. Donc, c&rsquo;est une plate-forme qui s&rsquo;inscrit dans la dynamique de la redevabilit\u00e9,\u00a0 de la reddition des comptes , de la transparence dans la gestion de la chose publique. Ce forum est cl\u00f4tur\u00e9 chaque ann\u00e9e par un tr\u00e8s m\u00e9diatis\u00e9 d\u00eener-gala , \u00e0 travers la distinction des 100 personnalit\u00e9s, qui font bouger\u00a0 notre pays la Guin\u00e9e\u00bb , a indiqu\u00e9 Paul Kamano,\u00a0 dans son discours introductif.\u00a0<\/span><\/p>\n<p>&nbsp;<\/p>\n<p dir=\"ltr\" style=\"line-height: 1.38;margin-top: 0.0pt;margin-bottom: 0.0pt\"><span style=\"font-size: 11pt;font-family: Arial, sans-serif;color: #000000;background-color: transparent;vertical-align: baseline\">Avant de parler des crit\u00e8res de s\u00e9lection, Mr Paul Kamano a\u00a0 d&rsquo;abord pr\u00e9sent\u00e9 sa structure comme suit:<\/span><\/p>\n<p dir=\"ltr\" style=\"line-height: 1.38;margin-top: 0.0pt;margin-bottom: 0.0pt\"><span style=\"font-size: 11pt;font-family: Arial, sans-serif;color: #000000;background-color: transparent;vertical-align: baseline\"> <a href=\"https:\/\/universnews224.com\/wp-content\/uploads\/2024\/09\/IMG-20240907-WA0010.jpg\"><img loading=\"lazy\" class=\"alignnone size-medium wp-image-6398\" src=\"https:\/\/universnews224.com\/wp-content\/uploads\/2024\/09\/IMG-20240907-WA0010-300x169.jpg\" alt=\"\" width=\"300\" height=\"169\" srcset=\"https:\/\/universnews224.com\/wp-content\/uploads\/2024\/09\/IMG-20240907-WA0010-300x169.jpg 300w, https:\/\/universnews224.com\/wp-content\/uploads\/2024\/09\/IMG-20240907-WA0010-1024x576.jpg 1024w, https:\/\/universnews224.com\/wp-content\/uploads\/2024\/09\/IMG-20240907-WA0010-768x432.jpg 768w, https:\/\/universnews224.com\/wp-content\/uploads\/2024\/09\/IMG-20240907-WA0010-800x450.jpg 800w, https:\/\/universnews224.com\/wp-content\/uploads\/2024\/09\/IMG-20240907-WA0010.jpg 1032w\" sizes=\"(max-width: 300px) 100vw, 300px\" \/><\/a> \u00abThink Tank COPE-GUIN\u00c9E,\u00a0 est une structure, un laboratoire qui initie des r\u00e9flexions et d&rsquo;analyses sur la gouvernance. On est dans la promotion de la bonne gouvernance,\u00a0 de l&rsquo;excellence,\u00a0 de la promotion des entreprises en Guin\u00e9e et dans la sous-r\u00e9gion. Nous sommes d\u00e9contract\u00e9s quand nous vendons le concept guin\u00e9en \u00e0 l&rsquo;\u00e9tranger,\u00a0 \u00e0\u00a0 travers les concepts innovants que nous avons r\u00e9alis\u00e9s ici et \u00e9galement dans la sous-r\u00e9gion. Chers amis, dans tous les pays,\u00a0 il y a le classement annuel des personnalit\u00e9s, la Guin\u00e9e ne doit pas \u00eatre en marge de cela. Ce n&rsquo;est pas une structure \u00e9trang\u00e8re qui viendra identifier les guin\u00e9ens \u00e0 notre place,\u00a0 qui se battent pour leur pays. Chaque ann\u00e9e,\u00a0 COPE-GUIN\u00c9E distingue les guin\u00e9ens qui se sont le plus illustr\u00e9s ou ceux qui se battent inlassablement pour le d\u00e9veloppement du pays. Nous ne sommes pas du tout complex\u00e9s de choisir une personne, selon des crit\u00e8res que nous avons mis en place comme un outil. Hier donc, \u00e0 l&rsquo;occasion du lancement de ses activit\u00e9s,\u00a0 lors de la conf\u00e9rence de presse que nous avons anim\u00e9e, nous avons mentionn\u00e9 les crit\u00e8res sur lesquels nous avons bas\u00e9 pour choisir ses 100 personnalit\u00e9s. Comme premier crit\u00e8re, l&rsquo;institution peut d\u00e9signer une personnalit\u00e9, qui a un impact sur les personnalit\u00e9s l\u00e0. Par exemple le Premier ministre,\u00a0 Chef du gouvernement,\u00a0 qui a un impact sur beaucoup de secteurs d\u2019activit\u00e9s. Donc,\u00a0 quand on a la chance d&rsquo;\u00eatre premier ministre, forc\u00e9ment,\u00a0 on incarne une autre image,\u00a0 une autre personnalit\u00e9 donc nous avons l&rsquo;obligation d&rsquo;impacter la soci\u00e9t\u00e9. Dans les structures \u00e9galement, avec un fort impact pour le d\u00e9veloppement de notre pays.\u00a0 Quand je prends l&rsquo;Ordre des avocats,\u00a0 le mouvement syndical,\u00a0 de la soci\u00e9t\u00e9 civile,\u00a0 ces structures qui impactent\u00a0 notre environnement, notre quotidien donc, on ne peut pas aller vers ce processus, sans ses r\u00e9f\u00e9rences l\u00e0..\u00bb a expliqu\u00e9 Paul Kamano , clairement aux participants.<a href=\"https:\/\/universnews224.com\/wp-content\/uploads\/2024\/09\/IMG-20240907-WA0010-1.jpg\"><img loading=\"lazy\" class=\"alignnone size-medium wp-image-6399\" src=\"https:\/\/universnews224.com\/wp-content\/uploads\/2024\/09\/IMG-20240907-WA0010-1-300x169.jpg\" alt=\"\" width=\"300\" height=\"169\" srcset=\"https:\/\/universnews224.com\/wp-content\/uploads\/2024\/09\/IMG-20240907-WA0010-1-300x169.jpg 300w, https:\/\/universnews224.com\/wp-content\/uploads\/2024\/09\/IMG-20240907-WA0010-1-1024x576.jpg 1024w, https:\/\/universnews224.com\/wp-content\/uploads\/2024\/09\/IMG-20240907-WA0010-1-768x432.jpg 768w, https:\/\/universnews224.com\/wp-content\/uploads\/2024\/09\/IMG-20240907-WA0010-1-800x450.jpg 800w, https:\/\/universnews224.com\/wp-content\/uploads\/2024\/09\/IMG-20240907-WA0010-1.jpg 1032w\" sizes=\"(max-width: 300px) 100vw, 300px\" \/><\/a><\/span><\/p>\n<p>&nbsp;<\/p>\n<p dir=\"ltr\" style=\"line-height: 1.38;margin-top: 0.0pt;margin-bottom: 0.0pt\"><span style=\"font-size: 11pt;font-family: Arial, sans-serif;color: #000000;background-color: transparent;vertical-align: baseline\">Camara Decoster\u00a0<\/span><\/p>\n<p dir=\"ltr\" style=\"line-height: 1.38;margin-top: 0.0pt;margin-bottom: 0.0pt\"><span style=\"font-size: 11pt;font-family: Arial, sans-serif;color: #000000;background-color: transparent;vertical-align: baseline\">611 46 04 10\u00a0<\/span><\/p>\n<p>&nbsp;<\/p>\n","protected":false},"excerpt":{"rendered":"<p>La 8\u00e8me \u00e9dition du Forum National des Acteurs Publics (FONAP) s\u2019est tenue ce samedi, 7<\/p>\n","protected":false},"author":2,"featured_media":6397,"comment_status":"closed","ping_status":"open","sticky":false,"template":"","format":"standard","meta":[],"categories":[3,5],"tags":[237],"yoast_head":"<!-- This site is optimized with the Yoast SEO plugin v19.13 - https:\/\/yoast.com\/wordpress\/plugins\/seo\/ -->\n<title>Economie: Tenue \u00e0 Conakry de la 8\u00e8me \u00e9dition du Forum National des Acteurs Publics.\u00a0 \u00a0 - UNIVERSNEWS224<\/title>\n<meta name=\"robots\" content=\"index, follow, max-snippet:-1, max-image-preview:large, max-video-preview:-1\" \/>\n<link rel=\"canonical\" href=\"https:\/\/universnews224.com\/index.php\/economie-tenue-a-conakry-de-la-8eme-edition-du-forum-national-des-acteurs-publics\/\" \/>\n<meta property=\"og:locale\" content=\"fr_FR\" \/>\n<meta property=\"og:type\" content=\"article\" \/>\n<meta property=\"og:title\" content=\"Economie: Tenue \u00e0 Conakry de la 8\u00e8me \u00e9dition du Forum National des Acteurs Publics.\u00a0 \u00a0 - UNIVERSNEWS224\" \/>\n<meta property=\"og:description\" content=\"La 8\u00e8me \u00e9dition du Forum National des Acteurs Publics (FONAP) s\u2019est tenue ce samedi, 7\" \/>\n<meta property=\"og:url\" content=\"https:\/\/universnews224.com\/index.php\/economie-tenue-a-conakry-de-la-8eme-edition-du-forum-national-des-acteurs-publics\/\" \/>\n<meta property=\"og:site_name\" content=\"UNIVERSNEWS224\" \/>\n<meta property=\"article:published_time\" content=\"2024-09-07T13:54:03+00:00\" \/>\n<meta property=\"og:image\" content=\"https:\/\/universnews224.com\/wp-content\/uploads\/2024\/09\/20240907_105243-scaled.jpg\" \/>\n\t<meta property=\"og:image:width\" content=\"2560\" \/>\n\t<meta property=\"og:image:height\" content=\"1920\" \/>\n\t<meta property=\"og:image:type\" content=\"image\/jpeg\" \/>\n<meta name=\"author\" content=\"La R\u00e9daction\" \/>\n<meta name=\"twitter:label1\" content=\"\u00c9crit par\" \/>\n\t<meta name=\"twitter:data1\" content=\"La R\u00e9daction\" \/>\n\t<meta name=\"twitter:label2\" content=\"Dur\u00e9e de lecture estim\u00e9e\" \/>\n\t<meta name=\"twitter:data2\" content=\"4 minutes\" \/>\n<script type=\"application\/ld+json\" class=\"yoast-schema-graph\">{\"@context\":\"https:\/\/schema.org\",\"@graph\":[{\"@type\":\"Article\",\"@id\":\"https:\/\/universnews224.com\/index.php\/economie-tenue-a-conakry-de-la-8eme-edition-du-forum-national-des-acteurs-publics\/#article\",\"isPartOf\":{\"@id\":\"https:\/\/universnews224.com\/index.php\/economie-tenue-a-conakry-de-la-8eme-edition-du-forum-national-des-acteurs-publics\/\"},\"author\":{\"name\":\"La R\u00e9daction\",\"@id\":\"https:\/\/universnews224.com\/#\/schema\/person\/a4b7d4f94a4716df60456a491260485e\"},\"headline\":\"Economie: Tenue \u00e0 Conakry de la 8\u00e8me \u00e9dition du Forum National des Acteurs Publics.\u00a0 \u00a0\",\"datePublished\":\"2024-09-07T13:54:03+00:00\",\"dateModified\":\"2024-09-07T13:54:03+00:00\",\"mainEntityOfPage\":{\"@id\":\"https:\/\/universnews224.com\/index.php\/economie-tenue-a-conakry-de-la-8eme-edition-du-forum-national-des-acteurs-publics\/\"},\"wordCount\":577,\"publisher\":{\"@id\":\"https:\/\/universnews224.com\/#organization\"},\"keywords\":[\"A la une\"],\"articleSection\":[\"ACTU\",\"SOCI\u00c9T\u00c9\"],\"inLanguage\":\"fr-FR\"},{\"@type\":\"WebPage\",\"@id\":\"https:\/\/universnews224.com\/index.php\/economie-tenue-a-conakry-de-la-8eme-edition-du-forum-national-des-acteurs-publics\/\",\"url\":\"https:\/\/universnews224.com\/index.php\/economie-tenue-a-conakry-de-la-8eme-edition-du-forum-national-des-acteurs-publics\/\",\"name\":\"Economie: Tenue \u00e0 Conakry de la 8\u00e8me \u00e9dition du Forum National des Acteurs Publics.\u00a0 \u00a0 - UNIVERSNEWS224\",\"isPartOf\":{\"@id\":\"https:\/\/universnews224.com\/#website\"},\"datePublished\":\"2024-09-07T13:54:03+00:00\",\"dateModified\":\"2024-09-07T13:54:03+00:00\",\"inLanguage\":\"fr-FR\",\"potentialAction\":[{\"@type\":\"ReadAction\",\"target\":[\"https:\/\/universnews224.com\/index.php\/economie-tenue-a-conakry-de-la-8eme-edition-du-forum-national-des-acteurs-publics\/\"]}]},{\"@type\":\"WebSite\",\"@id\":\"https:\/\/universnews224.com\/#website\",\"url\":\"https:\/\/universnews224.com\/\",\"name\":\"UNIVERSNEWS224\",\"description\":\"\",\"publisher\":{\"@id\":\"https:\/\/universnews224.com\/#organization\"},\"potentialAction\":[{\"@type\":\"SearchAction\",\"target\":{\"@type\":\"EntryPoint\",\"urlTemplate\":\"https:\/\/universnews224.com\/?s={search_term_string}\"},\"query-input\":\"required name=search_term_string\"}],\"inLanguage\":\"fr-FR\"},{\"@type\":\"Organization\",\"@id\":\"https:\/\/universnews224.com\/#organization\",\"name\":\"UNIVERSNEWS224\",\"url\":\"https:\/\/universnews224.com\/\",\"logo\":{\"@type\":\"ImageObject\",\"inLanguage\":\"fr-FR\",\"@id\":\"https:\/\/universnews224.com\/#\/schema\/logo\/image\/\",\"url\":\"https:\/\/universnews224.com\/wp-content\/uploads\/2022\/08\/cropped-cropped-logoban.jpg\",\"contentUrl\":\"https:\/\/universnews224.com\/wp-content\/uploads\/2022\/08\/cropped-cropped-logoban.jpg\",\"width\":1080,\"height\":138,\"caption\":\"UNIVERSNEWS224\"},\"image\":{\"@id\":\"https:\/\/universnews224.com\/#\/schema\/logo\/image\/\"}},{\"@type\":\"Person\",\"@id\":\"https:\/\/universnews224.com\/#\/schema\/person\/a4b7d4f94a4716df60456a491260485e\",\"name\":\"La R\u00e9daction\",\"image\":{\"@type\":\"ImageObject\",\"inLanguage\":\"fr-FR\",\"@id\":\"https:\/\/universnews224.com\/#\/schema\/person\/image\/\",\"url\":\"https:\/\/secure.gravatar.com\/avatar\/edb90acc7752b23e1b3307ad36c14f0d?s=96&d=mm&r=g\",\"contentUrl\":\"https:\/\/secure.gravatar.com\/avatar\/edb90acc7752b23e1b3307ad36c14f0d?s=96&d=mm&r=g\",\"caption\":\"La R\u00e9daction\"},\"sameAs\":[\"https:\/\/universnews224.com\"],\"url\":\"https:\/\/universnews224.com\/index.php\/author\/m-camara\/\"}]}<\/script>\n<!-- \/ Yoast SEO plugin. -->","yoast_head_json":{"title":"Economie: Tenue \u00e0 Conakry de la 8\u00e8me \u00e9dition du Forum National des Acteurs Publics.\u00a0 \u00a0 - UNIVERSNEWS224","robots":{"index":"index","follow":"follow","max-snippet":"max-snippet:-1","max-image-preview":"max-image-preview:large","max-video-preview":"max-video-preview:-1"},"canonical":"https:\/\/universnews224.com\/index.php\/economie-tenue-a-conakry-de-la-8eme-edition-du-forum-national-des-acteurs-publics\/","og_locale":"fr_FR","og_type":"article","og_title":"Economie: Tenue \u00e0 Conakry de la 8\u00e8me \u00e9dition du Forum National des Acteurs Publics.\u00a0 \u00a0 - UNIVERSNEWS224","og_description":"La 8\u00e8me \u00e9dition du Forum National des Acteurs Publics (FONAP) s\u2019est tenue ce samedi, 7","og_url":"https:\/\/universnews224.com\/index.php\/economie-tenue-a-conakry-de-la-8eme-edition-du-forum-national-des-acteurs-publics\/","og_site_name":"UNIVERSNEWS224","article_published_time":"2024-09-07T13:54:03+00:00","og_image":[{"width":2560,"height":1920,"url":"https:\/\/universnews224.com\/wp-content\/uploads\/2024\/09\/20240907_105243-scaled.jpg","type":"image\/jpeg"}],"author":"La R\u00e9daction","twitter_misc":{"\u00c9crit par":"La R\u00e9daction","Dur\u00e9e de lecture estim\u00e9e":"4 minutes"},"schema":{"@context":"https:\/\/schema.org","@graph":[{"@type":"Article","@id":"https:\/\/universnews224.com\/index.php\/economie-tenue-a-conakry-de-la-8eme-edition-du-forum-national-des-acteurs-publics\/#article","isPartOf":{"@id":"https:\/\/universnews224.com\/index.php\/economie-tenue-a-conakry-de-la-8eme-edition-du-forum-national-des-acteurs-publics\/"},"author":{"name":"La R\u00e9daction","@id":"https:\/\/universnews224.com\/#\/schema\/person\/a4b7d4f94a4716df60456a491260485e"},"headline":"Economie: Tenue \u00e0 Conakry de la 8\u00e8me \u00e9dition du Forum National des Acteurs Publics.\u00a0 \u00a0","datePublished":"2024-09-07T13:54:03+00:00","dateModified":"2024-09-07T13:54:03+00:00","mainEntityOfPage":{"@id":"https:\/\/universnews224.com\/index.php\/economie-tenue-a-conakry-de-la-8eme-edition-du-forum-national-des-acteurs-publics\/"},"wordCount":577,"publisher":{"@id":"https:\/\/universnews224.com\/#organization"},"keywords":["A la une"],"articleSection":["ACTU","SOCI\u00c9T\u00c9"],"inLanguage":"fr-FR"},{"@type":"WebPage","@id":"https:\/\/universnews224.com\/index.php\/economie-tenue-a-conakry-de-la-8eme-edition-du-forum-national-des-acteurs-publics\/","url":"https:\/\/universnews224.com\/index.php\/economie-tenue-a-conakry-de-la-8eme-edition-du-forum-national-des-acteurs-publics\/","name":"Economie: Tenue \u00e0 Conakry de la 8\u00e8me \u00e9dition du Forum National des Acteurs Publics.\u00a0 \u00a0 - UNIVERSNEWS224","isPartOf":{"@id":"https:\/\/universnews224.com\/#website"},"datePublished":"2024-09-07T13:54:03+00:00","dateModified":"2024-09-07T13:54:03+00:00","inLanguage":"fr-FR","potentialAction":[{"@type":"ReadAction","target":["https:\/\/universnews224.com\/index.php\/economie-tenue-a-conakry-de-la-8eme-edition-du-forum-national-des-acteurs-publics\/"]}]},{"@type":"WebSite","@id":"https:\/\/universnews224.com\/#website","url":"https:\/\/universnews224.com\/","name":"UNIVERSNEWS224","description":"","publisher":{"@id":"https:\/\/universnews224.com\/#organization"},"potentialAction":[{"@type":"SearchAction","target":{"@type":"EntryPoint","urlTemplate":"https:\/\/universnews224.com\/?s={search_term_string}"},"query-input":"required name=search_term_string"}],"inLanguage":"fr-FR"},{"@type":"Organization","@id":"https:\/\/universnews224.com\/#organization","name":"UNIVERSNEWS224","url":"https:\/\/universnews224.com\/","logo":{"@type":"ImageObject","inLanguage":"fr-FR","@id":"https:\/\/universnews224.com\/#\/schema\/logo\/image\/","url":"https:\/\/universnews224.com\/wp-content\/uploads\/2022\/08\/cropped-cropped-logoban.jpg","contentUrl":"https:\/\/universnews224.com\/wp-content\/uploads\/2022\/08\/cropped-cropped-logoban.jpg","width":1080,"height":138,"caption":"UNIVERSNEWS224"},"image":{"@id":"https:\/\/universnews224.com\/#\/schema\/logo\/image\/"}},{"@type":"Person","@id":"https:\/\/universnews224.com\/#\/schema\/person\/a4b7d4f94a4716df60456a491260485e","name":"La R\u00e9daction","image":{"@type":"ImageObject","inLanguage":"fr-FR","@id":"https:\/\/universnews224.com\/#\/schema\/person\/image\/","url":"https:\/\/secure.gravatar.com\/avatar\/edb90acc7752b23e1b3307ad36c14f0d?s=96&d=mm&r=g","contentUrl":"https:\/\/secure.gravatar.com\/avatar\/edb90acc7752b23e1b3307ad36c14f0d?s=96&d=mm&r=g","caption":"La R\u00e9daction"},"sameAs":["https:\/\/universnews224.com"],"url":"https:\/\/universnews224.com\/index.php\/author\/m-camara\/"}]}},"_links":{"self":[{"href":"https:\/\/universnews224.com\/index.php\/wp-json\/wp\/v2\/posts\/6395"}],"collection":[{"href":"https:\/\/universnews224.com\/index.php\/wp-json\/wp\/v2\/posts"}],"about":[{"href":"https:\/\/universnews224.com\/index.php\/wp-json\/wp\/v2\/types\/post"}],"author":[{"embeddable":true,"href":"https:\/\/universnews224.com\/index.php\/wp-json\/wp\/v2\/users\/2"}],"replies":[{"embeddable":true,"href":"https:\/\/universnews224.com\/index.php\/wp-json\/wp\/v2\/comments?post=6395"}],"version-history":[{"count":1,"href":"https:\/\/universnews224.com\/index.php\/wp-json\/wp\/v2\/posts\/6395\/revisions"}],"predecessor-version":[{"id":6400,"href":"https:\/\/universnews224.com\/index.php\/wp-json\/wp\/v2\/posts\/6395\/revisions\/6400"}],"wp:featuredmedia":[{"embeddable":true,"href":"https:\/\/universnews224.com\/index.php\/wp-json\/wp\/v2\/media\/6397"}],"wp:attachment":[{"href":"https:\/\/universnews224.com\/index.php\/wp-json\/wp\/v2\/media?parent=6395"}],"wp:term":[{"taxonomy":"category","embeddable":true,"href":"https:\/\/universnews224.com\/index.php\/wp-json\/wp\/v2\/categories?post=6395"},{"taxonomy":"post_tag","embeddable":true,"href":"https:\/\/universnews224.com\/index.php\/wp-json\/wp\/v2\/tags?post=6395"}],"curies":[{"name":"wp","href":"https:\/\/api.w.org\/{rel}","templated":true}]}}