{"id":6419,"date":"2024-09-10T23:02:32","date_gmt":"2024-09-10T22:02:32","guid":{"rendered":"https:\/\/universnews224.com\/?p=6419"},"modified":"2024-09-10T23:03:55","modified_gmt":"2024-09-10T22:03:55","slug":"cas-de-morts-lors-des-manifs-attaques-a-mains-armees-le-procureur-general-demande-des-comptes-declaration","status":"publish","type":"post","link":"https:\/\/universnews224.com\/index.php\/cas-de-morts-lors-des-manifs-attaques-a-mains-armees-le-procureur-general-demande-des-comptes-declaration\/","title":{"rendered":"Cas de morts lors des manifs, attaques \u00e0 mains arm\u00e9es: le Procureur g\u00e9n\u00e9ral demande des comptes (D\u00e9claration)"},"content":{"rendered":"<p>Dans une d\u00e9claration rendue publique dans la soir\u00e9e de ce mardi 10 septembre 2024, le procureur g\u00e9n\u00e9ral pr\u00e8s la cour d\u2019appel de Conakry, Fallou Doumbouya a demand\u00e9 aux parquets de son ressort d\u2019\u00e9clairer l\u2019opinion publique, nationale et internationale, sur l\u2019\u00e9tat de l\u2019\u00e9volution des enqu\u00eates au tour de certains cas de morts enregistr\u00e9s dans les manifestations de l\u2019opposition, mais aussi, des attaques \u00e0 mains arm\u00e9es, savamment orchestr\u00e9es par des individus dont les identit\u00e9s sont minutieusement recherch\u00e9es par des autorit\u00e9s comp\u00e9tentes \u00e0 tous les niveaux.<\/p>\n<p>Ci-dessous, merci de lire cette d\u00e9claration\u2026<\/p>\n<p>&nbsp;<\/p>\n<p style=\"margin: 0px 0px 1em;text-align: justify;background-color: #f3f3f3;border: 0px;line-height: inherit;font-family: 'Helvetica Neue', Helvetica, Roboto, Arial, sans-serif;vertical-align: baseline\"><span style=\"margin: 0px;padding: 0px;border: 0px;font-style: inherit;font-variant: inherit;font-weight: bold;font-size: inherit;line-height: inherit;font-family: inherit;vertical-align: baseline\">Ci-dessous, merci de lire cette d\u00e9claration\u2026<\/span><\/p>\n<p style=\"margin: 0px 0px 17px;text-align: justify;color: #222222;font-family: 'Open Sans';background-color: #f3f3f3\">Comme v\u00e9cu depuis plusieurs moments d\u00e9j\u00e0, le parquet g\u00e9n\u00e9ral a enregistr\u00e9 dans son ressort notamment \u00e0 Conakry entre autres, des cas de morts par balles, perp\u00e9tr\u00e9s tant \u00e0 l\u2019occasion des manifestations spontan\u00e9es des jeunes-gens, qu\u2019au cours des attaques \u00e0 mains arm\u00e9es, savamment orchestr\u00e9es par des individus dont les identit\u00e9s sont minutieusement recherch\u00e9es par des autorit\u00e9s comp\u00e9tentes \u00e0 tous les niveaux.<\/p>\n<div class=\"jeg_ad jeg_ad_article jnews_content_inline_3_ads \" style=\"color: #222222;font-family: 'Open Sans';font-size: 15px;background-color: #f3f3f3\">\n<div class=\"ads-wrapper align-center \"><\/div>\n<\/div>\n<p style=\"margin: 0px 0px 17px;text-align: justify;color: #222222;font-family: 'Open Sans';background-color: #f3f3f3\">Quotidiennement, ces cas de morts par balles font r\u00e9guli\u00e8rement, objet d\u2019enqu\u00eates par les services de police judiciaires, saisis par les soins des procureurs de la r\u00e9publique territorialement comp\u00e9tents \u00e0 l\u2019effet de rechercher les auteurs de ces crimes, en rassembler les preuves et les livrer aux tribunaux charg\u00e9s de les punir.<\/p>\n<p style=\"margin: 0px 0px 17px;text-align: justify;color: #222222;font-family: 'Open Sans';background-color: #f3f3f3\">Ainsi, dans son souci de veiller \u00e0 la coh\u00e9rente application de la politique p\u00e9nale du Gouvernement et dans la volont\u00e9 de p\u00e9renniser les valeurs pr\u00f4n\u00e9es par les plus hautes autorit\u00e9s de l\u2019Etat, monsieur le Garde des sceaux, Ministre de la Justice et des droits de l\u2019homme, a, \u00e0 travers le parquet g\u00e9n\u00e9ral pr\u00e8s la cour d\u2019appel de Conakry, instruit \u00e0 tous les parquets d\u2019instance \u00e0 l\u2019effet d\u2019\u00e9clairer l\u2019opinion publique, nationale et internationale, sur l\u2019\u00e9tat de l\u2019\u00e9volution des enqu\u00eates au tour de ces crimes enregistr\u00e9s avec amertume et d\u00e9solation dans le ressort de son parquet ainsi que des mesures judiciaires entreprises dans ce sens.<\/p>\n<p style=\"margin: 0px 0px 1em;text-align: justify;background-color: #f3f3f3;border: 0px;line-height: inherit;font-family: 'Helvetica Neue', Helvetica, Roboto, Arial, sans-serif;vertical-align: baseline\">Le parquet g\u00e9n\u00e9ral rappelle une fois de plus que sa fonction premi\u00e8re est d\u2019assurer l\u2019application stricte et \u00e9gale de la loi et de prot\u00e9ger les droits et libert\u00e9s individuels notamment contre les agissements qui portent atteinte \u00e0 la vie humaine.<\/p>\n<p style=\"margin: 0px 0px 1em;text-align: justify;background-color: #f3f3f3;border: 0px;line-height: inherit;font-family: 'Helvetica Neue', Helvetica, Roboto, Arial, sans-serif;vertical-align: baseline\">C\u2019est \u00e0 ce titre qu\u2019actuellement comme toujours, tous les cas de morts par balles et les attaques \u00e0 mains arm\u00e9es font l\u2019objet d\u2019enqu\u00eates judiciaires.<\/p>\n<p style=\"margin: 0px 0px 1em;text-align: justify;background-color: #f3f3f3;border: 0px;line-height: inherit;font-family: 'Helvetica Neue', Helvetica, Roboto, Arial, sans-serif;vertical-align: baseline\">En fin, le parquet G\u00e9n\u00e9ral appelle la population ainsi que toute autorit\u00e9 constitu\u00e9e, tout officier public ou fonctionnaire qui dans l\u2019exercice de ses fonctions, acquiert la connaissance d\u2019un crime ou d\u2019un d\u00e9lit relatifs aux cas de mort par balles d\u2019en donner avis sans d\u00e9lai au procureur de la r\u00e9publique territorialement comp\u00e9tent et de transmettre \u00e0 ce magistrat tous renseignements, proc\u00e8s-verbaux et actes qui sont utiles auxdites enqu\u00eates.<\/p>\n","protected":false},"excerpt":{"rendered":"<p>Dans une d\u00e9claration rendue publique dans la soir\u00e9e de ce mardi 10 septembre 2024, le<\/p>\n","protected":false},"author":2,"featured_media":6421,"comment_status":"closed","ping_status":"open","sticky":false,"template":"","format":"standard","meta":[],"categories":[3,4],"tags":[229],"yoast_head":"<!-- This site is optimized with the Yoast SEO plugin v19.13 - https:\/\/yoast.com\/wordpress\/plugins\/seo\/ -->\n<title>Cas de morts lors des manifs, attaques \u00e0 mains arm\u00e9es: le Procureur g\u00e9n\u00e9ral demande des comptes (D\u00e9claration) - UNIVERSNEWS224<\/title>\n<meta name=\"robots\" content=\"index, follow, max-snippet:-1, max-image-preview:large, max-video-preview:-1\" \/>\n<link rel=\"canonical\" href=\"https:\/\/universnews224.com\/index.php\/cas-de-morts-lors-des-manifs-attaques-a-mains-armees-le-procureur-general-demande-des-comptes-declaration\/\" \/>\n<meta property=\"og:locale\" content=\"fr_FR\" \/>\n<meta property=\"og:type\" content=\"article\" \/>\n<meta property=\"og:title\" content=\"Cas de morts lors des manifs, attaques \u00e0 mains arm\u00e9es: le Procureur g\u00e9n\u00e9ral demande des comptes (D\u00e9claration) - UNIVERSNEWS224\" \/>\n<meta property=\"og:description\" content=\"Dans une d\u00e9claration rendue publique dans la soir\u00e9e de ce mardi 10 septembre 2024, le\" \/>\n<meta property=\"og:url\" content=\"https:\/\/universnews224.com\/index.php\/cas-de-morts-lors-des-manifs-attaques-a-mains-armees-le-procureur-general-demande-des-comptes-declaration\/\" \/>\n<meta property=\"og:site_name\" content=\"UNIVERSNEWS224\" \/>\n<meta property=\"article:published_time\" content=\"2024-09-10T22:02:32+00:00\" \/>\n<meta property=\"article:modified_time\" content=\"2024-09-10T22:03:55+00:00\" \/>\n<meta property=\"og:image\" content=\"https:\/\/universnews224.com\/wp-content\/uploads\/2024\/09\/Fallou-Doumbouya-750x375-1.jpeg\" \/>\n\t<meta property=\"og:image:width\" content=\"750\" \/>\n\t<meta property=\"og:image:height\" content=\"375\" \/>\n\t<meta property=\"og:image:type\" content=\"image\/jpeg\" \/>\n<meta name=\"author\" content=\"La R\u00e9daction\" \/>\n<meta name=\"twitter:label1\" content=\"\u00c9crit par\" \/>\n\t<meta name=\"twitter:data1\" content=\"La R\u00e9daction\" \/>\n\t<meta name=\"twitter:label2\" content=\"Dur\u00e9e de lecture estim\u00e9e\" \/>\n\t<meta name=\"twitter:data2\" content=\"3 minutes\" \/>\n<script type=\"application\/ld+json\" class=\"yoast-schema-graph\">{\"@context\":\"https:\/\/schema.org\",\"@graph\":[{\"@type\":\"Article\",\"@id\":\"https:\/\/universnews224.com\/index.php\/cas-de-morts-lors-des-manifs-attaques-a-mains-armees-le-procureur-general-demande-des-comptes-declaration\/#article\",\"isPartOf\":{\"@id\":\"https:\/\/universnews224.com\/index.php\/cas-de-morts-lors-des-manifs-attaques-a-mains-armees-le-procureur-general-demande-des-comptes-declaration\/\"},\"author\":{\"name\":\"La R\u00e9daction\",\"@id\":\"https:\/\/universnews224.com\/#\/schema\/person\/a4b7d4f94a4716df60456a491260485e\"},\"headline\":\"Cas de morts lors des manifs, attaques \u00e0 mains arm\u00e9es: le Procureur g\u00e9n\u00e9ral demande des comptes (D\u00e9claration)\",\"datePublished\":\"2024-09-10T22:02:32+00:00\",\"dateModified\":\"2024-09-10T22:03:55+00:00\",\"mainEntityOfPage\":{\"@id\":\"https:\/\/universnews224.com\/index.php\/cas-de-morts-lors-des-manifs-attaques-a-mains-armees-le-procureur-general-demande-des-comptes-declaration\/\"},\"wordCount\":534,\"publisher\":{\"@id\":\"https:\/\/universnews224.com\/#organization\"},\"keywords\":[\"La une\"],\"articleSection\":[\"ACTU\",\"POLITIQUE\"],\"inLanguage\":\"fr-FR\"},{\"@type\":\"WebPage\",\"@id\":\"https:\/\/universnews224.com\/index.php\/cas-de-morts-lors-des-manifs-attaques-a-mains-armees-le-procureur-general-demande-des-comptes-declaration\/\",\"url\":\"https:\/\/universnews224.com\/index.php\/cas-de-morts-lors-des-manifs-attaques-a-mains-armees-le-procureur-general-demande-des-comptes-declaration\/\",\"name\":\"Cas de morts lors des manifs, attaques \u00e0 mains arm\u00e9es: le Procureur g\u00e9n\u00e9ral demande des comptes (D\u00e9claration) - UNIVERSNEWS224\",\"isPartOf\":{\"@id\":\"https:\/\/universnews224.com\/#website\"},\"datePublished\":\"2024-09-10T22:02:32+00:00\",\"dateModified\":\"2024-09-10T22:03:55+00:00\",\"inLanguage\":\"fr-FR\",\"potentialAction\":[{\"@type\":\"ReadAction\",\"target\":[\"https:\/\/universnews224.com\/index.php\/cas-de-morts-lors-des-manifs-attaques-a-mains-armees-le-procureur-general-demande-des-comptes-declaration\/\"]}]},{\"@type\":\"WebSite\",\"@id\":\"https:\/\/universnews224.com\/#website\",\"url\":\"https:\/\/universnews224.com\/\",\"name\":\"UNIVERSNEWS224\",\"description\":\"\",\"publisher\":{\"@id\":\"https:\/\/universnews224.com\/#organization\"},\"potentialAction\":[{\"@type\":\"SearchAction\",\"target\":{\"@type\":\"EntryPoint\",\"urlTemplate\":\"https:\/\/universnews224.com\/?s={search_term_string}\"},\"query-input\":\"required name=search_term_string\"}],\"inLanguage\":\"fr-FR\"},{\"@type\":\"Organization\",\"@id\":\"https:\/\/universnews224.com\/#organization\",\"name\":\"UNIVERSNEWS224\",\"url\":\"https:\/\/universnews224.com\/\",\"logo\":{\"@type\":\"ImageObject\",\"inLanguage\":\"fr-FR\",\"@id\":\"https:\/\/universnews224.com\/#\/schema\/logo\/image\/\",\"url\":\"https:\/\/universnews224.com\/wp-content\/uploads\/2022\/08\/cropped-cropped-logoban.jpg\",\"contentUrl\":\"https:\/\/universnews224.com\/wp-content\/uploads\/2022\/08\/cropped-cropped-logoban.jpg\",\"width\":1080,\"height\":138,\"caption\":\"UNIVERSNEWS224\"},\"image\":{\"@id\":\"https:\/\/universnews224.com\/#\/schema\/logo\/image\/\"}},{\"@type\":\"Person\",\"@id\":\"https:\/\/universnews224.com\/#\/schema\/person\/a4b7d4f94a4716df60456a491260485e\",\"name\":\"La R\u00e9daction\",\"image\":{\"@type\":\"ImageObject\",\"inLanguage\":\"fr-FR\",\"@id\":\"https:\/\/universnews224.com\/#\/schema\/person\/image\/\",\"url\":\"https:\/\/secure.gravatar.com\/avatar\/edb90acc7752b23e1b3307ad36c14f0d?s=96&d=mm&r=g\",\"contentUrl\":\"https:\/\/secure.gravatar.com\/avatar\/edb90acc7752b23e1b3307ad36c14f0d?s=96&d=mm&r=g\",\"caption\":\"La R\u00e9daction\"},\"sameAs\":[\"https:\/\/universnews224.com\"],\"url\":\"https:\/\/universnews224.com\/index.php\/author\/m-camara\/\"}]}<\/script>\n<!-- \/ Yoast SEO plugin. -->","yoast_head_json":{"title":"Cas de morts lors des manifs, attaques \u00e0 mains arm\u00e9es: le Procureur g\u00e9n\u00e9ral demande des comptes (D\u00e9claration) - UNIVERSNEWS224","robots":{"index":"index","follow":"follow","max-snippet":"max-snippet:-1","max-image-preview":"max-image-preview:large","max-video-preview":"max-video-preview:-1"},"canonical":"https:\/\/universnews224.com\/index.php\/cas-de-morts-lors-des-manifs-attaques-a-mains-armees-le-procureur-general-demande-des-comptes-declaration\/","og_locale":"fr_FR","og_type":"article","og_title":"Cas de morts lors des manifs, attaques \u00e0 mains arm\u00e9es: le Procureur g\u00e9n\u00e9ral demande des comptes (D\u00e9claration) - UNIVERSNEWS224","og_description":"Dans une d\u00e9claration rendue publique dans la soir\u00e9e de ce mardi 10 septembre 2024, le","og_url":"https:\/\/universnews224.com\/index.php\/cas-de-morts-lors-des-manifs-attaques-a-mains-armees-le-procureur-general-demande-des-comptes-declaration\/","og_site_name":"UNIVERSNEWS224","article_published_time":"2024-09-10T22:02:32+00:00","article_modified_time":"2024-09-10T22:03:55+00:00","og_image":[{"width":750,"height":375,"url":"https:\/\/universnews224.com\/wp-content\/uploads\/2024\/09\/Fallou-Doumbouya-750x375-1.jpeg","type":"image\/jpeg"}],"author":"La R\u00e9daction","twitter_misc":{"\u00c9crit par":"La R\u00e9daction","Dur\u00e9e de lecture estim\u00e9e":"3 minutes"},"schema":{"@context":"https:\/\/schema.org","@graph":[{"@type":"Article","@id":"https:\/\/universnews224.com\/index.php\/cas-de-morts-lors-des-manifs-attaques-a-mains-armees-le-procureur-general-demande-des-comptes-declaration\/#article","isPartOf":{"@id":"https:\/\/universnews224.com\/index.php\/cas-de-morts-lors-des-manifs-attaques-a-mains-armees-le-procureur-general-demande-des-comptes-declaration\/"},"author":{"name":"La R\u00e9daction","@id":"https:\/\/universnews224.com\/#\/schema\/person\/a4b7d4f94a4716df60456a491260485e"},"headline":"Cas de morts lors des manifs, attaques \u00e0 mains arm\u00e9es: le Procureur g\u00e9n\u00e9ral demande des comptes (D\u00e9claration)","datePublished":"2024-09-10T22:02:32+00:00","dateModified":"2024-09-10T22:03:55+00:00","mainEntityOfPage":{"@id":"https:\/\/universnews224.com\/index.php\/cas-de-morts-lors-des-manifs-attaques-a-mains-armees-le-procureur-general-demande-des-comptes-declaration\/"},"wordCount":534,"publisher":{"@id":"https:\/\/universnews224.com\/#organization"},"keywords":["La une"],"articleSection":["ACTU","POLITIQUE"],"inLanguage":"fr-FR"},{"@type":"WebPage","@id":"https:\/\/universnews224.com\/index.php\/cas-de-morts-lors-des-manifs-attaques-a-mains-armees-le-procureur-general-demande-des-comptes-declaration\/","url":"https:\/\/universnews224.com\/index.php\/cas-de-morts-lors-des-manifs-attaques-a-mains-armees-le-procureur-general-demande-des-comptes-declaration\/","name":"Cas de morts lors des manifs, attaques \u00e0 mains arm\u00e9es: le Procureur g\u00e9n\u00e9ral demande des comptes (D\u00e9claration) - UNIVERSNEWS224","isPartOf":{"@id":"https:\/\/universnews224.com\/#website"},"datePublished":"2024-09-10T22:02:32+00:00","dateModified":"2024-09-10T22:03:55+00:00","inLanguage":"fr-FR","potentialAction":[{"@type":"ReadAction","target":["https:\/\/universnews224.com\/index.php\/cas-de-morts-lors-des-manifs-attaques-a-mains-armees-le-procureur-general-demande-des-comptes-declaration\/"]}]},{"@type":"WebSite","@id":"https:\/\/universnews224.com\/#website","url":"https:\/\/universnews224.com\/","name":"UNIVERSNEWS224","description":"","publisher":{"@id":"https:\/\/universnews224.com\/#organization"},"potentialAction":[{"@type":"SearchAction","target":{"@type":"EntryPoint","urlTemplate":"https:\/\/universnews224.com\/?s={search_term_string}"},"query-input":"required name=search_term_string"}],"inLanguage":"fr-FR"},{"@type":"Organization","@id":"https:\/\/universnews224.com\/#organization","name":"UNIVERSNEWS224","url":"https:\/\/universnews224.com\/","logo":{"@type":"ImageObject","inLanguage":"fr-FR","@id":"https:\/\/universnews224.com\/#\/schema\/logo\/image\/","url":"https:\/\/universnews224.com\/wp-content\/uploads\/2022\/08\/cropped-cropped-logoban.jpg","contentUrl":"https:\/\/universnews224.com\/wp-content\/uploads\/2022\/08\/cropped-cropped-logoban.jpg","width":1080,"height":138,"caption":"UNIVERSNEWS224"},"image":{"@id":"https:\/\/universnews224.com\/#\/schema\/logo\/image\/"}},{"@type":"Person","@id":"https:\/\/universnews224.com\/#\/schema\/person\/a4b7d4f94a4716df60456a491260485e","name":"La R\u00e9daction","image":{"@type":"ImageObject","inLanguage":"fr-FR","@id":"https:\/\/universnews224.com\/#\/schema\/person\/image\/","url":"https:\/\/secure.gravatar.com\/avatar\/edb90acc7752b23e1b3307ad36c14f0d?s=96&d=mm&r=g","contentUrl":"https:\/\/secure.gravatar.com\/avatar\/edb90acc7752b23e1b3307ad36c14f0d?s=96&d=mm&r=g","caption":"La R\u00e9daction"},"sameAs":["https:\/\/universnews224.com"],"url":"https:\/\/universnews224.com\/index.php\/author\/m-camara\/"}]}},"_links":{"self":[{"href":"https:\/\/universnews224.com\/index.php\/wp-json\/wp\/v2\/posts\/6419"}],"collection":[{"href":"https:\/\/universnews224.com\/index.php\/wp-json\/wp\/v2\/posts"}],"about":[{"href":"https:\/\/universnews224.com\/index.php\/wp-json\/wp\/v2\/types\/post"}],"author":[{"embeddable":true,"href":"https:\/\/universnews224.com\/index.php\/wp-json\/wp\/v2\/users\/2"}],"replies":[{"embeddable":true,"href":"https:\/\/universnews224.com\/index.php\/wp-json\/wp\/v2\/comments?post=6419"}],"version-history":[{"count":1,"href":"https:\/\/universnews224.com\/index.php\/wp-json\/wp\/v2\/posts\/6419\/revisions"}],"predecessor-version":[{"id":6420,"href":"https:\/\/universnews224.com\/index.php\/wp-json\/wp\/v2\/posts\/6419\/revisions\/6420"}],"wp:featuredmedia":[{"embeddable":true,"href":"https:\/\/universnews224.com\/index.php\/wp-json\/wp\/v2\/media\/6421"}],"wp:attachment":[{"href":"https:\/\/universnews224.com\/index.php\/wp-json\/wp\/v2\/media?parent=6419"}],"wp:term":[{"taxonomy":"category","embeddable":true,"href":"https:\/\/universnews224.com\/index.php\/wp-json\/wp\/v2\/categories?post=6419"},{"taxonomy":"post_tag","embeddable":true,"href":"https:\/\/universnews224.com\/index.php\/wp-json\/wp\/v2\/tags?post=6419"}],"curies":[{"name":"wp","href":"https:\/\/api.w.org\/{rel}","templated":true}]}}