{"id":6422,"date":"2024-09-10T23:11:25","date_gmt":"2024-09-10T22:11:25","guid":{"rendered":"https:\/\/universnews224.com\/?p=6422"},"modified":"2024-09-10T23:11:25","modified_gmt":"2024-09-10T22:11:25","slug":"mohamed-bangoura-remeo-sur-sa-suspension-il-y-a-5-ans-du-slecg-jetais-sur-le-coup-dune-sanction-que-jai-jugee-arbitraire","status":"publish","type":"post","link":"https:\/\/universnews224.com\/index.php\/mohamed-bangoura-remeo-sur-sa-suspension-il-y-a-5-ans-du-slecg-jetais-sur-le-coup-dune-sanction-que-jai-jugee-arbitraire\/","title":{"rendered":"Mohamed Bangoura R\u00e9meo sur sa suspension il y a 5 ans du SLECG: \u201cJ&rsquo;\u00e9tais sur le coup d&rsquo;une sanction que j&rsquo;ai jug\u00e9e arbitraire\u201d."},"content":{"rendered":"<p><span style=\"font-weight: 400\">Lors de son passage dans l&rsquo;\u00e9mission \u00able Scanner\u00bb ce lundi, 09 septembre 2024, le charg\u00e9 de communication du syndicat libre des enseignants et chercheurs de Guin\u00e9e, Mohamed Bangoura alias \u00abRom\u00e9o, est revenu sur sa suspension du SLECG il y a 5 ans.\u00a0<\/span><\/p>\n<p><span style=\"font-weight: 400\">Dans sa communication, Mohamed Bangoura a rappel\u00e9 qu\u2019il a \u00e9t\u00e9 exclu du SLECG de fa\u00e7on arbitraire. Il a ensuite ajout\u00e9 d\u00e8s que Aboubacar Soumah s\u2019est rendu compte qu\u2019il a \u00e9t\u00e9 mis de c\u00f4t\u00e9 de fa\u00e7on unilat\u00e9rale, il a appel\u00e9 tout le monde \u00e0 revenir \u00e0 la maison.\u00a0<\/span><\/p>\n<p>&nbsp;<\/p>\n<p><span style=\"font-weight: 400\">\u201cRevenant maintenant \u00e0 la question de dire qu&rsquo;\u00e0 un moment, j&rsquo;avais quitt\u00e9 Aboubacar Soumah. J&rsquo;\u00e9tais sur le coup d&rsquo;une sanction que j&rsquo;ai jug\u00e9e arbitraire, mais cela ne m&rsquo;a pas emp\u00each\u00e9 de continuer \u00e0 militer au nom du syndicat libre des enseignants et chercheurs de Guin\u00e9e. Il est vrai qu&rsquo;une d\u00e9cision avait \u00e9t\u00e9 prise contre moi sur la base d&rsquo;une accusation mensong\u00e8re. Mais puisque Dieu est celui-l\u00e0 que nous appelons v\u00e9rit\u00e9 et pardonneur, vous avez vu que le camarade secr\u00e9taire g\u00e9n\u00e9ral ayant compris ce qui s&rsquo;\u00e9tait pass\u00e9, a demand\u00e9 \u00e0 ce que tout le monde revienne.<\/span><\/p>\n<p><span style=\"font-weight: 400\">Comprenez que je n&rsquo;ai pas le SLECG, il y a un malentendu entre le camarade secr\u00e9taire g\u00e9n\u00e9ral et moi. Si j&rsquo;avais quitt\u00e9 le SLECG, peut-\u00eatre qu&rsquo;on aurait pu me voir \u00e0 une autre f\u00e9d\u00e9ration syndicale de l&rsquo;\u00e9ducation, mais j&rsquo;avais toujours cr\u00e9\u00e9 haut et fort que je suis un membre \u00e9lu et qu&rsquo;un \u00e9lu ne pouvait exclure un \u00e9lu. Je suis rest\u00e9 fid\u00e8le au SLECG et Dieu merci, aujourd\u2019hui tout est entrain de rentrer dans l&rsquo;ordre,\u201d, a t-il soulign\u00e9.<\/span><\/p>\n<p>&nbsp;<\/p>\n","protected":false},"excerpt":{"rendered":"<p>Lors de son passage dans l&rsquo;\u00e9mission \u00able Scanner\u00bb ce lundi, 09 septembre 2024, le charg\u00e9<\/p>\n","protected":false},"author":2,"featured_media":6411,"comment_status":"closed","ping_status":"open","sticky":false,"template":"","format":"standard","meta":[],"categories":[3,5],"tags":[237],"yoast_head":"<!-- This site is optimized with the Yoast SEO plugin v19.13 - https:\/\/yoast.com\/wordpress\/plugins\/seo\/ -->\n<title>Mohamed Bangoura R\u00e9meo sur sa suspension il y a 5 ans du SLECG: \u201cJ&#039;\u00e9tais sur le coup d&#039;une sanction que j&#039;ai jug\u00e9e arbitraire\u201d. - UNIVERSNEWS224<\/title>\n<meta name=\"robots\" content=\"index, follow, max-snippet:-1, max-image-preview:large, max-video-preview:-1\" \/>\n<link rel=\"canonical\" href=\"https:\/\/universnews224.com\/index.php\/mohamed-bangoura-remeo-sur-sa-suspension-il-y-a-5-ans-du-slecg-jetais-sur-le-coup-dune-sanction-que-jai-jugee-arbitraire\/\" \/>\n<meta property=\"og:locale\" content=\"fr_FR\" \/>\n<meta property=\"og:type\" content=\"article\" \/>\n<meta property=\"og:title\" content=\"Mohamed Bangoura R\u00e9meo sur sa suspension il y a 5 ans du SLECG: \u201cJ&#039;\u00e9tais sur le coup d&#039;une sanction que j&#039;ai jug\u00e9e arbitraire\u201d. - UNIVERSNEWS224\" \/>\n<meta property=\"og:description\" content=\"Lors de son passage dans l&rsquo;\u00e9mission \u00able Scanner\u00bb ce lundi, 09 septembre 2024, le charg\u00e9\" \/>\n<meta property=\"og:url\" content=\"https:\/\/universnews224.com\/index.php\/mohamed-bangoura-remeo-sur-sa-suspension-il-y-a-5-ans-du-slecg-jetais-sur-le-coup-dune-sanction-que-jai-jugee-arbitraire\/\" \/>\n<meta property=\"og:site_name\" content=\"UNIVERSNEWS224\" \/>\n<meta property=\"article:published_time\" content=\"2024-09-10T22:11:25+00:00\" \/>\n<meta property=\"og:image\" content=\"https:\/\/universnews224.com\/wp-content\/uploads\/2024\/09\/Mohamed-Bangoura-SLECG-700x375-1.jpg\" \/>\n\t<meta property=\"og:image:width\" content=\"700\" \/>\n\t<meta property=\"og:image:height\" content=\"375\" \/>\n\t<meta property=\"og:image:type\" content=\"image\/jpeg\" \/>\n<meta name=\"author\" content=\"La R\u00e9daction\" \/>\n<meta name=\"twitter:label1\" content=\"\u00c9crit par\" \/>\n\t<meta name=\"twitter:data1\" content=\"La R\u00e9daction\" \/>\n\t<meta name=\"twitter:label2\" content=\"Dur\u00e9e de lecture estim\u00e9e\" \/>\n\t<meta name=\"twitter:data2\" content=\"2 minutes\" \/>\n<script type=\"application\/ld+json\" class=\"yoast-schema-graph\">{\"@context\":\"https:\/\/schema.org\",\"@graph\":[{\"@type\":\"Article\",\"@id\":\"https:\/\/universnews224.com\/index.php\/mohamed-bangoura-remeo-sur-sa-suspension-il-y-a-5-ans-du-slecg-jetais-sur-le-coup-dune-sanction-que-jai-jugee-arbitraire\/#article\",\"isPartOf\":{\"@id\":\"https:\/\/universnews224.com\/index.php\/mohamed-bangoura-remeo-sur-sa-suspension-il-y-a-5-ans-du-slecg-jetais-sur-le-coup-dune-sanction-que-jai-jugee-arbitraire\/\"},\"author\":{\"name\":\"La R\u00e9daction\",\"@id\":\"https:\/\/universnews224.com\/#\/schema\/person\/a4b7d4f94a4716df60456a491260485e\"},\"headline\":\"Mohamed Bangoura R\u00e9meo sur sa suspension il y a 5 ans du SLECG: \u201cJ&rsquo;\u00e9tais sur le coup d&rsquo;une sanction que j&rsquo;ai jug\u00e9e arbitraire\u201d.\",\"datePublished\":\"2024-09-10T22:11:25+00:00\",\"dateModified\":\"2024-09-10T22:11:25+00:00\",\"mainEntityOfPage\":{\"@id\":\"https:\/\/universnews224.com\/index.php\/mohamed-bangoura-remeo-sur-sa-suspension-il-y-a-5-ans-du-slecg-jetais-sur-le-coup-dune-sanction-que-jai-jugee-arbitraire\/\"},\"wordCount\":311,\"publisher\":{\"@id\":\"https:\/\/universnews224.com\/#organization\"},\"keywords\":[\"A la une\"],\"articleSection\":[\"ACTU\",\"SOCI\u00c9T\u00c9\"],\"inLanguage\":\"fr-FR\"},{\"@type\":\"WebPage\",\"@id\":\"https:\/\/universnews224.com\/index.php\/mohamed-bangoura-remeo-sur-sa-suspension-il-y-a-5-ans-du-slecg-jetais-sur-le-coup-dune-sanction-que-jai-jugee-arbitraire\/\",\"url\":\"https:\/\/universnews224.com\/index.php\/mohamed-bangoura-remeo-sur-sa-suspension-il-y-a-5-ans-du-slecg-jetais-sur-le-coup-dune-sanction-que-jai-jugee-arbitraire\/\",\"name\":\"Mohamed Bangoura R\u00e9meo sur sa suspension il y a 5 ans du SLECG: \u201cJ'\u00e9tais sur le coup d'une sanction que j'ai jug\u00e9e arbitraire\u201d. - UNIVERSNEWS224\",\"isPartOf\":{\"@id\":\"https:\/\/universnews224.com\/#website\"},\"datePublished\":\"2024-09-10T22:11:25+00:00\",\"dateModified\":\"2024-09-10T22:11:25+00:00\",\"inLanguage\":\"fr-FR\",\"potentialAction\":[{\"@type\":\"ReadAction\",\"target\":[\"https:\/\/universnews224.com\/index.php\/mohamed-bangoura-remeo-sur-sa-suspension-il-y-a-5-ans-du-slecg-jetais-sur-le-coup-dune-sanction-que-jai-jugee-arbitraire\/\"]}]},{\"@type\":\"WebSite\",\"@id\":\"https:\/\/universnews224.com\/#website\",\"url\":\"https:\/\/universnews224.com\/\",\"name\":\"UNIVERSNEWS224\",\"description\":\"\",\"publisher\":{\"@id\":\"https:\/\/universnews224.com\/#organization\"},\"potentialAction\":[{\"@type\":\"SearchAction\",\"target\":{\"@type\":\"EntryPoint\",\"urlTemplate\":\"https:\/\/universnews224.com\/?s={search_term_string}\"},\"query-input\":\"required name=search_term_string\"}],\"inLanguage\":\"fr-FR\"},{\"@type\":\"Organization\",\"@id\":\"https:\/\/universnews224.com\/#organization\",\"name\":\"UNIVERSNEWS224\",\"url\":\"https:\/\/universnews224.com\/\",\"logo\":{\"@type\":\"ImageObject\",\"inLanguage\":\"fr-FR\",\"@id\":\"https:\/\/universnews224.com\/#\/schema\/logo\/image\/\",\"url\":\"https:\/\/universnews224.com\/wp-content\/uploads\/2022\/08\/cropped-cropped-logoban.jpg\",\"contentUrl\":\"https:\/\/universnews224.com\/wp-content\/uploads\/2022\/08\/cropped-cropped-logoban.jpg\",\"width\":1080,\"height\":138,\"caption\":\"UNIVERSNEWS224\"},\"image\":{\"@id\":\"https:\/\/universnews224.com\/#\/schema\/logo\/image\/\"}},{\"@type\":\"Person\",\"@id\":\"https:\/\/universnews224.com\/#\/schema\/person\/a4b7d4f94a4716df60456a491260485e\",\"name\":\"La R\u00e9daction\",\"image\":{\"@type\":\"ImageObject\",\"inLanguage\":\"fr-FR\",\"@id\":\"https:\/\/universnews224.com\/#\/schema\/person\/image\/\",\"url\":\"https:\/\/secure.gravatar.com\/avatar\/edb90acc7752b23e1b3307ad36c14f0d?s=96&d=mm&r=g\",\"contentUrl\":\"https:\/\/secure.gravatar.com\/avatar\/edb90acc7752b23e1b3307ad36c14f0d?s=96&d=mm&r=g\",\"caption\":\"La R\u00e9daction\"},\"sameAs\":[\"https:\/\/universnews224.com\"],\"url\":\"https:\/\/universnews224.com\/index.php\/author\/m-camara\/\"}]}<\/script>\n<!-- \/ Yoast SEO plugin. -->","yoast_head_json":{"title":"Mohamed Bangoura R\u00e9meo sur sa suspension il y a 5 ans du SLECG: \u201cJ'\u00e9tais sur le coup d'une sanction que j'ai jug\u00e9e arbitraire\u201d. - UNIVERSNEWS224","robots":{"index":"index","follow":"follow","max-snippet":"max-snippet:-1","max-image-preview":"max-image-preview:large","max-video-preview":"max-video-preview:-1"},"canonical":"https:\/\/universnews224.com\/index.php\/mohamed-bangoura-remeo-sur-sa-suspension-il-y-a-5-ans-du-slecg-jetais-sur-le-coup-dune-sanction-que-jai-jugee-arbitraire\/","og_locale":"fr_FR","og_type":"article","og_title":"Mohamed Bangoura R\u00e9meo sur sa suspension il y a 5 ans du SLECG: \u201cJ'\u00e9tais sur le coup d'une sanction que j'ai jug\u00e9e arbitraire\u201d. - UNIVERSNEWS224","og_description":"Lors de son passage dans l&rsquo;\u00e9mission \u00able Scanner\u00bb ce lundi, 09 septembre 2024, le charg\u00e9","og_url":"https:\/\/universnews224.com\/index.php\/mohamed-bangoura-remeo-sur-sa-suspension-il-y-a-5-ans-du-slecg-jetais-sur-le-coup-dune-sanction-que-jai-jugee-arbitraire\/","og_site_name":"UNIVERSNEWS224","article_published_time":"2024-09-10T22:11:25+00:00","og_image":[{"width":700,"height":375,"url":"https:\/\/universnews224.com\/wp-content\/uploads\/2024\/09\/Mohamed-Bangoura-SLECG-700x375-1.jpg","type":"image\/jpeg"}],"author":"La R\u00e9daction","twitter_misc":{"\u00c9crit par":"La R\u00e9daction","Dur\u00e9e de lecture estim\u00e9e":"2 minutes"},"schema":{"@context":"https:\/\/schema.org","@graph":[{"@type":"Article","@id":"https:\/\/universnews224.com\/index.php\/mohamed-bangoura-remeo-sur-sa-suspension-il-y-a-5-ans-du-slecg-jetais-sur-le-coup-dune-sanction-que-jai-jugee-arbitraire\/#article","isPartOf":{"@id":"https:\/\/universnews224.com\/index.php\/mohamed-bangoura-remeo-sur-sa-suspension-il-y-a-5-ans-du-slecg-jetais-sur-le-coup-dune-sanction-que-jai-jugee-arbitraire\/"},"author":{"name":"La R\u00e9daction","@id":"https:\/\/universnews224.com\/#\/schema\/person\/a4b7d4f94a4716df60456a491260485e"},"headline":"Mohamed Bangoura R\u00e9meo sur sa suspension il y a 5 ans du SLECG: \u201cJ&rsquo;\u00e9tais sur le coup d&rsquo;une sanction que j&rsquo;ai jug\u00e9e arbitraire\u201d.","datePublished":"2024-09-10T22:11:25+00:00","dateModified":"2024-09-10T22:11:25+00:00","mainEntityOfPage":{"@id":"https:\/\/universnews224.com\/index.php\/mohamed-bangoura-remeo-sur-sa-suspension-il-y-a-5-ans-du-slecg-jetais-sur-le-coup-dune-sanction-que-jai-jugee-arbitraire\/"},"wordCount":311,"publisher":{"@id":"https:\/\/universnews224.com\/#organization"},"keywords":["A la une"],"articleSection":["ACTU","SOCI\u00c9T\u00c9"],"inLanguage":"fr-FR"},{"@type":"WebPage","@id":"https:\/\/universnews224.com\/index.php\/mohamed-bangoura-remeo-sur-sa-suspension-il-y-a-5-ans-du-slecg-jetais-sur-le-coup-dune-sanction-que-jai-jugee-arbitraire\/","url":"https:\/\/universnews224.com\/index.php\/mohamed-bangoura-remeo-sur-sa-suspension-il-y-a-5-ans-du-slecg-jetais-sur-le-coup-dune-sanction-que-jai-jugee-arbitraire\/","name":"Mohamed Bangoura R\u00e9meo sur sa suspension il y a 5 ans du SLECG: \u201cJ'\u00e9tais sur le coup d'une sanction que j'ai jug\u00e9e arbitraire\u201d. - UNIVERSNEWS224","isPartOf":{"@id":"https:\/\/universnews224.com\/#website"},"datePublished":"2024-09-10T22:11:25+00:00","dateModified":"2024-09-10T22:11:25+00:00","inLanguage":"fr-FR","potentialAction":[{"@type":"ReadAction","target":["https:\/\/universnews224.com\/index.php\/mohamed-bangoura-remeo-sur-sa-suspension-il-y-a-5-ans-du-slecg-jetais-sur-le-coup-dune-sanction-que-jai-jugee-arbitraire\/"]}]},{"@type":"WebSite","@id":"https:\/\/universnews224.com\/#website","url":"https:\/\/universnews224.com\/","name":"UNIVERSNEWS224","description":"","publisher":{"@id":"https:\/\/universnews224.com\/#organization"},"potentialAction":[{"@type":"SearchAction","target":{"@type":"EntryPoint","urlTemplate":"https:\/\/universnews224.com\/?s={search_term_string}"},"query-input":"required name=search_term_string"}],"inLanguage":"fr-FR"},{"@type":"Organization","@id":"https:\/\/universnews224.com\/#organization","name":"UNIVERSNEWS224","url":"https:\/\/universnews224.com\/","logo":{"@type":"ImageObject","inLanguage":"fr-FR","@id":"https:\/\/universnews224.com\/#\/schema\/logo\/image\/","url":"https:\/\/universnews224.com\/wp-content\/uploads\/2022\/08\/cropped-cropped-logoban.jpg","contentUrl":"https:\/\/universnews224.com\/wp-content\/uploads\/2022\/08\/cropped-cropped-logoban.jpg","width":1080,"height":138,"caption":"UNIVERSNEWS224"},"image":{"@id":"https:\/\/universnews224.com\/#\/schema\/logo\/image\/"}},{"@type":"Person","@id":"https:\/\/universnews224.com\/#\/schema\/person\/a4b7d4f94a4716df60456a491260485e","name":"La R\u00e9daction","image":{"@type":"ImageObject","inLanguage":"fr-FR","@id":"https:\/\/universnews224.com\/#\/schema\/person\/image\/","url":"https:\/\/secure.gravatar.com\/avatar\/edb90acc7752b23e1b3307ad36c14f0d?s=96&d=mm&r=g","contentUrl":"https:\/\/secure.gravatar.com\/avatar\/edb90acc7752b23e1b3307ad36c14f0d?s=96&d=mm&r=g","caption":"La R\u00e9daction"},"sameAs":["https:\/\/universnews224.com"],"url":"https:\/\/universnews224.com\/index.php\/author\/m-camara\/"}]}},"_links":{"self":[{"href":"https:\/\/universnews224.com\/index.php\/wp-json\/wp\/v2\/posts\/6422"}],"collection":[{"href":"https:\/\/universnews224.com\/index.php\/wp-json\/wp\/v2\/posts"}],"about":[{"href":"https:\/\/universnews224.com\/index.php\/wp-json\/wp\/v2\/types\/post"}],"author":[{"embeddable":true,"href":"https:\/\/universnews224.com\/index.php\/wp-json\/wp\/v2\/users\/2"}],"replies":[{"embeddable":true,"href":"https:\/\/universnews224.com\/index.php\/wp-json\/wp\/v2\/comments?post=6422"}],"version-history":[{"count":1,"href":"https:\/\/universnews224.com\/index.php\/wp-json\/wp\/v2\/posts\/6422\/revisions"}],"predecessor-version":[{"id":6423,"href":"https:\/\/universnews224.com\/index.php\/wp-json\/wp\/v2\/posts\/6422\/revisions\/6423"}],"wp:featuredmedia":[{"embeddable":true,"href":"https:\/\/universnews224.com\/index.php\/wp-json\/wp\/v2\/media\/6411"}],"wp:attachment":[{"href":"https:\/\/universnews224.com\/index.php\/wp-json\/wp\/v2\/media?parent=6422"}],"wp:term":[{"taxonomy":"category","embeddable":true,"href":"https:\/\/universnews224.com\/index.php\/wp-json\/wp\/v2\/categories?post=6422"},{"taxonomy":"post_tag","embeddable":true,"href":"https:\/\/universnews224.com\/index.php\/wp-json\/wp\/v2\/tags?post=6422"}],"curies":[{"name":"wp","href":"https:\/\/api.w.org\/{rel}","templated":true}]}}