{"id":6430,"date":"2024-09-13T21:50:54","date_gmt":"2024-09-13T20:50:54","guid":{"rendered":"https:\/\/universnews224.com\/?p=6430"},"modified":"2024-09-13T21:50:54","modified_gmt":"2024-09-13T20:50:54","slug":"alpha-conde-personne-ne-sait-ou-je-suis","status":"publish","type":"post","link":"https:\/\/universnews224.com\/index.php\/alpha-conde-personne-ne-sait-ou-je-suis\/","title":{"rendered":"Alpha Cond\u00e9 : \u00ab\u00a0personne ne sait o\u00f9 je suis\u00a0\u00bb"},"content":{"rendered":"<p><span style=\"color: #222222;font-family: Arial, 'Helvetica Neue', Helvetica, sans-serif\">Le 12 septembre dernier, dans un court message d\u2019appel \u00e0 l\u2019unit\u00e9 \u00e9t\u00e9 \u00e0 la solidarit\u00e9, l\u2019ancien pr\u00e9sident guin\u00e9en a dit s\u2019adresser aux Guin\u00e9ennes et Guin\u00e9ens \u00ab depuis l\u2019Afrique \u00bb. Agitant ainsi la toile sur fond de commentaires.<\/span><br style=\"color: #222222;font-family: Arial, 'Helvetica Neue', Helvetica, sans-serif\" \/><span style=\"color: #222222;font-family: Arial, 'Helvetica Neue', Helvetica, sans-serif\">Dans quel pays d\u2019Afrique se trouve en ce moment le professeur Alpha Cond\u00e9 qui s\u2019est install\u00e9 en Turquie depuis mai 2022? Myst\u00e8re!<\/span><\/p>\n<p style=\"margin: 0px 0px 17px;color: #222222;font-family: Arial, 'Helvetica Neue', Helvetica, sans-serif\">Selon le journal panafricain Jeune Afrique qui l\u2019a joint, Alpha Cond\u00e9 affirme que \u00ab personne ne sait o\u00f9 je suis \u00bb. Assurant \u00eatre bien \u00ab quelque part en Afrique \u00bb sans r\u00e9v\u00e9ler l\u2019endroit.<\/p>\n<div class=\"opfecnw opfecnw-post-middle opfecnw-float-center opfecnw-align-center opfecnw-column-1 opfecnw-clearfix no-bg-box-model\" style=\"text-align: center;margin-bottom: 12px;color: #222222;font-family: Arial, 'Helvetica Neue', Helvetica, sans-serif\">\n<div id=\"opfecnw-223661-246677877\" class=\"opfecnw-container opfecnw-type-custom_code \" style=\"margin-bottom: 0px\" data-adid=\"223661\" data-type=\"custom_code\"><ins class=\"adsbygoogle\" style=\"border: none;padding: 0px;border-spacing: 0px;margin-left: -15px;width: 384px;height: 0px\" data-ad-client=\"ca-pub-1870189416508001\" data-ad-slot=\"4596184177\" data-ad-format=\"auto\" data-full-width-responsive=\"true\" data-adsbygoogle-status=\"done\" data-ad-status=\"unfilled\"><\/p>\n<div id=\"aswift_1_host\" style=\"border: none;height: 0px;width: 384px;margin: 0px;padding: 0px;background-color: transparent;overflow: hidden\"><\/div>\n<p><\/ins><\/div>\n<\/div>\n<p style=\"margin: 0px 0px 17px;color: #222222;font-family: Arial, 'Helvetica Neue', Helvetica, sans-serif\">Ag\u00e9 de 86 ans, Alpha Cond\u00e9 a \u00e9t\u00e9 renvers\u00e9 le 5 septembre 2021 par le Groupement des Forces sp\u00e9ciales -une unit\u00e9 d\u2019\u00e9lite de l\u2019arm\u00e9e guin\u00e9enne dirig\u00e9e alors par le colonel Mamadi Doumbouya- apr\u00e8s onze ans de r\u00e8gne.<\/p>\n<p>&nbsp;<\/p>\n<p>&nbsp;<\/p>\n<p>Mediaguinee<\/p>\n","protected":false},"excerpt":{"rendered":"<p>Le 12 septembre dernier, dans un court message d\u2019appel \u00e0 l\u2019unit\u00e9 \u00e9t\u00e9 \u00e0 la solidarit\u00e9,<\/p>\n","protected":false},"author":2,"featured_media":6431,"comment_status":"closed","ping_status":"open","sticky":false,"template":"","format":"standard","meta":[],"categories":[3,4],"tags":[],"yoast_head":"<!-- This site is optimized with the Yoast SEO plugin v19.13 - https:\/\/yoast.com\/wordpress\/plugins\/seo\/ -->\n<title>Alpha Cond\u00e9 : \u00ab\u00a0personne ne sait o\u00f9 je suis\u00a0\u00bb - UNIVERSNEWS224<\/title>\n<meta name=\"robots\" content=\"index, follow, max-snippet:-1, max-image-preview:large, max-video-preview:-1\" \/>\n<link rel=\"canonical\" href=\"https:\/\/universnews224.com\/index.php\/alpha-conde-personne-ne-sait-ou-je-suis\/\" \/>\n<meta property=\"og:locale\" content=\"fr_FR\" \/>\n<meta property=\"og:type\" content=\"article\" \/>\n<meta property=\"og:title\" content=\"Alpha Cond\u00e9 : \u00ab\u00a0personne ne sait o\u00f9 je suis\u00a0\u00bb - UNIVERSNEWS224\" \/>\n<meta property=\"og:description\" content=\"Le 12 septembre dernier, dans un court message d\u2019appel \u00e0 l\u2019unit\u00e9 \u00e9t\u00e9 \u00e0 la solidarit\u00e9,\" \/>\n<meta property=\"og:url\" content=\"https:\/\/universnews224.com\/index.php\/alpha-conde-personne-ne-sait-ou-je-suis\/\" \/>\n<meta property=\"og:site_name\" content=\"UNIVERSNEWS224\" \/>\n<meta property=\"article:published_time\" content=\"2024-09-13T20:50:54+00:00\" \/>\n<meta property=\"og:image\" content=\"https:\/\/universnews224.com\/wp-content\/uploads\/2024\/09\/IMG_4024.jpeg\" \/>\n\t<meta property=\"og:image:width\" content=\"960\" \/>\n\t<meta property=\"og:image:height\" content=\"803\" \/>\n\t<meta property=\"og:image:type\" content=\"image\/jpeg\" \/>\n<meta name=\"author\" content=\"La R\u00e9daction\" \/>\n<meta name=\"twitter:label1\" content=\"\u00c9crit par\" \/>\n\t<meta name=\"twitter:data1\" content=\"La R\u00e9daction\" \/>\n\t<meta name=\"twitter:label2\" content=\"Dur\u00e9e de lecture estim\u00e9e\" \/>\n\t<meta name=\"twitter:data2\" content=\"1 minute\" \/>\n<script type=\"application\/ld+json\" class=\"yoast-schema-graph\">{\"@context\":\"https:\/\/schema.org\",\"@graph\":[{\"@type\":\"Article\",\"@id\":\"https:\/\/universnews224.com\/index.php\/alpha-conde-personne-ne-sait-ou-je-suis\/#article\",\"isPartOf\":{\"@id\":\"https:\/\/universnews224.com\/index.php\/alpha-conde-personne-ne-sait-ou-je-suis\/\"},\"author\":{\"name\":\"La R\u00e9daction\",\"@id\":\"https:\/\/universnews224.com\/#\/schema\/person\/a4b7d4f94a4716df60456a491260485e\"},\"headline\":\"Alpha Cond\u00e9 : \u00ab\u00a0personne ne sait o\u00f9 je suis\u00a0\u00bb\",\"datePublished\":\"2024-09-13T20:50:54+00:00\",\"dateModified\":\"2024-09-13T20:50:54+00:00\",\"mainEntityOfPage\":{\"@id\":\"https:\/\/universnews224.com\/index.php\/alpha-conde-personne-ne-sait-ou-je-suis\/\"},\"wordCount\":151,\"publisher\":{\"@id\":\"https:\/\/universnews224.com\/#organization\"},\"articleSection\":[\"ACTU\",\"POLITIQUE\"],\"inLanguage\":\"fr-FR\"},{\"@type\":\"WebPage\",\"@id\":\"https:\/\/universnews224.com\/index.php\/alpha-conde-personne-ne-sait-ou-je-suis\/\",\"url\":\"https:\/\/universnews224.com\/index.php\/alpha-conde-personne-ne-sait-ou-je-suis\/\",\"name\":\"Alpha Cond\u00e9 : \u00ab\u00a0personne ne sait o\u00f9 je suis\u00a0\u00bb - UNIVERSNEWS224\",\"isPartOf\":{\"@id\":\"https:\/\/universnews224.com\/#website\"},\"datePublished\":\"2024-09-13T20:50:54+00:00\",\"dateModified\":\"2024-09-13T20:50:54+00:00\",\"inLanguage\":\"fr-FR\",\"potentialAction\":[{\"@type\":\"ReadAction\",\"target\":[\"https:\/\/universnews224.com\/index.php\/alpha-conde-personne-ne-sait-ou-je-suis\/\"]}]},{\"@type\":\"WebSite\",\"@id\":\"https:\/\/universnews224.com\/#website\",\"url\":\"https:\/\/universnews224.com\/\",\"name\":\"UNIVERSNEWS224\",\"description\":\"\",\"publisher\":{\"@id\":\"https:\/\/universnews224.com\/#organization\"},\"potentialAction\":[{\"@type\":\"SearchAction\",\"target\":{\"@type\":\"EntryPoint\",\"urlTemplate\":\"https:\/\/universnews224.com\/?s={search_term_string}\"},\"query-input\":\"required name=search_term_string\"}],\"inLanguage\":\"fr-FR\"},{\"@type\":\"Organization\",\"@id\":\"https:\/\/universnews224.com\/#organization\",\"name\":\"UNIVERSNEWS224\",\"url\":\"https:\/\/universnews224.com\/\",\"logo\":{\"@type\":\"ImageObject\",\"inLanguage\":\"fr-FR\",\"@id\":\"https:\/\/universnews224.com\/#\/schema\/logo\/image\/\",\"url\":\"https:\/\/universnews224.com\/wp-content\/uploads\/2022\/08\/cropped-cropped-logoban.jpg\",\"contentUrl\":\"https:\/\/universnews224.com\/wp-content\/uploads\/2022\/08\/cropped-cropped-logoban.jpg\",\"width\":1080,\"height\":138,\"caption\":\"UNIVERSNEWS224\"},\"image\":{\"@id\":\"https:\/\/universnews224.com\/#\/schema\/logo\/image\/\"}},{\"@type\":\"Person\",\"@id\":\"https:\/\/universnews224.com\/#\/schema\/person\/a4b7d4f94a4716df60456a491260485e\",\"name\":\"La R\u00e9daction\",\"image\":{\"@type\":\"ImageObject\",\"inLanguage\":\"fr-FR\",\"@id\":\"https:\/\/universnews224.com\/#\/schema\/person\/image\/\",\"url\":\"https:\/\/secure.gravatar.com\/avatar\/edb90acc7752b23e1b3307ad36c14f0d?s=96&d=mm&r=g\",\"contentUrl\":\"https:\/\/secure.gravatar.com\/avatar\/edb90acc7752b23e1b3307ad36c14f0d?s=96&d=mm&r=g\",\"caption\":\"La R\u00e9daction\"},\"sameAs\":[\"https:\/\/universnews224.com\"],\"url\":\"https:\/\/universnews224.com\/index.php\/author\/m-camara\/\"}]}<\/script>\n<!-- \/ Yoast SEO plugin. -->","yoast_head_json":{"title":"Alpha Cond\u00e9 : \u00ab\u00a0personne ne sait o\u00f9 je suis\u00a0\u00bb - UNIVERSNEWS224","robots":{"index":"index","follow":"follow","max-snippet":"max-snippet:-1","max-image-preview":"max-image-preview:large","max-video-preview":"max-video-preview:-1"},"canonical":"https:\/\/universnews224.com\/index.php\/alpha-conde-personne-ne-sait-ou-je-suis\/","og_locale":"fr_FR","og_type":"article","og_title":"Alpha Cond\u00e9 : \u00ab\u00a0personne ne sait o\u00f9 je suis\u00a0\u00bb - UNIVERSNEWS224","og_description":"Le 12 septembre dernier, dans un court message d\u2019appel \u00e0 l\u2019unit\u00e9 \u00e9t\u00e9 \u00e0 la solidarit\u00e9,","og_url":"https:\/\/universnews224.com\/index.php\/alpha-conde-personne-ne-sait-ou-je-suis\/","og_site_name":"UNIVERSNEWS224","article_published_time":"2024-09-13T20:50:54+00:00","og_image":[{"width":960,"height":803,"url":"https:\/\/universnews224.com\/wp-content\/uploads\/2024\/09\/IMG_4024.jpeg","type":"image\/jpeg"}],"author":"La R\u00e9daction","twitter_misc":{"\u00c9crit par":"La R\u00e9daction","Dur\u00e9e de lecture estim\u00e9e":"1 minute"},"schema":{"@context":"https:\/\/schema.org","@graph":[{"@type":"Article","@id":"https:\/\/universnews224.com\/index.php\/alpha-conde-personne-ne-sait-ou-je-suis\/#article","isPartOf":{"@id":"https:\/\/universnews224.com\/index.php\/alpha-conde-personne-ne-sait-ou-je-suis\/"},"author":{"name":"La R\u00e9daction","@id":"https:\/\/universnews224.com\/#\/schema\/person\/a4b7d4f94a4716df60456a491260485e"},"headline":"Alpha Cond\u00e9 : \u00ab\u00a0personne ne sait o\u00f9 je suis\u00a0\u00bb","datePublished":"2024-09-13T20:50:54+00:00","dateModified":"2024-09-13T20:50:54+00:00","mainEntityOfPage":{"@id":"https:\/\/universnews224.com\/index.php\/alpha-conde-personne-ne-sait-ou-je-suis\/"},"wordCount":151,"publisher":{"@id":"https:\/\/universnews224.com\/#organization"},"articleSection":["ACTU","POLITIQUE"],"inLanguage":"fr-FR"},{"@type":"WebPage","@id":"https:\/\/universnews224.com\/index.php\/alpha-conde-personne-ne-sait-ou-je-suis\/","url":"https:\/\/universnews224.com\/index.php\/alpha-conde-personne-ne-sait-ou-je-suis\/","name":"Alpha Cond\u00e9 : \u00ab\u00a0personne ne sait o\u00f9 je suis\u00a0\u00bb - UNIVERSNEWS224","isPartOf":{"@id":"https:\/\/universnews224.com\/#website"},"datePublished":"2024-09-13T20:50:54+00:00","dateModified":"2024-09-13T20:50:54+00:00","inLanguage":"fr-FR","potentialAction":[{"@type":"ReadAction","target":["https:\/\/universnews224.com\/index.php\/alpha-conde-personne-ne-sait-ou-je-suis\/"]}]},{"@type":"WebSite","@id":"https:\/\/universnews224.com\/#website","url":"https:\/\/universnews224.com\/","name":"UNIVERSNEWS224","description":"","publisher":{"@id":"https:\/\/universnews224.com\/#organization"},"potentialAction":[{"@type":"SearchAction","target":{"@type":"EntryPoint","urlTemplate":"https:\/\/universnews224.com\/?s={search_term_string}"},"query-input":"required name=search_term_string"}],"inLanguage":"fr-FR"},{"@type":"Organization","@id":"https:\/\/universnews224.com\/#organization","name":"UNIVERSNEWS224","url":"https:\/\/universnews224.com\/","logo":{"@type":"ImageObject","inLanguage":"fr-FR","@id":"https:\/\/universnews224.com\/#\/schema\/logo\/image\/","url":"https:\/\/universnews224.com\/wp-content\/uploads\/2022\/08\/cropped-cropped-logoban.jpg","contentUrl":"https:\/\/universnews224.com\/wp-content\/uploads\/2022\/08\/cropped-cropped-logoban.jpg","width":1080,"height":138,"caption":"UNIVERSNEWS224"},"image":{"@id":"https:\/\/universnews224.com\/#\/schema\/logo\/image\/"}},{"@type":"Person","@id":"https:\/\/universnews224.com\/#\/schema\/person\/a4b7d4f94a4716df60456a491260485e","name":"La R\u00e9daction","image":{"@type":"ImageObject","inLanguage":"fr-FR","@id":"https:\/\/universnews224.com\/#\/schema\/person\/image\/","url":"https:\/\/secure.gravatar.com\/avatar\/edb90acc7752b23e1b3307ad36c14f0d?s=96&d=mm&r=g","contentUrl":"https:\/\/secure.gravatar.com\/avatar\/edb90acc7752b23e1b3307ad36c14f0d?s=96&d=mm&r=g","caption":"La R\u00e9daction"},"sameAs":["https:\/\/universnews224.com"],"url":"https:\/\/universnews224.com\/index.php\/author\/m-camara\/"}]}},"_links":{"self":[{"href":"https:\/\/universnews224.com\/index.php\/wp-json\/wp\/v2\/posts\/6430"}],"collection":[{"href":"https:\/\/universnews224.com\/index.php\/wp-json\/wp\/v2\/posts"}],"about":[{"href":"https:\/\/universnews224.com\/index.php\/wp-json\/wp\/v2\/types\/post"}],"author":[{"embeddable":true,"href":"https:\/\/universnews224.com\/index.php\/wp-json\/wp\/v2\/users\/2"}],"replies":[{"embeddable":true,"href":"https:\/\/universnews224.com\/index.php\/wp-json\/wp\/v2\/comments?post=6430"}],"version-history":[{"count":1,"href":"https:\/\/universnews224.com\/index.php\/wp-json\/wp\/v2\/posts\/6430\/revisions"}],"predecessor-version":[{"id":6432,"href":"https:\/\/universnews224.com\/index.php\/wp-json\/wp\/v2\/posts\/6430\/revisions\/6432"}],"wp:featuredmedia":[{"embeddable":true,"href":"https:\/\/universnews224.com\/index.php\/wp-json\/wp\/v2\/media\/6431"}],"wp:attachment":[{"href":"https:\/\/universnews224.com\/index.php\/wp-json\/wp\/v2\/media?parent=6430"}],"wp:term":[{"taxonomy":"category","embeddable":true,"href":"https:\/\/universnews224.com\/index.php\/wp-json\/wp\/v2\/categories?post=6430"},{"taxonomy":"post_tag","embeddable":true,"href":"https:\/\/universnews224.com\/index.php\/wp-json\/wp\/v2\/tags?post=6430"}],"curies":[{"name":"wp","href":"https:\/\/api.w.org\/{rel}","templated":true}]}}