{"id":6443,"date":"2024-09-14T22:25:20","date_gmt":"2024-09-14T21:25:20","guid":{"rendered":"https:\/\/universnews224.com\/?p=6443"},"modified":"2024-09-14T22:25:20","modified_gmt":"2024-09-14T21:25:20","slug":"cellou-dalein-diallo-mamadi-veut-se-presenter-il-ny-a-pas-de-doute","status":"publish","type":"post","link":"https:\/\/universnews224.com\/index.php\/cellou-dalein-diallo-mamadi-veut-se-presenter-il-ny-a-pas-de-doute\/","title":{"rendered":"Cellou Dalein Diallo: \u201c Mamadi veut se pr\u00e9senter, il n&rsquo;y a pas de doute\u201d"},"content":{"rendered":"<p><span style=\"font-weight: 400\">S&rsquo;adressant \u00e0 ses militants et sympathisants en vid\u00e9oconf\u00e9rence depuis Etats Unis o\u00f9 il est en s\u00e9jour, en marge \u00e0 l&rsquo;assembl\u00e9e g\u00e9n\u00e9rale de son parti tenue ce samedi, 14 septembre 2024, le pr\u00e9sident de l&rsquo;Union des Forces D\u00e9mocratiques de Guin\u00e9e a d\u00e9clar\u00e9 a qui veut l&rsquo;entendre que le pr\u00e9sident de transition, le G\u00e9n\u00e9ral Mamadi Doumbouya Doumbouya a la volont\u00e9 de se pr\u00e9senter aux \u00e9lections \u00e0 venir.<\/span><\/p>\n<p><span style=\"font-weight: 400\">\u00a0\u00bb Mamadi veut se pr\u00e9senter, il n&rsquo;y a pas de doute. On savait qu&rsquo;ils ne voulaient pas organiser d&rsquo; \u00e9lections. Nous l\u2019avons not\u00e9 et d\u00e9nonc\u00e9 \u00e0 plusieurs reprises, nous avons m\u00eame organis\u00e9 des manifestations pour exiger l\u2019organisation avant le 31 d\u00e9cembre 2024 des \u00e9lections. D\u00e8s le d\u00e9part, on a senti qu\u2019il n&rsquo; y avait aucune volont\u00e9 de la part de cette junte qui tient \u00e0 confisquer le pouvoir peut-\u00eatre d\u00e9finitivement. Alors, le choix est venu simple parce que les masques sont tomb\u00e9s. Aujourd&rsquo;hui, il faut conserver le pouvoir. Avec ou sans les \u00e9lections,\u00a0 cette junte l\u00e0 veut garder le pouvoir et priver le peuple de Guin\u00e9e du droit de choisir ces dirigeants\u00bb, a d\u00e9clar\u00e9 Cellou Dalein Diallo.<\/span><\/p>\n<p><span style=\"font-weight: 400\">Poursuivant, l&rsquo;ancien premier ministre sous l&rsquo;\u00e8re Lansana Cont\u00e9 a indiqu\u00e9 que tous les engagements que la junte avait pris \u00e0 son arriv\u00e9e au pouvoir, sont aujourd\u2019hui foul\u00e9s au sol.\u00a0<\/span><\/p>\n<p><span style=\"font-weight: 400\">\u201cLes libert\u00e9s sont malmen\u00e9es, les droits sont supprim\u00e9s. Nous n\u2019avons plus le choix parce que les masques sont tomb\u00e9s. Il n\u2019y aura plus que deux groupes : ceux qui vont travailler, se battre pour le respect des droits et libert\u00e9s des citoyens, le respect de la charte de la transition et le respect des engagements que la junte a librement pris pour qu\u2019il y ait un retour diligent \u00e0 l\u2019ordre constitutionnel et ceux qui vont soutenir la confiscation du pouvoir par la junte. Vous connaissez de quel c\u00f4t\u00e9 se trouve l\u2019UFDG. Certes nous nous battons pour acc\u00e9der au pouvoir, mais nous ne pouvons pas tol\u00e9rer que les droits des citoyens soient confisqu\u00e9s par une junte qui n\u2019a aucune l\u00e9gitimit\u00e9 et qui a d\u00e9cid\u00e9 de renier tous ses engagements\u201d, a t-il d\u00e9nonc\u00e9.<\/span><\/p>\n<p><span style=\"font-weight: 400\">Pour face \u00e0 cette volont\u00e9 du CNRD de confisquer le pouvoir, le leader de l&rsquo;UFDG appelle toutes les forces d\u00e9mocratiques de Guin\u00e9e \u00e0 un rassemblement pour exiger \u00e0 la junte, le respect de ses engagements.\u00a0<\/span><\/p>\n<p><span style=\"font-weight: 400\">\u201cDans toutes nos communaut\u00e9s, dans nos soci\u00e9t\u00e9s traditionnelles, le respect de la parole donn\u00e9e, du serment est sacr\u00e9. Quelqu&rsquo;un qui a\u00a0 librement devant Dieu sur le coran, devant les hommes qu\u2019il ne sera pas candidat aux \u00e9lections ni lui, ni ses collaborateurs de la transition. Si les membres du gouvernement et CNT trouvent aujourd&rsquo;hui le moyen\u00a0 de d\u00e9noncer et de violer le serment et les engagements. Aujourd&rsquo;hui, on trouve des guin\u00e9ens qui vont soutenir \u00e7a. La parole donn\u00e9e est sacr\u00e9e dans nos soci\u00e9t\u00e9s. Nous devons exiger partout les moyens le respect des dispositions de la charte, le retour \u00e0 l\u2019ordre constitutionnel et la non candidature de la junte, des membres du CNT, du gouvernement et CNRD. Ils sont nombreux des leaders politiques, des leaders d\u2019opinion qui vont aller soutenir la trahison du serment et de la parole donn\u00e9e. Parce qu\u2019ils ont mis en place un budget colossal pour l\u2019achat des consciences. L\u2019achat des consciences des leaders politiques, des leaders de la soci\u00e9t\u00e9, des leaders religieux, des journalistes, des patrons de presse.Nous appelons \u00e0 un rassemblement de tous les patriotes, de toutes forces d\u00e9mocratiques, on va oublier les conflits du pass\u00e9 pour faire face \u00e0 cette junte parce que notre peuple doit vivre dans une soci\u00e9t\u00e9 r\u00e9gie par les r\u00e8gles et les principes de l&rsquo;\u00c9tat de droit et de d\u00e9mocratie. Je sais qu&rsquo;\u00e0 cet \u00e9gard, on peut compter sur l&rsquo;UFDG, mais je lance un appel \u00e0 tout le peuple de Guin\u00e9e, \u00e0 toutes les associations: politiques, soci\u00e9t\u00e9 civile pour qu&rsquo;on constitue une force, ensemble pour imposer le respect de la parole donn\u00e9e, le respect de serment, le respect des r\u00e8gles et les principes de la d\u00e9mocratie, le respect des libert\u00e9s public en Guin\u00e9e\u201d, a t-il exhort\u00e9.\u00a0<\/span><\/p>\n<p>&nbsp;<\/p>\n<p>&nbsp;<\/p>\n<p>&nbsp;<\/p>\n","protected":false},"excerpt":{"rendered":"<p>S&rsquo;adressant \u00e0 ses militants et sympathisants en vid\u00e9oconf\u00e9rence depuis Etats Unis o\u00f9 il est en<\/p>\n","protected":false},"author":2,"featured_media":6350,"comment_status":"closed","ping_status":"open","sticky":false,"template":"","format":"standard","meta":[],"categories":[3,4],"tags":[237],"yoast_head":"<!-- This site is optimized with the Yoast SEO plugin v19.13 - https:\/\/yoast.com\/wordpress\/plugins\/seo\/ -->\n<title>Cellou Dalein Diallo: \u201c Mamadi veut se pr\u00e9senter, il n&#039;y a pas de doute\u201d - UNIVERSNEWS224<\/title>\n<meta name=\"robots\" content=\"index, follow, max-snippet:-1, max-image-preview:large, max-video-preview:-1\" \/>\n<link rel=\"canonical\" href=\"https:\/\/universnews224.com\/index.php\/cellou-dalein-diallo-mamadi-veut-se-presenter-il-ny-a-pas-de-doute\/\" \/>\n<meta property=\"og:locale\" content=\"fr_FR\" \/>\n<meta property=\"og:type\" content=\"article\" \/>\n<meta property=\"og:title\" content=\"Cellou Dalein Diallo: \u201c Mamadi veut se pr\u00e9senter, il n&#039;y a pas de doute\u201d - UNIVERSNEWS224\" \/>\n<meta property=\"og:description\" content=\"S&rsquo;adressant \u00e0 ses militants et sympathisants en vid\u00e9oconf\u00e9rence depuis Etats Unis o\u00f9 il est en\" \/>\n<meta property=\"og:url\" content=\"https:\/\/universnews224.com\/index.php\/cellou-dalein-diallo-mamadi-veut-se-presenter-il-ny-a-pas-de-doute\/\" \/>\n<meta property=\"og:site_name\" content=\"UNIVERSNEWS224\" \/>\n<meta property=\"article:published_time\" content=\"2024-09-14T21:25:20+00:00\" \/>\n<meta property=\"og:image\" content=\"https:\/\/universnews224.com\/wp-content\/uploads\/2024\/08\/IMG_3518.jpeg\" \/>\n\t<meta property=\"og:image:width\" content=\"1920\" \/>\n\t<meta property=\"og:image:height\" content=\"1192\" \/>\n\t<meta property=\"og:image:type\" content=\"image\/jpeg\" \/>\n<meta name=\"author\" content=\"La R\u00e9daction\" \/>\n<meta name=\"twitter:label1\" content=\"\u00c9crit par\" \/>\n\t<meta name=\"twitter:data1\" content=\"La R\u00e9daction\" \/>\n\t<meta name=\"twitter:label2\" content=\"Dur\u00e9e de lecture estim\u00e9e\" \/>\n\t<meta name=\"twitter:data2\" content=\"4 minutes\" \/>\n<script type=\"application\/ld+json\" class=\"yoast-schema-graph\">{\"@context\":\"https:\/\/schema.org\",\"@graph\":[{\"@type\":\"Article\",\"@id\":\"https:\/\/universnews224.com\/index.php\/cellou-dalein-diallo-mamadi-veut-se-presenter-il-ny-a-pas-de-doute\/#article\",\"isPartOf\":{\"@id\":\"https:\/\/universnews224.com\/index.php\/cellou-dalein-diallo-mamadi-veut-se-presenter-il-ny-a-pas-de-doute\/\"},\"author\":{\"name\":\"La R\u00e9daction\",\"@id\":\"https:\/\/universnews224.com\/#\/schema\/person\/a4b7d4f94a4716df60456a491260485e\"},\"headline\":\"Cellou Dalein Diallo: \u201c Mamadi veut se pr\u00e9senter, il n&rsquo;y a pas de doute\u201d\",\"datePublished\":\"2024-09-14T21:25:20+00:00\",\"dateModified\":\"2024-09-14T21:25:20+00:00\",\"mainEntityOfPage\":{\"@id\":\"https:\/\/universnews224.com\/index.php\/cellou-dalein-diallo-mamadi-veut-se-presenter-il-ny-a-pas-de-doute\/\"},\"wordCount\":742,\"publisher\":{\"@id\":\"https:\/\/universnews224.com\/#organization\"},\"keywords\":[\"A la une\"],\"articleSection\":[\"ACTU\",\"POLITIQUE\"],\"inLanguage\":\"fr-FR\"},{\"@type\":\"WebPage\",\"@id\":\"https:\/\/universnews224.com\/index.php\/cellou-dalein-diallo-mamadi-veut-se-presenter-il-ny-a-pas-de-doute\/\",\"url\":\"https:\/\/universnews224.com\/index.php\/cellou-dalein-diallo-mamadi-veut-se-presenter-il-ny-a-pas-de-doute\/\",\"name\":\"Cellou Dalein Diallo: \u201c Mamadi veut se pr\u00e9senter, il n'y a pas de doute\u201d - UNIVERSNEWS224\",\"isPartOf\":{\"@id\":\"https:\/\/universnews224.com\/#website\"},\"datePublished\":\"2024-09-14T21:25:20+00:00\",\"dateModified\":\"2024-09-14T21:25:20+00:00\",\"inLanguage\":\"fr-FR\",\"potentialAction\":[{\"@type\":\"ReadAction\",\"target\":[\"https:\/\/universnews224.com\/index.php\/cellou-dalein-diallo-mamadi-veut-se-presenter-il-ny-a-pas-de-doute\/\"]}]},{\"@type\":\"WebSite\",\"@id\":\"https:\/\/universnews224.com\/#website\",\"url\":\"https:\/\/universnews224.com\/\",\"name\":\"UNIVERSNEWS224\",\"description\":\"\",\"publisher\":{\"@id\":\"https:\/\/universnews224.com\/#organization\"},\"potentialAction\":[{\"@type\":\"SearchAction\",\"target\":{\"@type\":\"EntryPoint\",\"urlTemplate\":\"https:\/\/universnews224.com\/?s={search_term_string}\"},\"query-input\":\"required name=search_term_string\"}],\"inLanguage\":\"fr-FR\"},{\"@type\":\"Organization\",\"@id\":\"https:\/\/universnews224.com\/#organization\",\"name\":\"UNIVERSNEWS224\",\"url\":\"https:\/\/universnews224.com\/\",\"logo\":{\"@type\":\"ImageObject\",\"inLanguage\":\"fr-FR\",\"@id\":\"https:\/\/universnews224.com\/#\/schema\/logo\/image\/\",\"url\":\"https:\/\/universnews224.com\/wp-content\/uploads\/2022\/08\/cropped-cropped-logoban.jpg\",\"contentUrl\":\"https:\/\/universnews224.com\/wp-content\/uploads\/2022\/08\/cropped-cropped-logoban.jpg\",\"width\":1080,\"height\":138,\"caption\":\"UNIVERSNEWS224\"},\"image\":{\"@id\":\"https:\/\/universnews224.com\/#\/schema\/logo\/image\/\"}},{\"@type\":\"Person\",\"@id\":\"https:\/\/universnews224.com\/#\/schema\/person\/a4b7d4f94a4716df60456a491260485e\",\"name\":\"La R\u00e9daction\",\"image\":{\"@type\":\"ImageObject\",\"inLanguage\":\"fr-FR\",\"@id\":\"https:\/\/universnews224.com\/#\/schema\/person\/image\/\",\"url\":\"https:\/\/secure.gravatar.com\/avatar\/edb90acc7752b23e1b3307ad36c14f0d?s=96&d=mm&r=g\",\"contentUrl\":\"https:\/\/secure.gravatar.com\/avatar\/edb90acc7752b23e1b3307ad36c14f0d?s=96&d=mm&r=g\",\"caption\":\"La R\u00e9daction\"},\"sameAs\":[\"https:\/\/universnews224.com\"],\"url\":\"https:\/\/universnews224.com\/index.php\/author\/m-camara\/\"}]}<\/script>\n<!-- \/ Yoast SEO plugin. -->","yoast_head_json":{"title":"Cellou Dalein Diallo: \u201c Mamadi veut se pr\u00e9senter, il n'y a pas de doute\u201d - UNIVERSNEWS224","robots":{"index":"index","follow":"follow","max-snippet":"max-snippet:-1","max-image-preview":"max-image-preview:large","max-video-preview":"max-video-preview:-1"},"canonical":"https:\/\/universnews224.com\/index.php\/cellou-dalein-diallo-mamadi-veut-se-presenter-il-ny-a-pas-de-doute\/","og_locale":"fr_FR","og_type":"article","og_title":"Cellou Dalein Diallo: \u201c Mamadi veut se pr\u00e9senter, il n'y a pas de doute\u201d - UNIVERSNEWS224","og_description":"S&rsquo;adressant \u00e0 ses militants et sympathisants en vid\u00e9oconf\u00e9rence depuis Etats Unis o\u00f9 il est en","og_url":"https:\/\/universnews224.com\/index.php\/cellou-dalein-diallo-mamadi-veut-se-presenter-il-ny-a-pas-de-doute\/","og_site_name":"UNIVERSNEWS224","article_published_time":"2024-09-14T21:25:20+00:00","og_image":[{"width":1920,"height":1192,"url":"https:\/\/universnews224.com\/wp-content\/uploads\/2024\/08\/IMG_3518.jpeg","type":"image\/jpeg"}],"author":"La R\u00e9daction","twitter_misc":{"\u00c9crit par":"La R\u00e9daction","Dur\u00e9e de lecture estim\u00e9e":"4 minutes"},"schema":{"@context":"https:\/\/schema.org","@graph":[{"@type":"Article","@id":"https:\/\/universnews224.com\/index.php\/cellou-dalein-diallo-mamadi-veut-se-presenter-il-ny-a-pas-de-doute\/#article","isPartOf":{"@id":"https:\/\/universnews224.com\/index.php\/cellou-dalein-diallo-mamadi-veut-se-presenter-il-ny-a-pas-de-doute\/"},"author":{"name":"La R\u00e9daction","@id":"https:\/\/universnews224.com\/#\/schema\/person\/a4b7d4f94a4716df60456a491260485e"},"headline":"Cellou Dalein Diallo: \u201c Mamadi veut se pr\u00e9senter, il n&rsquo;y a pas de doute\u201d","datePublished":"2024-09-14T21:25:20+00:00","dateModified":"2024-09-14T21:25:20+00:00","mainEntityOfPage":{"@id":"https:\/\/universnews224.com\/index.php\/cellou-dalein-diallo-mamadi-veut-se-presenter-il-ny-a-pas-de-doute\/"},"wordCount":742,"publisher":{"@id":"https:\/\/universnews224.com\/#organization"},"keywords":["A la une"],"articleSection":["ACTU","POLITIQUE"],"inLanguage":"fr-FR"},{"@type":"WebPage","@id":"https:\/\/universnews224.com\/index.php\/cellou-dalein-diallo-mamadi-veut-se-presenter-il-ny-a-pas-de-doute\/","url":"https:\/\/universnews224.com\/index.php\/cellou-dalein-diallo-mamadi-veut-se-presenter-il-ny-a-pas-de-doute\/","name":"Cellou Dalein Diallo: \u201c Mamadi veut se pr\u00e9senter, il n'y a pas de doute\u201d - UNIVERSNEWS224","isPartOf":{"@id":"https:\/\/universnews224.com\/#website"},"datePublished":"2024-09-14T21:25:20+00:00","dateModified":"2024-09-14T21:25:20+00:00","inLanguage":"fr-FR","potentialAction":[{"@type":"ReadAction","target":["https:\/\/universnews224.com\/index.php\/cellou-dalein-diallo-mamadi-veut-se-presenter-il-ny-a-pas-de-doute\/"]}]},{"@type":"WebSite","@id":"https:\/\/universnews224.com\/#website","url":"https:\/\/universnews224.com\/","name":"UNIVERSNEWS224","description":"","publisher":{"@id":"https:\/\/universnews224.com\/#organization"},"potentialAction":[{"@type":"SearchAction","target":{"@type":"EntryPoint","urlTemplate":"https:\/\/universnews224.com\/?s={search_term_string}"},"query-input":"required name=search_term_string"}],"inLanguage":"fr-FR"},{"@type":"Organization","@id":"https:\/\/universnews224.com\/#organization","name":"UNIVERSNEWS224","url":"https:\/\/universnews224.com\/","logo":{"@type":"ImageObject","inLanguage":"fr-FR","@id":"https:\/\/universnews224.com\/#\/schema\/logo\/image\/","url":"https:\/\/universnews224.com\/wp-content\/uploads\/2022\/08\/cropped-cropped-logoban.jpg","contentUrl":"https:\/\/universnews224.com\/wp-content\/uploads\/2022\/08\/cropped-cropped-logoban.jpg","width":1080,"height":138,"caption":"UNIVERSNEWS224"},"image":{"@id":"https:\/\/universnews224.com\/#\/schema\/logo\/image\/"}},{"@type":"Person","@id":"https:\/\/universnews224.com\/#\/schema\/person\/a4b7d4f94a4716df60456a491260485e","name":"La R\u00e9daction","image":{"@type":"ImageObject","inLanguage":"fr-FR","@id":"https:\/\/universnews224.com\/#\/schema\/person\/image\/","url":"https:\/\/secure.gravatar.com\/avatar\/edb90acc7752b23e1b3307ad36c14f0d?s=96&d=mm&r=g","contentUrl":"https:\/\/secure.gravatar.com\/avatar\/edb90acc7752b23e1b3307ad36c14f0d?s=96&d=mm&r=g","caption":"La R\u00e9daction"},"sameAs":["https:\/\/universnews224.com"],"url":"https:\/\/universnews224.com\/index.php\/author\/m-camara\/"}]}},"_links":{"self":[{"href":"https:\/\/universnews224.com\/index.php\/wp-json\/wp\/v2\/posts\/6443"}],"collection":[{"href":"https:\/\/universnews224.com\/index.php\/wp-json\/wp\/v2\/posts"}],"about":[{"href":"https:\/\/universnews224.com\/index.php\/wp-json\/wp\/v2\/types\/post"}],"author":[{"embeddable":true,"href":"https:\/\/universnews224.com\/index.php\/wp-json\/wp\/v2\/users\/2"}],"replies":[{"embeddable":true,"href":"https:\/\/universnews224.com\/index.php\/wp-json\/wp\/v2\/comments?post=6443"}],"version-history":[{"count":1,"href":"https:\/\/universnews224.com\/index.php\/wp-json\/wp\/v2\/posts\/6443\/revisions"}],"predecessor-version":[{"id":6444,"href":"https:\/\/universnews224.com\/index.php\/wp-json\/wp\/v2\/posts\/6443\/revisions\/6444"}],"wp:featuredmedia":[{"embeddable":true,"href":"https:\/\/universnews224.com\/index.php\/wp-json\/wp\/v2\/media\/6350"}],"wp:attachment":[{"href":"https:\/\/universnews224.com\/index.php\/wp-json\/wp\/v2\/media?parent=6443"}],"wp:term":[{"taxonomy":"category","embeddable":true,"href":"https:\/\/universnews224.com\/index.php\/wp-json\/wp\/v2\/categories?post=6443"},{"taxonomy":"post_tag","embeddable":true,"href":"https:\/\/universnews224.com\/index.php\/wp-json\/wp\/v2\/tags?post=6443"}],"curies":[{"name":"wp","href":"https:\/\/api.w.org\/{rel}","templated":true}]}}