{"id":6445,"date":"2024-09-14T22:27:17","date_gmt":"2024-09-14T21:27:17","guid":{"rendered":"https:\/\/universnews224.com\/?p=6445"},"modified":"2024-09-14T22:27:17","modified_gmt":"2024-09-14T21:27:17","slug":"cellou-balde-titille-le-cnrd-en-matiere-de-leadership-et-de-sa-popularite-on-ne-se-compare-pas-a-cellou-dalein-diallo","status":"publish","type":"post","link":"https:\/\/universnews224.com\/index.php\/cellou-balde-titille-le-cnrd-en-matiere-de-leadership-et-de-sa-popularite-on-ne-se-compare-pas-a-cellou-dalein-diallo\/","title":{"rendered":"Cellou Bald\u00e9 titille le CNRD: \u201cEn mati\u00e8re de leadership et de sa popularit\u00e9, on ne se compare pas \u00e0 Cellou Dalein Diallo\u201d.\u00a0  \u00a0"},"content":{"rendered":"<p dir=\"ltr\" style=\"line-height: 1.38;margin-top: 0.0pt;margin-bottom: 0.0pt\"><span style=\"font-size: 11pt;font-family: Arial, sans-serif;color: #000000;background-color: transparent;vertical-align: baseline\">La mobilisation dont le pr\u00e9sident de la transition , le G\u00e9n\u00e9ral Mamadi Doumbouya a b\u00e9n\u00e9fici\u00e9\u00a0 de la part des citoyens de Conakry lors de son retour de Chine o\u00f9 il a particip\u00e9 au Forum sur la coop\u00e9ration sino-africaine, n&rsquo;est pas pass\u00e9 inaper\u00e7u au sein de l\u2019UFDG.\u00a0<\/span><\/p>\n<p dir=\"ltr\">\n<p dir=\"ltr\" style=\"line-height: 1.38;margin-top: 0.0pt;margin-bottom: 0.0pt\"><span style=\"font-size: 11pt;font-family: Arial, sans-serif;color: #000000;background-color: transparent;vertical-align: baseline\">Prenant la parole devant une foule compacte, en marge \u00e0 l&rsquo;assembl\u00e9e g\u00e9n\u00e9rale du parti tenue ce samedi 14 octobre 2024, \u00e0 la Mini\u00e8re dans la commune de Dixinn, Cellou Bald\u00e9, responsable des f\u00e9d\u00e9rations de l&rsquo;UFDG \u00e0 l&rsquo;int\u00e9rieur du pays, a laiss\u00e9 entendre qu&rsquo;en mati\u00e8re de mobilisation, l&rsquo;UFDG n\u2019a pas de concurrent en Guin\u00e9e.\u00a0<\/span><\/p>\n<p>&nbsp;<\/p>\n<p dir=\"ltr\" style=\"line-height: 1.38;margin-top: 0.0pt;margin-bottom: 0.0pt\"><span style=\"font-size: 11pt;font-family: Arial, sans-serif;color: #000000;background-color: transparent;vertical-align: baseline\">\u201cJe vais dire \u00e0 l&rsquo;opinion publique nationale et internationale que mobilisation n&rsquo;est pas mobilisation. T\u00f4le n&rsquo;est pas T\u00f4le. \u00c0 l&rsquo;UFDG, ce n&rsquo;est pas 50 000 franc guin\u00e9en et un t-shirt. \u00c0 l&rsquo;UFDG, c&rsquo;est la conviction. \u00c0, l&rsquo;UFDG le militant ach\u00e8te ses\u00a0 tenues,\u00a0 le militant ach\u00e8te son t-shirt, le militant confectionne sa casquette. La section motard ach\u00e8te sa moto, la section motard ach\u00e8te son carburant, la section motard mobilise les motos. Alors, s&rsquo;ils veulent voir de la mobilisation, qu&rsquo;ils sortent de deux poids deux mesures. S&rsquo;ils veulent voir de la mobilisation, s&rsquo;ils veulent voir les carnavals, mais ils savent qu&rsquo;on ne peut pas se comparer \u00e0 l&rsquo;UFDG. Tous ceux qui ont essay\u00e9, ont laiss\u00e9 leurs plumes\u00a0 et m\u00eame leurs dents. En mati\u00e8re d&rsquo;\u00e9lection, en mati\u00e8re de mobilisation, on ne se compare pas \u00e0 l&rsquo;UFDG. En mati\u00e8re de leadership et de sa popularit\u00e9, on ne se compare pas \u00e0 Cellou Dalein Diallo\u201d, a-t-il soulign\u00e9.\u00a0<\/span><\/p>\n<p>&nbsp;<\/p>\n<p dir=\"ltr\" style=\"line-height: 1.38;margin-top: 0.0pt;margin-bottom: 0.0pt\"><span style=\"font-size: 11pt;font-family: Arial, sans-serif;color: #000000;background-color: transparent;vertical-align: baseline\">Poursuivant, l&rsquo;honorable Cellou Bald\u00e9 dira que s\u2019il s&rsquo;agit de mobiliser, de d\u00e9montrer, de r\u00e9ceptionner, ils n\u2019ont qu&rsquo;\u00e0 permettre \u00e0 tous les guin\u00e9ens de s&rsquo;exprimer de la m\u00eame mani\u00e8re.<\/span><\/p>\n<p>&nbsp;<\/p>\n<p dir=\"ltr\" style=\"line-height: 1.38;margin-top: 0.0pt;margin-bottom: 0.0pt\"><span style=\"font-size: 11pt;font-family: Arial, sans-serif;color: #000000;background-color: transparent;vertical-align: baseline\">\u00a0\u201cIls n&rsquo;ont qu&rsquo;\u00e0 permettre \u00e0 tous les guin\u00e9ens de manifester parce qu&rsquo;aujourd&rsquo;hui, nous avons l&rsquo;impression de vivre dans une nation \u00e0 deux R\u00e9publiques. Il y a une premi\u00e8re R\u00e9publique, il y a une justice, il y a la s\u00e9curit\u00e9, il y a des forces de d\u00e9fense et de s\u00e9curit\u00e9, il y a une administration pour la premi\u00e8re R\u00e9publique. L&rsquo;autre R\u00e9publique dans la m\u00eame nation, c&rsquo;est nous les citoyens pro-d\u00e9mocraties, ceux-l\u00e0 qui se battent pour am\u00e9liorer les conditions de vie des guin\u00e9ens. L\u2019autre R\u00e9publique de la m\u00eame, c\u2019est vous la presse, ce sont les acteurs de la soci\u00e9t\u00e9 civile, conscients des enjeux des d\u00e9fis \u00e0 relever. C\u2019est nous les acteurs politiques qui nous voulons une d\u00e9mocratie apais\u00e9e pour enfin d\u00e9velopper notre pays\u2026.\u201d, a t-il martel\u00e9.<\/span><\/p>\n<p>&nbsp;<\/p>\n","protected":false},"excerpt":{"rendered":"<p>La mobilisation dont le pr\u00e9sident de la transition , le G\u00e9n\u00e9ral Mamadi Doumbouya a b\u00e9n\u00e9fici\u00e9\u00a0<\/p>\n","protected":false},"author":2,"featured_media":6446,"comment_status":"closed","ping_status":"open","sticky":false,"template":"","format":"standard","meta":[],"categories":[3,4],"tags":[237],"yoast_head":"<!-- This site is optimized with the Yoast SEO plugin v19.13 - https:\/\/yoast.com\/wordpress\/plugins\/seo\/ -->\n<title>Cellou Bald\u00e9 titille le CNRD: \u201cEn mati\u00e8re de leadership et de sa popularit\u00e9, on ne se compare pas \u00e0 Cellou Dalein Diallo\u201d.\u00a0 \u00a0 - UNIVERSNEWS224<\/title>\n<meta name=\"robots\" content=\"index, follow, max-snippet:-1, max-image-preview:large, max-video-preview:-1\" \/>\n<link rel=\"canonical\" href=\"https:\/\/universnews224.com\/index.php\/cellou-balde-titille-le-cnrd-en-matiere-de-leadership-et-de-sa-popularite-on-ne-se-compare-pas-a-cellou-dalein-diallo\/\" \/>\n<meta property=\"og:locale\" content=\"fr_FR\" \/>\n<meta property=\"og:type\" content=\"article\" \/>\n<meta property=\"og:title\" content=\"Cellou Bald\u00e9 titille le CNRD: \u201cEn mati\u00e8re de leadership et de sa popularit\u00e9, on ne se compare pas \u00e0 Cellou Dalein Diallo\u201d.\u00a0 \u00a0 - UNIVERSNEWS224\" \/>\n<meta property=\"og:description\" content=\"La mobilisation dont le pr\u00e9sident de la transition , le G\u00e9n\u00e9ral Mamadi Doumbouya a b\u00e9n\u00e9fici\u00e9\u00a0\" \/>\n<meta property=\"og:url\" content=\"https:\/\/universnews224.com\/index.php\/cellou-balde-titille-le-cnrd-en-matiere-de-leadership-et-de-sa-popularite-on-ne-se-compare-pas-a-cellou-dalein-diallo\/\" \/>\n<meta property=\"og:site_name\" content=\"UNIVERSNEWS224\" \/>\n<meta property=\"article:published_time\" content=\"2024-09-14T21:27:17+00:00\" \/>\n<meta property=\"og:image\" content=\"https:\/\/universnews224.com\/wp-content\/uploads\/2024\/09\/20240914_143451-scaled.jpg\" \/>\n\t<meta property=\"og:image:width\" content=\"2560\" \/>\n\t<meta property=\"og:image:height\" content=\"1920\" \/>\n\t<meta property=\"og:image:type\" content=\"image\/jpeg\" \/>\n<meta name=\"author\" content=\"La R\u00e9daction\" \/>\n<meta name=\"twitter:label1\" content=\"\u00c9crit par\" \/>\n\t<meta name=\"twitter:data1\" content=\"La R\u00e9daction\" \/>\n\t<meta name=\"twitter:label2\" content=\"Dur\u00e9e de lecture estim\u00e9e\" \/>\n\t<meta name=\"twitter:data2\" content=\"3 minutes\" \/>\n<script type=\"application\/ld+json\" class=\"yoast-schema-graph\">{\"@context\":\"https:\/\/schema.org\",\"@graph\":[{\"@type\":\"Article\",\"@id\":\"https:\/\/universnews224.com\/index.php\/cellou-balde-titille-le-cnrd-en-matiere-de-leadership-et-de-sa-popularite-on-ne-se-compare-pas-a-cellou-dalein-diallo\/#article\",\"isPartOf\":{\"@id\":\"https:\/\/universnews224.com\/index.php\/cellou-balde-titille-le-cnrd-en-matiere-de-leadership-et-de-sa-popularite-on-ne-se-compare-pas-a-cellou-dalein-diallo\/\"},\"author\":{\"name\":\"La R\u00e9daction\",\"@id\":\"https:\/\/universnews224.com\/#\/schema\/person\/a4b7d4f94a4716df60456a491260485e\"},\"headline\":\"Cellou Bald\u00e9 titille le CNRD: \u201cEn mati\u00e8re de leadership et de sa popularit\u00e9, on ne se compare pas \u00e0 Cellou Dalein Diallo\u201d.\u00a0 \u00a0\",\"datePublished\":\"2024-09-14T21:27:17+00:00\",\"dateModified\":\"2024-09-14T21:27:17+00:00\",\"mainEntityOfPage\":{\"@id\":\"https:\/\/universnews224.com\/index.php\/cellou-balde-titille-le-cnrd-en-matiere-de-leadership-et-de-sa-popularite-on-ne-se-compare-pas-a-cellou-dalein-diallo\/\"},\"wordCount\":471,\"publisher\":{\"@id\":\"https:\/\/universnews224.com\/#organization\"},\"keywords\":[\"A la une\"],\"articleSection\":[\"ACTU\",\"POLITIQUE\"],\"inLanguage\":\"fr-FR\"},{\"@type\":\"WebPage\",\"@id\":\"https:\/\/universnews224.com\/index.php\/cellou-balde-titille-le-cnrd-en-matiere-de-leadership-et-de-sa-popularite-on-ne-se-compare-pas-a-cellou-dalein-diallo\/\",\"url\":\"https:\/\/universnews224.com\/index.php\/cellou-balde-titille-le-cnrd-en-matiere-de-leadership-et-de-sa-popularite-on-ne-se-compare-pas-a-cellou-dalein-diallo\/\",\"name\":\"Cellou Bald\u00e9 titille le CNRD: \u201cEn mati\u00e8re de leadership et de sa popularit\u00e9, on ne se compare pas \u00e0 Cellou Dalein Diallo\u201d.\u00a0 \u00a0 - UNIVERSNEWS224\",\"isPartOf\":{\"@id\":\"https:\/\/universnews224.com\/#website\"},\"datePublished\":\"2024-09-14T21:27:17+00:00\",\"dateModified\":\"2024-09-14T21:27:17+00:00\",\"inLanguage\":\"fr-FR\",\"potentialAction\":[{\"@type\":\"ReadAction\",\"target\":[\"https:\/\/universnews224.com\/index.php\/cellou-balde-titille-le-cnrd-en-matiere-de-leadership-et-de-sa-popularite-on-ne-se-compare-pas-a-cellou-dalein-diallo\/\"]}]},{\"@type\":\"WebSite\",\"@id\":\"https:\/\/universnews224.com\/#website\",\"url\":\"https:\/\/universnews224.com\/\",\"name\":\"UNIVERSNEWS224\",\"description\":\"\",\"publisher\":{\"@id\":\"https:\/\/universnews224.com\/#organization\"},\"potentialAction\":[{\"@type\":\"SearchAction\",\"target\":{\"@type\":\"EntryPoint\",\"urlTemplate\":\"https:\/\/universnews224.com\/?s={search_term_string}\"},\"query-input\":\"required name=search_term_string\"}],\"inLanguage\":\"fr-FR\"},{\"@type\":\"Organization\",\"@id\":\"https:\/\/universnews224.com\/#organization\",\"name\":\"UNIVERSNEWS224\",\"url\":\"https:\/\/universnews224.com\/\",\"logo\":{\"@type\":\"ImageObject\",\"inLanguage\":\"fr-FR\",\"@id\":\"https:\/\/universnews224.com\/#\/schema\/logo\/image\/\",\"url\":\"https:\/\/universnews224.com\/wp-content\/uploads\/2022\/08\/cropped-cropped-logoban.jpg\",\"contentUrl\":\"https:\/\/universnews224.com\/wp-content\/uploads\/2022\/08\/cropped-cropped-logoban.jpg\",\"width\":1080,\"height\":138,\"caption\":\"UNIVERSNEWS224\"},\"image\":{\"@id\":\"https:\/\/universnews224.com\/#\/schema\/logo\/image\/\"}},{\"@type\":\"Person\",\"@id\":\"https:\/\/universnews224.com\/#\/schema\/person\/a4b7d4f94a4716df60456a491260485e\",\"name\":\"La R\u00e9daction\",\"image\":{\"@type\":\"ImageObject\",\"inLanguage\":\"fr-FR\",\"@id\":\"https:\/\/universnews224.com\/#\/schema\/person\/image\/\",\"url\":\"https:\/\/secure.gravatar.com\/avatar\/edb90acc7752b23e1b3307ad36c14f0d?s=96&d=mm&r=g\",\"contentUrl\":\"https:\/\/secure.gravatar.com\/avatar\/edb90acc7752b23e1b3307ad36c14f0d?s=96&d=mm&r=g\",\"caption\":\"La R\u00e9daction\"},\"sameAs\":[\"https:\/\/universnews224.com\"],\"url\":\"https:\/\/universnews224.com\/index.php\/author\/m-camara\/\"}]}<\/script>\n<!-- \/ Yoast SEO plugin. -->","yoast_head_json":{"title":"Cellou Bald\u00e9 titille le CNRD: \u201cEn mati\u00e8re de leadership et de sa popularit\u00e9, on ne se compare pas \u00e0 Cellou Dalein Diallo\u201d.\u00a0 \u00a0 - UNIVERSNEWS224","robots":{"index":"index","follow":"follow","max-snippet":"max-snippet:-1","max-image-preview":"max-image-preview:large","max-video-preview":"max-video-preview:-1"},"canonical":"https:\/\/universnews224.com\/index.php\/cellou-balde-titille-le-cnrd-en-matiere-de-leadership-et-de-sa-popularite-on-ne-se-compare-pas-a-cellou-dalein-diallo\/","og_locale":"fr_FR","og_type":"article","og_title":"Cellou Bald\u00e9 titille le CNRD: \u201cEn mati\u00e8re de leadership et de sa popularit\u00e9, on ne se compare pas \u00e0 Cellou Dalein Diallo\u201d.\u00a0 \u00a0 - UNIVERSNEWS224","og_description":"La mobilisation dont le pr\u00e9sident de la transition , le G\u00e9n\u00e9ral Mamadi Doumbouya a b\u00e9n\u00e9fici\u00e9\u00a0","og_url":"https:\/\/universnews224.com\/index.php\/cellou-balde-titille-le-cnrd-en-matiere-de-leadership-et-de-sa-popularite-on-ne-se-compare-pas-a-cellou-dalein-diallo\/","og_site_name":"UNIVERSNEWS224","article_published_time":"2024-09-14T21:27:17+00:00","og_image":[{"width":2560,"height":1920,"url":"https:\/\/universnews224.com\/wp-content\/uploads\/2024\/09\/20240914_143451-scaled.jpg","type":"image\/jpeg"}],"author":"La R\u00e9daction","twitter_misc":{"\u00c9crit par":"La R\u00e9daction","Dur\u00e9e de lecture estim\u00e9e":"3 minutes"},"schema":{"@context":"https:\/\/schema.org","@graph":[{"@type":"Article","@id":"https:\/\/universnews224.com\/index.php\/cellou-balde-titille-le-cnrd-en-matiere-de-leadership-et-de-sa-popularite-on-ne-se-compare-pas-a-cellou-dalein-diallo\/#article","isPartOf":{"@id":"https:\/\/universnews224.com\/index.php\/cellou-balde-titille-le-cnrd-en-matiere-de-leadership-et-de-sa-popularite-on-ne-se-compare-pas-a-cellou-dalein-diallo\/"},"author":{"name":"La R\u00e9daction","@id":"https:\/\/universnews224.com\/#\/schema\/person\/a4b7d4f94a4716df60456a491260485e"},"headline":"Cellou Bald\u00e9 titille le CNRD: \u201cEn mati\u00e8re de leadership et de sa popularit\u00e9, on ne se compare pas \u00e0 Cellou Dalein Diallo\u201d.\u00a0 \u00a0","datePublished":"2024-09-14T21:27:17+00:00","dateModified":"2024-09-14T21:27:17+00:00","mainEntityOfPage":{"@id":"https:\/\/universnews224.com\/index.php\/cellou-balde-titille-le-cnrd-en-matiere-de-leadership-et-de-sa-popularite-on-ne-se-compare-pas-a-cellou-dalein-diallo\/"},"wordCount":471,"publisher":{"@id":"https:\/\/universnews224.com\/#organization"},"keywords":["A la une"],"articleSection":["ACTU","POLITIQUE"],"inLanguage":"fr-FR"},{"@type":"WebPage","@id":"https:\/\/universnews224.com\/index.php\/cellou-balde-titille-le-cnrd-en-matiere-de-leadership-et-de-sa-popularite-on-ne-se-compare-pas-a-cellou-dalein-diallo\/","url":"https:\/\/universnews224.com\/index.php\/cellou-balde-titille-le-cnrd-en-matiere-de-leadership-et-de-sa-popularite-on-ne-se-compare-pas-a-cellou-dalein-diallo\/","name":"Cellou Bald\u00e9 titille le CNRD: \u201cEn mati\u00e8re de leadership et de sa popularit\u00e9, on ne se compare pas \u00e0 Cellou Dalein Diallo\u201d.\u00a0 \u00a0 - UNIVERSNEWS224","isPartOf":{"@id":"https:\/\/universnews224.com\/#website"},"datePublished":"2024-09-14T21:27:17+00:00","dateModified":"2024-09-14T21:27:17+00:00","inLanguage":"fr-FR","potentialAction":[{"@type":"ReadAction","target":["https:\/\/universnews224.com\/index.php\/cellou-balde-titille-le-cnrd-en-matiere-de-leadership-et-de-sa-popularite-on-ne-se-compare-pas-a-cellou-dalein-diallo\/"]}]},{"@type":"WebSite","@id":"https:\/\/universnews224.com\/#website","url":"https:\/\/universnews224.com\/","name":"UNIVERSNEWS224","description":"","publisher":{"@id":"https:\/\/universnews224.com\/#organization"},"potentialAction":[{"@type":"SearchAction","target":{"@type":"EntryPoint","urlTemplate":"https:\/\/universnews224.com\/?s={search_term_string}"},"query-input":"required name=search_term_string"}],"inLanguage":"fr-FR"},{"@type":"Organization","@id":"https:\/\/universnews224.com\/#organization","name":"UNIVERSNEWS224","url":"https:\/\/universnews224.com\/","logo":{"@type":"ImageObject","inLanguage":"fr-FR","@id":"https:\/\/universnews224.com\/#\/schema\/logo\/image\/","url":"https:\/\/universnews224.com\/wp-content\/uploads\/2022\/08\/cropped-cropped-logoban.jpg","contentUrl":"https:\/\/universnews224.com\/wp-content\/uploads\/2022\/08\/cropped-cropped-logoban.jpg","width":1080,"height":138,"caption":"UNIVERSNEWS224"},"image":{"@id":"https:\/\/universnews224.com\/#\/schema\/logo\/image\/"}},{"@type":"Person","@id":"https:\/\/universnews224.com\/#\/schema\/person\/a4b7d4f94a4716df60456a491260485e","name":"La R\u00e9daction","image":{"@type":"ImageObject","inLanguage":"fr-FR","@id":"https:\/\/universnews224.com\/#\/schema\/person\/image\/","url":"https:\/\/secure.gravatar.com\/avatar\/edb90acc7752b23e1b3307ad36c14f0d?s=96&d=mm&r=g","contentUrl":"https:\/\/secure.gravatar.com\/avatar\/edb90acc7752b23e1b3307ad36c14f0d?s=96&d=mm&r=g","caption":"La R\u00e9daction"},"sameAs":["https:\/\/universnews224.com"],"url":"https:\/\/universnews224.com\/index.php\/author\/m-camara\/"}]}},"_links":{"self":[{"href":"https:\/\/universnews224.com\/index.php\/wp-json\/wp\/v2\/posts\/6445"}],"collection":[{"href":"https:\/\/universnews224.com\/index.php\/wp-json\/wp\/v2\/posts"}],"about":[{"href":"https:\/\/universnews224.com\/index.php\/wp-json\/wp\/v2\/types\/post"}],"author":[{"embeddable":true,"href":"https:\/\/universnews224.com\/index.php\/wp-json\/wp\/v2\/users\/2"}],"replies":[{"embeddable":true,"href":"https:\/\/universnews224.com\/index.php\/wp-json\/wp\/v2\/comments?post=6445"}],"version-history":[{"count":1,"href":"https:\/\/universnews224.com\/index.php\/wp-json\/wp\/v2\/posts\/6445\/revisions"}],"predecessor-version":[{"id":6447,"href":"https:\/\/universnews224.com\/index.php\/wp-json\/wp\/v2\/posts\/6445\/revisions\/6447"}],"wp:featuredmedia":[{"embeddable":true,"href":"https:\/\/universnews224.com\/index.php\/wp-json\/wp\/v2\/media\/6446"}],"wp:attachment":[{"href":"https:\/\/universnews224.com\/index.php\/wp-json\/wp\/v2\/media?parent=6445"}],"wp:term":[{"taxonomy":"category","embeddable":true,"href":"https:\/\/universnews224.com\/index.php\/wp-json\/wp\/v2\/categories?post=6445"},{"taxonomy":"post_tag","embeddable":true,"href":"https:\/\/universnews224.com\/index.php\/wp-json\/wp\/v2\/tags?post=6445"}],"curies":[{"name":"wp","href":"https:\/\/api.w.org\/{rel}","templated":true}]}}