{"id":6544,"date":"2024-09-26T23:37:41","date_gmt":"2024-09-26T22:37:41","guid":{"rendered":"https:\/\/universnews224.com\/?p=6544"},"modified":"2024-09-26T23:37:41","modified_gmt":"2024-09-26T22:37:41","slug":"un-vent-de-panique-sest-empare-jeudi-de-kaloum-le-centre-administratif-et-des-affaires-de-la-capitale-selon-plusieurs-sources-contactees-il-ny-a-rien-de-grave","status":"publish","type":"post","link":"https:\/\/universnews224.com\/index.php\/un-vent-de-panique-sest-empare-jeudi-de-kaloum-le-centre-administratif-et-des-affaires-de-la-capitale-selon-plusieurs-sources-contactees-il-ny-a-rien-de-grave\/","title":{"rendered":"Un vent de panique s\u2019est empar\u00e9 jeudi de Kaloum, le centre administratif et des affaires de la capitale.  Selon plusieurs sources contact\u00e9es, \u00ab il n\u2019y a rien de grave \u00bb.  \u00ab Une maladresse d\u2019un \u00e9l\u00e9ment aurait entra\u00een\u00e9 le d\u00e9clenchement d\u2019un projectile \u00e0 Boulbinet. Cet incident aurait provoqu\u00e9 une agitation au sein des citoyens, \u00e0 Kaloum \u00bb, confie une autre source."},"content":{"rendered":"<p>Un vent de panique s\u2019est empar\u00e9 jeudi de Kaloum, le centre administratif et des affaires de la capitale.<\/p>\n<p>Selon plusieurs sources contact\u00e9es, \u00ab il n\u2019y a rien de grave \u00bb.<\/p>\n<p>\u00ab Une maladresse d\u2019un \u00e9l\u00e9ment aurait entra\u00een\u00e9 le d\u00e9clenchement d\u2019un projectile \u00e0 Boulbinet. Cet incident aurait provoqu\u00e9 une agitation au sein des citoyens, \u00e0 Kaloum \u00bb, confie une autre source.<\/p>\n<p style=\"margin: 0px 0px 17px;color: #222222;font-family: Arial, 'Helvetica Neue', Helvetica, sans-serif\">Une maladresse d\u2019un \u00e9l\u00e9ment aurait entra\u00een\u00e9 le d\u00e9clenchement d\u2019un projectile \u00e0 Boulbinet. Cet incident aurait provoqu\u00e9 une agitation au sein des citoyens, \u00e0 Kaloum \u00bb, confie une autre source.<\/p>\n<div class=\"opfecnw opfecnw-post-inline opfecnw-float-center opfecnw-align-center opfecnw-column-1 opfecnw-hide-on-tablet-portrait opfecnw-hide-on-tablet-landscape opfecnw-hide-on-desktop opfecnw-clearfix no-bg-box-model\" style=\"text-align: center;margin-bottom: 12px;color: #222222;font-family: Arial, 'Helvetica Neue', Helvetica, sans-serif\">\n<div id=\"opfecnw-231298-1391073594\" class=\"opfecnw-container opfecnw-type-custom_code  opfecnw-hide-on-desktop opfecnw-hide-on-tablet-portrait opfecnw-hide-on-tablet-landscape\" style=\"margin-bottom: 0px\" data-adid=\"231298\" data-type=\"custom_code\"><ins class=\"adsbygoogle\" style=\"border: none;padding: 0px;border-spacing: 0px;margin-left: -15px;width: 384px;height: 0px\" data-ad-client=\"ca-pub-1870189416508001\" data-ad-slot=\"4596184177\" data-ad-format=\"auto\" data-full-width-responsive=\"true\" data-adsbygoogle-status=\"done\" data-ad-status=\"unfilled\"><\/p>\n<div id=\"aswift_2_host\" style=\"border: none;height: 0px;width: 384px;margin: 0px;padding: 0px;background-color: transparent;overflow: hidden\"><\/div>\n<p><\/ins><\/div>\n<\/div>\n<p style=\"margin: 0px 0px 17px;color: #222222;font-family: Arial, 'Helvetica Neue', Helvetica, sans-serif\">\u00abNotre reporter pr\u00e9sent sur les lieux a constat\u00e9 un mouvement de v\u00e9hicules blind\u00e9s de transport de troupes -commun\u00e9ment appel\u00e9s Mambas- qui se dirigeaient tranquillement vers le centre-ville. Ces v\u00e9hicules, longtemps stationn\u00e9s dans l\u2019enceinte du palais du peuple, roulaient dans la direction de Kaloum en sens inverse.<\/p>\n<p style=\"margin: 0px 0px 17px;color: #222222;font-family: Arial, 'Helvetica Neue', Helvetica, sans-serif\"><span style=\"font-weight: bold\">MediaGuinee<\/span><\/p>\n","protected":false},"excerpt":{"rendered":"<p>Un vent de panique s\u2019est empar\u00e9 jeudi de Kaloum, le centre administratif et des affaires<\/p>\n","protected":false},"author":2,"featured_media":6545,"comment_status":"closed","ping_status":"open","sticky":false,"template":"","format":"standard","meta":[],"categories":[3,4],"tags":[237],"yoast_head":"<!-- This site is optimized with the Yoast SEO plugin v19.13 - https:\/\/yoast.com\/wordpress\/plugins\/seo\/ -->\n<title>Un vent de panique s\u2019est empar\u00e9 jeudi de Kaloum, le centre administratif et des affaires de la capitale. Selon plusieurs sources contact\u00e9es, \u00ab il n\u2019y a rien de grave \u00bb. \u00ab Une maladresse d\u2019un \u00e9l\u00e9ment aurait entra\u00een\u00e9 le d\u00e9clenchement d\u2019un projectile \u00e0 Boulbinet. Cet incident aurait provoqu\u00e9 une agitation au sein des citoyens, \u00e0 Kaloum \u00bb, confie une autre source. - UNIVERSNEWS224<\/title>\n<meta name=\"robots\" content=\"index, follow, max-snippet:-1, max-image-preview:large, max-video-preview:-1\" \/>\n<link rel=\"canonical\" href=\"https:\/\/universnews224.com\/index.php\/un-vent-de-panique-sest-empare-jeudi-de-kaloum-le-centre-administratif-et-des-affaires-de-la-capitale-selon-plusieurs-sources-contactees-il-ny-a-rien-de-grave\/\" \/>\n<meta property=\"og:locale\" content=\"fr_FR\" \/>\n<meta property=\"og:type\" content=\"article\" \/>\n<meta property=\"og:title\" content=\"Un vent de panique s\u2019est empar\u00e9 jeudi de Kaloum, le centre administratif et des affaires de la capitale. Selon plusieurs sources contact\u00e9es, \u00ab il n\u2019y a rien de grave \u00bb. \u00ab Une maladresse d\u2019un \u00e9l\u00e9ment aurait entra\u00een\u00e9 le d\u00e9clenchement d\u2019un projectile \u00e0 Boulbinet. Cet incident aurait provoqu\u00e9 une agitation au sein des citoyens, \u00e0 Kaloum \u00bb, confie une autre source. - UNIVERSNEWS224\" \/>\n<meta property=\"og:description\" content=\"Un vent de panique s\u2019est empar\u00e9 jeudi de Kaloum, le centre administratif et des affaires\" \/>\n<meta property=\"og:url\" content=\"https:\/\/universnews224.com\/index.php\/un-vent-de-panique-sest-empare-jeudi-de-kaloum-le-centre-administratif-et-des-affaires-de-la-capitale-selon-plusieurs-sources-contactees-il-ny-a-rien-de-grave\/\" \/>\n<meta property=\"og:site_name\" content=\"UNIVERSNEWS224\" \/>\n<meta property=\"article:published_time\" content=\"2024-09-26T22:37:41+00:00\" \/>\n<meta property=\"og:image\" content=\"https:\/\/universnews224.com\/wp-content\/uploads\/2024\/09\/IMG_4834.jpeg\" \/>\n\t<meta property=\"og:image:width\" content=\"941\" \/>\n\t<meta property=\"og:image:height\" content=\"721\" \/>\n\t<meta property=\"og:image:type\" content=\"image\/jpeg\" \/>\n<meta name=\"author\" content=\"La R\u00e9daction\" \/>\n<meta name=\"twitter:label1\" content=\"\u00c9crit par\" \/>\n\t<meta name=\"twitter:data1\" content=\"La R\u00e9daction\" \/>\n\t<meta name=\"twitter:label2\" content=\"Dur\u00e9e de lecture estim\u00e9e\" \/>\n\t<meta name=\"twitter:data2\" content=\"1 minute\" \/>\n<script type=\"application\/ld+json\" class=\"yoast-schema-graph\">{\"@context\":\"https:\/\/schema.org\",\"@graph\":[{\"@type\":\"Article\",\"@id\":\"https:\/\/universnews224.com\/index.php\/un-vent-de-panique-sest-empare-jeudi-de-kaloum-le-centre-administratif-et-des-affaires-de-la-capitale-selon-plusieurs-sources-contactees-il-ny-a-rien-de-grave\/#article\",\"isPartOf\":{\"@id\":\"https:\/\/universnews224.com\/index.php\/un-vent-de-panique-sest-empare-jeudi-de-kaloum-le-centre-administratif-et-des-affaires-de-la-capitale-selon-plusieurs-sources-contactees-il-ny-a-rien-de-grave\/\"},\"author\":{\"name\":\"La R\u00e9daction\",\"@id\":\"https:\/\/universnews224.com\/#\/schema\/person\/a4b7d4f94a4716df60456a491260485e\"},\"headline\":\"Un vent de panique s\u2019est empar\u00e9 jeudi de Kaloum, le centre administratif et des affaires de la capitale. Selon plusieurs sources contact\u00e9es, \u00ab il n\u2019y a rien de grave \u00bb. \u00ab Une maladresse d\u2019un \u00e9l\u00e9ment aurait entra\u00een\u00e9 le d\u00e9clenchement d\u2019un projectile \u00e0 Boulbinet. Cet incident aurait provoqu\u00e9 une agitation au sein des citoyens, \u00e0 Kaloum \u00bb, confie une autre source.\",\"datePublished\":\"2024-09-26T22:37:41+00:00\",\"dateModified\":\"2024-09-26T22:37:41+00:00\",\"mainEntityOfPage\":{\"@id\":\"https:\/\/universnews224.com\/index.php\/un-vent-de-panique-sest-empare-jeudi-de-kaloum-le-centre-administratif-et-des-affaires-de-la-capitale-selon-plusieurs-sources-contactees-il-ny-a-rien-de-grave\/\"},\"wordCount\":210,\"publisher\":{\"@id\":\"https:\/\/universnews224.com\/#organization\"},\"keywords\":[\"A la une\"],\"articleSection\":[\"ACTU\",\"POLITIQUE\"],\"inLanguage\":\"fr-FR\"},{\"@type\":\"WebPage\",\"@id\":\"https:\/\/universnews224.com\/index.php\/un-vent-de-panique-sest-empare-jeudi-de-kaloum-le-centre-administratif-et-des-affaires-de-la-capitale-selon-plusieurs-sources-contactees-il-ny-a-rien-de-grave\/\",\"url\":\"https:\/\/universnews224.com\/index.php\/un-vent-de-panique-sest-empare-jeudi-de-kaloum-le-centre-administratif-et-des-affaires-de-la-capitale-selon-plusieurs-sources-contactees-il-ny-a-rien-de-grave\/\",\"name\":\"Un vent de panique s\u2019est empar\u00e9 jeudi de Kaloum, le centre administratif et des affaires de la capitale. Selon plusieurs sources contact\u00e9es, \u00ab il n\u2019y a rien de grave \u00bb. \u00ab Une maladresse d\u2019un \u00e9l\u00e9ment aurait entra\u00een\u00e9 le d\u00e9clenchement d\u2019un projectile \u00e0 Boulbinet. Cet incident aurait provoqu\u00e9 une agitation au sein des citoyens, \u00e0 Kaloum \u00bb, confie une autre source. - UNIVERSNEWS224\",\"isPartOf\":{\"@id\":\"https:\/\/universnews224.com\/#website\"},\"datePublished\":\"2024-09-26T22:37:41+00:00\",\"dateModified\":\"2024-09-26T22:37:41+00:00\",\"inLanguage\":\"fr-FR\",\"potentialAction\":[{\"@type\":\"ReadAction\",\"target\":[\"https:\/\/universnews224.com\/index.php\/un-vent-de-panique-sest-empare-jeudi-de-kaloum-le-centre-administratif-et-des-affaires-de-la-capitale-selon-plusieurs-sources-contactees-il-ny-a-rien-de-grave\/\"]}]},{\"@type\":\"WebSite\",\"@id\":\"https:\/\/universnews224.com\/#website\",\"url\":\"https:\/\/universnews224.com\/\",\"name\":\"UNIVERSNEWS224\",\"description\":\"\",\"publisher\":{\"@id\":\"https:\/\/universnews224.com\/#organization\"},\"potentialAction\":[{\"@type\":\"SearchAction\",\"target\":{\"@type\":\"EntryPoint\",\"urlTemplate\":\"https:\/\/universnews224.com\/?s={search_term_string}\"},\"query-input\":\"required name=search_term_string\"}],\"inLanguage\":\"fr-FR\"},{\"@type\":\"Organization\",\"@id\":\"https:\/\/universnews224.com\/#organization\",\"name\":\"UNIVERSNEWS224\",\"url\":\"https:\/\/universnews224.com\/\",\"logo\":{\"@type\":\"ImageObject\",\"inLanguage\":\"fr-FR\",\"@id\":\"https:\/\/universnews224.com\/#\/schema\/logo\/image\/\",\"url\":\"https:\/\/universnews224.com\/wp-content\/uploads\/2022\/08\/cropped-cropped-logoban.jpg\",\"contentUrl\":\"https:\/\/universnews224.com\/wp-content\/uploads\/2022\/08\/cropped-cropped-logoban.jpg\",\"width\":1080,\"height\":138,\"caption\":\"UNIVERSNEWS224\"},\"image\":{\"@id\":\"https:\/\/universnews224.com\/#\/schema\/logo\/image\/\"}},{\"@type\":\"Person\",\"@id\":\"https:\/\/universnews224.com\/#\/schema\/person\/a4b7d4f94a4716df60456a491260485e\",\"name\":\"La R\u00e9daction\",\"image\":{\"@type\":\"ImageObject\",\"inLanguage\":\"fr-FR\",\"@id\":\"https:\/\/universnews224.com\/#\/schema\/person\/image\/\",\"url\":\"https:\/\/secure.gravatar.com\/avatar\/edb90acc7752b23e1b3307ad36c14f0d?s=96&d=mm&r=g\",\"contentUrl\":\"https:\/\/secure.gravatar.com\/avatar\/edb90acc7752b23e1b3307ad36c14f0d?s=96&d=mm&r=g\",\"caption\":\"La R\u00e9daction\"},\"sameAs\":[\"https:\/\/universnews224.com\"],\"url\":\"https:\/\/universnews224.com\/index.php\/author\/m-camara\/\"}]}<\/script>\n<!-- \/ Yoast SEO plugin. -->","yoast_head_json":{"title":"Un vent de panique s\u2019est empar\u00e9 jeudi de Kaloum, le centre administratif et des affaires de la capitale. Selon plusieurs sources contact\u00e9es, \u00ab il n\u2019y a rien de grave \u00bb. \u00ab Une maladresse d\u2019un \u00e9l\u00e9ment aurait entra\u00een\u00e9 le d\u00e9clenchement d\u2019un projectile \u00e0 Boulbinet. Cet incident aurait provoqu\u00e9 une agitation au sein des citoyens, \u00e0 Kaloum \u00bb, confie une autre source. - UNIVERSNEWS224","robots":{"index":"index","follow":"follow","max-snippet":"max-snippet:-1","max-image-preview":"max-image-preview:large","max-video-preview":"max-video-preview:-1"},"canonical":"https:\/\/universnews224.com\/index.php\/un-vent-de-panique-sest-empare-jeudi-de-kaloum-le-centre-administratif-et-des-affaires-de-la-capitale-selon-plusieurs-sources-contactees-il-ny-a-rien-de-grave\/","og_locale":"fr_FR","og_type":"article","og_title":"Un vent de panique s\u2019est empar\u00e9 jeudi de Kaloum, le centre administratif et des affaires de la capitale. Selon plusieurs sources contact\u00e9es, \u00ab il n\u2019y a rien de grave \u00bb. \u00ab Une maladresse d\u2019un \u00e9l\u00e9ment aurait entra\u00een\u00e9 le d\u00e9clenchement d\u2019un projectile \u00e0 Boulbinet. Cet incident aurait provoqu\u00e9 une agitation au sein des citoyens, \u00e0 Kaloum \u00bb, confie une autre source. - UNIVERSNEWS224","og_description":"Un vent de panique s\u2019est empar\u00e9 jeudi de Kaloum, le centre administratif et des affaires","og_url":"https:\/\/universnews224.com\/index.php\/un-vent-de-panique-sest-empare-jeudi-de-kaloum-le-centre-administratif-et-des-affaires-de-la-capitale-selon-plusieurs-sources-contactees-il-ny-a-rien-de-grave\/","og_site_name":"UNIVERSNEWS224","article_published_time":"2024-09-26T22:37:41+00:00","og_image":[{"width":941,"height":721,"url":"https:\/\/universnews224.com\/wp-content\/uploads\/2024\/09\/IMG_4834.jpeg","type":"image\/jpeg"}],"author":"La R\u00e9daction","twitter_misc":{"\u00c9crit par":"La R\u00e9daction","Dur\u00e9e de lecture estim\u00e9e":"1 minute"},"schema":{"@context":"https:\/\/schema.org","@graph":[{"@type":"Article","@id":"https:\/\/universnews224.com\/index.php\/un-vent-de-panique-sest-empare-jeudi-de-kaloum-le-centre-administratif-et-des-affaires-de-la-capitale-selon-plusieurs-sources-contactees-il-ny-a-rien-de-grave\/#article","isPartOf":{"@id":"https:\/\/universnews224.com\/index.php\/un-vent-de-panique-sest-empare-jeudi-de-kaloum-le-centre-administratif-et-des-affaires-de-la-capitale-selon-plusieurs-sources-contactees-il-ny-a-rien-de-grave\/"},"author":{"name":"La R\u00e9daction","@id":"https:\/\/universnews224.com\/#\/schema\/person\/a4b7d4f94a4716df60456a491260485e"},"headline":"Un vent de panique s\u2019est empar\u00e9 jeudi de Kaloum, le centre administratif et des affaires de la capitale. Selon plusieurs sources contact\u00e9es, \u00ab il n\u2019y a rien de grave \u00bb. \u00ab Une maladresse d\u2019un \u00e9l\u00e9ment aurait entra\u00een\u00e9 le d\u00e9clenchement d\u2019un projectile \u00e0 Boulbinet. Cet incident aurait provoqu\u00e9 une agitation au sein des citoyens, \u00e0 Kaloum \u00bb, confie une autre source.","datePublished":"2024-09-26T22:37:41+00:00","dateModified":"2024-09-26T22:37:41+00:00","mainEntityOfPage":{"@id":"https:\/\/universnews224.com\/index.php\/un-vent-de-panique-sest-empare-jeudi-de-kaloum-le-centre-administratif-et-des-affaires-de-la-capitale-selon-plusieurs-sources-contactees-il-ny-a-rien-de-grave\/"},"wordCount":210,"publisher":{"@id":"https:\/\/universnews224.com\/#organization"},"keywords":["A la une"],"articleSection":["ACTU","POLITIQUE"],"inLanguage":"fr-FR"},{"@type":"WebPage","@id":"https:\/\/universnews224.com\/index.php\/un-vent-de-panique-sest-empare-jeudi-de-kaloum-le-centre-administratif-et-des-affaires-de-la-capitale-selon-plusieurs-sources-contactees-il-ny-a-rien-de-grave\/","url":"https:\/\/universnews224.com\/index.php\/un-vent-de-panique-sest-empare-jeudi-de-kaloum-le-centre-administratif-et-des-affaires-de-la-capitale-selon-plusieurs-sources-contactees-il-ny-a-rien-de-grave\/","name":"Un vent de panique s\u2019est empar\u00e9 jeudi de Kaloum, le centre administratif et des affaires de la capitale. Selon plusieurs sources contact\u00e9es, \u00ab il n\u2019y a rien de grave \u00bb. \u00ab Une maladresse d\u2019un \u00e9l\u00e9ment aurait entra\u00een\u00e9 le d\u00e9clenchement d\u2019un projectile \u00e0 Boulbinet. Cet incident aurait provoqu\u00e9 une agitation au sein des citoyens, \u00e0 Kaloum \u00bb, confie une autre source. - UNIVERSNEWS224","isPartOf":{"@id":"https:\/\/universnews224.com\/#website"},"datePublished":"2024-09-26T22:37:41+00:00","dateModified":"2024-09-26T22:37:41+00:00","inLanguage":"fr-FR","potentialAction":[{"@type":"ReadAction","target":["https:\/\/universnews224.com\/index.php\/un-vent-de-panique-sest-empare-jeudi-de-kaloum-le-centre-administratif-et-des-affaires-de-la-capitale-selon-plusieurs-sources-contactees-il-ny-a-rien-de-grave\/"]}]},{"@type":"WebSite","@id":"https:\/\/universnews224.com\/#website","url":"https:\/\/universnews224.com\/","name":"UNIVERSNEWS224","description":"","publisher":{"@id":"https:\/\/universnews224.com\/#organization"},"potentialAction":[{"@type":"SearchAction","target":{"@type":"EntryPoint","urlTemplate":"https:\/\/universnews224.com\/?s={search_term_string}"},"query-input":"required name=search_term_string"}],"inLanguage":"fr-FR"},{"@type":"Organization","@id":"https:\/\/universnews224.com\/#organization","name":"UNIVERSNEWS224","url":"https:\/\/universnews224.com\/","logo":{"@type":"ImageObject","inLanguage":"fr-FR","@id":"https:\/\/universnews224.com\/#\/schema\/logo\/image\/","url":"https:\/\/universnews224.com\/wp-content\/uploads\/2022\/08\/cropped-cropped-logoban.jpg","contentUrl":"https:\/\/universnews224.com\/wp-content\/uploads\/2022\/08\/cropped-cropped-logoban.jpg","width":1080,"height":138,"caption":"UNIVERSNEWS224"},"image":{"@id":"https:\/\/universnews224.com\/#\/schema\/logo\/image\/"}},{"@type":"Person","@id":"https:\/\/universnews224.com\/#\/schema\/person\/a4b7d4f94a4716df60456a491260485e","name":"La R\u00e9daction","image":{"@type":"ImageObject","inLanguage":"fr-FR","@id":"https:\/\/universnews224.com\/#\/schema\/person\/image\/","url":"https:\/\/secure.gravatar.com\/avatar\/edb90acc7752b23e1b3307ad36c14f0d?s=96&d=mm&r=g","contentUrl":"https:\/\/secure.gravatar.com\/avatar\/edb90acc7752b23e1b3307ad36c14f0d?s=96&d=mm&r=g","caption":"La R\u00e9daction"},"sameAs":["https:\/\/universnews224.com"],"url":"https:\/\/universnews224.com\/index.php\/author\/m-camara\/"}]}},"_links":{"self":[{"href":"https:\/\/universnews224.com\/index.php\/wp-json\/wp\/v2\/posts\/6544"}],"collection":[{"href":"https:\/\/universnews224.com\/index.php\/wp-json\/wp\/v2\/posts"}],"about":[{"href":"https:\/\/universnews224.com\/index.php\/wp-json\/wp\/v2\/types\/post"}],"author":[{"embeddable":true,"href":"https:\/\/universnews224.com\/index.php\/wp-json\/wp\/v2\/users\/2"}],"replies":[{"embeddable":true,"href":"https:\/\/universnews224.com\/index.php\/wp-json\/wp\/v2\/comments?post=6544"}],"version-history":[{"count":1,"href":"https:\/\/universnews224.com\/index.php\/wp-json\/wp\/v2\/posts\/6544\/revisions"}],"predecessor-version":[{"id":6546,"href":"https:\/\/universnews224.com\/index.php\/wp-json\/wp\/v2\/posts\/6544\/revisions\/6546"}],"wp:featuredmedia":[{"embeddable":true,"href":"https:\/\/universnews224.com\/index.php\/wp-json\/wp\/v2\/media\/6545"}],"wp:attachment":[{"href":"https:\/\/universnews224.com\/index.php\/wp-json\/wp\/v2\/media?parent=6544"}],"wp:term":[{"taxonomy":"category","embeddable":true,"href":"https:\/\/universnews224.com\/index.php\/wp-json\/wp\/v2\/categories?post=6544"},{"taxonomy":"post_tag","embeddable":true,"href":"https:\/\/universnews224.com\/index.php\/wp-json\/wp\/v2\/tags?post=6544"}],"curies":[{"name":"wp","href":"https:\/\/api.w.org\/{rel}","templated":true}]}}