{"id":6555,"date":"2024-09-27T21:56:35","date_gmt":"2024-09-27T20:56:35","guid":{"rendered":"https:\/\/universnews224.com\/?p=6555"},"modified":"2024-09-27T21:56:35","modified_gmt":"2024-09-27T20:56:35","slug":"le-gouvernement-repond-a-cellou-dalein-cest-un-langage-irresponsable","status":"publish","type":"post","link":"https:\/\/universnews224.com\/index.php\/le-gouvernement-repond-a-cellou-dalein-cest-un-langage-irresponsable\/","title":{"rendered":"Le gouvernement r\u00e9pond \u00e0 Cellou Dalein: \u00ab C\u2019est un langage irresponsable\u2026\u00bb"},"content":{"rendered":"<p style=\"margin: 0px 0px 1em;padding: 0px;border: 0px;line-height: inherit;font-family: 'Helvetica Neue', Helvetica, Roboto, Arial, sans-serif;vertical-align: baseline;text-align: justify\">L\u2019appel \u00e0 la mobilisation de Cellou Dalein Diallo dans une courte vid\u00e9o pour s\u2019opposer \u00e0 une possible candidature de G\u00e9n\u00e9ral Mamadi Doumbouya \u00e0 la pr\u00e9sidentielle prochaine ne passe pas chez le ministre porte-parole du gouvernement.<\/p>\n<p>&nbsp;<\/p>\n<p style=\"margin: 0px 0px 1em;padding: 0px;border: 0px;line-height: inherit;font-family: 'Helvetica Neue', Helvetica, Roboto, Arial, sans-serif;vertical-align: baseline;text-align: justify\">Dans une interview qu\u2019il a accord\u00e9e \u00e0 Mosaiqueguinee.com, Ousmane Gaoual Diallo trouve cette d\u00e9claration d\u00e9plorable et s\u2019interroge sur ce que le leader du parti UFDG a apport\u00e9 \u00e0 la Guin\u00e9e cette d\u00e9cennie \u00e0 part les manifestations.<\/p>\n<p style=\"margin: 0px 0px 1em;padding: 0px;border: 0px;line-height: inherit;font-family: 'Helvetica Neue', Helvetica, Roboto, Arial, sans-serif;vertical-align: baseline;text-align: justify\"><em style=\"margin: 0px;padding: 0px;border: 0px;font-variant: inherit;font-weight: inherit;font-size: inherit;line-height: inherit;font-family: inherit;vertical-align: baseline\">\u00ab Je dis que c\u2019est d\u00e9plorable parce qu\u2019au final, au cours des dix derni\u00e8res ann\u00e9es, quelle est la solution que Cellou Dalein Diallo a apport\u00e9e aux Guin\u00e9ens en dehors de dire mobilisez-vous, manifestez. Ce qui est encore plus d\u00e9plorable dans \u00e7a, c\u2019est qu\u2019il demande \u00e0 s\u2019opposer par tous les moyens, c\u2019est ce qui est tr\u00e8s grave. C\u2019est un langage irresponsable. Quand on est observateur de la Guin\u00e9e, on se dit finalement quand une manifestation se passe dans un pays, les organisateurs prient pour qu\u2019il n\u2019y ait pas de victimes, qu\u2019il n\u2019y ait pas de morts. Nous avons le sentiment que quand on organise en Guin\u00e9e, les gens prient pour qu\u2019il y ait des victimes, pour qu\u2019il y ait des morts, pour qu\u2019on puisse d\u00e9rouler un narratif n\u00e9gatif sur la Guin\u00e9e. C\u2019est extr\u00eamement grave \u00bb,\u00a0<\/em>a-t-il fl\u00e9tri.<\/p>\n<p style=\"margin: 0px 0px 1em;padding: 0px;border: 0px;line-height: inherit;font-family: 'Helvetica Neue', Helvetica, Roboto, Arial, sans-serif;vertical-align: baseline;text-align: justify\">Pour le ministre des Transports, certains acteurs politiques doivent changer de discours en lieu et place des appels \u00e0 la violence. Et le porte-parole du gouvernement se veut rassurant quant \u00e0 la vigilance des autorit\u00e9s de Transition.<\/p>\n<p><em style=\"margin: 0px;padding: 0px;border: 0px;line-height: inherit;font-family: 'Helvetica Neue', Helvetica, Roboto, Arial, sans-serif;vertical-align: baseline;text-align: justify\">\u00a0\u00abCe type d\u2019appel de Cellou Dalein dans le contexte de notre Guin\u00e9e n\u2019est pas quelque chose de responsable. Et puis, je pense aussi que lui et un certain nombre d\u2019acteurs politiques devraient r\u00e9fl\u00e9chir \u00e0 changer de discours, \u00e0 changer d\u2019appareil, \u00e0 s\u2019inscrire dans une dynamique positive o\u00f9 il pourrait apporter des solutions \u00e0 la Guin\u00e9e, que la violence ou des appels \u00e0 la violence. Et \u00e7a, c\u2019est quelque chose d\u2019important. Maintenant, nous savons aussi que certains croient d\u00e9tenir les solutions pour faire le chaos dans le pays et s\u2019activent pour \u00e7a. L\u2019\u00c9tat est vigilant. L\u2019\u00c9tat essaie d\u2019assurer aussi la s\u00e9curit\u00e9 et le bien-\u00eatre des populations. Nous userons de la p\u00e9dagogie pour que chacun comprenne. Et les Guin\u00e9ens, finalement, ont compris. \u00bb<\/em><span style=\"font-family: 'Helvetica Neue', Helvetica, Roboto, Arial, sans-serif;text-align: justify\">, a-t-il lanc\u00e9 dans une interview qu\u2019il accord\u00e9e \u00e0 Mosaiqueguinee.com<\/span><\/p>\n","protected":false},"excerpt":{"rendered":"<p>L\u2019appel \u00e0 la mobilisation de Cellou Dalein Diallo dans une courte vid\u00e9o pour s\u2019opposer \u00e0<\/p>\n","protected":false},"author":2,"featured_media":6060,"comment_status":"closed","ping_status":"open","sticky":false,"template":"","format":"standard","meta":[],"categories":[3,4],"tags":[237],"yoast_head":"<!-- This site is optimized with the Yoast SEO plugin v19.13 - https:\/\/yoast.com\/wordpress\/plugins\/seo\/ -->\n<title>Le gouvernement r\u00e9pond \u00e0 Cellou Dalein: \u00ab C\u2019est un langage irresponsable\u2026\u00bb - UNIVERSNEWS224<\/title>\n<meta name=\"robots\" content=\"index, follow, max-snippet:-1, max-image-preview:large, max-video-preview:-1\" \/>\n<link rel=\"canonical\" href=\"https:\/\/universnews224.com\/index.php\/le-gouvernement-repond-a-cellou-dalein-cest-un-langage-irresponsable\/\" \/>\n<meta property=\"og:locale\" content=\"fr_FR\" \/>\n<meta property=\"og:type\" content=\"article\" \/>\n<meta property=\"og:title\" content=\"Le gouvernement r\u00e9pond \u00e0 Cellou Dalein: \u00ab C\u2019est un langage irresponsable\u2026\u00bb - UNIVERSNEWS224\" \/>\n<meta property=\"og:description\" content=\"L\u2019appel \u00e0 la mobilisation de Cellou Dalein Diallo dans une courte vid\u00e9o pour s\u2019opposer \u00e0\" \/>\n<meta property=\"og:url\" content=\"https:\/\/universnews224.com\/index.php\/le-gouvernement-repond-a-cellou-dalein-cest-un-langage-irresponsable\/\" \/>\n<meta property=\"og:site_name\" content=\"UNIVERSNEWS224\" \/>\n<meta property=\"article:published_time\" content=\"2024-09-27T20:56:35+00:00\" \/>\n<meta property=\"og:image\" content=\"https:\/\/universnews224.com\/wp-content\/uploads\/2024\/07\/ousmane-gaoual-au-micro.jpg\" \/>\n\t<meta property=\"og:image:width\" content=\"800\" \/>\n\t<meta property=\"og:image:height\" content=\"445\" \/>\n\t<meta property=\"og:image:type\" content=\"image\/jpeg\" \/>\n<meta name=\"author\" content=\"La R\u00e9daction\" \/>\n<meta name=\"twitter:label1\" content=\"\u00c9crit par\" \/>\n\t<meta name=\"twitter:data1\" content=\"La R\u00e9daction\" \/>\n\t<meta name=\"twitter:label2\" content=\"Dur\u00e9e de lecture estim\u00e9e\" \/>\n\t<meta name=\"twitter:data2\" content=\"2 minutes\" \/>\n<script type=\"application\/ld+json\" class=\"yoast-schema-graph\">{\"@context\":\"https:\/\/schema.org\",\"@graph\":[{\"@type\":\"Article\",\"@id\":\"https:\/\/universnews224.com\/index.php\/le-gouvernement-repond-a-cellou-dalein-cest-un-langage-irresponsable\/#article\",\"isPartOf\":{\"@id\":\"https:\/\/universnews224.com\/index.php\/le-gouvernement-repond-a-cellou-dalein-cest-un-langage-irresponsable\/\"},\"author\":{\"name\":\"La R\u00e9daction\",\"@id\":\"https:\/\/universnews224.com\/#\/schema\/person\/a4b7d4f94a4716df60456a491260485e\"},\"headline\":\"Le gouvernement r\u00e9pond \u00e0 Cellou Dalein: \u00ab C\u2019est un langage irresponsable\u2026\u00bb\",\"datePublished\":\"2024-09-27T20:56:35+00:00\",\"dateModified\":\"2024-09-27T20:56:35+00:00\",\"mainEntityOfPage\":{\"@id\":\"https:\/\/universnews224.com\/index.php\/le-gouvernement-repond-a-cellou-dalein-cest-un-langage-irresponsable\/\"},\"wordCount\":435,\"publisher\":{\"@id\":\"https:\/\/universnews224.com\/#organization\"},\"keywords\":[\"A la une\"],\"articleSection\":[\"ACTU\",\"POLITIQUE\"],\"inLanguage\":\"fr-FR\"},{\"@type\":\"WebPage\",\"@id\":\"https:\/\/universnews224.com\/index.php\/le-gouvernement-repond-a-cellou-dalein-cest-un-langage-irresponsable\/\",\"url\":\"https:\/\/universnews224.com\/index.php\/le-gouvernement-repond-a-cellou-dalein-cest-un-langage-irresponsable\/\",\"name\":\"Le gouvernement r\u00e9pond \u00e0 Cellou Dalein: \u00ab C\u2019est un langage irresponsable\u2026\u00bb - UNIVERSNEWS224\",\"isPartOf\":{\"@id\":\"https:\/\/universnews224.com\/#website\"},\"datePublished\":\"2024-09-27T20:56:35+00:00\",\"dateModified\":\"2024-09-27T20:56:35+00:00\",\"inLanguage\":\"fr-FR\",\"potentialAction\":[{\"@type\":\"ReadAction\",\"target\":[\"https:\/\/universnews224.com\/index.php\/le-gouvernement-repond-a-cellou-dalein-cest-un-langage-irresponsable\/\"]}]},{\"@type\":\"WebSite\",\"@id\":\"https:\/\/universnews224.com\/#website\",\"url\":\"https:\/\/universnews224.com\/\",\"name\":\"UNIVERSNEWS224\",\"description\":\"\",\"publisher\":{\"@id\":\"https:\/\/universnews224.com\/#organization\"},\"potentialAction\":[{\"@type\":\"SearchAction\",\"target\":{\"@type\":\"EntryPoint\",\"urlTemplate\":\"https:\/\/universnews224.com\/?s={search_term_string}\"},\"query-input\":\"required name=search_term_string\"}],\"inLanguage\":\"fr-FR\"},{\"@type\":\"Organization\",\"@id\":\"https:\/\/universnews224.com\/#organization\",\"name\":\"UNIVERSNEWS224\",\"url\":\"https:\/\/universnews224.com\/\",\"logo\":{\"@type\":\"ImageObject\",\"inLanguage\":\"fr-FR\",\"@id\":\"https:\/\/universnews224.com\/#\/schema\/logo\/image\/\",\"url\":\"https:\/\/universnews224.com\/wp-content\/uploads\/2022\/08\/cropped-cropped-logoban.jpg\",\"contentUrl\":\"https:\/\/universnews224.com\/wp-content\/uploads\/2022\/08\/cropped-cropped-logoban.jpg\",\"width\":1080,\"height\":138,\"caption\":\"UNIVERSNEWS224\"},\"image\":{\"@id\":\"https:\/\/universnews224.com\/#\/schema\/logo\/image\/\"}},{\"@type\":\"Person\",\"@id\":\"https:\/\/universnews224.com\/#\/schema\/person\/a4b7d4f94a4716df60456a491260485e\",\"name\":\"La R\u00e9daction\",\"image\":{\"@type\":\"ImageObject\",\"inLanguage\":\"fr-FR\",\"@id\":\"https:\/\/universnews224.com\/#\/schema\/person\/image\/\",\"url\":\"https:\/\/secure.gravatar.com\/avatar\/edb90acc7752b23e1b3307ad36c14f0d?s=96&d=mm&r=g\",\"contentUrl\":\"https:\/\/secure.gravatar.com\/avatar\/edb90acc7752b23e1b3307ad36c14f0d?s=96&d=mm&r=g\",\"caption\":\"La R\u00e9daction\"},\"sameAs\":[\"https:\/\/universnews224.com\"],\"url\":\"https:\/\/universnews224.com\/index.php\/author\/m-camara\/\"}]}<\/script>\n<!-- \/ Yoast SEO plugin. -->","yoast_head_json":{"title":"Le gouvernement r\u00e9pond \u00e0 Cellou Dalein: \u00ab C\u2019est un langage irresponsable\u2026\u00bb - UNIVERSNEWS224","robots":{"index":"index","follow":"follow","max-snippet":"max-snippet:-1","max-image-preview":"max-image-preview:large","max-video-preview":"max-video-preview:-1"},"canonical":"https:\/\/universnews224.com\/index.php\/le-gouvernement-repond-a-cellou-dalein-cest-un-langage-irresponsable\/","og_locale":"fr_FR","og_type":"article","og_title":"Le gouvernement r\u00e9pond \u00e0 Cellou Dalein: \u00ab C\u2019est un langage irresponsable\u2026\u00bb - UNIVERSNEWS224","og_description":"L\u2019appel \u00e0 la mobilisation de Cellou Dalein Diallo dans une courte vid\u00e9o pour s\u2019opposer \u00e0","og_url":"https:\/\/universnews224.com\/index.php\/le-gouvernement-repond-a-cellou-dalein-cest-un-langage-irresponsable\/","og_site_name":"UNIVERSNEWS224","article_published_time":"2024-09-27T20:56:35+00:00","og_image":[{"width":800,"height":445,"url":"https:\/\/universnews224.com\/wp-content\/uploads\/2024\/07\/ousmane-gaoual-au-micro.jpg","type":"image\/jpeg"}],"author":"La R\u00e9daction","twitter_misc":{"\u00c9crit par":"La R\u00e9daction","Dur\u00e9e de lecture estim\u00e9e":"2 minutes"},"schema":{"@context":"https:\/\/schema.org","@graph":[{"@type":"Article","@id":"https:\/\/universnews224.com\/index.php\/le-gouvernement-repond-a-cellou-dalein-cest-un-langage-irresponsable\/#article","isPartOf":{"@id":"https:\/\/universnews224.com\/index.php\/le-gouvernement-repond-a-cellou-dalein-cest-un-langage-irresponsable\/"},"author":{"name":"La R\u00e9daction","@id":"https:\/\/universnews224.com\/#\/schema\/person\/a4b7d4f94a4716df60456a491260485e"},"headline":"Le gouvernement r\u00e9pond \u00e0 Cellou Dalein: \u00ab C\u2019est un langage irresponsable\u2026\u00bb","datePublished":"2024-09-27T20:56:35+00:00","dateModified":"2024-09-27T20:56:35+00:00","mainEntityOfPage":{"@id":"https:\/\/universnews224.com\/index.php\/le-gouvernement-repond-a-cellou-dalein-cest-un-langage-irresponsable\/"},"wordCount":435,"publisher":{"@id":"https:\/\/universnews224.com\/#organization"},"keywords":["A la une"],"articleSection":["ACTU","POLITIQUE"],"inLanguage":"fr-FR"},{"@type":"WebPage","@id":"https:\/\/universnews224.com\/index.php\/le-gouvernement-repond-a-cellou-dalein-cest-un-langage-irresponsable\/","url":"https:\/\/universnews224.com\/index.php\/le-gouvernement-repond-a-cellou-dalein-cest-un-langage-irresponsable\/","name":"Le gouvernement r\u00e9pond \u00e0 Cellou Dalein: \u00ab C\u2019est un langage irresponsable\u2026\u00bb - UNIVERSNEWS224","isPartOf":{"@id":"https:\/\/universnews224.com\/#website"},"datePublished":"2024-09-27T20:56:35+00:00","dateModified":"2024-09-27T20:56:35+00:00","inLanguage":"fr-FR","potentialAction":[{"@type":"ReadAction","target":["https:\/\/universnews224.com\/index.php\/le-gouvernement-repond-a-cellou-dalein-cest-un-langage-irresponsable\/"]}]},{"@type":"WebSite","@id":"https:\/\/universnews224.com\/#website","url":"https:\/\/universnews224.com\/","name":"UNIVERSNEWS224","description":"","publisher":{"@id":"https:\/\/universnews224.com\/#organization"},"potentialAction":[{"@type":"SearchAction","target":{"@type":"EntryPoint","urlTemplate":"https:\/\/universnews224.com\/?s={search_term_string}"},"query-input":"required name=search_term_string"}],"inLanguage":"fr-FR"},{"@type":"Organization","@id":"https:\/\/universnews224.com\/#organization","name":"UNIVERSNEWS224","url":"https:\/\/universnews224.com\/","logo":{"@type":"ImageObject","inLanguage":"fr-FR","@id":"https:\/\/universnews224.com\/#\/schema\/logo\/image\/","url":"https:\/\/universnews224.com\/wp-content\/uploads\/2022\/08\/cropped-cropped-logoban.jpg","contentUrl":"https:\/\/universnews224.com\/wp-content\/uploads\/2022\/08\/cropped-cropped-logoban.jpg","width":1080,"height":138,"caption":"UNIVERSNEWS224"},"image":{"@id":"https:\/\/universnews224.com\/#\/schema\/logo\/image\/"}},{"@type":"Person","@id":"https:\/\/universnews224.com\/#\/schema\/person\/a4b7d4f94a4716df60456a491260485e","name":"La R\u00e9daction","image":{"@type":"ImageObject","inLanguage":"fr-FR","@id":"https:\/\/universnews224.com\/#\/schema\/person\/image\/","url":"https:\/\/secure.gravatar.com\/avatar\/edb90acc7752b23e1b3307ad36c14f0d?s=96&d=mm&r=g","contentUrl":"https:\/\/secure.gravatar.com\/avatar\/edb90acc7752b23e1b3307ad36c14f0d?s=96&d=mm&r=g","caption":"La R\u00e9daction"},"sameAs":["https:\/\/universnews224.com"],"url":"https:\/\/universnews224.com\/index.php\/author\/m-camara\/"}]}},"_links":{"self":[{"href":"https:\/\/universnews224.com\/index.php\/wp-json\/wp\/v2\/posts\/6555"}],"collection":[{"href":"https:\/\/universnews224.com\/index.php\/wp-json\/wp\/v2\/posts"}],"about":[{"href":"https:\/\/universnews224.com\/index.php\/wp-json\/wp\/v2\/types\/post"}],"author":[{"embeddable":true,"href":"https:\/\/universnews224.com\/index.php\/wp-json\/wp\/v2\/users\/2"}],"replies":[{"embeddable":true,"href":"https:\/\/universnews224.com\/index.php\/wp-json\/wp\/v2\/comments?post=6555"}],"version-history":[{"count":1,"href":"https:\/\/universnews224.com\/index.php\/wp-json\/wp\/v2\/posts\/6555\/revisions"}],"predecessor-version":[{"id":6556,"href":"https:\/\/universnews224.com\/index.php\/wp-json\/wp\/v2\/posts\/6555\/revisions\/6556"}],"wp:featuredmedia":[{"embeddable":true,"href":"https:\/\/universnews224.com\/index.php\/wp-json\/wp\/v2\/media\/6060"}],"wp:attachment":[{"href":"https:\/\/universnews224.com\/index.php\/wp-json\/wp\/v2\/media?parent=6555"}],"wp:term":[{"taxonomy":"category","embeddable":true,"href":"https:\/\/universnews224.com\/index.php\/wp-json\/wp\/v2\/categories?post=6555"},{"taxonomy":"post_tag","embeddable":true,"href":"https:\/\/universnews224.com\/index.php\/wp-json\/wp\/v2\/tags?post=6555"}],"curies":[{"name":"wp","href":"https:\/\/api.w.org\/{rel}","templated":true}]}}